{"id":64835,"date":"2023-11-30T15:27:31","date_gmt":"2023-11-30T20:27:31","guid":{"rendered":"https:\/\/luchonoticias.com\/?p=64835"},"modified":"2023-11-30T15:27:32","modified_gmt":"2023-11-30T20:27:32","slug":"tecnologia-5g-llegara-a-28-millones-de-colombianos-el-54-de-la-poblacion","status":"publish","type":"post","link":"https:\/\/luchonoticias.com\/editor\/tecnologia-5g-llegara-a-28-millones-de-colombianos-el-54-de-la-poblacion\/","title":{"rendered":"Tecnolog\u00eda 5G llegar\u00e1 a 28 millones de colombianos, el 54% de la poblaci\u00f3n"},"content":{"rendered":"\n<p>La tecnolog\u00eda 5G tendr\u00e1 una cobertura del 54 % de la poblaci\u00f3n en los siguientes 36 meses desde el inicio de su despliegue y aumentar\u00e1 paulatinamente, hasta cubrir m\u00e1s del 90% de la poblaci\u00f3n.<\/p>\n\n\n\n<p>El ministro de las Tecnolog\u00edas de la Informaci\u00f3n y las Comunicaciones (MinTic), Mauricio Lizcano, ratific\u00f3 los beneficios que traer\u00e1 esta tecnolog\u00eda, con la garant\u00eda de un proceso transparente.<\/p>\n\n\n\n<p>Le puede interesar: El Gobierno del Cambio fortalecer\u00e1 plan de conectividad a internet que vincula a las comunidades<\/p>\n\n\n\n<p>\u201cEl 5G es un gana-gana para los colombianos, se espera activar la econom\u00eda en cerca de cuatro billones de pesos. Adem\u00e1s, ning\u00fan usuario en Colombia pagar\u00e1 m\u00e1s por esta tecnolog\u00eda, que es un habilitador de competitividad digital para el pa\u00eds\u201d, dijo.<\/p>\n\n\n\n<p>El Gobierno trabaja para conectar a cerca de 28 millones de colombianos, lo que representa el poco menos del 54% de la poblaci\u00f3n.<\/p>\n\n\n\n<p>El ministro asegur\u00f3 que esta subasta ha cumplido sus plazos seg\u00fan el cronograma, lo que le permitir\u00e1 a este Gobierno traer la tecnolog\u00eda 5G a Colombia, garantizando que no exista un monopolio en el mercado.<\/p>\n\n\n\n<p>La subasta ser\u00e1 el pr\u00f3ximo 20 de diciembre, siguiendo un proceso que ha acogido las recomendaciones de la Contralor\u00eda, la Procuradur\u00eda y la Superintendencia de Industria y Comercio.<\/p>\n\n\n\n<p>El ministro Lizcano explic\u00f3 que, al tener los cuatro operadores interesados en la banda de 3.5 GHz, el escenario m\u00e1s probable en la subasta, habr\u00eda m\u00ednimo una estaci\u00f3n 5G por cada 10.000 habitantes, el mismo nivel alcanzado por el Reino Unido y superior a Brasil.<\/p>\n\n\n\n<p>La llegada de la 5G al pa\u00eds permitir\u00e1 una velocidad 50 veces m\u00e1s r\u00e1pida de subida y 40 de descarga. Igualmente, reducir\u00e1 la brecha digital del pa\u00eds, con un aumento del acceso universal, ampliaci\u00f3n de la cobertura, despliegue y uso de redes e infraestructuras.<\/p>\n\n\n\n<p>Esta nueva tecnolog\u00eda beneficiar\u00e1 a 2.326 instituciones educativas con el servicio de internet, as\u00ed como a la comunidad circundante, 25 localidades que hoy no cuentan con servicio m\u00f3vil de ning\u00fan operador.<\/p>\n\n\n\n<p>Llegar\u00e1 tambi\u00e9n a 61 segmentos de carreteras primarias y 41 de carreteras secundarias, que suman 2.114 km., garantizando mejoras en la seguridad en las v\u00edas, as\u00ed como la tecnificaci\u00f3n de los procesos de log\u00edstica y transporte.<\/p>\n","protected":false},"excerpt":{"rendered":"<p>La tecnolog\u00eda 5G tendr\u00e1 una cobertura del 54 % de la poblaci\u00f3n en los siguientes 36 meses desde el inicio de su despliegue y aumentar\u00e1 paulatinamente, hasta cubrir m\u00e1s del 90% de la poblaci\u00f3n. El ministro de las Tecnolog\u00edas de la Informaci\u00f3n y las Comunicaciones (MinTic), Mauricio Lizcano, ratific\u00f3 los beneficios que traer\u00e1 esta tecnolog\u00eda, [&hellip;]<\/p>\n","protected":false},"author":2,"featured_media":0,"comment_status":"open","ping_status":"open","sticky":false,"template":"","format":"standard","meta":{"footnotes":""},"categories":[28,36],"tags":[],"class_list":["post-64835","post","type-post","status-publish","format-standard","hentry","category-actualidad","category-destacado"],"yoast_head":"<!-- This site is optimized with the Yoast SEO plugin v26.6 - https:\/\/yoast.com\/wordpress\/plugins\/seo\/ -->\n<title>Tecnolog\u00eda 5G llegar\u00e1 a 28 millones de colombianos, el 54% de la poblaci\u00f3n -<\/title>\n<meta name=\"robots\" content=\"index, follow, max-snippet:-1, max-image-preview:large, max-video-preview:-1\" \/>\n<link rel=\"canonical\" href=\"https:\/\/luchonoticias.com\/editor\/tecnologia-5g-llegara-a-28-millones-de-colombianos-el-54-de-la-poblacion\/\" \/>\n<meta property=\"og:locale\" content=\"es_ES\" \/>\n<meta property=\"og:type\" content=\"article\" \/>\n<meta property=\"og:title\" content=\"Tecnolog\u00eda 5G llegar\u00e1 a 28 millones de colombianos, el 54% de la poblaci\u00f3n -\" \/>\n<meta property=\"og:url\" content=\"https:\/\/luchonoticias.com\/editor\/tecnologia-5g-llegara-a-28-millones-de-colombianos-el-54-de-la-poblacion\/\" \/>\n<meta property=\"article:publisher\" content=\"https:\/\/www.facebook.com\/luchonoticiasneiva\" \/>\n<meta property=\"article:published_time\" content=\"2023-11-30T20:27:31+00:00\" \/>\n<meta property=\"article:modified_time\" content=\"2023-11-30T20:27:32+00:00\" \/>\n<meta name=\"author\" content=\"Editor General\" \/>\n<meta name=\"twitter:card\" content=\"summary_large_image\" \/>\n<meta name=\"twitter:label1\" content=\"Escrito por\" \/>\n\t<meta name=\"twitter:data1\" content=\"Editor General\" \/>\n\t<meta name=\"twitter:label2\" content=\"Tiempo de lectura\" \/>\n\t<meta name=\"twitter:data2\" content=\"2 minutos\" \/>\n<script type=\"application\/ld+json\" class=\"yoast-schema-graph\">{\"@context\":\"https:\/\/schema.org\",\"@graph\":[{\"@type\":\"Article\",\"@id\":\"https:\/\/luchonoticias.com\/editor\/tecnologia-5g-llegara-a-28-millones-de-colombianos-el-54-de-la-poblacion\/#article\",\"isPartOf\":{\"@id\":\"https:\/\/luchonoticias.com\/editor\/tecnologia-5g-llegara-a-28-millones-de-colombianos-el-54-de-la-poblacion\/\"},\"author\":{\"name\":\"Editor General\",\"@id\":\"https:\/\/luchonoticias.com\/editor\/#\/schema\/person\/29217990ddf6f14e35912b2866d591fb\"},\"headline\":\"Tecnolog\u00eda 5G llegar\u00e1 a 28 millones de colombianos, el 54% de la poblaci\u00f3n\",\"datePublished\":\"2023-11-30T20:27:31+00:00\",\"dateModified\":\"2023-11-30T20:27:32+00:00\",\"mainEntityOfPage\":{\"@id\":\"https:\/\/luchonoticias.com\/editor\/tecnologia-5g-llegara-a-28-millones-de-colombianos-el-54-de-la-poblacion\/\"},\"wordCount\":396,\"commentCount\":0,\"publisher\":{\"@id\":\"https:\/\/luchonoticias.com\/editor\/#\/schema\/person\/7a7fd911f58561fd056dbac7b55af9cd\"},\"articleSection\":[\"Actualidad\",\"Destacado\"],\"inLanguage\":\"es\",\"potentialAction\":[{\"@type\":\"CommentAction\",\"name\":\"Comment\",\"target\":[\"https:\/\/luchonoticias.com\/editor\/tecnologia-5g-llegara-a-28-millones-de-colombianos-el-54-de-la-poblacion\/#respond\"]}]},{\"@type\":\"WebPage\",\"@id\":\"https:\/\/luchonoticias.com\/editor\/tecnologia-5g-llegara-a-28-millones-de-colombianos-el-54-de-la-poblacion\/\",\"url\":\"https:\/\/luchonoticias.com\/editor\/tecnologia-5g-llegara-a-28-millones-de-colombianos-el-54-de-la-poblacion\/\",\"name\":\"Tecnolog\u00eda 5G llegar\u00e1 a 28 millones de colombianos, el 54% de la poblaci\u00f3n -\",\"isPartOf\":{\"@id\":\"https:\/\/luchonoticias.com\/editor\/#website\"},\"datePublished\":\"2023-11-30T20:27:31+00:00\",\"dateModified\":\"2023-11-30T20:27:32+00:00\",\"breadcrumb\":{\"@id\":\"https:\/\/luchonoticias.com\/editor\/tecnologia-5g-llegara-a-28-millones-de-colombianos-el-54-de-la-poblacion\/#breadcrumb\"},\"inLanguage\":\"es\",\"potentialAction\":[{\"@type\":\"ReadAction\",\"target\":[\"https:\/\/luchonoticias.com\/editor\/tecnologia-5g-llegara-a-28-millones-de-colombianos-el-54-de-la-poblacion\/\"]}]},{\"@type\":\"BreadcrumbList\",\"@id\":\"https:\/\/luchonoticias.com\/editor\/tecnologia-5g-llegara-a-28-millones-de-colombianos-el-54-de-la-poblacion\/#breadcrumb\",\"itemListElement\":[{\"@type\":\"ListItem\",\"position\":1,\"name\":\"Portada\",\"item\":\"https:\/\/luchonoticias.com\/editor\/\"},{\"@type\":\"ListItem\",\"position\":2,\"name\":\"Tecnolog\u00eda 5G llegar\u00e1 a 28 millones de colombianos, el 54% de la poblaci\u00f3n\"}]},{\"@type\":\"WebSite\",\"@id\":\"https:\/\/luchonoticias.com\/editor\/#website\",\"url\":\"https:\/\/luchonoticias.com\/editor\/\",\"name\":\"\",\"description\":\"\",\"publisher\":{\"@id\":\"https:\/\/luchonoticias.com\/editor\/#\/schema\/person\/7a7fd911f58561fd056dbac7b55af9cd\"},\"potentialAction\":[{\"@type\":\"SearchAction\",\"target\":{\"@type\":\"EntryPoint\",\"urlTemplate\":\"https:\/\/luchonoticias.com\/editor\/?s={search_term_string}\"},\"query-input\":{\"@type\":\"PropertyValueSpecification\",\"valueRequired\":true,\"valueName\":\"search_term_string\"}}],\"inLanguage\":\"es\"},{\"@type\":[\"Person\",\"Organization\"],\"@id\":\"https:\/\/luchonoticias.com\/editor\/#\/schema\/person\/7a7fd911f58561fd056dbac7b55af9cd\",\"name\":\"admin\",\"image\":{\"@type\":\"ImageObject\",\"inLanguage\":\"es\",\"@id\":\"https:\/\/luchonoticias.com\/editor\/#\/schema\/person\/image\/\",\"url\":\"https:\/\/luchonoticias.com\/editor\/wp-content\/uploads\/2024\/02\/cropped-cropped-logolu.webp\",\"contentUrl\":\"https:\/\/luchonoticias.com\/editor\/wp-content\/uploads\/2024\/02\/cropped-cropped-logolu.webp\",\"width\":382,\"height\":170,\"caption\":\"admin\"},\"logo\":{\"@id\":\"https:\/\/luchonoticias.com\/editor\/#\/schema\/person\/image\/\"},\"sameAs\":[\"https:\/\/www.facebook.com\/luchonoticiasneiva\"]},{\"@type\":\"Person\",\"@id\":\"https:\/\/luchonoticias.com\/editor\/#\/schema\/person\/29217990ddf6f14e35912b2866d591fb\",\"name\":\"Editor General\",\"image\":{\"@type\":\"ImageObject\",\"inLanguage\":\"es\",\"@id\":\"https:\/\/luchonoticias.com\/editor\/#\/schema\/person\/image\/\",\"url\":\"https:\/\/luchonoticias.com\/editor\/wp-content\/uploads\/2024\/02\/cropped-cropped-logolu-150x150.webp\",\"contentUrl\":\"https:\/\/luchonoticias.com\/editor\/wp-content\/uploads\/2024\/02\/cropped-cropped-logolu-150x150.webp\",\"caption\":\"Editor General\"},\"sameAs\":[\"https:\/\/luchonoticias.com\/\"],\"url\":\"https:\/\/luchonoticias.com\/editor\/author\/editor-general\/\"}]}<\/script>\n<!-- \/ Yoast SEO plugin. -->","yoast_head_json":{"title":"Tecnolog\u00eda 5G llegar\u00e1 a 28 millones de colombianos, el 54% de la poblaci\u00f3n -","robots":{"index":"index","follow":"follow","max-snippet":"max-snippet:-1","max-image-preview":"max-image-preview:large","max-video-preview":"max-video-preview:-1"},"canonical":"https:\/\/luchonoticias.com\/editor\/tecnologia-5g-llegara-a-28-millones-de-colombianos-el-54-de-la-poblacion\/","og_locale":"es_ES","og_type":"article","og_title":"Tecnolog\u00eda 5G llegar\u00e1 a 28 millones de colombianos, el 54% de la poblaci\u00f3n -","og_url":"https:\/\/luchonoticias.com\/editor\/tecnologia-5g-llegara-a-28-millones-de-colombianos-el-54-de-la-poblacion\/","article_publisher":"https:\/\/www.facebook.com\/luchonoticiasneiva","article_published_time":"2023-11-30T20:27:31+00:00","article_modified_time":"2023-11-30T20:27:32+00:00","author":"Editor General","twitter_card":"summary_large_image","twitter_misc":{"Escrito por":"Editor General","Tiempo de lectura":"2 minutos"},"schema":{"@context":"https:\/\/schema.org","@graph":[{"@type":"Article","@id":"https:\/\/luchonoticias.com\/editor\/tecnologia-5g-llegara-a-28-millones-de-colombianos-el-54-de-la-poblacion\/#article","isPartOf":{"@id":"https:\/\/luchonoticias.com\/editor\/tecnologia-5g-llegara-a-28-millones-de-colombianos-el-54-de-la-poblacion\/"},"author":{"name":"Editor General","@id":"https:\/\/luchonoticias.com\/editor\/#\/schema\/person\/29217990ddf6f14e35912b2866d591fb"},"headline":"Tecnolog\u00eda 5G llegar\u00e1 a 28 millones de colombianos, el 54% de la poblaci\u00f3n","datePublished":"2023-11-30T20:27:31+00:00","dateModified":"2023-11-30T20:27:32+00:00","mainEntityOfPage":{"@id":"https:\/\/luchonoticias.com\/editor\/tecnologia-5g-llegara-a-28-millones-de-colombianos-el-54-de-la-poblacion\/"},"wordCount":396,"commentCount":0,"publisher":{"@id":"https:\/\/luchonoticias.com\/editor\/#\/schema\/person\/7a7fd911f58561fd056dbac7b55af9cd"},"articleSection":["Actualidad","Destacado"],"inLanguage":"es","potentialAction":[{"@type":"CommentAction","name":"Comment","target":["https:\/\/luchonoticias.com\/editor\/tecnologia-5g-llegara-a-28-millones-de-colombianos-el-54-de-la-poblacion\/#respond"]}]},{"@type":"WebPage","@id":"https:\/\/luchonoticias.com\/editor\/tecnologia-5g-llegara-a-28-millones-de-colombianos-el-54-de-la-poblacion\/","url":"https:\/\/luchonoticias.com\/editor\/tecnologia-5g-llegara-a-28-millones-de-colombianos-el-54-de-la-poblacion\/","name":"Tecnolog\u00eda 5G llegar\u00e1 a 28 millones de colombianos, el 54% de la poblaci\u00f3n -","isPartOf":{"@id":"https:\/\/luchonoticias.com\/editor\/#website"},"datePublished":"2023-11-30T20:27:31+00:00","dateModified":"2023-11-30T20:27:32+00:00","breadcrumb":{"@id":"https:\/\/luchonoticias.com\/editor\/tecnologia-5g-llegara-a-28-millones-de-colombianos-el-54-de-la-poblacion\/#breadcrumb"},"inLanguage":"es","potentialAction":[{"@type":"ReadAction","target":["https:\/\/luchonoticias.com\/editor\/tecnologia-5g-llegara-a-28-millones-de-colombianos-el-54-de-la-poblacion\/"]}]},{"@type":"BreadcrumbList","@id":"https:\/\/luchonoticias.com\/editor\/tecnologia-5g-llegara-a-28-millones-de-colombianos-el-54-de-la-poblacion\/#breadcrumb","itemListElement":[{"@type":"ListItem","position":1,"name":"Portada","item":"https:\/\/luchonoticias.com\/editor\/"},{"@type":"ListItem","position":2,"name":"Tecnolog\u00eda 5G llegar\u00e1 a 28 millones de colombianos, el 54% de la poblaci\u00f3n"}]},{"@type":"WebSite","@id":"https:\/\/luchonoticias.com\/editor\/#website","url":"https:\/\/luchonoticias.com\/editor\/","name":"","description":"","publisher":{"@id":"https:\/\/luchonoticias.com\/editor\/#\/schema\/person\/7a7fd911f58561fd056dbac7b55af9cd"},"potentialAction":[{"@type":"SearchAction","target":{"@type":"EntryPoint","urlTemplate":"https:\/\/luchonoticias.com\/editor\/?s={search_term_string}"},"query-input":{"@type":"PropertyValueSpecification","valueRequired":true,"valueName":"search_term_string"}}],"inLanguage":"es"},{"@type":["Person","Organization"],"@id":"https:\/\/luchonoticias.com\/editor\/#\/schema\/person\/7a7fd911f58561fd056dbac7b55af9cd","name":"admin","image":{"@type":"ImageObject","inLanguage":"es","@id":"https:\/\/luchonoticias.com\/editor\/#\/schema\/person\/image\/","url":"https:\/\/luchonoticias.com\/editor\/wp-content\/uploads\/2024\/02\/cropped-cropped-logolu.webp","contentUrl":"https:\/\/luchonoticias.com\/editor\/wp-content\/uploads\/2024\/02\/cropped-cropped-logolu.webp","width":382,"height":170,"caption":"admin"},"logo":{"@id":"https:\/\/luchonoticias.com\/editor\/#\/schema\/person\/image\/"},"sameAs":["https:\/\/www.facebook.com\/luchonoticiasneiva"]},{"@type":"Person","@id":"https:\/\/luchonoticias.com\/editor\/#\/schema\/person\/29217990ddf6f14e35912b2866d591fb","name":"Editor General","image":{"@type":"ImageObject","inLanguage":"es","@id":"https:\/\/luchonoticias.com\/editor\/#\/schema\/person\/image\/","url":"https:\/\/luchonoticias.com\/editor\/wp-content\/uploads\/2024\/02\/cropped-cropped-logolu-150x150.webp","contentUrl":"https:\/\/luchonoticias.com\/editor\/wp-content\/uploads\/2024\/02\/cropped-cropped-logolu-150x150.webp","caption":"Editor General"},"sameAs":["https:\/\/luchonoticias.com\/"],"url":"https:\/\/luchonoticias.com\/editor\/author\/editor-general\/"}]}},"_links":{"self":[{"href":"https:\/\/luchonoticias.com\/editor\/wp-json\/wp\/v2\/posts\/64835","targetHints":{"allow":["GET"]}}],"collection":[{"href":"https:\/\/luchonoticias.com\/editor\/wp-json\/wp\/v2\/posts"}],"about":[{"href":"https:\/\/luchonoticias.com\/editor\/wp-json\/wp\/v2\/types\/post"}],"author":[{"embeddable":true,"href":"https:\/\/luchonoticias.com\/editor\/wp-json\/wp\/v2\/users\/2"}],"replies":[{"embeddable":true,"href":"https:\/\/luchonoticias.com\/editor\/wp-json\/wp\/v2\/comments?post=64835"}],"version-history":[{"count":0,"href":"https:\/\/luchonoticias.com\/editor\/wp-json\/wp\/v2\/posts\/64835\/revisions"}],"wp:attachment":[{"href":"https:\/\/luchonoticias.com\/editor\/wp-json\/wp\/v2\/media?parent=64835"}],"wp:term":[{"taxonomy":"category","embeddable":true,"href":"https:\/\/luchonoticias.com\/editor\/wp-json\/wp\/v2\/categories?post=64835"},{"taxonomy":"post_tag","embeddable":true,"href":"https:\/\/luchonoticias.com\/editor\/wp-json\/wp\/v2\/tags?post=64835"}],"curies":[{"name":"wp","href":"https:\/\/api.w.org\/{rel}","templated":true}]}}