{"id":64838,"date":"2023-11-30T15:34:23","date_gmt":"2023-11-30T20:34:23","guid":{"rendered":"https:\/\/luchonoticias.com\/?p=64838"},"modified":"2023-11-30T15:34:25","modified_gmt":"2023-11-30T20:34:25","slug":"policia-de-neiva-comprometida-por-una-navidad-y-fin-de-ano-seguros","status":"publish","type":"post","link":"https:\/\/luchonoticias.com\/editor\/policia-de-neiva-comprometida-por-una-navidad-y-fin-de-ano-seguros\/","title":{"rendered":"Polic\u00eda de Neiva, comprometida por una navidad y fin de a\u00f1o, seguros"},"content":{"rendered":"\n<p>La Polic\u00eda Nacional, mediante labores de registro y control a veh\u00edculos de transporte p\u00fablico, incauta, en las \u00faltimas horas, una importante cantidad de p\u00f3lvora, avaluada en aproximadamente en $12.000.000, que ven\u00eda etiquetada desde el municipio de Soacha, como papeler\u00eda y varios.<\/p>\n\n\n\n<p>Es as\u00ed, como unidades adscritas al grupo de Carabineros de la Polic\u00eda Metropolitana de Neiva, con la ayuda de uno de sus caninos antiexplosivos llamado \u00abBlud\u00bb; detecta irregularidades en esta encomienda, logrando la incautaci\u00f3n de:<\/p>\n\n\n\n<p>* 1.440 sonajeros 3 golpes.<\/p>\n\n\n\n<p>* 480 volcanes,<\/p>\n\n\n\n<p>* 432 voladores<\/p>\n\n\n\n<p>* 300 velas cracker de 15 tiros.<\/p>\n\n\n\n<p>* 300 sonajeros 4 golpes<\/p>\n\n\n\n<p>* 240 paquetes de chispitas.<\/p>\n\n\n\n<p>* 18 unidades de combo rumba.<\/p>\n\n\n\n<p>Este valioso resultado permite brindar a la ciudadan\u00eda de Neiva, la posibilidad de una \u00e9poca navide\u00f1a segura, sin riesgo de que nuestros ni\u00f1os, ni\u00f1as y adolescentes, salgan afectados por una mala manipulaci\u00f3n de p\u00f3lvora.<\/p>\n\n\n\n<p>Queremos invitar a la ciudadan\u00eda a seguir haciendo uso de la l\u00ednea 123, informando el transporte, almacenamiento y comercio ilegal de elementos pirot\u00e9cnicos, que ponen en riesgo la salud e integridad de los habitantes de esta regi\u00f3n del pa\u00eds, en esta \u00e9poca de Navidad y fin de a\u00f1o.<\/p>\n","protected":false},"excerpt":{"rendered":"<p>La Polic\u00eda Nacional, mediante labores de registro y control a veh\u00edculos de transporte p\u00fablico, incauta, en las \u00faltimas horas, una importante cantidad de p\u00f3lvora, avaluada en aproximadamente en $12.000.000, que ven\u00eda etiquetada desde el municipio de Soacha, como papeler\u00eda y varios. Es as\u00ed, como unidades adscritas al grupo de Carabineros de la Polic\u00eda Metropolitana de [&hellip;]<\/p>\n","protected":false},"author":2,"featured_media":0,"comment_status":"open","ping_status":"open","sticky":false,"template":"","format":"standard","meta":{"footnotes":""},"categories":[36,29],"tags":[],"class_list":["post-64838","post","type-post","status-publish","format-standard","hentry","category-destacado","category-judicial"],"yoast_head":"<!-- This site is optimized with the Yoast SEO plugin v26.6 - https:\/\/yoast.com\/wordpress\/plugins\/seo\/ -->\n<title>Polic\u00eda de Neiva, comprometida por una navidad y fin de a\u00f1o, seguros -<\/title>\n<meta name=\"robots\" content=\"index, follow, max-snippet:-1, max-image-preview:large, max-video-preview:-1\" \/>\n<link rel=\"canonical\" href=\"https:\/\/luchonoticias.com\/editor\/policia-de-neiva-comprometida-por-una-navidad-y-fin-de-ano-seguros\/\" \/>\n<meta property=\"og:locale\" content=\"es_ES\" \/>\n<meta property=\"og:type\" content=\"article\" \/>\n<meta property=\"og:title\" content=\"Polic\u00eda de Neiva, comprometida por una navidad y fin de a\u00f1o, seguros -\" \/>\n<meta property=\"og:url\" content=\"https:\/\/luchonoticias.com\/editor\/policia-de-neiva-comprometida-por-una-navidad-y-fin-de-ano-seguros\/\" \/>\n<meta property=\"article:publisher\" content=\"https:\/\/www.facebook.com\/luchonoticiasneiva\" \/>\n<meta property=\"article:published_time\" content=\"2023-11-30T20:34:23+00:00\" \/>\n<meta property=\"article:modified_time\" content=\"2023-11-30T20:34:25+00:00\" \/>\n<meta name=\"author\" content=\"Editor General\" \/>\n<meta name=\"twitter:card\" content=\"summary_large_image\" \/>\n<meta name=\"twitter:label1\" content=\"Escrito por\" \/>\n\t<meta name=\"twitter:data1\" content=\"Editor General\" \/>\n\t<meta name=\"twitter:label2\" content=\"Tiempo de lectura\" \/>\n\t<meta name=\"twitter:data2\" content=\"1 minuto\" \/>\n<script type=\"application\/ld+json\" class=\"yoast-schema-graph\">{\"@context\":\"https:\/\/schema.org\",\"@graph\":[{\"@type\":\"Article\",\"@id\":\"https:\/\/luchonoticias.com\/editor\/policia-de-neiva-comprometida-por-una-navidad-y-fin-de-ano-seguros\/#article\",\"isPartOf\":{\"@id\":\"https:\/\/luchonoticias.com\/editor\/policia-de-neiva-comprometida-por-una-navidad-y-fin-de-ano-seguros\/\"},\"author\":{\"name\":\"Editor General\",\"@id\":\"https:\/\/luchonoticias.com\/editor\/#\/schema\/person\/29217990ddf6f14e35912b2866d591fb\"},\"headline\":\"Polic\u00eda de Neiva, comprometida por una navidad y fin de a\u00f1o, seguros\",\"datePublished\":\"2023-11-30T20:34:23+00:00\",\"dateModified\":\"2023-11-30T20:34:25+00:00\",\"mainEntityOfPage\":{\"@id\":\"https:\/\/luchonoticias.com\/editor\/policia-de-neiva-comprometida-por-una-navidad-y-fin-de-ano-seguros\/\"},\"wordCount\":207,\"commentCount\":0,\"publisher\":{\"@id\":\"https:\/\/luchonoticias.com\/editor\/#\/schema\/person\/7a7fd911f58561fd056dbac7b55af9cd\"},\"articleSection\":[\"Destacado\",\"Judicial\"],\"inLanguage\":\"es\",\"potentialAction\":[{\"@type\":\"CommentAction\",\"name\":\"Comment\",\"target\":[\"https:\/\/luchonoticias.com\/editor\/policia-de-neiva-comprometida-por-una-navidad-y-fin-de-ano-seguros\/#respond\"]}]},{\"@type\":\"WebPage\",\"@id\":\"https:\/\/luchonoticias.com\/editor\/policia-de-neiva-comprometida-por-una-navidad-y-fin-de-ano-seguros\/\",\"url\":\"https:\/\/luchonoticias.com\/editor\/policia-de-neiva-comprometida-por-una-navidad-y-fin-de-ano-seguros\/\",\"name\":\"Polic\u00eda de Neiva, comprometida por una navidad y fin de a\u00f1o, seguros -\",\"isPartOf\":{\"@id\":\"https:\/\/luchonoticias.com\/editor\/#website\"},\"datePublished\":\"2023-11-30T20:34:23+00:00\",\"dateModified\":\"2023-11-30T20:34:25+00:00\",\"breadcrumb\":{\"@id\":\"https:\/\/luchonoticias.com\/editor\/policia-de-neiva-comprometida-por-una-navidad-y-fin-de-ano-seguros\/#breadcrumb\"},\"inLanguage\":\"es\",\"potentialAction\":[{\"@type\":\"ReadAction\",\"target\":[\"https:\/\/luchonoticias.com\/editor\/policia-de-neiva-comprometida-por-una-navidad-y-fin-de-ano-seguros\/\"]}]},{\"@type\":\"BreadcrumbList\",\"@id\":\"https:\/\/luchonoticias.com\/editor\/policia-de-neiva-comprometida-por-una-navidad-y-fin-de-ano-seguros\/#breadcrumb\",\"itemListElement\":[{\"@type\":\"ListItem\",\"position\":1,\"name\":\"Portada\",\"item\":\"https:\/\/luchonoticias.com\/editor\/\"},{\"@type\":\"ListItem\",\"position\":2,\"name\":\"Polic\u00eda de Neiva, comprometida por una navidad y fin de a\u00f1o, seguros\"}]},{\"@type\":\"WebSite\",\"@id\":\"https:\/\/luchonoticias.com\/editor\/#website\",\"url\":\"https:\/\/luchonoticias.com\/editor\/\",\"name\":\"\",\"description\":\"\",\"publisher\":{\"@id\":\"https:\/\/luchonoticias.com\/editor\/#\/schema\/person\/7a7fd911f58561fd056dbac7b55af9cd\"},\"potentialAction\":[{\"@type\":\"SearchAction\",\"target\":{\"@type\":\"EntryPoint\",\"urlTemplate\":\"https:\/\/luchonoticias.com\/editor\/?s={search_term_string}\"},\"query-input\":{\"@type\":\"PropertyValueSpecification\",\"valueRequired\":true,\"valueName\":\"search_term_string\"}}],\"inLanguage\":\"es\"},{\"@type\":[\"Person\",\"Organization\"],\"@id\":\"https:\/\/luchonoticias.com\/editor\/#\/schema\/person\/7a7fd911f58561fd056dbac7b55af9cd\",\"name\":\"admin\",\"image\":{\"@type\":\"ImageObject\",\"inLanguage\":\"es\",\"@id\":\"https:\/\/luchonoticias.com\/editor\/#\/schema\/person\/image\/\",\"url\":\"https:\/\/luchonoticias.com\/editor\/wp-content\/uploads\/2024\/02\/cropped-cropped-logolu.webp\",\"contentUrl\":\"https:\/\/luchonoticias.com\/editor\/wp-content\/uploads\/2024\/02\/cropped-cropped-logolu.webp\",\"width\":382,\"height\":170,\"caption\":\"admin\"},\"logo\":{\"@id\":\"https:\/\/luchonoticias.com\/editor\/#\/schema\/person\/image\/\"},\"sameAs\":[\"https:\/\/www.facebook.com\/luchonoticiasneiva\"]},{\"@type\":\"Person\",\"@id\":\"https:\/\/luchonoticias.com\/editor\/#\/schema\/person\/29217990ddf6f14e35912b2866d591fb\",\"name\":\"Editor General\",\"image\":{\"@type\":\"ImageObject\",\"inLanguage\":\"es\",\"@id\":\"https:\/\/luchonoticias.com\/editor\/#\/schema\/person\/image\/\",\"url\":\"https:\/\/luchonoticias.com\/editor\/wp-content\/uploads\/2024\/02\/cropped-cropped-logolu-150x150.webp\",\"contentUrl\":\"https:\/\/luchonoticias.com\/editor\/wp-content\/uploads\/2024\/02\/cropped-cropped-logolu-150x150.webp\",\"caption\":\"Editor General\"},\"sameAs\":[\"https:\/\/luchonoticias.com\/\"],\"url\":\"https:\/\/luchonoticias.com\/editor\/author\/editor-general\/\"}]}<\/script>\n<!-- \/ Yoast SEO plugin. -->","yoast_head_json":{"title":"Polic\u00eda de Neiva, comprometida por una navidad y fin de a\u00f1o, seguros -","robots":{"index":"index","follow":"follow","max-snippet":"max-snippet:-1","max-image-preview":"max-image-preview:large","max-video-preview":"max-video-preview:-1"},"canonical":"https:\/\/luchonoticias.com\/editor\/policia-de-neiva-comprometida-por-una-navidad-y-fin-de-ano-seguros\/","og_locale":"es_ES","og_type":"article","og_title":"Polic\u00eda de Neiva, comprometida por una navidad y fin de a\u00f1o, seguros -","og_url":"https:\/\/luchonoticias.com\/editor\/policia-de-neiva-comprometida-por-una-navidad-y-fin-de-ano-seguros\/","article_publisher":"https:\/\/www.facebook.com\/luchonoticiasneiva","article_published_time":"2023-11-30T20:34:23+00:00","article_modified_time":"2023-11-30T20:34:25+00:00","author":"Editor General","twitter_card":"summary_large_image","twitter_misc":{"Escrito por":"Editor General","Tiempo de lectura":"1 minuto"},"schema":{"@context":"https:\/\/schema.org","@graph":[{"@type":"Article","@id":"https:\/\/luchonoticias.com\/editor\/policia-de-neiva-comprometida-por-una-navidad-y-fin-de-ano-seguros\/#article","isPartOf":{"@id":"https:\/\/luchonoticias.com\/editor\/policia-de-neiva-comprometida-por-una-navidad-y-fin-de-ano-seguros\/"},"author":{"name":"Editor General","@id":"https:\/\/luchonoticias.com\/editor\/#\/schema\/person\/29217990ddf6f14e35912b2866d591fb"},"headline":"Polic\u00eda de Neiva, comprometida por una navidad y fin de a\u00f1o, seguros","datePublished":"2023-11-30T20:34:23+00:00","dateModified":"2023-11-30T20:34:25+00:00","mainEntityOfPage":{"@id":"https:\/\/luchonoticias.com\/editor\/policia-de-neiva-comprometida-por-una-navidad-y-fin-de-ano-seguros\/"},"wordCount":207,"commentCount":0,"publisher":{"@id":"https:\/\/luchonoticias.com\/editor\/#\/schema\/person\/7a7fd911f58561fd056dbac7b55af9cd"},"articleSection":["Destacado","Judicial"],"inLanguage":"es","potentialAction":[{"@type":"CommentAction","name":"Comment","target":["https:\/\/luchonoticias.com\/editor\/policia-de-neiva-comprometida-por-una-navidad-y-fin-de-ano-seguros\/#respond"]}]},{"@type":"WebPage","@id":"https:\/\/luchonoticias.com\/editor\/policia-de-neiva-comprometida-por-una-navidad-y-fin-de-ano-seguros\/","url":"https:\/\/luchonoticias.com\/editor\/policia-de-neiva-comprometida-por-una-navidad-y-fin-de-ano-seguros\/","name":"Polic\u00eda de Neiva, comprometida por una navidad y fin de a\u00f1o, seguros -","isPartOf":{"@id":"https:\/\/luchonoticias.com\/editor\/#website"},"datePublished":"2023-11-30T20:34:23+00:00","dateModified":"2023-11-30T20:34:25+00:00","breadcrumb":{"@id":"https:\/\/luchonoticias.com\/editor\/policia-de-neiva-comprometida-por-una-navidad-y-fin-de-ano-seguros\/#breadcrumb"},"inLanguage":"es","potentialAction":[{"@type":"ReadAction","target":["https:\/\/luchonoticias.com\/editor\/policia-de-neiva-comprometida-por-una-navidad-y-fin-de-ano-seguros\/"]}]},{"@type":"BreadcrumbList","@id":"https:\/\/luchonoticias.com\/editor\/policia-de-neiva-comprometida-por-una-navidad-y-fin-de-ano-seguros\/#breadcrumb","itemListElement":[{"@type":"ListItem","position":1,"name":"Portada","item":"https:\/\/luchonoticias.com\/editor\/"},{"@type":"ListItem","position":2,"name":"Polic\u00eda de Neiva, comprometida por una navidad y fin de a\u00f1o, seguros"}]},{"@type":"WebSite","@id":"https:\/\/luchonoticias.com\/editor\/#website","url":"https:\/\/luchonoticias.com\/editor\/","name":"","description":"","publisher":{"@id":"https:\/\/luchonoticias.com\/editor\/#\/schema\/person\/7a7fd911f58561fd056dbac7b55af9cd"},"potentialAction":[{"@type":"SearchAction","target":{"@type":"EntryPoint","urlTemplate":"https:\/\/luchonoticias.com\/editor\/?s={search_term_string}"},"query-input":{"@type":"PropertyValueSpecification","valueRequired":true,"valueName":"search_term_string"}}],"inLanguage":"es"},{"@type":["Person","Organization"],"@id":"https:\/\/luchonoticias.com\/editor\/#\/schema\/person\/7a7fd911f58561fd056dbac7b55af9cd","name":"admin","image":{"@type":"ImageObject","inLanguage":"es","@id":"https:\/\/luchonoticias.com\/editor\/#\/schema\/person\/image\/","url":"https:\/\/luchonoticias.com\/editor\/wp-content\/uploads\/2024\/02\/cropped-cropped-logolu.webp","contentUrl":"https:\/\/luchonoticias.com\/editor\/wp-content\/uploads\/2024\/02\/cropped-cropped-logolu.webp","width":382,"height":170,"caption":"admin"},"logo":{"@id":"https:\/\/luchonoticias.com\/editor\/#\/schema\/person\/image\/"},"sameAs":["https:\/\/www.facebook.com\/luchonoticiasneiva"]},{"@type":"Person","@id":"https:\/\/luchonoticias.com\/editor\/#\/schema\/person\/29217990ddf6f14e35912b2866d591fb","name":"Editor General","image":{"@type":"ImageObject","inLanguage":"es","@id":"https:\/\/luchonoticias.com\/editor\/#\/schema\/person\/image\/","url":"https:\/\/luchonoticias.com\/editor\/wp-content\/uploads\/2024\/02\/cropped-cropped-logolu-150x150.webp","contentUrl":"https:\/\/luchonoticias.com\/editor\/wp-content\/uploads\/2024\/02\/cropped-cropped-logolu-150x150.webp","caption":"Editor General"},"sameAs":["https:\/\/luchonoticias.com\/"],"url":"https:\/\/luchonoticias.com\/editor\/author\/editor-general\/"}]}},"_links":{"self":[{"href":"https:\/\/luchonoticias.com\/editor\/wp-json\/wp\/v2\/posts\/64838","targetHints":{"allow":["GET"]}}],"collection":[{"href":"https:\/\/luchonoticias.com\/editor\/wp-json\/wp\/v2\/posts"}],"about":[{"href":"https:\/\/luchonoticias.com\/editor\/wp-json\/wp\/v2\/types\/post"}],"author":[{"embeddable":true,"href":"https:\/\/luchonoticias.com\/editor\/wp-json\/wp\/v2\/users\/2"}],"replies":[{"embeddable":true,"href":"https:\/\/luchonoticias.com\/editor\/wp-json\/wp\/v2\/comments?post=64838"}],"version-history":[{"count":0,"href":"https:\/\/luchonoticias.com\/editor\/wp-json\/wp\/v2\/posts\/64838\/revisions"}],"wp:attachment":[{"href":"https:\/\/luchonoticias.com\/editor\/wp-json\/wp\/v2\/media?parent=64838"}],"wp:term":[{"taxonomy":"category","embeddable":true,"href":"https:\/\/luchonoticias.com\/editor\/wp-json\/wp\/v2\/categories?post=64838"},{"taxonomy":"post_tag","embeddable":true,"href":"https:\/\/luchonoticias.com\/editor\/wp-json\/wp\/v2\/tags?post=64838"}],"curies":[{"name":"wp","href":"https:\/\/api.w.org\/{rel}","templated":true}]}}