{"id":64841,"date":"2023-11-30T15:36:33","date_gmt":"2023-11-30T20:36:33","guid":{"rendered":"https:\/\/luchonoticias.com\/?p=64841"},"modified":"2023-11-30T15:36:34","modified_gmt":"2023-11-30T20:36:34","slug":"el-desempleo-sigue-en-un-digito-y-cerro-octubre-en-92-revelo-el-dane","status":"publish","type":"post","link":"https:\/\/luchonoticias.com\/editor\/el-desempleo-sigue-en-un-digito-y-cerro-octubre-en-92-revelo-el-dane\/","title":{"rendered":"El desempleo sigue en un d\u00edgito y cerr\u00f3 octubre en 9,2%, revel\u00f3 el DANE"},"content":{"rendered":"\n<p>La tasa de desempleo para el mes de octubre de 2023 se mantuvo en un solo d\u00edgito y con tendencia a la baja, al ubicarse en 9,2%, disminuyendo en 0,5% frente al mismo mes del a\u00f1o pasado, revel\u00f3 el Departamento Administrativo Nacional de Estad\u00edsticas, DANE.<\/p>\n\n\n\n<p>La entidad inform\u00f3 que la tasa de desocupaci\u00f3n de un solo d\u00edgito no se registraba desde el mismo mes de 2018, y fue similar a la de septiembre 2023, cuando cerr\u00f3 en 9,3%.<\/p>\n\n\n\n<p>Piedad Urdinola, directora del DANE, explic\u00f3 que, para el pasado mes de octubre, la tasa global de participaci\u00f3n se ubic\u00f3 en 64,0% y la tasa de ocupaci\u00f3n en 58,1%, mientras en el mismo mes de 2022 estas tasas fueron 64,0% y 57,7%, respectivamente.<\/p>\n\n\n\n<p>Seg\u00fan la entidad, la brecha de desocupaci\u00f3n por g\u00e9nero para el d\u00e9cimo mes de este a\u00f1o en los hombres represent\u00f3 7,5% y en las mujeres 11,5%, y pese a ser de 4,0 puntos porcentuales es una de las m\u00e1s bajas desde octubre de 2017.<\/p>\n\n\n\n<p>El reporte del DANE se\u00f1ala que para octubre de 2023 la poblaci\u00f3n ocupada del pa\u00eds fue de 23,1 millones de personas, con una variaci\u00f3n de 2,1% frente a los 22,6 millones ocupadas el mismo mes en 2022 (476 mil personas m\u00e1s ocupadas).<\/p>\n\n\n\n<p>La 13 ciudades y \u00e1reas metropolitanas (Bogot\u00e1, Medell\u00edn, Cali, Barranquilla, Bucaramanga, Manizales, Pereira, C\u00facuta, Pasto, Ibagu\u00e9, Monter\u00eda, Cartagena y Villavicencio), contribuyeron a esta variaci\u00f3n nacional con 1,9 puntos porcentuales. En estas \u00e1reas, en octubre de 2023 el n\u00famero ocupados aument\u00f3 en 421 mil personas.&nbsp;<\/p>\n\n\n\n<p>Mientras tanto, diez ciudades (Tunja, Florencia, Popay\u00e1n, Valledupar, Quibd\u00f3, Neiva, Riohacha, Santa Marta, Armenia y Sincelejo) reportaron 1,2 millones de ocupados; los centros poblados y rural disperso registraron 4,7 millones de ocupados las cabeceras presentaron 6,1 millones de ocupados.&nbsp;<\/p>\n\n\n\n<p>Por g\u00e9nero, la ocupaci\u00f3n en octubre fue mayor entre las mujeres con un aumento de 427 mil personas, frente a 49 mil hombres ocupados. El rango de mayor aumento fue entre 25 a 54 a\u00f1os.<\/p>\n\n\n\n<p>La poblaci\u00f3n joven, de 15 a 28 a\u00f1os, en el total nacional de desocupaci\u00f3n fue de 15,8% en el trimestre m\u00f3vil agosto-octubre de 2023, es decir, 2,1% menos que en el mismo lapso de 2022 (17,9%).<\/p>\n\n\n\n<p><strong>Sector servicios al alza<\/strong><\/p>\n\n\n\n<p>El sector de alojamiento y servicios de comida tuvo la mayor alza de ocupados en octubre de 2023 (+268 mil) respecto al mismo mes de 2022, alcanzando los 1,8 millones de personas ocupadas.<\/p>\n\n\n\n<p>Le siguieron administraci\u00f3n p\u00fablica y defensa, educaci\u00f3n y atenci\u00f3n en salud humana, que aportaron 191 mil personas m\u00e1s ocupadas, con 2,8 millones de personas ocupadas. Entre tanto, comercio y reparaci\u00f3n de veh\u00edculos registr\u00f3 disminuyeron la poblaci\u00f3n ocupada en 135 mil personas.<\/p>\n\n\n\n<p><strong>Falta generar m\u00e1s empleo en Quibd\u00f3<\/strong><\/p>\n\n\n\n<p>Entre las 23 ciudades que registraron las mayores tasas de desocupaci\u00f3n en octubre de 2023 fueron Quibd\u00f3 con 23,5% y Florencia con 14,1 %. Y las de menores tasas de desocupaci\u00f3n fueron Bucaramanga y su \u00e1rea metropolitana con 7,2%, y Santa Marta con 7,3 %.<\/p>\n\n\n\n<p>Y entre las 32 ciudades, Arauca (29,3%) y Quibd\u00f3 (26,2%) fueron las de m\u00e1s altas tasas de desocupaci\u00f3n a octubre de 2023. A tiempo que las de m\u00e1s bajas desocupaci\u00f3n fueron Leticia con 4,6% y Bucaramanga con el 7,9 %.<\/p>\n\n\n\n<p><strong>Informalidad<\/strong><\/p>\n\n\n\n<p>En cuanto a la informalidad, el informe del DANE dice que para el d\u00e9cimo mes de este a\u00f1o la poblaci\u00f3n ocupada informal se ubic\u00f3 en 55,2 % y se redujo 2,4 puntos porcentuales frente al mismo mes de 2022 (57,6%).<\/p>\n\n\n\n<p>En las 13 ciudades y \u00e1reas metropolitanas la tasa de informalidad fue de 41,8%, con 2,5 puntos porcentuales menos que en octubre de 2022 (44,3%). Para las 23 ciudades y \u00e1reas metropolitanas fue del 43,2%, con variaci\u00f3n de -2,4 puntos porcentuales frente al mismo mes del a\u00f1o pasado (45,6 %).&nbsp;<\/p>\n\n\n\n<p>Para el total nacional, en el trimestre m\u00f3vil agosto-octubre de 2023, la proporci\u00f3n de ocupados informales fue del 55,7%, lo que signific\u00f3 una disminuci\u00f3n de 2,1 puntos porcentuales, respecto al trimestre m\u00f3vil agosto-octubre de 2022.<\/p>\n","protected":false},"excerpt":{"rendered":"<p>La tasa de desempleo para el mes de octubre de 2023 se mantuvo en un solo d\u00edgito y con tendencia a la baja, al ubicarse en 9,2%, disminuyendo en 0,5% frente al mismo mes del a\u00f1o pasado, revel\u00f3 el Departamento Administrativo Nacional de Estad\u00edsticas, DANE. La entidad inform\u00f3 que la tasa de desocupaci\u00f3n de un [&hellip;]<\/p>\n","protected":false},"author":2,"featured_media":0,"comment_status":"open","ping_status":"open","sticky":false,"template":"","format":"standard","meta":{"footnotes":""},"categories":[36,32],"tags":[],"class_list":["post-64841","post","type-post","status-publish","format-standard","hentry","category-destacado","category-nacional"],"yoast_head":"<!-- This site is optimized with the Yoast SEO plugin v26.6 - https:\/\/yoast.com\/wordpress\/plugins\/seo\/ -->\n<title>El desempleo sigue en un d\u00edgito y cerr\u00f3 octubre en 9,2%, revel\u00f3 el DANE -<\/title>\n<meta name=\"robots\" content=\"index, follow, max-snippet:-1, max-image-preview:large, max-video-preview:-1\" \/>\n<link rel=\"canonical\" href=\"https:\/\/luchonoticias.com\/editor\/el-desempleo-sigue-en-un-digito-y-cerro-octubre-en-92-revelo-el-dane\/\" \/>\n<meta property=\"og:locale\" content=\"es_ES\" \/>\n<meta property=\"og:type\" content=\"article\" \/>\n<meta property=\"og:title\" content=\"El desempleo sigue en un d\u00edgito y cerr\u00f3 octubre en 9,2%, revel\u00f3 el DANE -\" \/>\n<meta property=\"og:url\" content=\"https:\/\/luchonoticias.com\/editor\/el-desempleo-sigue-en-un-digito-y-cerro-octubre-en-92-revelo-el-dane\/\" \/>\n<meta property=\"article:publisher\" content=\"https:\/\/www.facebook.com\/luchonoticiasneiva\" \/>\n<meta property=\"article:published_time\" content=\"2023-11-30T20:36:33+00:00\" \/>\n<meta property=\"article:modified_time\" content=\"2023-11-30T20:36:34+00:00\" \/>\n<meta name=\"author\" content=\"Editor General\" \/>\n<meta name=\"twitter:card\" content=\"summary_large_image\" \/>\n<meta name=\"twitter:label1\" content=\"Escrito por\" \/>\n\t<meta name=\"twitter:data1\" content=\"Editor General\" \/>\n\t<meta name=\"twitter:label2\" content=\"Tiempo de lectura\" \/>\n\t<meta name=\"twitter:data2\" content=\"3 minutos\" \/>\n<script type=\"application\/ld+json\" class=\"yoast-schema-graph\">{\"@context\":\"https:\/\/schema.org\",\"@graph\":[{\"@type\":\"Article\",\"@id\":\"https:\/\/luchonoticias.com\/editor\/el-desempleo-sigue-en-un-digito-y-cerro-octubre-en-92-revelo-el-dane\/#article\",\"isPartOf\":{\"@id\":\"https:\/\/luchonoticias.com\/editor\/el-desempleo-sigue-en-un-digito-y-cerro-octubre-en-92-revelo-el-dane\/\"},\"author\":{\"name\":\"Editor General\",\"@id\":\"https:\/\/luchonoticias.com\/editor\/#\/schema\/person\/29217990ddf6f14e35912b2866d591fb\"},\"headline\":\"El desempleo sigue en un d\u00edgito y cerr\u00f3 octubre en 9,2%, revel\u00f3 el DANE\",\"datePublished\":\"2023-11-30T20:36:33+00:00\",\"dateModified\":\"2023-11-30T20:36:34+00:00\",\"mainEntityOfPage\":{\"@id\":\"https:\/\/luchonoticias.com\/editor\/el-desempleo-sigue-en-un-digito-y-cerro-octubre-en-92-revelo-el-dane\/\"},\"wordCount\":649,\"commentCount\":0,\"publisher\":{\"@id\":\"https:\/\/luchonoticias.com\/editor\/#\/schema\/person\/7a7fd911f58561fd056dbac7b55af9cd\"},\"articleSection\":[\"Destacado\",\"Nacional\"],\"inLanguage\":\"es\",\"potentialAction\":[{\"@type\":\"CommentAction\",\"name\":\"Comment\",\"target\":[\"https:\/\/luchonoticias.com\/editor\/el-desempleo-sigue-en-un-digito-y-cerro-octubre-en-92-revelo-el-dane\/#respond\"]}]},{\"@type\":\"WebPage\",\"@id\":\"https:\/\/luchonoticias.com\/editor\/el-desempleo-sigue-en-un-digito-y-cerro-octubre-en-92-revelo-el-dane\/\",\"url\":\"https:\/\/luchonoticias.com\/editor\/el-desempleo-sigue-en-un-digito-y-cerro-octubre-en-92-revelo-el-dane\/\",\"name\":\"El desempleo sigue en un d\u00edgito y cerr\u00f3 octubre en 9,2%, revel\u00f3 el DANE -\",\"isPartOf\":{\"@id\":\"https:\/\/luchonoticias.com\/editor\/#website\"},\"datePublished\":\"2023-11-30T20:36:33+00:00\",\"dateModified\":\"2023-11-30T20:36:34+00:00\",\"breadcrumb\":{\"@id\":\"https:\/\/luchonoticias.com\/editor\/el-desempleo-sigue-en-un-digito-y-cerro-octubre-en-92-revelo-el-dane\/#breadcrumb\"},\"inLanguage\":\"es\",\"potentialAction\":[{\"@type\":\"ReadAction\",\"target\":[\"https:\/\/luchonoticias.com\/editor\/el-desempleo-sigue-en-un-digito-y-cerro-octubre-en-92-revelo-el-dane\/\"]}]},{\"@type\":\"BreadcrumbList\",\"@id\":\"https:\/\/luchonoticias.com\/editor\/el-desempleo-sigue-en-un-digito-y-cerro-octubre-en-92-revelo-el-dane\/#breadcrumb\",\"itemListElement\":[{\"@type\":\"ListItem\",\"position\":1,\"name\":\"Portada\",\"item\":\"https:\/\/luchonoticias.com\/editor\/\"},{\"@type\":\"ListItem\",\"position\":2,\"name\":\"El desempleo sigue en un d\u00edgito y cerr\u00f3 octubre en 9,2%, revel\u00f3 el DANE\"}]},{\"@type\":\"WebSite\",\"@id\":\"https:\/\/luchonoticias.com\/editor\/#website\",\"url\":\"https:\/\/luchonoticias.com\/editor\/\",\"name\":\"\",\"description\":\"\",\"publisher\":{\"@id\":\"https:\/\/luchonoticias.com\/editor\/#\/schema\/person\/7a7fd911f58561fd056dbac7b55af9cd\"},\"potentialAction\":[{\"@type\":\"SearchAction\",\"target\":{\"@type\":\"EntryPoint\",\"urlTemplate\":\"https:\/\/luchonoticias.com\/editor\/?s={search_term_string}\"},\"query-input\":{\"@type\":\"PropertyValueSpecification\",\"valueRequired\":true,\"valueName\":\"search_term_string\"}}],\"inLanguage\":\"es\"},{\"@type\":[\"Person\",\"Organization\"],\"@id\":\"https:\/\/luchonoticias.com\/editor\/#\/schema\/person\/7a7fd911f58561fd056dbac7b55af9cd\",\"name\":\"admin\",\"image\":{\"@type\":\"ImageObject\",\"inLanguage\":\"es\",\"@id\":\"https:\/\/luchonoticias.com\/editor\/#\/schema\/person\/image\/\",\"url\":\"https:\/\/luchonoticias.com\/editor\/wp-content\/uploads\/2024\/02\/cropped-cropped-logolu.webp\",\"contentUrl\":\"https:\/\/luchonoticias.com\/editor\/wp-content\/uploads\/2024\/02\/cropped-cropped-logolu.webp\",\"width\":382,\"height\":170,\"caption\":\"admin\"},\"logo\":{\"@id\":\"https:\/\/luchonoticias.com\/editor\/#\/schema\/person\/image\/\"},\"sameAs\":[\"https:\/\/www.facebook.com\/luchonoticiasneiva\"]},{\"@type\":\"Person\",\"@id\":\"https:\/\/luchonoticias.com\/editor\/#\/schema\/person\/29217990ddf6f14e35912b2866d591fb\",\"name\":\"Editor General\",\"image\":{\"@type\":\"ImageObject\",\"inLanguage\":\"es\",\"@id\":\"https:\/\/luchonoticias.com\/editor\/#\/schema\/person\/image\/\",\"url\":\"https:\/\/luchonoticias.com\/editor\/wp-content\/uploads\/2024\/02\/cropped-cropped-logolu-150x150.webp\",\"contentUrl\":\"https:\/\/luchonoticias.com\/editor\/wp-content\/uploads\/2024\/02\/cropped-cropped-logolu-150x150.webp\",\"caption\":\"Editor General\"},\"sameAs\":[\"https:\/\/luchonoticias.com\/\"],\"url\":\"https:\/\/luchonoticias.com\/editor\/author\/editor-general\/\"}]}<\/script>\n<!-- \/ Yoast SEO plugin. -->","yoast_head_json":{"title":"El desempleo sigue en un d\u00edgito y cerr\u00f3 octubre en 9,2%, revel\u00f3 el DANE -","robots":{"index":"index","follow":"follow","max-snippet":"max-snippet:-1","max-image-preview":"max-image-preview:large","max-video-preview":"max-video-preview:-1"},"canonical":"https:\/\/luchonoticias.com\/editor\/el-desempleo-sigue-en-un-digito-y-cerro-octubre-en-92-revelo-el-dane\/","og_locale":"es_ES","og_type":"article","og_title":"El desempleo sigue en un d\u00edgito y cerr\u00f3 octubre en 9,2%, revel\u00f3 el DANE -","og_url":"https:\/\/luchonoticias.com\/editor\/el-desempleo-sigue-en-un-digito-y-cerro-octubre-en-92-revelo-el-dane\/","article_publisher":"https:\/\/www.facebook.com\/luchonoticiasneiva","article_published_time":"2023-11-30T20:36:33+00:00","article_modified_time":"2023-11-30T20:36:34+00:00","author":"Editor General","twitter_card":"summary_large_image","twitter_misc":{"Escrito por":"Editor General","Tiempo de lectura":"3 minutos"},"schema":{"@context":"https:\/\/schema.org","@graph":[{"@type":"Article","@id":"https:\/\/luchonoticias.com\/editor\/el-desempleo-sigue-en-un-digito-y-cerro-octubre-en-92-revelo-el-dane\/#article","isPartOf":{"@id":"https:\/\/luchonoticias.com\/editor\/el-desempleo-sigue-en-un-digito-y-cerro-octubre-en-92-revelo-el-dane\/"},"author":{"name":"Editor General","@id":"https:\/\/luchonoticias.com\/editor\/#\/schema\/person\/29217990ddf6f14e35912b2866d591fb"},"headline":"El desempleo sigue en un d\u00edgito y cerr\u00f3 octubre en 9,2%, revel\u00f3 el DANE","datePublished":"2023-11-30T20:36:33+00:00","dateModified":"2023-11-30T20:36:34+00:00","mainEntityOfPage":{"@id":"https:\/\/luchonoticias.com\/editor\/el-desempleo-sigue-en-un-digito-y-cerro-octubre-en-92-revelo-el-dane\/"},"wordCount":649,"commentCount":0,"publisher":{"@id":"https:\/\/luchonoticias.com\/editor\/#\/schema\/person\/7a7fd911f58561fd056dbac7b55af9cd"},"articleSection":["Destacado","Nacional"],"inLanguage":"es","potentialAction":[{"@type":"CommentAction","name":"Comment","target":["https:\/\/luchonoticias.com\/editor\/el-desempleo-sigue-en-un-digito-y-cerro-octubre-en-92-revelo-el-dane\/#respond"]}]},{"@type":"WebPage","@id":"https:\/\/luchonoticias.com\/editor\/el-desempleo-sigue-en-un-digito-y-cerro-octubre-en-92-revelo-el-dane\/","url":"https:\/\/luchonoticias.com\/editor\/el-desempleo-sigue-en-un-digito-y-cerro-octubre-en-92-revelo-el-dane\/","name":"El desempleo sigue en un d\u00edgito y cerr\u00f3 octubre en 9,2%, revel\u00f3 el DANE -","isPartOf":{"@id":"https:\/\/luchonoticias.com\/editor\/#website"},"datePublished":"2023-11-30T20:36:33+00:00","dateModified":"2023-11-30T20:36:34+00:00","breadcrumb":{"@id":"https:\/\/luchonoticias.com\/editor\/el-desempleo-sigue-en-un-digito-y-cerro-octubre-en-92-revelo-el-dane\/#breadcrumb"},"inLanguage":"es","potentialAction":[{"@type":"ReadAction","target":["https:\/\/luchonoticias.com\/editor\/el-desempleo-sigue-en-un-digito-y-cerro-octubre-en-92-revelo-el-dane\/"]}]},{"@type":"BreadcrumbList","@id":"https:\/\/luchonoticias.com\/editor\/el-desempleo-sigue-en-un-digito-y-cerro-octubre-en-92-revelo-el-dane\/#breadcrumb","itemListElement":[{"@type":"ListItem","position":1,"name":"Portada","item":"https:\/\/luchonoticias.com\/editor\/"},{"@type":"ListItem","position":2,"name":"El desempleo sigue en un d\u00edgito y cerr\u00f3 octubre en 9,2%, revel\u00f3 el DANE"}]},{"@type":"WebSite","@id":"https:\/\/luchonoticias.com\/editor\/#website","url":"https:\/\/luchonoticias.com\/editor\/","name":"","description":"","publisher":{"@id":"https:\/\/luchonoticias.com\/editor\/#\/schema\/person\/7a7fd911f58561fd056dbac7b55af9cd"},"potentialAction":[{"@type":"SearchAction","target":{"@type":"EntryPoint","urlTemplate":"https:\/\/luchonoticias.com\/editor\/?s={search_term_string}"},"query-input":{"@type":"PropertyValueSpecification","valueRequired":true,"valueName":"search_term_string"}}],"inLanguage":"es"},{"@type":["Person","Organization"],"@id":"https:\/\/luchonoticias.com\/editor\/#\/schema\/person\/7a7fd911f58561fd056dbac7b55af9cd","name":"admin","image":{"@type":"ImageObject","inLanguage":"es","@id":"https:\/\/luchonoticias.com\/editor\/#\/schema\/person\/image\/","url":"https:\/\/luchonoticias.com\/editor\/wp-content\/uploads\/2024\/02\/cropped-cropped-logolu.webp","contentUrl":"https:\/\/luchonoticias.com\/editor\/wp-content\/uploads\/2024\/02\/cropped-cropped-logolu.webp","width":382,"height":170,"caption":"admin"},"logo":{"@id":"https:\/\/luchonoticias.com\/editor\/#\/schema\/person\/image\/"},"sameAs":["https:\/\/www.facebook.com\/luchonoticiasneiva"]},{"@type":"Person","@id":"https:\/\/luchonoticias.com\/editor\/#\/schema\/person\/29217990ddf6f14e35912b2866d591fb","name":"Editor General","image":{"@type":"ImageObject","inLanguage":"es","@id":"https:\/\/luchonoticias.com\/editor\/#\/schema\/person\/image\/","url":"https:\/\/luchonoticias.com\/editor\/wp-content\/uploads\/2024\/02\/cropped-cropped-logolu-150x150.webp","contentUrl":"https:\/\/luchonoticias.com\/editor\/wp-content\/uploads\/2024\/02\/cropped-cropped-logolu-150x150.webp","caption":"Editor General"},"sameAs":["https:\/\/luchonoticias.com\/"],"url":"https:\/\/luchonoticias.com\/editor\/author\/editor-general\/"}]}},"_links":{"self":[{"href":"https:\/\/luchonoticias.com\/editor\/wp-json\/wp\/v2\/posts\/64841","targetHints":{"allow":["GET"]}}],"collection":[{"href":"https:\/\/luchonoticias.com\/editor\/wp-json\/wp\/v2\/posts"}],"about":[{"href":"https:\/\/luchonoticias.com\/editor\/wp-json\/wp\/v2\/types\/post"}],"author":[{"embeddable":true,"href":"https:\/\/luchonoticias.com\/editor\/wp-json\/wp\/v2\/users\/2"}],"replies":[{"embeddable":true,"href":"https:\/\/luchonoticias.com\/editor\/wp-json\/wp\/v2\/comments?post=64841"}],"version-history":[{"count":0,"href":"https:\/\/luchonoticias.com\/editor\/wp-json\/wp\/v2\/posts\/64841\/revisions"}],"wp:attachment":[{"href":"https:\/\/luchonoticias.com\/editor\/wp-json\/wp\/v2\/media?parent=64841"}],"wp:term":[{"taxonomy":"category","embeddable":true,"href":"https:\/\/luchonoticias.com\/editor\/wp-json\/wp\/v2\/categories?post=64841"},{"taxonomy":"post_tag","embeddable":true,"href":"https:\/\/luchonoticias.com\/editor\/wp-json\/wp\/v2\/tags?post=64841"}],"curies":[{"name":"wp","href":"https:\/\/api.w.org\/{rel}","templated":true}]}}