{"id":64844,"date":"2023-11-30T15:39:18","date_gmt":"2023-11-30T20:39:18","guid":{"rendered":"https:\/\/luchonoticias.com\/?p=64844"},"modified":"2023-11-30T15:39:19","modified_gmt":"2023-11-30T20:39:19","slug":"desde-el-senado-lanzan-propuestas-para-abordar-crisis-de-salud-mental-en-colombia","status":"publish","type":"post","link":"https:\/\/luchonoticias.com\/editor\/desde-el-senado-lanzan-propuestas-para-abordar-crisis-de-salud-mental-en-colombia\/","title":{"rendered":"Desde el Senado lanzan propuestas para abordar crisis de salud mental en Colombia"},"content":{"rendered":"\n<p>El senador&nbsp; Carlos Julio Gonz\u00e1lez Villa expres\u00f3 en la plenaria del Senado su preocupaci\u00f3n por la falta de una pol\u00edtica educativa socioafectiva en Colombia y el creciente deterioro de la salud mental infantil en el pa\u00eds.<\/p>\n\n\n\n<p>Estas declaraciones fueron realizadas al concluir el debate de consumo de drogas en las instituciones educativas, en el cual particip\u00f3 como citante.<\/p>\n\n\n\n<p>Gonz\u00e1lez Villa present\u00f3 cifras alarmantes, revel\u00f3 que, de cada diez ni\u00f1os colombianos, 4.4 presentan s\u00edntomas vinculados al deterioro de su salud mental. La Procuradur\u00eda, por su parte, inform\u00f3 que cada mes, 190 ni\u00f1os y j\u00f3venes se quitan la vida, y 473,000 ni\u00f1os abandonaron la educaci\u00f3n entre noviembre de 2022 y mayo de 2023.<\/p>\n\n\n\n<p>Se refiri\u00f3 adem\u00e1s a la fragilidad en la atenci\u00f3n temprana de riesgos en los centros educativos y a la necesidad de ampliar la presencia de profesionales en salud mental a las instituciones educativas, as\u00ed como la precaria activaci\u00f3n de rutas para la detecci\u00f3n temprana que agravan la situaci\u00f3n.<\/p>\n\n\n\n<p>\u201cTenemos una necesidad urgente en relaci\u00f3n con la formaci\u00f3n docente y la capacidad de la atenci\u00f3n temprana de riesgos en las instituciones educativas para poder hacer la revisi\u00f3n oportuna. Es m\u00e1s, muchos ni\u00f1os est\u00e1n gritando en las instituciones educativas y sus gritos no est\u00e1n siendo escuchados, incluso con ideaci\u00f3n suicida\u201d, agreg\u00f3 el senador y vocero del partido Cambio Radical.<\/p>\n\n\n\n<p><strong>Esfuerzos institucionales<\/strong><\/p>\n\n\n\n<p>La sesi\u00f3n concluy\u00f3 con una propuesta urgente: la creaci\u00f3n de una mesa nacional por los hijos de Colombia liderada por el Ministerio de Educaci\u00f3n, enfocada en combatir las drogas en las aulas escolares y abordar la crisis de salud mental infantil.<\/p>\n\n\n\n<p>\u201cHay normas, hay legislaci\u00f3n, hay recursos, hay programas, hay acciones, hay estrategias, pero no hay voces que se comuniquen\u201d, dijo.<\/p>\n\n\n\n<p>La propuesta busca un enfoque integral, con la participaci\u00f3n de m\u00faltiples sectores, para salvar una generaci\u00f3n afectada por la problem\u00e1tica de las drogas y construir pol\u00edticas p\u00fablicas efectivas que puedan medir sus impactos.<\/p>\n\n\n\n<p>\u201cA eso es a que invitamos tanto gobierno, congreso, sociedad civil, academia, sociedades cient\u00edficas. As\u00ed mismo, focalicemos los recursos y las acciones p\u00fablicas\u201d.<\/p>\n\n\n\n<p>El senador reiter\u00f3 la necesidad apremiante de implementar las escuelas de padres de familia.<\/p>\n\n\n\n<p>\u201cLas escuelas de padres de familia para nosotros no son adorno, sino una necesidad y una obligaci\u00f3n como Estado. Es necesario, adem\u00e1s un plan de formaci\u00f3n permanente de docentes con \u00e9nfasis en desarrollo humano\u201d.<\/p>\n\n\n\n<p>Finalmente, el senador inst\u00f3 a sus hom\u00f3logos a priorizar los proyectos de ley que apunten a soluciones concretas para estos flagelos&nbsp; e inst\u00f3 al Ministerio de Salud a revisar el d\u00e9ficit de infraestructura regional para el tratamiento de consumidores de drogas.<\/p>\n","protected":false},"excerpt":{"rendered":"<p>El senador&nbsp; Carlos Julio Gonz\u00e1lez Villa expres\u00f3 en la plenaria del Senado su preocupaci\u00f3n por la falta de una pol\u00edtica educativa socioafectiva en Colombia y el creciente deterioro de la salud mental infantil en el pa\u00eds. Estas declaraciones fueron realizadas al concluir el debate de consumo de drogas en las instituciones educativas, en el cual [&hellip;]<\/p>\n","protected":false},"author":2,"featured_media":0,"comment_status":"open","ping_status":"open","sticky":false,"template":"","format":"standard","meta":{"footnotes":""},"categories":[36,617],"tags":[],"class_list":["post-64844","post","type-post","status-publish","format-standard","hentry","category-destacado","category-politica"],"yoast_head":"<!-- This site is optimized with the Yoast SEO plugin v26.6 - https:\/\/yoast.com\/wordpress\/plugins\/seo\/ -->\n<title>Desde el Senado lanzan propuestas para abordar crisis de salud mental en Colombia -<\/title>\n<meta name=\"robots\" content=\"index, follow, max-snippet:-1, max-image-preview:large, max-video-preview:-1\" \/>\n<link rel=\"canonical\" href=\"https:\/\/luchonoticias.com\/editor\/desde-el-senado-lanzan-propuestas-para-abordar-crisis-de-salud-mental-en-colombia\/\" \/>\n<meta property=\"og:locale\" content=\"es_ES\" \/>\n<meta property=\"og:type\" content=\"article\" \/>\n<meta property=\"og:title\" content=\"Desde el Senado lanzan propuestas para abordar crisis de salud mental en Colombia -\" \/>\n<meta property=\"og:url\" content=\"https:\/\/luchonoticias.com\/editor\/desde-el-senado-lanzan-propuestas-para-abordar-crisis-de-salud-mental-en-colombia\/\" \/>\n<meta property=\"article:publisher\" content=\"https:\/\/www.facebook.com\/luchonoticiasneiva\" \/>\n<meta property=\"article:published_time\" content=\"2023-11-30T20:39:18+00:00\" \/>\n<meta property=\"article:modified_time\" content=\"2023-11-30T20:39:19+00:00\" \/>\n<meta name=\"author\" content=\"Editor General\" \/>\n<meta name=\"twitter:card\" content=\"summary_large_image\" \/>\n<meta name=\"twitter:label1\" content=\"Escrito por\" \/>\n\t<meta name=\"twitter:data1\" content=\"Editor General\" \/>\n\t<meta name=\"twitter:label2\" content=\"Tiempo de lectura\" \/>\n\t<meta name=\"twitter:data2\" content=\"2 minutos\" \/>\n<script type=\"application\/ld+json\" class=\"yoast-schema-graph\">{\"@context\":\"https:\/\/schema.org\",\"@graph\":[{\"@type\":\"Article\",\"@id\":\"https:\/\/luchonoticias.com\/editor\/desde-el-senado-lanzan-propuestas-para-abordar-crisis-de-salud-mental-en-colombia\/#article\",\"isPartOf\":{\"@id\":\"https:\/\/luchonoticias.com\/editor\/desde-el-senado-lanzan-propuestas-para-abordar-crisis-de-salud-mental-en-colombia\/\"},\"author\":{\"name\":\"Editor General\",\"@id\":\"https:\/\/luchonoticias.com\/editor\/#\/schema\/person\/29217990ddf6f14e35912b2866d591fb\"},\"headline\":\"Desde el Senado lanzan propuestas para abordar crisis de salud mental en Colombia\",\"datePublished\":\"2023-11-30T20:39:18+00:00\",\"dateModified\":\"2023-11-30T20:39:19+00:00\",\"mainEntityOfPage\":{\"@id\":\"https:\/\/luchonoticias.com\/editor\/desde-el-senado-lanzan-propuestas-para-abordar-crisis-de-salud-mental-en-colombia\/\"},\"wordCount\":479,\"commentCount\":0,\"publisher\":{\"@id\":\"https:\/\/luchonoticias.com\/editor\/#\/schema\/person\/7a7fd911f58561fd056dbac7b55af9cd\"},\"articleSection\":[\"Destacado\",\"Pol\u00edtica\"],\"inLanguage\":\"es\",\"potentialAction\":[{\"@type\":\"CommentAction\",\"name\":\"Comment\",\"target\":[\"https:\/\/luchonoticias.com\/editor\/desde-el-senado-lanzan-propuestas-para-abordar-crisis-de-salud-mental-en-colombia\/#respond\"]}]},{\"@type\":\"WebPage\",\"@id\":\"https:\/\/luchonoticias.com\/editor\/desde-el-senado-lanzan-propuestas-para-abordar-crisis-de-salud-mental-en-colombia\/\",\"url\":\"https:\/\/luchonoticias.com\/editor\/desde-el-senado-lanzan-propuestas-para-abordar-crisis-de-salud-mental-en-colombia\/\",\"name\":\"Desde el Senado lanzan propuestas para abordar crisis de salud mental en Colombia -\",\"isPartOf\":{\"@id\":\"https:\/\/luchonoticias.com\/editor\/#website\"},\"datePublished\":\"2023-11-30T20:39:18+00:00\",\"dateModified\":\"2023-11-30T20:39:19+00:00\",\"breadcrumb\":{\"@id\":\"https:\/\/luchonoticias.com\/editor\/desde-el-senado-lanzan-propuestas-para-abordar-crisis-de-salud-mental-en-colombia\/#breadcrumb\"},\"inLanguage\":\"es\",\"potentialAction\":[{\"@type\":\"ReadAction\",\"target\":[\"https:\/\/luchonoticias.com\/editor\/desde-el-senado-lanzan-propuestas-para-abordar-crisis-de-salud-mental-en-colombia\/\"]}]},{\"@type\":\"BreadcrumbList\",\"@id\":\"https:\/\/luchonoticias.com\/editor\/desde-el-senado-lanzan-propuestas-para-abordar-crisis-de-salud-mental-en-colombia\/#breadcrumb\",\"itemListElement\":[{\"@type\":\"ListItem\",\"position\":1,\"name\":\"Portada\",\"item\":\"https:\/\/luchonoticias.com\/editor\/\"},{\"@type\":\"ListItem\",\"position\":2,\"name\":\"Desde el Senado lanzan propuestas para abordar crisis de salud mental en Colombia\"}]},{\"@type\":\"WebSite\",\"@id\":\"https:\/\/luchonoticias.com\/editor\/#website\",\"url\":\"https:\/\/luchonoticias.com\/editor\/\",\"name\":\"\",\"description\":\"\",\"publisher\":{\"@id\":\"https:\/\/luchonoticias.com\/editor\/#\/schema\/person\/7a7fd911f58561fd056dbac7b55af9cd\"},\"potentialAction\":[{\"@type\":\"SearchAction\",\"target\":{\"@type\":\"EntryPoint\",\"urlTemplate\":\"https:\/\/luchonoticias.com\/editor\/?s={search_term_string}\"},\"query-input\":{\"@type\":\"PropertyValueSpecification\",\"valueRequired\":true,\"valueName\":\"search_term_string\"}}],\"inLanguage\":\"es\"},{\"@type\":[\"Person\",\"Organization\"],\"@id\":\"https:\/\/luchonoticias.com\/editor\/#\/schema\/person\/7a7fd911f58561fd056dbac7b55af9cd\",\"name\":\"admin\",\"image\":{\"@type\":\"ImageObject\",\"inLanguage\":\"es\",\"@id\":\"https:\/\/luchonoticias.com\/editor\/#\/schema\/person\/image\/\",\"url\":\"https:\/\/luchonoticias.com\/editor\/wp-content\/uploads\/2024\/02\/cropped-cropped-logolu.webp\",\"contentUrl\":\"https:\/\/luchonoticias.com\/editor\/wp-content\/uploads\/2024\/02\/cropped-cropped-logolu.webp\",\"width\":382,\"height\":170,\"caption\":\"admin\"},\"logo\":{\"@id\":\"https:\/\/luchonoticias.com\/editor\/#\/schema\/person\/image\/\"},\"sameAs\":[\"https:\/\/www.facebook.com\/luchonoticiasneiva\"]},{\"@type\":\"Person\",\"@id\":\"https:\/\/luchonoticias.com\/editor\/#\/schema\/person\/29217990ddf6f14e35912b2866d591fb\",\"name\":\"Editor General\",\"image\":{\"@type\":\"ImageObject\",\"inLanguage\":\"es\",\"@id\":\"https:\/\/luchonoticias.com\/editor\/#\/schema\/person\/image\/\",\"url\":\"https:\/\/luchonoticias.com\/editor\/wp-content\/uploads\/2024\/02\/cropped-cropped-logolu-150x150.webp\",\"contentUrl\":\"https:\/\/luchonoticias.com\/editor\/wp-content\/uploads\/2024\/02\/cropped-cropped-logolu-150x150.webp\",\"caption\":\"Editor General\"},\"sameAs\":[\"https:\/\/luchonoticias.com\/\"],\"url\":\"https:\/\/luchonoticias.com\/editor\/author\/editor-general\/\"}]}<\/script>\n<!-- \/ Yoast SEO plugin. -->","yoast_head_json":{"title":"Desde el Senado lanzan propuestas para abordar crisis de salud mental en Colombia -","robots":{"index":"index","follow":"follow","max-snippet":"max-snippet:-1","max-image-preview":"max-image-preview:large","max-video-preview":"max-video-preview:-1"},"canonical":"https:\/\/luchonoticias.com\/editor\/desde-el-senado-lanzan-propuestas-para-abordar-crisis-de-salud-mental-en-colombia\/","og_locale":"es_ES","og_type":"article","og_title":"Desde el Senado lanzan propuestas para abordar crisis de salud mental en Colombia -","og_url":"https:\/\/luchonoticias.com\/editor\/desde-el-senado-lanzan-propuestas-para-abordar-crisis-de-salud-mental-en-colombia\/","article_publisher":"https:\/\/www.facebook.com\/luchonoticiasneiva","article_published_time":"2023-11-30T20:39:18+00:00","article_modified_time":"2023-11-30T20:39:19+00:00","author":"Editor General","twitter_card":"summary_large_image","twitter_misc":{"Escrito por":"Editor General","Tiempo de lectura":"2 minutos"},"schema":{"@context":"https:\/\/schema.org","@graph":[{"@type":"Article","@id":"https:\/\/luchonoticias.com\/editor\/desde-el-senado-lanzan-propuestas-para-abordar-crisis-de-salud-mental-en-colombia\/#article","isPartOf":{"@id":"https:\/\/luchonoticias.com\/editor\/desde-el-senado-lanzan-propuestas-para-abordar-crisis-de-salud-mental-en-colombia\/"},"author":{"name":"Editor General","@id":"https:\/\/luchonoticias.com\/editor\/#\/schema\/person\/29217990ddf6f14e35912b2866d591fb"},"headline":"Desde el Senado lanzan propuestas para abordar crisis de salud mental en Colombia","datePublished":"2023-11-30T20:39:18+00:00","dateModified":"2023-11-30T20:39:19+00:00","mainEntityOfPage":{"@id":"https:\/\/luchonoticias.com\/editor\/desde-el-senado-lanzan-propuestas-para-abordar-crisis-de-salud-mental-en-colombia\/"},"wordCount":479,"commentCount":0,"publisher":{"@id":"https:\/\/luchonoticias.com\/editor\/#\/schema\/person\/7a7fd911f58561fd056dbac7b55af9cd"},"articleSection":["Destacado","Pol\u00edtica"],"inLanguage":"es","potentialAction":[{"@type":"CommentAction","name":"Comment","target":["https:\/\/luchonoticias.com\/editor\/desde-el-senado-lanzan-propuestas-para-abordar-crisis-de-salud-mental-en-colombia\/#respond"]}]},{"@type":"WebPage","@id":"https:\/\/luchonoticias.com\/editor\/desde-el-senado-lanzan-propuestas-para-abordar-crisis-de-salud-mental-en-colombia\/","url":"https:\/\/luchonoticias.com\/editor\/desde-el-senado-lanzan-propuestas-para-abordar-crisis-de-salud-mental-en-colombia\/","name":"Desde el Senado lanzan propuestas para abordar crisis de salud mental en Colombia -","isPartOf":{"@id":"https:\/\/luchonoticias.com\/editor\/#website"},"datePublished":"2023-11-30T20:39:18+00:00","dateModified":"2023-11-30T20:39:19+00:00","breadcrumb":{"@id":"https:\/\/luchonoticias.com\/editor\/desde-el-senado-lanzan-propuestas-para-abordar-crisis-de-salud-mental-en-colombia\/#breadcrumb"},"inLanguage":"es","potentialAction":[{"@type":"ReadAction","target":["https:\/\/luchonoticias.com\/editor\/desde-el-senado-lanzan-propuestas-para-abordar-crisis-de-salud-mental-en-colombia\/"]}]},{"@type":"BreadcrumbList","@id":"https:\/\/luchonoticias.com\/editor\/desde-el-senado-lanzan-propuestas-para-abordar-crisis-de-salud-mental-en-colombia\/#breadcrumb","itemListElement":[{"@type":"ListItem","position":1,"name":"Portada","item":"https:\/\/luchonoticias.com\/editor\/"},{"@type":"ListItem","position":2,"name":"Desde el Senado lanzan propuestas para abordar crisis de salud mental en Colombia"}]},{"@type":"WebSite","@id":"https:\/\/luchonoticias.com\/editor\/#website","url":"https:\/\/luchonoticias.com\/editor\/","name":"","description":"","publisher":{"@id":"https:\/\/luchonoticias.com\/editor\/#\/schema\/person\/7a7fd911f58561fd056dbac7b55af9cd"},"potentialAction":[{"@type":"SearchAction","target":{"@type":"EntryPoint","urlTemplate":"https:\/\/luchonoticias.com\/editor\/?s={search_term_string}"},"query-input":{"@type":"PropertyValueSpecification","valueRequired":true,"valueName":"search_term_string"}}],"inLanguage":"es"},{"@type":["Person","Organization"],"@id":"https:\/\/luchonoticias.com\/editor\/#\/schema\/person\/7a7fd911f58561fd056dbac7b55af9cd","name":"admin","image":{"@type":"ImageObject","inLanguage":"es","@id":"https:\/\/luchonoticias.com\/editor\/#\/schema\/person\/image\/","url":"https:\/\/luchonoticias.com\/editor\/wp-content\/uploads\/2024\/02\/cropped-cropped-logolu.webp","contentUrl":"https:\/\/luchonoticias.com\/editor\/wp-content\/uploads\/2024\/02\/cropped-cropped-logolu.webp","width":382,"height":170,"caption":"admin"},"logo":{"@id":"https:\/\/luchonoticias.com\/editor\/#\/schema\/person\/image\/"},"sameAs":["https:\/\/www.facebook.com\/luchonoticiasneiva"]},{"@type":"Person","@id":"https:\/\/luchonoticias.com\/editor\/#\/schema\/person\/29217990ddf6f14e35912b2866d591fb","name":"Editor General","image":{"@type":"ImageObject","inLanguage":"es","@id":"https:\/\/luchonoticias.com\/editor\/#\/schema\/person\/image\/","url":"https:\/\/luchonoticias.com\/editor\/wp-content\/uploads\/2024\/02\/cropped-cropped-logolu-150x150.webp","contentUrl":"https:\/\/luchonoticias.com\/editor\/wp-content\/uploads\/2024\/02\/cropped-cropped-logolu-150x150.webp","caption":"Editor General"},"sameAs":["https:\/\/luchonoticias.com\/"],"url":"https:\/\/luchonoticias.com\/editor\/author\/editor-general\/"}]}},"_links":{"self":[{"href":"https:\/\/luchonoticias.com\/editor\/wp-json\/wp\/v2\/posts\/64844","targetHints":{"allow":["GET"]}}],"collection":[{"href":"https:\/\/luchonoticias.com\/editor\/wp-json\/wp\/v2\/posts"}],"about":[{"href":"https:\/\/luchonoticias.com\/editor\/wp-json\/wp\/v2\/types\/post"}],"author":[{"embeddable":true,"href":"https:\/\/luchonoticias.com\/editor\/wp-json\/wp\/v2\/users\/2"}],"replies":[{"embeddable":true,"href":"https:\/\/luchonoticias.com\/editor\/wp-json\/wp\/v2\/comments?post=64844"}],"version-history":[{"count":0,"href":"https:\/\/luchonoticias.com\/editor\/wp-json\/wp\/v2\/posts\/64844\/revisions"}],"wp:attachment":[{"href":"https:\/\/luchonoticias.com\/editor\/wp-json\/wp\/v2\/media?parent=64844"}],"wp:term":[{"taxonomy":"category","embeddable":true,"href":"https:\/\/luchonoticias.com\/editor\/wp-json\/wp\/v2\/categories?post=64844"},{"taxonomy":"post_tag","embeddable":true,"href":"https:\/\/luchonoticias.com\/editor\/wp-json\/wp\/v2\/tags?post=64844"}],"curies":[{"name":"wp","href":"https:\/\/api.w.org\/{rel}","templated":true}]}}