{"id":64847,"date":"2023-11-30T18:41:04","date_gmt":"2023-11-30T23:41:04","guid":{"rendered":"https:\/\/luchonoticias.com\/?p=64847"},"modified":"2023-11-30T18:41:05","modified_gmt":"2023-11-30T23:41:05","slug":"sur-del-huila-tendra-nuevos-colegios","status":"publish","type":"post","link":"https:\/\/luchonoticias.com\/editor\/sur-del-huila-tendra-nuevos-colegios\/","title":{"rendered":"Sur del Huila tendr\u00e1 nuevos colegios"},"content":{"rendered":"\n<p>La<strong>&nbsp;Secretaria de Educaci\u00f3n del Departamento<\/strong>, Tania Beatriz Pe\u00f1afiel Espa\u00f1a, ofreci\u00f3 un resumen de lo que ha sido una de las visitas m\u00e1s importantes en la historia del Huila en materia de inversiones para la educaci\u00f3n, se trata del periplo que realiz\u00f3 para la<strong>&nbsp;inauguraci\u00f3n e inspecci\u00f3n de avance de 5 obras de infraestructura educativa.<\/strong><\/p>\n\n\n\n<p>\u201cHicimos un reciente recorrido con el se\u00f1or Gobernador por el sur del Huila, en los&nbsp;<strong>municipios de Timan\u00e1, Oporapa, El\u00edas, San Agust\u00edn y Pitalito<\/strong>, en donde estamos construyendo&nbsp;<strong>5 instituciones educativas nuevas<\/strong>, que hacen parte de las necesidades m\u00e1s sentidas que tienen docentes, estudiantes y padres de familia y que gracias a distintas gestiones hemos logrado concretar, para seguir apost\u00e1ndole a la construcci\u00f3n de mejores seres humanos desde la educaci\u00f3n y sus buenos ambientes de formaci\u00f3n\u201d, se\u00f1al\u00f3 Tania Pe\u00f1afiel.<\/p>\n\n\n\n<p><strong>Las obras en cuesti\u00f3n&nbsp;<\/strong>son la Instituci\u00f3n Educativa San Jos\u00e9 (Oporapa, 75 por ciento de ejecuci\u00f3n), Instituci\u00f3n Educativa Oritoguaz (El\u00edas, 90 por ciento de ejecuci\u00f3n), Instituci\u00f3n Educativa Winnipeg (Pitalito), Instituci\u00f3n Educativa El Tejar sede Camenzo (Timan\u00e1) y la Instituci\u00f3n Educativa Los Cauchos (San Agust\u00edn); en total&nbsp;<strong>se beneficiar\u00e1n 1.154 estudiantes.<\/strong><\/p>\n","protected":false},"excerpt":{"rendered":"<p>La&nbsp;Secretaria de Educaci\u00f3n del Departamento, Tania Beatriz Pe\u00f1afiel Espa\u00f1a, ofreci\u00f3 un resumen de lo que ha sido una de las visitas m\u00e1s importantes en la historia del Huila en materia de inversiones para la educaci\u00f3n, se trata del periplo que realiz\u00f3 para la&nbsp;inauguraci\u00f3n e inspecci\u00f3n de avance de 5 obras de infraestructura educativa. \u201cHicimos un [&hellip;]<\/p>\n","protected":false},"author":2,"featured_media":0,"comment_status":"open","ping_status":"open","sticky":false,"template":"","format":"standard","meta":{"footnotes":""},"categories":[33],"tags":[],"class_list":["post-64847","post","type-post","status-publish","format-standard","hentry","category-huila"],"yoast_head":"<!-- This site is optimized with the Yoast SEO plugin v26.6 - https:\/\/yoast.com\/wordpress\/plugins\/seo\/ -->\n<title>Sur del Huila tendr\u00e1 nuevos colegios -<\/title>\n<meta name=\"robots\" content=\"index, follow, max-snippet:-1, max-image-preview:large, max-video-preview:-1\" \/>\n<link rel=\"canonical\" href=\"https:\/\/luchonoticias.com\/editor\/sur-del-huila-tendra-nuevos-colegios\/\" \/>\n<meta property=\"og:locale\" content=\"es_ES\" \/>\n<meta property=\"og:type\" content=\"article\" \/>\n<meta property=\"og:title\" content=\"Sur del Huila tendr\u00e1 nuevos colegios -\" \/>\n<meta property=\"og:url\" content=\"https:\/\/luchonoticias.com\/editor\/sur-del-huila-tendra-nuevos-colegios\/\" \/>\n<meta property=\"article:publisher\" content=\"https:\/\/www.facebook.com\/luchonoticiasneiva\" \/>\n<meta property=\"article:published_time\" content=\"2023-11-30T23:41:04+00:00\" \/>\n<meta property=\"article:modified_time\" content=\"2023-11-30T23:41:05+00:00\" \/>\n<meta name=\"author\" content=\"Editor General\" \/>\n<meta name=\"twitter:card\" content=\"summary_large_image\" \/>\n<meta name=\"twitter:label1\" content=\"Escrito por\" \/>\n\t<meta name=\"twitter:data1\" content=\"Editor General\" \/>\n\t<meta name=\"twitter:label2\" content=\"Tiempo de lectura\" \/>\n\t<meta name=\"twitter:data2\" content=\"1 minuto\" \/>\n<script type=\"application\/ld+json\" class=\"yoast-schema-graph\">{\"@context\":\"https:\/\/schema.org\",\"@graph\":[{\"@type\":\"Article\",\"@id\":\"https:\/\/luchonoticias.com\/editor\/sur-del-huila-tendra-nuevos-colegios\/#article\",\"isPartOf\":{\"@id\":\"https:\/\/luchonoticias.com\/editor\/sur-del-huila-tendra-nuevos-colegios\/\"},\"author\":{\"name\":\"Editor General\",\"@id\":\"https:\/\/luchonoticias.com\/editor\/#\/schema\/person\/29217990ddf6f14e35912b2866d591fb\"},\"headline\":\"Sur del Huila tendr\u00e1 nuevos colegios\",\"datePublished\":\"2023-11-30T23:41:04+00:00\",\"dateModified\":\"2023-11-30T23:41:05+00:00\",\"mainEntityOfPage\":{\"@id\":\"https:\/\/luchonoticias.com\/editor\/sur-del-huila-tendra-nuevos-colegios\/\"},\"wordCount\":219,\"commentCount\":0,\"publisher\":{\"@id\":\"https:\/\/luchonoticias.com\/editor\/#\/schema\/person\/7a7fd911f58561fd056dbac7b55af9cd\"},\"articleSection\":[\"Huila\"],\"inLanguage\":\"es\",\"potentialAction\":[{\"@type\":\"CommentAction\",\"name\":\"Comment\",\"target\":[\"https:\/\/luchonoticias.com\/editor\/sur-del-huila-tendra-nuevos-colegios\/#respond\"]}]},{\"@type\":\"WebPage\",\"@id\":\"https:\/\/luchonoticias.com\/editor\/sur-del-huila-tendra-nuevos-colegios\/\",\"url\":\"https:\/\/luchonoticias.com\/editor\/sur-del-huila-tendra-nuevos-colegios\/\",\"name\":\"Sur del Huila tendr\u00e1 nuevos colegios -\",\"isPartOf\":{\"@id\":\"https:\/\/luchonoticias.com\/editor\/#website\"},\"datePublished\":\"2023-11-30T23:41:04+00:00\",\"dateModified\":\"2023-11-30T23:41:05+00:00\",\"breadcrumb\":{\"@id\":\"https:\/\/luchonoticias.com\/editor\/sur-del-huila-tendra-nuevos-colegios\/#breadcrumb\"},\"inLanguage\":\"es\",\"potentialAction\":[{\"@type\":\"ReadAction\",\"target\":[\"https:\/\/luchonoticias.com\/editor\/sur-del-huila-tendra-nuevos-colegios\/\"]}]},{\"@type\":\"BreadcrumbList\",\"@id\":\"https:\/\/luchonoticias.com\/editor\/sur-del-huila-tendra-nuevos-colegios\/#breadcrumb\",\"itemListElement\":[{\"@type\":\"ListItem\",\"position\":1,\"name\":\"Portada\",\"item\":\"https:\/\/luchonoticias.com\/editor\/\"},{\"@type\":\"ListItem\",\"position\":2,\"name\":\"Sur del Huila tendr\u00e1 nuevos colegios\"}]},{\"@type\":\"WebSite\",\"@id\":\"https:\/\/luchonoticias.com\/editor\/#website\",\"url\":\"https:\/\/luchonoticias.com\/editor\/\",\"name\":\"\",\"description\":\"\",\"publisher\":{\"@id\":\"https:\/\/luchonoticias.com\/editor\/#\/schema\/person\/7a7fd911f58561fd056dbac7b55af9cd\"},\"potentialAction\":[{\"@type\":\"SearchAction\",\"target\":{\"@type\":\"EntryPoint\",\"urlTemplate\":\"https:\/\/luchonoticias.com\/editor\/?s={search_term_string}\"},\"query-input\":{\"@type\":\"PropertyValueSpecification\",\"valueRequired\":true,\"valueName\":\"search_term_string\"}}],\"inLanguage\":\"es\"},{\"@type\":[\"Person\",\"Organization\"],\"@id\":\"https:\/\/luchonoticias.com\/editor\/#\/schema\/person\/7a7fd911f58561fd056dbac7b55af9cd\",\"name\":\"admin\",\"image\":{\"@type\":\"ImageObject\",\"inLanguage\":\"es\",\"@id\":\"https:\/\/luchonoticias.com\/editor\/#\/schema\/person\/image\/\",\"url\":\"https:\/\/luchonoticias.com\/editor\/wp-content\/uploads\/2024\/02\/cropped-cropped-logolu.webp\",\"contentUrl\":\"https:\/\/luchonoticias.com\/editor\/wp-content\/uploads\/2024\/02\/cropped-cropped-logolu.webp\",\"width\":382,\"height\":170,\"caption\":\"admin\"},\"logo\":{\"@id\":\"https:\/\/luchonoticias.com\/editor\/#\/schema\/person\/image\/\"},\"sameAs\":[\"https:\/\/www.facebook.com\/luchonoticiasneiva\"]},{\"@type\":\"Person\",\"@id\":\"https:\/\/luchonoticias.com\/editor\/#\/schema\/person\/29217990ddf6f14e35912b2866d591fb\",\"name\":\"Editor General\",\"image\":{\"@type\":\"ImageObject\",\"inLanguage\":\"es\",\"@id\":\"https:\/\/luchonoticias.com\/editor\/#\/schema\/person\/image\/\",\"url\":\"https:\/\/luchonoticias.com\/editor\/wp-content\/uploads\/2024\/02\/cropped-cropped-logolu-150x150.webp\",\"contentUrl\":\"https:\/\/luchonoticias.com\/editor\/wp-content\/uploads\/2024\/02\/cropped-cropped-logolu-150x150.webp\",\"caption\":\"Editor General\"},\"sameAs\":[\"https:\/\/luchonoticias.com\/\"],\"url\":\"https:\/\/luchonoticias.com\/editor\/author\/editor-general\/\"}]}<\/script>\n<!-- \/ Yoast SEO plugin. -->","yoast_head_json":{"title":"Sur del Huila tendr\u00e1 nuevos colegios -","robots":{"index":"index","follow":"follow","max-snippet":"max-snippet:-1","max-image-preview":"max-image-preview:large","max-video-preview":"max-video-preview:-1"},"canonical":"https:\/\/luchonoticias.com\/editor\/sur-del-huila-tendra-nuevos-colegios\/","og_locale":"es_ES","og_type":"article","og_title":"Sur del Huila tendr\u00e1 nuevos colegios -","og_url":"https:\/\/luchonoticias.com\/editor\/sur-del-huila-tendra-nuevos-colegios\/","article_publisher":"https:\/\/www.facebook.com\/luchonoticiasneiva","article_published_time":"2023-11-30T23:41:04+00:00","article_modified_time":"2023-11-30T23:41:05+00:00","author":"Editor General","twitter_card":"summary_large_image","twitter_misc":{"Escrito por":"Editor General","Tiempo de lectura":"1 minuto"},"schema":{"@context":"https:\/\/schema.org","@graph":[{"@type":"Article","@id":"https:\/\/luchonoticias.com\/editor\/sur-del-huila-tendra-nuevos-colegios\/#article","isPartOf":{"@id":"https:\/\/luchonoticias.com\/editor\/sur-del-huila-tendra-nuevos-colegios\/"},"author":{"name":"Editor General","@id":"https:\/\/luchonoticias.com\/editor\/#\/schema\/person\/29217990ddf6f14e35912b2866d591fb"},"headline":"Sur del Huila tendr\u00e1 nuevos colegios","datePublished":"2023-11-30T23:41:04+00:00","dateModified":"2023-11-30T23:41:05+00:00","mainEntityOfPage":{"@id":"https:\/\/luchonoticias.com\/editor\/sur-del-huila-tendra-nuevos-colegios\/"},"wordCount":219,"commentCount":0,"publisher":{"@id":"https:\/\/luchonoticias.com\/editor\/#\/schema\/person\/7a7fd911f58561fd056dbac7b55af9cd"},"articleSection":["Huila"],"inLanguage":"es","potentialAction":[{"@type":"CommentAction","name":"Comment","target":["https:\/\/luchonoticias.com\/editor\/sur-del-huila-tendra-nuevos-colegios\/#respond"]}]},{"@type":"WebPage","@id":"https:\/\/luchonoticias.com\/editor\/sur-del-huila-tendra-nuevos-colegios\/","url":"https:\/\/luchonoticias.com\/editor\/sur-del-huila-tendra-nuevos-colegios\/","name":"Sur del Huila tendr\u00e1 nuevos colegios -","isPartOf":{"@id":"https:\/\/luchonoticias.com\/editor\/#website"},"datePublished":"2023-11-30T23:41:04+00:00","dateModified":"2023-11-30T23:41:05+00:00","breadcrumb":{"@id":"https:\/\/luchonoticias.com\/editor\/sur-del-huila-tendra-nuevos-colegios\/#breadcrumb"},"inLanguage":"es","potentialAction":[{"@type":"ReadAction","target":["https:\/\/luchonoticias.com\/editor\/sur-del-huila-tendra-nuevos-colegios\/"]}]},{"@type":"BreadcrumbList","@id":"https:\/\/luchonoticias.com\/editor\/sur-del-huila-tendra-nuevos-colegios\/#breadcrumb","itemListElement":[{"@type":"ListItem","position":1,"name":"Portada","item":"https:\/\/luchonoticias.com\/editor\/"},{"@type":"ListItem","position":2,"name":"Sur del Huila tendr\u00e1 nuevos colegios"}]},{"@type":"WebSite","@id":"https:\/\/luchonoticias.com\/editor\/#website","url":"https:\/\/luchonoticias.com\/editor\/","name":"","description":"","publisher":{"@id":"https:\/\/luchonoticias.com\/editor\/#\/schema\/person\/7a7fd911f58561fd056dbac7b55af9cd"},"potentialAction":[{"@type":"SearchAction","target":{"@type":"EntryPoint","urlTemplate":"https:\/\/luchonoticias.com\/editor\/?s={search_term_string}"},"query-input":{"@type":"PropertyValueSpecification","valueRequired":true,"valueName":"search_term_string"}}],"inLanguage":"es"},{"@type":["Person","Organization"],"@id":"https:\/\/luchonoticias.com\/editor\/#\/schema\/person\/7a7fd911f58561fd056dbac7b55af9cd","name":"admin","image":{"@type":"ImageObject","inLanguage":"es","@id":"https:\/\/luchonoticias.com\/editor\/#\/schema\/person\/image\/","url":"https:\/\/luchonoticias.com\/editor\/wp-content\/uploads\/2024\/02\/cropped-cropped-logolu.webp","contentUrl":"https:\/\/luchonoticias.com\/editor\/wp-content\/uploads\/2024\/02\/cropped-cropped-logolu.webp","width":382,"height":170,"caption":"admin"},"logo":{"@id":"https:\/\/luchonoticias.com\/editor\/#\/schema\/person\/image\/"},"sameAs":["https:\/\/www.facebook.com\/luchonoticiasneiva"]},{"@type":"Person","@id":"https:\/\/luchonoticias.com\/editor\/#\/schema\/person\/29217990ddf6f14e35912b2866d591fb","name":"Editor General","image":{"@type":"ImageObject","inLanguage":"es","@id":"https:\/\/luchonoticias.com\/editor\/#\/schema\/person\/image\/","url":"https:\/\/luchonoticias.com\/editor\/wp-content\/uploads\/2024\/02\/cropped-cropped-logolu-150x150.webp","contentUrl":"https:\/\/luchonoticias.com\/editor\/wp-content\/uploads\/2024\/02\/cropped-cropped-logolu-150x150.webp","caption":"Editor General"},"sameAs":["https:\/\/luchonoticias.com\/"],"url":"https:\/\/luchonoticias.com\/editor\/author\/editor-general\/"}]}},"_links":{"self":[{"href":"https:\/\/luchonoticias.com\/editor\/wp-json\/wp\/v2\/posts\/64847","targetHints":{"allow":["GET"]}}],"collection":[{"href":"https:\/\/luchonoticias.com\/editor\/wp-json\/wp\/v2\/posts"}],"about":[{"href":"https:\/\/luchonoticias.com\/editor\/wp-json\/wp\/v2\/types\/post"}],"author":[{"embeddable":true,"href":"https:\/\/luchonoticias.com\/editor\/wp-json\/wp\/v2\/users\/2"}],"replies":[{"embeddable":true,"href":"https:\/\/luchonoticias.com\/editor\/wp-json\/wp\/v2\/comments?post=64847"}],"version-history":[{"count":0,"href":"https:\/\/luchonoticias.com\/editor\/wp-json\/wp\/v2\/posts\/64847\/revisions"}],"wp:attachment":[{"href":"https:\/\/luchonoticias.com\/editor\/wp-json\/wp\/v2\/media?parent=64847"}],"wp:term":[{"taxonomy":"category","embeddable":true,"href":"https:\/\/luchonoticias.com\/editor\/wp-json\/wp\/v2\/categories?post=64847"},{"taxonomy":"post_tag","embeddable":true,"href":"https:\/\/luchonoticias.com\/editor\/wp-json\/wp\/v2\/tags?post=64847"}],"curies":[{"name":"wp","href":"https:\/\/api.w.org\/{rel}","templated":true}]}}