{"id":64857,"date":"2023-12-01T05:52:52","date_gmt":"2023-12-01T10:52:52","guid":{"rendered":"https:\/\/luchonoticias.com\/?p=64857"},"modified":"2023-12-01T05:52:53","modified_gmt":"2023-12-01T10:52:53","slug":"somos-una-administracion-que-transformo-la-vida-de-los-neivanos-gorky-munoz","status":"publish","type":"post","link":"https:\/\/luchonoticias.com\/editor\/somos-una-administracion-que-transformo-la-vida-de-los-neivanos-gorky-munoz\/","title":{"rendered":"Somos una administraci\u00f3n que transform\u00f3 la vida de los neivanos: Gorky Mu\u00f1oz"},"content":{"rendered":"\n<p>En el sal\u00f3n Polivalente del Parque de la M\u00fasica, el mandatario de los neivanos, Gorky Mu\u00f1oz Calder\u00f3n entreg\u00f3 su \u00faltima rendici\u00f3n de cuentas de su mandato, en la que le dio a conocer a la comunidad en general las gestiones e inversiones que se hicieron en este cuatrienio, el cual se caracteriz\u00f3 principalmente el por dignificar la vida de cada neivano.<\/p>\n\n\n\n<p>\u201cLe hemos cumplido a los neivanos, hemos trabajado 24 \/7, demostramos que esa herramienta que generamos a trav\u00e9s de la red de transparencia que Neiva instal\u00f3, apenas nos posicionamos, logramos atender m\u00e1s de 300 mil neivanos, vamos a ver qu\u00e9 gobierno lo logra, para que tenga acercamiento a la gente, generamos confianza con la comunidad mediante el dialogo\u201d, expres\u00f3 Mu\u00f1oz Calder\u00f3n.<\/p>\n\n\n\n<p>Es importante destacar, que las obras que quedan son para el goce y disfrute de todos, pero ante todo, de la determinaci\u00f3n por terminar, aquellas obras que otros gobiernos no pudieron terminar, y dejaron abandonadas o convertidas en elefantes blancos.<\/p>\n\n\n\n<p>\u201cLe cumplimos a los neivanos en lo que nos comprometimos con el Plan de Desarrollo en su ejecuci\u00f3n cercana al 87%, una ejecuci\u00f3n de casi 2.4 billones de pesos, donde el 67% es de inversi\u00f3n social\u201d, sostuvo el mandatario.<\/p>\n\n\n\n<p>El alcalde, durante su discurso enfatiz\u00f3 la inversi\u00f3n que ha hecho tanto en la zona rural, como la urbana; a su vez, sobre como mejor\u00f3 el \u00edndice de desempleo en la capital opita, cifra que era una de las primeras a nivel nacional.<\/p>\n\n\n\n<p>\u201cUna administraci\u00f3n que logr\u00f3 invertir cerca de 100 mil millones de pesos en la zona rural, que logro invertir casi 150 mil millones en saneamiento b\u00e1sico, una administraci\u00f3n que logr\u00f3 invertir a pesar de todas las adversidades que hemos vivido. Dejo a Neiva con un \u00edndice de desempleo del 13%, yo la recib\u00ed con un 17.4%\u201d, indic\u00f3.<\/p>\n\n\n\n<figure class=\"wp-block-gallery has-nested-images columns-default is-cropped wp-block-gallery-1 is-layout-flex wp-block-gallery-is-layout-flex\">\n<figure class=\"wp-block-image size-large\"><img decoding=\"async\" data-id=\"64859\" src=\"https:\/\/luchonoticias.com\/wp-content\/uploads\/2023\/12\/WhatsApp-Image-2023-11-30-at-10.45.43-PM-1-1024x682.jpeg\" alt=\"\" class=\"wp-image-64859\"\/><\/figure>\n\n\n\n<figure class=\"wp-block-image size-large\"><img decoding=\"async\" data-id=\"64860\" src=\"https:\/\/luchonoticias.com\/wp-content\/uploads\/2023\/12\/WhatsApp-Image-2023-11-30-at-10.45.42-PM-1024x683.jpeg\" alt=\"\" class=\"wp-image-64860\"\/><\/figure>\n<\/figure>\n\n\n\n<p><strong>Obras que culminaron tras a\u00f1os de espera<\/strong><\/p>\n\n\n\n<p>El CAIMI se logr\u00f3 terminarse tras 14 a\u00f1os de estar inconcluso. Una obra que mejorar\u00e1 el sector salud del municipio, pero que, adem\u00e1s, se necesitaba como ciudad. Tambi\u00e9n se termin\u00f3 el patin\u00f3dromo, otra obra que llevaba 8 a\u00f1os de ejecuci\u00f3n y que hoy se ha convertido en uno de los mejores escenarios en el pa\u00eds.<\/p>\n\n\n\n<p>Referente al estadio, aunque no se pudo reconstruir, s\u00ed qued\u00f3 liberado t\u00e9cnica y jur\u00eddicamente para ser objeto de inversi\u00f3n. Y se construyero las cabinas para los medios de comunicaci\u00f3n, se mejoraron los camerinos, las bater\u00edas sanitarias y los ingresos.<\/p>\n\n\n\n<p><strong>Obras nuevas<\/strong><\/p>\n\n\n\n<p>Por otro lado, se realizaron obras nuevas. Se contruyeron dos parques deportivos con canchas sint\u00e9ticas, polideportivos, parques biosaludables e infantiles en los barrios Fronteras del Milenio y La Vor\u00e1gine.<\/p>\n\n\n\n<p>Diez cubiertas de polideportivos y con recursos del Gobierno Nacional, el Sac\u00fadate del barrio Jos\u00e9 Antonio Gal\u00e1n, obra que lleva dignificaci\u00f3n a uno de los sectores con menos oportunidades en la ciudad.<\/p>\n\n\n\n<p>En materia educativa el colegio de Cuarto Centenario, con recursos del Gobierno Nacional, y un CDI para esta zona.<\/p>\n\n\n\n<p>Tambi\u00e9n se realizaron 8 nuevas sedes educativas rurales, en lugares donde la infraestructura ya estaba muy deteriorada. Se invirti\u00f3 en la modernizaci\u00f3n de infraestructura y tecnolog\u00eda del T\u00e9cnico Superior, colegio insignia de la ciudad.<\/p>\n\n\n\n<p>Como proyecto piloto nacional, se hizo la entrega de 10 cubiertas fotovoltaicas en igual n\u00famero de instituciones educativas, que permitieron generar un ahorro de energ\u00eda de m\u00e1s de un 50% en el pago de este servicio p\u00fablico; y en total, se logr\u00f3 invertir en mejoramiento de la infraestructura para casi 30 sedes educativas.<\/p>\n\n\n\n<p>Por otra parte, en materia de fortalecimiento de la seguridad, se est\u00e1 construyendo la UPJ en el barrio Bogot\u00e1, que est\u00e1 pronto a ser terminada; y un CAI en Cuarto Centenario, y una nueva sede para la Estaci\u00f3n de Polic\u00eda de San Luis.<\/p>\n\n\n\n<p>\u201cTras 12 a\u00f1os de espera, les hicimos realidad a los habitantes de Aipecito, el sue\u00f1o de tener centro de salud digno. Y as\u00ed un infinidad de obras, que dignificaron la calidad de vida de los neivanos, tanto de zona urbana como rural\u201d, se\u00f1al\u00f3 el mandatario.<\/p>\n\n\n\n<figure class=\"wp-block-gallery has-nested-images columns-default is-cropped wp-block-gallery-2 is-layout-flex wp-block-gallery-is-layout-flex\">\n<figure class=\"wp-block-image size-large\"><img decoding=\"async\" data-id=\"64862\" src=\"https:\/\/luchonoticias.com\/wp-content\/uploads\/2023\/12\/WhatsApp-Image-2023-11-30-at-10.45.44-PM-1-1024x683.jpeg\" alt=\"\" class=\"wp-image-64862\"\/><\/figure>\n\n\n\n<figure class=\"wp-block-image size-large\"><img decoding=\"async\" data-id=\"64861\" src=\"https:\/\/luchonoticias.com\/wp-content\/uploads\/2023\/12\/WhatsApp-Image-2023-11-30-at-10.45.44-PM-1024x683.jpeg\" alt=\"\" class=\"wp-image-64861\"\/><\/figure>\n<\/figure>\n\n\n\n<p><strong>Logros por destacar<\/strong><\/p>\n\n\n\n<p>\u2022 Implementaci\u00f3n y elaboraci\u00f3n de 6 nuevas pol\u00edticas p\u00fablicas: vendedores informales; acci\u00f3n comunal; paz reconciliaci\u00f3n, derechos humanos y convivencia; libertad religiosa y de culto; internacionalizaci\u00f3n y de Econom\u00eda social, solidaria y popular.<\/p>\n\n\n\n<p>\u2022 Neiva se convirti\u00f3 en gestor catastral incorporaci\u00f3n de 7.446 predios nuevos a la base catastral.<\/p>\n\n\n\n<p>\u2022 Aumento en el recaudo de 400% en impuesto de industria y comercio y de 16% del predial<\/p>\n\n\n\n<p>\u2022 Implementaci\u00f3n de red de transparencia que permiti\u00f3 alcanzar calificaci\u00f3n 100 puntos de ITA.<\/p>\n\n\n\n<p>\u2022 Pasar de recibir un presupuesto de 676 mil millones de pesos en 2020, a dejar 925 mil millones de pesos para 2024.<\/p>\n\n\n\n<p>\u2022 Implementaci\u00f3n de un nuevo software contable<\/p>\n\n\n\n<p>\u2022 Sacar de la pobreza a 17.500 familias<\/p>\n\n\n\n<p>\u2022 Recuperar m\u00e1s de 40.000 empleos despu\u00e9s de la pandemia ser calificado como el segundo mejor alcalde del pa\u00eds en el 2021 por el manejo en la pandemia y el paro.<\/p>\n\n\n\n<p>\u2022 Implementaci\u00f3n de la estrategia alcalde en casa, que acerc\u00f3 el gobierno a las comunidades.<\/p>\n\n\n\n<p>\u2022 Atenci\u00f3n a p\u00fablico dos veces a la semana, por parte del Alcalde.<\/p>\n\n\n\n<p>\u2022 Modernizaci\u00f3n de 38.644 luminarias del alumbrado p\u00fablico por luces LED.<\/p>\n\n\n\n<p>\u2022 Legalizaci\u00f3n de 12 asentamientos.<\/p>\n\n\n\n<p>\u2022 Implementar plan piloto de cubiertas fotovoltaicas en instituciones educativas, que le apuesta a las energ\u00edas alternativas.<\/p>\n\n\n\n<p>\u2022 Creaci\u00f3n de marca de ciudad, \u2018Neiva, vida y paz\u2019.<\/p>\n\n\n\n<p>\u2022 Apuesta por eventos de ciudad: gran prix de patinaje, paladar, media marat\u00f3n internacional, entre otros.<\/p>\n\n\n\n<p>\u2022 Gesti\u00f3n de ayudas internacionales.<\/p>\n\n\n\n<p>\u2022 Apertura de mercados internacionales para 198 productores locales.<\/p>\n\n\n\n<p>\u2022 Implementaci\u00f3n de banco de materiales que benefici\u00f3 a 38 familias.<\/p>\n\n\n\n<p>\u2022 Compra de kit de maquinaria para mejoramiento de las v\u00edas.<\/p>\n\n\n\n<p>\u2022 Inversi\u00f3n hist\u00f3rica de m\u00e1s de 100.000 millones de pesos para el sector rural, desarrollo e implementaci\u00f3n de 7 rutas tur\u00edsticas.<\/p>\n\n\n\n<p>\u2022 Apoyo a la generaci\u00f3n de 6983 empleos mediante el CEGO.<\/p>\n\n\n\n<p>\u2022 Apoyo al emprendimiento mediante ferias.<\/p>\n","protected":false},"excerpt":{"rendered":"<p>En el sal\u00f3n Polivalente del Parque de la M\u00fasica, el mandatario de los neivanos, Gorky Mu\u00f1oz Calder\u00f3n entreg\u00f3 su \u00faltima rendici\u00f3n de cuentas de su mandato, en la que le dio a conocer a la comunidad en general las gestiones e inversiones que se hicieron en este cuatrienio, el cual se caracteriz\u00f3 principalmente el por [&hellip;]<\/p>\n","protected":false},"author":2,"featured_media":0,"comment_status":"open","ping_status":"open","sticky":false,"template":"","format":"standard","meta":{"footnotes":""},"categories":[36,53],"tags":[],"class_list":["post-64857","post","type-post","status-publish","format-standard","hentry","category-destacado","category-neiva"],"yoast_head":"<!-- This site is optimized with the Yoast SEO plugin v26.6 - https:\/\/yoast.com\/wordpress\/plugins\/seo\/ -->\n<title>Somos una administraci\u00f3n que transform\u00f3 la vida de los neivanos: Gorky Mu\u00f1oz -<\/title>\n<meta name=\"robots\" content=\"index, follow, max-snippet:-1, max-image-preview:large, max-video-preview:-1\" \/>\n<link rel=\"canonical\" href=\"https:\/\/luchonoticias.com\/editor\/somos-una-administracion-que-transformo-la-vida-de-los-neivanos-gorky-munoz\/\" \/>\n<meta property=\"og:locale\" content=\"es_ES\" \/>\n<meta property=\"og:type\" content=\"article\" \/>\n<meta property=\"og:title\" content=\"Somos una administraci\u00f3n que transform\u00f3 la vida de los neivanos: Gorky Mu\u00f1oz -\" \/>\n<meta property=\"og:url\" content=\"https:\/\/luchonoticias.com\/editor\/somos-una-administracion-que-transformo-la-vida-de-los-neivanos-gorky-munoz\/\" \/>\n<meta property=\"article:publisher\" content=\"https:\/\/www.facebook.com\/luchonoticiasneiva\" \/>\n<meta property=\"article:published_time\" content=\"2023-12-01T10:52:52+00:00\" \/>\n<meta property=\"article:modified_time\" content=\"2023-12-01T10:52:53+00:00\" \/>\n<meta property=\"og:image\" content=\"https:\/\/luchonoticias.com\/wp-content\/uploads\/2023\/12\/WhatsApp-Image-2023-11-30-at-10.45.43-PM-1-1024x682.jpeg\" \/>\n<meta name=\"author\" content=\"Editor General\" \/>\n<meta name=\"twitter:card\" content=\"summary_large_image\" \/>\n<meta name=\"twitter:label1\" content=\"Escrito por\" \/>\n\t<meta name=\"twitter:data1\" content=\"Editor General\" \/>\n\t<meta name=\"twitter:label2\" content=\"Tiempo de lectura\" \/>\n\t<meta name=\"twitter:data2\" content=\"5 minutos\" \/>\n<script type=\"application\/ld+json\" class=\"yoast-schema-graph\">{\"@context\":\"https:\/\/schema.org\",\"@graph\":[{\"@type\":\"Article\",\"@id\":\"https:\/\/luchonoticias.com\/editor\/somos-una-administracion-que-transformo-la-vida-de-los-neivanos-gorky-munoz\/#article\",\"isPartOf\":{\"@id\":\"https:\/\/luchonoticias.com\/editor\/somos-una-administracion-que-transformo-la-vida-de-los-neivanos-gorky-munoz\/\"},\"author\":{\"name\":\"Editor General\",\"@id\":\"https:\/\/luchonoticias.com\/editor\/#\/schema\/person\/29217990ddf6f14e35912b2866d591fb\"},\"headline\":\"Somos una administraci\u00f3n que transform\u00f3 la vida de los neivanos: Gorky Mu\u00f1oz\",\"datePublished\":\"2023-12-01T10:52:52+00:00\",\"dateModified\":\"2023-12-01T10:52:53+00:00\",\"mainEntityOfPage\":{\"@id\":\"https:\/\/luchonoticias.com\/editor\/somos-una-administracion-que-transformo-la-vida-de-los-neivanos-gorky-munoz\/\"},\"wordCount\":1009,\"commentCount\":0,\"publisher\":{\"@id\":\"https:\/\/luchonoticias.com\/editor\/#\/schema\/person\/7a7fd911f58561fd056dbac7b55af9cd\"},\"image\":{\"@id\":\"https:\/\/luchonoticias.com\/editor\/somos-una-administracion-que-transformo-la-vida-de-los-neivanos-gorky-munoz\/#primaryimage\"},\"thumbnailUrl\":\"https:\/\/luchonoticias.com\/wp-content\/uploads\/2023\/12\/WhatsApp-Image-2023-11-30-at-10.45.43-PM-1-1024x682.jpeg\",\"articleSection\":[\"Destacado\",\"Neiva\"],\"inLanguage\":\"es\",\"potentialAction\":[{\"@type\":\"CommentAction\",\"name\":\"Comment\",\"target\":[\"https:\/\/luchonoticias.com\/editor\/somos-una-administracion-que-transformo-la-vida-de-los-neivanos-gorky-munoz\/#respond\"]}]},{\"@type\":\"WebPage\",\"@id\":\"https:\/\/luchonoticias.com\/editor\/somos-una-administracion-que-transformo-la-vida-de-los-neivanos-gorky-munoz\/\",\"url\":\"https:\/\/luchonoticias.com\/editor\/somos-una-administracion-que-transformo-la-vida-de-los-neivanos-gorky-munoz\/\",\"name\":\"Somos una administraci\u00f3n que transform\u00f3 la vida de los neivanos: Gorky Mu\u00f1oz -\",\"isPartOf\":{\"@id\":\"https:\/\/luchonoticias.com\/editor\/#website\"},\"primaryImageOfPage\":{\"@id\":\"https:\/\/luchonoticias.com\/editor\/somos-una-administracion-que-transformo-la-vida-de-los-neivanos-gorky-munoz\/#primaryimage\"},\"image\":{\"@id\":\"https:\/\/luchonoticias.com\/editor\/somos-una-administracion-que-transformo-la-vida-de-los-neivanos-gorky-munoz\/#primaryimage\"},\"thumbnailUrl\":\"https:\/\/luchonoticias.com\/wp-content\/uploads\/2023\/12\/WhatsApp-Image-2023-11-30-at-10.45.43-PM-1-1024x682.jpeg\",\"datePublished\":\"2023-12-01T10:52:52+00:00\",\"dateModified\":\"2023-12-01T10:52:53+00:00\",\"breadcrumb\":{\"@id\":\"https:\/\/luchonoticias.com\/editor\/somos-una-administracion-que-transformo-la-vida-de-los-neivanos-gorky-munoz\/#breadcrumb\"},\"inLanguage\":\"es\",\"potentialAction\":[{\"@type\":\"ReadAction\",\"target\":[\"https:\/\/luchonoticias.com\/editor\/somos-una-administracion-que-transformo-la-vida-de-los-neivanos-gorky-munoz\/\"]}]},{\"@type\":\"ImageObject\",\"inLanguage\":\"es\",\"@id\":\"https:\/\/luchonoticias.com\/editor\/somos-una-administracion-que-transformo-la-vida-de-los-neivanos-gorky-munoz\/#primaryimage\",\"url\":\"https:\/\/luchonoticias.com\/wp-content\/uploads\/2023\/12\/WhatsApp-Image-2023-11-30-at-10.45.43-PM-1-1024x682.jpeg\",\"contentUrl\":\"https:\/\/luchonoticias.com\/wp-content\/uploads\/2023\/12\/WhatsApp-Image-2023-11-30-at-10.45.43-PM-1-1024x682.jpeg\"},{\"@type\":\"BreadcrumbList\",\"@id\":\"https:\/\/luchonoticias.com\/editor\/somos-una-administracion-que-transformo-la-vida-de-los-neivanos-gorky-munoz\/#breadcrumb\",\"itemListElement\":[{\"@type\":\"ListItem\",\"position\":1,\"name\":\"Portada\",\"item\":\"https:\/\/luchonoticias.com\/editor\/\"},{\"@type\":\"ListItem\",\"position\":2,\"name\":\"Somos una administraci\u00f3n que transform\u00f3 la vida de los neivanos: Gorky Mu\u00f1oz\"}]},{\"@type\":\"WebSite\",\"@id\":\"https:\/\/luchonoticias.com\/editor\/#website\",\"url\":\"https:\/\/luchonoticias.com\/editor\/\",\"name\":\"\",\"description\":\"\",\"publisher\":{\"@id\":\"https:\/\/luchonoticias.com\/editor\/#\/schema\/person\/7a7fd911f58561fd056dbac7b55af9cd\"},\"potentialAction\":[{\"@type\":\"SearchAction\",\"target\":{\"@type\":\"EntryPoint\",\"urlTemplate\":\"https:\/\/luchonoticias.com\/editor\/?s={search_term_string}\"},\"query-input\":{\"@type\":\"PropertyValueSpecification\",\"valueRequired\":true,\"valueName\":\"search_term_string\"}}],\"inLanguage\":\"es\"},{\"@type\":[\"Person\",\"Organization\"],\"@id\":\"https:\/\/luchonoticias.com\/editor\/#\/schema\/person\/7a7fd911f58561fd056dbac7b55af9cd\",\"name\":\"admin\",\"image\":{\"@type\":\"ImageObject\",\"inLanguage\":\"es\",\"@id\":\"https:\/\/luchonoticias.com\/editor\/#\/schema\/person\/image\/\",\"url\":\"https:\/\/luchonoticias.com\/editor\/wp-content\/uploads\/2024\/02\/cropped-cropped-logolu.webp\",\"contentUrl\":\"https:\/\/luchonoticias.com\/editor\/wp-content\/uploads\/2024\/02\/cropped-cropped-logolu.webp\",\"width\":382,\"height\":170,\"caption\":\"admin\"},\"logo\":{\"@id\":\"https:\/\/luchonoticias.com\/editor\/#\/schema\/person\/image\/\"},\"sameAs\":[\"https:\/\/www.facebook.com\/luchonoticiasneiva\"]},{\"@type\":\"Person\",\"@id\":\"https:\/\/luchonoticias.com\/editor\/#\/schema\/person\/29217990ddf6f14e35912b2866d591fb\",\"name\":\"Editor General\",\"image\":{\"@type\":\"ImageObject\",\"inLanguage\":\"es\",\"@id\":\"https:\/\/luchonoticias.com\/editor\/#\/schema\/person\/image\/\",\"url\":\"https:\/\/luchonoticias.com\/editor\/wp-content\/uploads\/2024\/02\/cropped-cropped-logolu-150x150.webp\",\"contentUrl\":\"https:\/\/luchonoticias.com\/editor\/wp-content\/uploads\/2024\/02\/cropped-cropped-logolu-150x150.webp\",\"caption\":\"Editor General\"},\"sameAs\":[\"https:\/\/luchonoticias.com\/\"],\"url\":\"https:\/\/luchonoticias.com\/editor\/author\/editor-general\/\"}]}<\/script>\n<!-- \/ Yoast SEO plugin. -->","yoast_head_json":{"title":"Somos una administraci\u00f3n que transform\u00f3 la vida de los neivanos: Gorky Mu\u00f1oz -","robots":{"index":"index","follow":"follow","max-snippet":"max-snippet:-1","max-image-preview":"max-image-preview:large","max-video-preview":"max-video-preview:-1"},"canonical":"https:\/\/luchonoticias.com\/editor\/somos-una-administracion-que-transformo-la-vida-de-los-neivanos-gorky-munoz\/","og_locale":"es_ES","og_type":"article","og_title":"Somos una administraci\u00f3n que transform\u00f3 la vida de los neivanos: Gorky Mu\u00f1oz -","og_url":"https:\/\/luchonoticias.com\/editor\/somos-una-administracion-que-transformo-la-vida-de-los-neivanos-gorky-munoz\/","article_publisher":"https:\/\/www.facebook.com\/luchonoticiasneiva","article_published_time":"2023-12-01T10:52:52+00:00","article_modified_time":"2023-12-01T10:52:53+00:00","og_image":[{"url":"https:\/\/luchonoticias.com\/wp-content\/uploads\/2023\/12\/WhatsApp-Image-2023-11-30-at-10.45.43-PM-1-1024x682.jpeg","type":"","width":"","height":""}],"author":"Editor General","twitter_card":"summary_large_image","twitter_misc":{"Escrito por":"Editor General","Tiempo de lectura":"5 minutos"},"schema":{"@context":"https:\/\/schema.org","@graph":[{"@type":"Article","@id":"https:\/\/luchonoticias.com\/editor\/somos-una-administracion-que-transformo-la-vida-de-los-neivanos-gorky-munoz\/#article","isPartOf":{"@id":"https:\/\/luchonoticias.com\/editor\/somos-una-administracion-que-transformo-la-vida-de-los-neivanos-gorky-munoz\/"},"author":{"name":"Editor General","@id":"https:\/\/luchonoticias.com\/editor\/#\/schema\/person\/29217990ddf6f14e35912b2866d591fb"},"headline":"Somos una administraci\u00f3n que transform\u00f3 la vida de los neivanos: Gorky Mu\u00f1oz","datePublished":"2023-12-01T10:52:52+00:00","dateModified":"2023-12-01T10:52:53+00:00","mainEntityOfPage":{"@id":"https:\/\/luchonoticias.com\/editor\/somos-una-administracion-que-transformo-la-vida-de-los-neivanos-gorky-munoz\/"},"wordCount":1009,"commentCount":0,"publisher":{"@id":"https:\/\/luchonoticias.com\/editor\/#\/schema\/person\/7a7fd911f58561fd056dbac7b55af9cd"},"image":{"@id":"https:\/\/luchonoticias.com\/editor\/somos-una-administracion-que-transformo-la-vida-de-los-neivanos-gorky-munoz\/#primaryimage"},"thumbnailUrl":"https:\/\/luchonoticias.com\/wp-content\/uploads\/2023\/12\/WhatsApp-Image-2023-11-30-at-10.45.43-PM-1-1024x682.jpeg","articleSection":["Destacado","Neiva"],"inLanguage":"es","potentialAction":[{"@type":"CommentAction","name":"Comment","target":["https:\/\/luchonoticias.com\/editor\/somos-una-administracion-que-transformo-la-vida-de-los-neivanos-gorky-munoz\/#respond"]}]},{"@type":"WebPage","@id":"https:\/\/luchonoticias.com\/editor\/somos-una-administracion-que-transformo-la-vida-de-los-neivanos-gorky-munoz\/","url":"https:\/\/luchonoticias.com\/editor\/somos-una-administracion-que-transformo-la-vida-de-los-neivanos-gorky-munoz\/","name":"Somos una administraci\u00f3n que transform\u00f3 la vida de los neivanos: Gorky Mu\u00f1oz -","isPartOf":{"@id":"https:\/\/luchonoticias.com\/editor\/#website"},"primaryImageOfPage":{"@id":"https:\/\/luchonoticias.com\/editor\/somos-una-administracion-que-transformo-la-vida-de-los-neivanos-gorky-munoz\/#primaryimage"},"image":{"@id":"https:\/\/luchonoticias.com\/editor\/somos-una-administracion-que-transformo-la-vida-de-los-neivanos-gorky-munoz\/#primaryimage"},"thumbnailUrl":"https:\/\/luchonoticias.com\/wp-content\/uploads\/2023\/12\/WhatsApp-Image-2023-11-30-at-10.45.43-PM-1-1024x682.jpeg","datePublished":"2023-12-01T10:52:52+00:00","dateModified":"2023-12-01T10:52:53+00:00","breadcrumb":{"@id":"https:\/\/luchonoticias.com\/editor\/somos-una-administracion-que-transformo-la-vida-de-los-neivanos-gorky-munoz\/#breadcrumb"},"inLanguage":"es","potentialAction":[{"@type":"ReadAction","target":["https:\/\/luchonoticias.com\/editor\/somos-una-administracion-que-transformo-la-vida-de-los-neivanos-gorky-munoz\/"]}]},{"@type":"ImageObject","inLanguage":"es","@id":"https:\/\/luchonoticias.com\/editor\/somos-una-administracion-que-transformo-la-vida-de-los-neivanos-gorky-munoz\/#primaryimage","url":"https:\/\/luchonoticias.com\/wp-content\/uploads\/2023\/12\/WhatsApp-Image-2023-11-30-at-10.45.43-PM-1-1024x682.jpeg","contentUrl":"https:\/\/luchonoticias.com\/wp-content\/uploads\/2023\/12\/WhatsApp-Image-2023-11-30-at-10.45.43-PM-1-1024x682.jpeg"},{"@type":"BreadcrumbList","@id":"https:\/\/luchonoticias.com\/editor\/somos-una-administracion-que-transformo-la-vida-de-los-neivanos-gorky-munoz\/#breadcrumb","itemListElement":[{"@type":"ListItem","position":1,"name":"Portada","item":"https:\/\/luchonoticias.com\/editor\/"},{"@type":"ListItem","position":2,"name":"Somos una administraci\u00f3n que transform\u00f3 la vida de los neivanos: Gorky Mu\u00f1oz"}]},{"@type":"WebSite","@id":"https:\/\/luchonoticias.com\/editor\/#website","url":"https:\/\/luchonoticias.com\/editor\/","name":"","description":"","publisher":{"@id":"https:\/\/luchonoticias.com\/editor\/#\/schema\/person\/7a7fd911f58561fd056dbac7b55af9cd"},"potentialAction":[{"@type":"SearchAction","target":{"@type":"EntryPoint","urlTemplate":"https:\/\/luchonoticias.com\/editor\/?s={search_term_string}"},"query-input":{"@type":"PropertyValueSpecification","valueRequired":true,"valueName":"search_term_string"}}],"inLanguage":"es"},{"@type":["Person","Organization"],"@id":"https:\/\/luchonoticias.com\/editor\/#\/schema\/person\/7a7fd911f58561fd056dbac7b55af9cd","name":"admin","image":{"@type":"ImageObject","inLanguage":"es","@id":"https:\/\/luchonoticias.com\/editor\/#\/schema\/person\/image\/","url":"https:\/\/luchonoticias.com\/editor\/wp-content\/uploads\/2024\/02\/cropped-cropped-logolu.webp","contentUrl":"https:\/\/luchonoticias.com\/editor\/wp-content\/uploads\/2024\/02\/cropped-cropped-logolu.webp","width":382,"height":170,"caption":"admin"},"logo":{"@id":"https:\/\/luchonoticias.com\/editor\/#\/schema\/person\/image\/"},"sameAs":["https:\/\/www.facebook.com\/luchonoticiasneiva"]},{"@type":"Person","@id":"https:\/\/luchonoticias.com\/editor\/#\/schema\/person\/29217990ddf6f14e35912b2866d591fb","name":"Editor General","image":{"@type":"ImageObject","inLanguage":"es","@id":"https:\/\/luchonoticias.com\/editor\/#\/schema\/person\/image\/","url":"https:\/\/luchonoticias.com\/editor\/wp-content\/uploads\/2024\/02\/cropped-cropped-logolu-150x150.webp","contentUrl":"https:\/\/luchonoticias.com\/editor\/wp-content\/uploads\/2024\/02\/cropped-cropped-logolu-150x150.webp","caption":"Editor General"},"sameAs":["https:\/\/luchonoticias.com\/"],"url":"https:\/\/luchonoticias.com\/editor\/author\/editor-general\/"}]}},"_links":{"self":[{"href":"https:\/\/luchonoticias.com\/editor\/wp-json\/wp\/v2\/posts\/64857","targetHints":{"allow":["GET"]}}],"collection":[{"href":"https:\/\/luchonoticias.com\/editor\/wp-json\/wp\/v2\/posts"}],"about":[{"href":"https:\/\/luchonoticias.com\/editor\/wp-json\/wp\/v2\/types\/post"}],"author":[{"embeddable":true,"href":"https:\/\/luchonoticias.com\/editor\/wp-json\/wp\/v2\/users\/2"}],"replies":[{"embeddable":true,"href":"https:\/\/luchonoticias.com\/editor\/wp-json\/wp\/v2\/comments?post=64857"}],"version-history":[{"count":0,"href":"https:\/\/luchonoticias.com\/editor\/wp-json\/wp\/v2\/posts\/64857\/revisions"}],"wp:attachment":[{"href":"https:\/\/luchonoticias.com\/editor\/wp-json\/wp\/v2\/media?parent=64857"}],"wp:term":[{"taxonomy":"category","embeddable":true,"href":"https:\/\/luchonoticias.com\/editor\/wp-json\/wp\/v2\/categories?post=64857"},{"taxonomy":"post_tag","embeddable":true,"href":"https:\/\/luchonoticias.com\/editor\/wp-json\/wp\/v2\/tags?post=64857"}],"curies":[{"name":"wp","href":"https:\/\/api.w.org\/{rel}","templated":true}]}}