{"id":64927,"date":"2023-12-02T07:15:11","date_gmt":"2023-12-02T12:15:11","guid":{"rendered":"https:\/\/luchonoticias.com\/?p=64927"},"modified":"2023-12-02T07:15:12","modified_gmt":"2023-12-02T12:15:12","slug":"comision-de-derechos-humanos-del-senado-realizo-la-audiencia-publica-sobre-la-reforma-policial","status":"publish","type":"post","link":"https:\/\/luchonoticias.com\/editor\/comision-de-derechos-humanos-del-senado-realizo-la-audiencia-publica-sobre-la-reforma-policial\/","title":{"rendered":"Comisi\u00f3n de Derechos Humanos del Senado realiz\u00f3 la audiencia p\u00fablica sobre la Reforma policial"},"content":{"rendered":"\n<p>La Comisi\u00f3n de Derechos Humanos y Audiencias del Senado de la Rep\u00fablica,\u00a0realiz\u00f3 la audiencia p\u00fablica \u2018Reforma Policial\u2019, con la presencia de los senadores Ariel \u00c1vila\u00a0de la\u00a0Alianza Verdey Mar\u00eda Jos\u00e9 Pizarro del\u00a0Pacto Hist\u00f3rico.<\/p>\n\n\n\n<p>Esto con el&nbsp;objetivo escuchar a organizaciones sociales e instituciones del Gobierno Nacional sobre las graves violaciones cometidas&nbsp;por la Polic\u00eda Nacional,&nbsp;destacar las recomendaciones para la instituci\u00f3n y revisar los ajustes en relaci\u00f3n con los hechos sucedidos en el marco de la protesta social.<\/p>\n\n\n\n<p>Al inicio de la audiencia, Temblores ONG indic\u00f3 que, en los informes que documenta sobre violencias cotidianas por la Polic\u00eda, \u201centre los a\u00f1os 2020 y 2022, seg\u00fan cifras de Medicina Legal, se&nbsp;registraron&nbsp;352 casos de violencia homicida, 20.895 violencia f\u00edsica y 95 casos de violencia sexual a nivel nacional\u201d.<\/p>\n\n\n\n<p>En materia de impunidad, se habl\u00f3 de hasta un 95% en casos de violencia f\u00edsica y sexual.<\/p>\n\n\n\n<p>As\u00ed mismo, solicitaron ajustes en la atenci\u00f3n de v\u00edctimas con enfoque de g\u00e9nero, \u00e9tnico y diversidad sexual ya que, seg\u00fan cifras m\u00e1s detalladas, la revictimizaci\u00f3n es m\u00e1s alta en estas poblaciones.<\/p>\n\n\n\n<p>Por su parte, el colectivo de abogados Jos\u00e9 Alvear Restrepo,&nbsp;se\u00f1al\u00f3 que se hace necesaria la reforma policial para garantizar la no repetici\u00f3n de las graves vulneraciones de&nbsp;Derechos&nbsp;Humanos.<\/p>\n\n\n\n<p>A lo largo de las intervenciones de diferentes organizaciones sociales,&nbsp;estas coincidieron en que la multiplicidad de funciones de la instituci\u00f3n sobrecarga la gesti\u00f3n lo que afecta la seguridad ciudadana.<\/p>\n\n\n\n<p>Durante la audiencia, Lizeth Mahecha, hermana del joven Steven Mahecha,&nbsp;pidi\u00f3 sanci\u00f3n ejemplar a los responsables por su asesinato luego de recibir varios impactos de bala por parte de agentes de Polic\u00eda que se encontraban custodiando el peaje de Casablanca, en la v\u00eda Zipaquir\u00e1 &#8211; Ubat\u00e9.<\/p>\n\n\n\n<p>\u201cTres agentes de tr\u00e1nsito accionaron 18 veces sus armas contra Steven. Nos solidarizamos con todas las v\u00edctimas, y pedimos que los victimarios paguen en una c\u00e1rcel normal. Esto es una revictimizaci\u00f3n que quieran pasarlo por la Justicia Penal Militar\u201d, se\u00f1al\u00f3.<\/p>\n\n\n\n<p>Delegados del&nbsp;ministerio de las Culturas, las Artes y los Saberes, Justicia, Interior, Secretar\u00eda de Gobierno de Bogot\u00e1 y Polic\u00eda Nacional presentaron los esfuerzos que se est\u00e1n haciendo desde la institucionalidad sin desconocer el largo camino para que prevenir estos hechos.<\/p>\n\n\n\n<p>Ariel \u00c1vila, presidente de la Comisi\u00f3n,indic\u00f3&nbsp;la importancia de realizar la audiencia junto al Centro de Traslado por Protecci\u00f3n en la localidad de Puente Aranda, escenario de exceso de fuerza policial durante las protestas sociales del 2021.<\/p>\n\n\n\n<p>Al t\u00e9rmino de la audiencia, el senador destac\u00f3 cuatro puntos importantes que ser\u00e1n tramitados en la comisi\u00f3n: Primero, conocer de primera mano el traslado de 23 mujeres a los centros de protecci\u00f3n expuesto por la Personer\u00eda; segundo, el seguimiento jur\u00eddico a las personas v\u00edctimas de miembros de la Polic\u00eda Nacional; tercero, la coordinaci\u00f3n de un encuentro con la Polic\u00eda para analizar y comunicar las impresiones sobre las transformaciones que est\u00e1 haciendo la instituci\u00f3n, y cuarto, revisar la carga excesiva en funciones alejada de las necesidades de la ciudadan\u00eda en materia de seguridad.<\/p>\n\n\n\n<p>Frente a este \u00faltimo punto, el senador \u00c1vila puntualiz\u00f3 sobre la reforma presentada en Comisi\u00f3n Primera, y que fue aprobada en primer debate, que busca reducir las funciones a la Polic\u00eda en materia de inspecci\u00f3n, vigilancia y control, para que puedan ser asumidos por otra autoridad y se refuerce la misionalidad de la instituci\u00f3n.<\/p>\n","protected":false},"excerpt":{"rendered":"<p>La Comisi\u00f3n de Derechos Humanos y Audiencias del Senado de la Rep\u00fablica,\u00a0realiz\u00f3 la audiencia p\u00fablica \u2018Reforma Policial\u2019, con la presencia de los senadores Ariel \u00c1vila\u00a0de la\u00a0Alianza Verdey Mar\u00eda Jos\u00e9 Pizarro del\u00a0Pacto Hist\u00f3rico. Esto con el&nbsp;objetivo escuchar a organizaciones sociales e instituciones del Gobierno Nacional sobre las graves violaciones cometidas&nbsp;por la Polic\u00eda Nacional,&nbsp;destacar las recomendaciones para [&hellip;]<\/p>\n","protected":false},"author":2,"featured_media":0,"comment_status":"open","ping_status":"open","sticky":false,"template":"","format":"standard","meta":{"footnotes":""},"categories":[36,617],"tags":[],"class_list":["post-64927","post","type-post","status-publish","format-standard","hentry","category-destacado","category-politica"],"yoast_head":"<!-- This site is optimized with the Yoast SEO plugin v26.6 - https:\/\/yoast.com\/wordpress\/plugins\/seo\/ -->\n<title>Comisi\u00f3n de Derechos Humanos del Senado realiz\u00f3 la audiencia p\u00fablica sobre la Reforma policial -<\/title>\n<meta name=\"robots\" content=\"index, follow, max-snippet:-1, max-image-preview:large, max-video-preview:-1\" \/>\n<link rel=\"canonical\" href=\"https:\/\/luchonoticias.com\/editor\/comision-de-derechos-humanos-del-senado-realizo-la-audiencia-publica-sobre-la-reforma-policial\/\" \/>\n<meta property=\"og:locale\" content=\"es_ES\" \/>\n<meta property=\"og:type\" content=\"article\" \/>\n<meta property=\"og:title\" content=\"Comisi\u00f3n de Derechos Humanos del Senado realiz\u00f3 la audiencia p\u00fablica sobre la Reforma policial -\" \/>\n<meta property=\"og:url\" content=\"https:\/\/luchonoticias.com\/editor\/comision-de-derechos-humanos-del-senado-realizo-la-audiencia-publica-sobre-la-reforma-policial\/\" \/>\n<meta property=\"article:publisher\" content=\"https:\/\/www.facebook.com\/luchonoticiasneiva\" \/>\n<meta property=\"article:published_time\" content=\"2023-12-02T12:15:11+00:00\" \/>\n<meta property=\"article:modified_time\" content=\"2023-12-02T12:15:12+00:00\" \/>\n<meta name=\"author\" content=\"Editor General\" \/>\n<meta name=\"twitter:card\" content=\"summary_large_image\" \/>\n<meta name=\"twitter:label1\" content=\"Escrito por\" \/>\n\t<meta name=\"twitter:data1\" content=\"Editor General\" \/>\n\t<meta name=\"twitter:label2\" content=\"Tiempo de lectura\" \/>\n\t<meta name=\"twitter:data2\" content=\"3 minutos\" \/>\n<script type=\"application\/ld+json\" class=\"yoast-schema-graph\">{\"@context\":\"https:\/\/schema.org\",\"@graph\":[{\"@type\":\"Article\",\"@id\":\"https:\/\/luchonoticias.com\/editor\/comision-de-derechos-humanos-del-senado-realizo-la-audiencia-publica-sobre-la-reforma-policial\/#article\",\"isPartOf\":{\"@id\":\"https:\/\/luchonoticias.com\/editor\/comision-de-derechos-humanos-del-senado-realizo-la-audiencia-publica-sobre-la-reforma-policial\/\"},\"author\":{\"name\":\"Editor General\",\"@id\":\"https:\/\/luchonoticias.com\/editor\/#\/schema\/person\/29217990ddf6f14e35912b2866d591fb\"},\"headline\":\"Comisi\u00f3n de Derechos Humanos del Senado realiz\u00f3 la audiencia p\u00fablica sobre la Reforma policial\",\"datePublished\":\"2023-12-02T12:15:11+00:00\",\"dateModified\":\"2023-12-02T12:15:12+00:00\",\"mainEntityOfPage\":{\"@id\":\"https:\/\/luchonoticias.com\/editor\/comision-de-derechos-humanos-del-senado-realizo-la-audiencia-publica-sobre-la-reforma-policial\/\"},\"wordCount\":622,\"commentCount\":0,\"publisher\":{\"@id\":\"https:\/\/luchonoticias.com\/editor\/#\/schema\/person\/7a7fd911f58561fd056dbac7b55af9cd\"},\"articleSection\":[\"Destacado\",\"Pol\u00edtica\"],\"inLanguage\":\"es\",\"potentialAction\":[{\"@type\":\"CommentAction\",\"name\":\"Comment\",\"target\":[\"https:\/\/luchonoticias.com\/editor\/comision-de-derechos-humanos-del-senado-realizo-la-audiencia-publica-sobre-la-reforma-policial\/#respond\"]}]},{\"@type\":\"WebPage\",\"@id\":\"https:\/\/luchonoticias.com\/editor\/comision-de-derechos-humanos-del-senado-realizo-la-audiencia-publica-sobre-la-reforma-policial\/\",\"url\":\"https:\/\/luchonoticias.com\/editor\/comision-de-derechos-humanos-del-senado-realizo-la-audiencia-publica-sobre-la-reforma-policial\/\",\"name\":\"Comisi\u00f3n de Derechos Humanos del Senado realiz\u00f3 la audiencia p\u00fablica sobre la Reforma policial -\",\"isPartOf\":{\"@id\":\"https:\/\/luchonoticias.com\/editor\/#website\"},\"datePublished\":\"2023-12-02T12:15:11+00:00\",\"dateModified\":\"2023-12-02T12:15:12+00:00\",\"breadcrumb\":{\"@id\":\"https:\/\/luchonoticias.com\/editor\/comision-de-derechos-humanos-del-senado-realizo-la-audiencia-publica-sobre-la-reforma-policial\/#breadcrumb\"},\"inLanguage\":\"es\",\"potentialAction\":[{\"@type\":\"ReadAction\",\"target\":[\"https:\/\/luchonoticias.com\/editor\/comision-de-derechos-humanos-del-senado-realizo-la-audiencia-publica-sobre-la-reforma-policial\/\"]}]},{\"@type\":\"BreadcrumbList\",\"@id\":\"https:\/\/luchonoticias.com\/editor\/comision-de-derechos-humanos-del-senado-realizo-la-audiencia-publica-sobre-la-reforma-policial\/#breadcrumb\",\"itemListElement\":[{\"@type\":\"ListItem\",\"position\":1,\"name\":\"Portada\",\"item\":\"https:\/\/luchonoticias.com\/editor\/\"},{\"@type\":\"ListItem\",\"position\":2,\"name\":\"Comisi\u00f3n de Derechos Humanos del Senado realiz\u00f3 la audiencia p\u00fablica sobre la Reforma policial\"}]},{\"@type\":\"WebSite\",\"@id\":\"https:\/\/luchonoticias.com\/editor\/#website\",\"url\":\"https:\/\/luchonoticias.com\/editor\/\",\"name\":\"\",\"description\":\"\",\"publisher\":{\"@id\":\"https:\/\/luchonoticias.com\/editor\/#\/schema\/person\/7a7fd911f58561fd056dbac7b55af9cd\"},\"potentialAction\":[{\"@type\":\"SearchAction\",\"target\":{\"@type\":\"EntryPoint\",\"urlTemplate\":\"https:\/\/luchonoticias.com\/editor\/?s={search_term_string}\"},\"query-input\":{\"@type\":\"PropertyValueSpecification\",\"valueRequired\":true,\"valueName\":\"search_term_string\"}}],\"inLanguage\":\"es\"},{\"@type\":[\"Person\",\"Organization\"],\"@id\":\"https:\/\/luchonoticias.com\/editor\/#\/schema\/person\/7a7fd911f58561fd056dbac7b55af9cd\",\"name\":\"admin\",\"image\":{\"@type\":\"ImageObject\",\"inLanguage\":\"es\",\"@id\":\"https:\/\/luchonoticias.com\/editor\/#\/schema\/person\/image\/\",\"url\":\"https:\/\/luchonoticias.com\/editor\/wp-content\/uploads\/2024\/02\/cropped-cropped-logolu.webp\",\"contentUrl\":\"https:\/\/luchonoticias.com\/editor\/wp-content\/uploads\/2024\/02\/cropped-cropped-logolu.webp\",\"width\":382,\"height\":170,\"caption\":\"admin\"},\"logo\":{\"@id\":\"https:\/\/luchonoticias.com\/editor\/#\/schema\/person\/image\/\"},\"sameAs\":[\"https:\/\/www.facebook.com\/luchonoticiasneiva\"]},{\"@type\":\"Person\",\"@id\":\"https:\/\/luchonoticias.com\/editor\/#\/schema\/person\/29217990ddf6f14e35912b2866d591fb\",\"name\":\"Editor General\",\"image\":{\"@type\":\"ImageObject\",\"inLanguage\":\"es\",\"@id\":\"https:\/\/luchonoticias.com\/editor\/#\/schema\/person\/image\/\",\"url\":\"https:\/\/luchonoticias.com\/editor\/wp-content\/uploads\/2024\/02\/cropped-cropped-logolu-150x150.webp\",\"contentUrl\":\"https:\/\/luchonoticias.com\/editor\/wp-content\/uploads\/2024\/02\/cropped-cropped-logolu-150x150.webp\",\"caption\":\"Editor General\"},\"sameAs\":[\"https:\/\/luchonoticias.com\/\"],\"url\":\"https:\/\/luchonoticias.com\/editor\/author\/editor-general\/\"}]}<\/script>\n<!-- \/ Yoast SEO plugin. -->","yoast_head_json":{"title":"Comisi\u00f3n de Derechos Humanos del Senado realiz\u00f3 la audiencia p\u00fablica sobre la Reforma policial -","robots":{"index":"index","follow":"follow","max-snippet":"max-snippet:-1","max-image-preview":"max-image-preview:large","max-video-preview":"max-video-preview:-1"},"canonical":"https:\/\/luchonoticias.com\/editor\/comision-de-derechos-humanos-del-senado-realizo-la-audiencia-publica-sobre-la-reforma-policial\/","og_locale":"es_ES","og_type":"article","og_title":"Comisi\u00f3n de Derechos Humanos del Senado realiz\u00f3 la audiencia p\u00fablica sobre la Reforma policial -","og_url":"https:\/\/luchonoticias.com\/editor\/comision-de-derechos-humanos-del-senado-realizo-la-audiencia-publica-sobre-la-reforma-policial\/","article_publisher":"https:\/\/www.facebook.com\/luchonoticiasneiva","article_published_time":"2023-12-02T12:15:11+00:00","article_modified_time":"2023-12-02T12:15:12+00:00","author":"Editor General","twitter_card":"summary_large_image","twitter_misc":{"Escrito por":"Editor General","Tiempo de lectura":"3 minutos"},"schema":{"@context":"https:\/\/schema.org","@graph":[{"@type":"Article","@id":"https:\/\/luchonoticias.com\/editor\/comision-de-derechos-humanos-del-senado-realizo-la-audiencia-publica-sobre-la-reforma-policial\/#article","isPartOf":{"@id":"https:\/\/luchonoticias.com\/editor\/comision-de-derechos-humanos-del-senado-realizo-la-audiencia-publica-sobre-la-reforma-policial\/"},"author":{"name":"Editor General","@id":"https:\/\/luchonoticias.com\/editor\/#\/schema\/person\/29217990ddf6f14e35912b2866d591fb"},"headline":"Comisi\u00f3n de Derechos Humanos del Senado realiz\u00f3 la audiencia p\u00fablica sobre la Reforma policial","datePublished":"2023-12-02T12:15:11+00:00","dateModified":"2023-12-02T12:15:12+00:00","mainEntityOfPage":{"@id":"https:\/\/luchonoticias.com\/editor\/comision-de-derechos-humanos-del-senado-realizo-la-audiencia-publica-sobre-la-reforma-policial\/"},"wordCount":622,"commentCount":0,"publisher":{"@id":"https:\/\/luchonoticias.com\/editor\/#\/schema\/person\/7a7fd911f58561fd056dbac7b55af9cd"},"articleSection":["Destacado","Pol\u00edtica"],"inLanguage":"es","potentialAction":[{"@type":"CommentAction","name":"Comment","target":["https:\/\/luchonoticias.com\/editor\/comision-de-derechos-humanos-del-senado-realizo-la-audiencia-publica-sobre-la-reforma-policial\/#respond"]}]},{"@type":"WebPage","@id":"https:\/\/luchonoticias.com\/editor\/comision-de-derechos-humanos-del-senado-realizo-la-audiencia-publica-sobre-la-reforma-policial\/","url":"https:\/\/luchonoticias.com\/editor\/comision-de-derechos-humanos-del-senado-realizo-la-audiencia-publica-sobre-la-reforma-policial\/","name":"Comisi\u00f3n de Derechos Humanos del Senado realiz\u00f3 la audiencia p\u00fablica sobre la Reforma policial -","isPartOf":{"@id":"https:\/\/luchonoticias.com\/editor\/#website"},"datePublished":"2023-12-02T12:15:11+00:00","dateModified":"2023-12-02T12:15:12+00:00","breadcrumb":{"@id":"https:\/\/luchonoticias.com\/editor\/comision-de-derechos-humanos-del-senado-realizo-la-audiencia-publica-sobre-la-reforma-policial\/#breadcrumb"},"inLanguage":"es","potentialAction":[{"@type":"ReadAction","target":["https:\/\/luchonoticias.com\/editor\/comision-de-derechos-humanos-del-senado-realizo-la-audiencia-publica-sobre-la-reforma-policial\/"]}]},{"@type":"BreadcrumbList","@id":"https:\/\/luchonoticias.com\/editor\/comision-de-derechos-humanos-del-senado-realizo-la-audiencia-publica-sobre-la-reforma-policial\/#breadcrumb","itemListElement":[{"@type":"ListItem","position":1,"name":"Portada","item":"https:\/\/luchonoticias.com\/editor\/"},{"@type":"ListItem","position":2,"name":"Comisi\u00f3n de Derechos Humanos del Senado realiz\u00f3 la audiencia p\u00fablica sobre la Reforma policial"}]},{"@type":"WebSite","@id":"https:\/\/luchonoticias.com\/editor\/#website","url":"https:\/\/luchonoticias.com\/editor\/","name":"","description":"","publisher":{"@id":"https:\/\/luchonoticias.com\/editor\/#\/schema\/person\/7a7fd911f58561fd056dbac7b55af9cd"},"potentialAction":[{"@type":"SearchAction","target":{"@type":"EntryPoint","urlTemplate":"https:\/\/luchonoticias.com\/editor\/?s={search_term_string}"},"query-input":{"@type":"PropertyValueSpecification","valueRequired":true,"valueName":"search_term_string"}}],"inLanguage":"es"},{"@type":["Person","Organization"],"@id":"https:\/\/luchonoticias.com\/editor\/#\/schema\/person\/7a7fd911f58561fd056dbac7b55af9cd","name":"admin","image":{"@type":"ImageObject","inLanguage":"es","@id":"https:\/\/luchonoticias.com\/editor\/#\/schema\/person\/image\/","url":"https:\/\/luchonoticias.com\/editor\/wp-content\/uploads\/2024\/02\/cropped-cropped-logolu.webp","contentUrl":"https:\/\/luchonoticias.com\/editor\/wp-content\/uploads\/2024\/02\/cropped-cropped-logolu.webp","width":382,"height":170,"caption":"admin"},"logo":{"@id":"https:\/\/luchonoticias.com\/editor\/#\/schema\/person\/image\/"},"sameAs":["https:\/\/www.facebook.com\/luchonoticiasneiva"]},{"@type":"Person","@id":"https:\/\/luchonoticias.com\/editor\/#\/schema\/person\/29217990ddf6f14e35912b2866d591fb","name":"Editor General","image":{"@type":"ImageObject","inLanguage":"es","@id":"https:\/\/luchonoticias.com\/editor\/#\/schema\/person\/image\/","url":"https:\/\/luchonoticias.com\/editor\/wp-content\/uploads\/2024\/02\/cropped-cropped-logolu-150x150.webp","contentUrl":"https:\/\/luchonoticias.com\/editor\/wp-content\/uploads\/2024\/02\/cropped-cropped-logolu-150x150.webp","caption":"Editor General"},"sameAs":["https:\/\/luchonoticias.com\/"],"url":"https:\/\/luchonoticias.com\/editor\/author\/editor-general\/"}]}},"_links":{"self":[{"href":"https:\/\/luchonoticias.com\/editor\/wp-json\/wp\/v2\/posts\/64927","targetHints":{"allow":["GET"]}}],"collection":[{"href":"https:\/\/luchonoticias.com\/editor\/wp-json\/wp\/v2\/posts"}],"about":[{"href":"https:\/\/luchonoticias.com\/editor\/wp-json\/wp\/v2\/types\/post"}],"author":[{"embeddable":true,"href":"https:\/\/luchonoticias.com\/editor\/wp-json\/wp\/v2\/users\/2"}],"replies":[{"embeddable":true,"href":"https:\/\/luchonoticias.com\/editor\/wp-json\/wp\/v2\/comments?post=64927"}],"version-history":[{"count":0,"href":"https:\/\/luchonoticias.com\/editor\/wp-json\/wp\/v2\/posts\/64927\/revisions"}],"wp:attachment":[{"href":"https:\/\/luchonoticias.com\/editor\/wp-json\/wp\/v2\/media?parent=64927"}],"wp:term":[{"taxonomy":"category","embeddable":true,"href":"https:\/\/luchonoticias.com\/editor\/wp-json\/wp\/v2\/categories?post=64927"},{"taxonomy":"post_tag","embeddable":true,"href":"https:\/\/luchonoticias.com\/editor\/wp-json\/wp\/v2\/tags?post=64927"}],"curies":[{"name":"wp","href":"https:\/\/api.w.org\/{rel}","templated":true}]}}