{"id":64930,"date":"2023-12-02T18:47:57","date_gmt":"2023-12-02T23:47:57","guid":{"rendered":"https:\/\/luchonoticias.com\/?p=64930"},"modified":"2023-12-02T19:00:50","modified_gmt":"2023-12-03T00:00:50","slug":"casagua-visito-a-empresarios-y-comerciantes-de-mercaneiva","status":"publish","type":"post","link":"https:\/\/luchonoticias.com\/editor\/casagua-visito-a-empresarios-y-comerciantes-de-mercaneiva\/","title":{"rendered":"Casagua visit\u00f3 a empresarios y comerciantes de Mercaneiva."},"content":{"rendered":"\n<p>Acompa\u00f1ado de su esposa Mar\u00eda Juliana Parra, el alcalde electo de Neiva Germ\u00e1n Casagua visit\u00f3 a los comerciantes de Mercaneiva y Surabastos agradeciendo por el apoyo y manifestando su intenci\u00f3n de trabajar para recuperar este centro de negocios.<\/p>\n\n\n\n<p>Muchas son las necesidades de este hist\u00f3rico y emblem\u00e1tico espacio comercial de Neiva en el que muchas familias neivanas desde hace m\u00e1s de 30 a\u00f1os le vienen apostando a la econom\u00eda local y a crecer con sus negocios.<\/p>\n\n\n\n<figure class=\"wp-block-gallery has-nested-images columns-default is-cropped wp-block-gallery-1 is-layout-flex wp-block-gallery-is-layout-flex\">\n<figure class=\"wp-block-image size-large\"><img decoding=\"async\" data-id=\"64932\" src=\"https:\/\/luchonoticias.com\/wp-content\/uploads\/2023\/12\/WhatsApp-Image-2023-12-02-at-3.23.13-PM-3-1024x682.jpeg\" alt=\"\" class=\"wp-image-64932\"\/><\/figure>\n\n\n\n<figure class=\"wp-block-image size-large\"><img decoding=\"async\" data-id=\"64933\" src=\"https:\/\/luchonoticias.com\/wp-content\/uploads\/2023\/12\/WhatsApp-Image-2023-12-02-at-3.23.13-PM-2-1024x682.jpeg\" alt=\"\" class=\"wp-image-64933\"\/><\/figure>\n\n\n\n<figure class=\"wp-block-image size-large\"><img decoding=\"async\" data-id=\"64934\" src=\"https:\/\/luchonoticias.com\/wp-content\/uploads\/2023\/12\/WhatsApp-Image-2023-12-02-at-3.23.13-PM-1-1024x682.jpeg\" alt=\"\" class=\"wp-image-64934\"\/><\/figure>\n<\/figure>\n\n\n\n<p>Durante el recorrido el ingeniero Casagua convers\u00f3 con los comerciantes quienes manifestaron la necesidad urgente de recuperar&nbsp; y fortalecer este sector empresarial de Neiva.<\/p>\n\n\n\n<p>Mejorar el transporte, el uso y aprovechamiento de los espacios, la organizaci\u00f3n y sobre todo que se generen condiciones para que los ciudadanos vuelvan a realizar sus compras en Mercaneiva, fueron los temas que se trataron en esta visita.<\/p>\n","protected":false},"excerpt":{"rendered":"<p>Acompa\u00f1ado de su esposa Mar\u00eda Juliana Parra, el alcalde electo de Neiva Germ\u00e1n Casagua visit\u00f3 a los comerciantes de Mercaneiva y Surabastos agradeciendo por el apoyo y manifestando su intenci\u00f3n de trabajar para recuperar este centro de negocios. Muchas son las necesidades de este hist\u00f3rico y emblem\u00e1tico espacio comercial de Neiva en el que muchas [&hellip;]<\/p>\n","protected":false},"author":2,"featured_media":0,"comment_status":"open","ping_status":"open","sticky":false,"template":"","format":"standard","meta":{"footnotes":""},"categories":[36,617],"tags":[],"class_list":["post-64930","post","type-post","status-publish","format-standard","hentry","category-destacado","category-politica"],"yoast_head":"<!-- This site is optimized with the Yoast SEO plugin v26.6 - https:\/\/yoast.com\/wordpress\/plugins\/seo\/ -->\n<title>Casagua visit\u00f3 a empresarios y comerciantes de Mercaneiva. -<\/title>\n<meta name=\"robots\" content=\"index, follow, max-snippet:-1, max-image-preview:large, max-video-preview:-1\" \/>\n<link rel=\"canonical\" href=\"https:\/\/luchonoticias.com\/editor\/casagua-visito-a-empresarios-y-comerciantes-de-mercaneiva\/\" \/>\n<meta property=\"og:locale\" content=\"es_ES\" \/>\n<meta property=\"og:type\" content=\"article\" \/>\n<meta property=\"og:title\" content=\"Casagua visit\u00f3 a empresarios y comerciantes de Mercaneiva. -\" \/>\n<meta property=\"og:url\" content=\"https:\/\/luchonoticias.com\/editor\/casagua-visito-a-empresarios-y-comerciantes-de-mercaneiva\/\" \/>\n<meta property=\"article:publisher\" content=\"https:\/\/www.facebook.com\/luchonoticiasneiva\" \/>\n<meta property=\"article:published_time\" content=\"2023-12-02T23:47:57+00:00\" \/>\n<meta property=\"article:modified_time\" content=\"2023-12-03T00:00:50+00:00\" \/>\n<meta property=\"og:image\" content=\"https:\/\/luchonoticias.com\/wp-content\/uploads\/2023\/12\/WhatsApp-Image-2023-12-02-at-3.23.13-PM-3-1024x682.jpeg\" \/>\n<meta name=\"author\" content=\"Editor General\" \/>\n<meta name=\"twitter:card\" content=\"summary_large_image\" \/>\n<meta name=\"twitter:label1\" content=\"Escrito por\" \/>\n\t<meta name=\"twitter:data1\" content=\"Editor General\" \/>\n\t<meta name=\"twitter:label2\" content=\"Tiempo de lectura\" \/>\n\t<meta name=\"twitter:data2\" content=\"1 minuto\" \/>\n<script type=\"application\/ld+json\" class=\"yoast-schema-graph\">{\"@context\":\"https:\/\/schema.org\",\"@graph\":[{\"@type\":\"Article\",\"@id\":\"https:\/\/luchonoticias.com\/editor\/casagua-visito-a-empresarios-y-comerciantes-de-mercaneiva\/#article\",\"isPartOf\":{\"@id\":\"https:\/\/luchonoticias.com\/editor\/casagua-visito-a-empresarios-y-comerciantes-de-mercaneiva\/\"},\"author\":{\"name\":\"Editor General\",\"@id\":\"https:\/\/luchonoticias.com\/editor\/#\/schema\/person\/29217990ddf6f14e35912b2866d591fb\"},\"headline\":\"Casagua visit\u00f3 a empresarios y comerciantes de Mercaneiva.\",\"datePublished\":\"2023-12-02T23:47:57+00:00\",\"dateModified\":\"2023-12-03T00:00:50+00:00\",\"mainEntityOfPage\":{\"@id\":\"https:\/\/luchonoticias.com\/editor\/casagua-visito-a-empresarios-y-comerciantes-de-mercaneiva\/\"},\"wordCount\":157,\"commentCount\":0,\"publisher\":{\"@id\":\"https:\/\/luchonoticias.com\/editor\/#\/schema\/person\/7a7fd911f58561fd056dbac7b55af9cd\"},\"image\":{\"@id\":\"https:\/\/luchonoticias.com\/editor\/casagua-visito-a-empresarios-y-comerciantes-de-mercaneiva\/#primaryimage\"},\"thumbnailUrl\":\"https:\/\/luchonoticias.com\/wp-content\/uploads\/2023\/12\/WhatsApp-Image-2023-12-02-at-3.23.13-PM-3-1024x682.jpeg\",\"articleSection\":[\"Destacado\",\"Pol\u00edtica\"],\"inLanguage\":\"es\",\"potentialAction\":[{\"@type\":\"CommentAction\",\"name\":\"Comment\",\"target\":[\"https:\/\/luchonoticias.com\/editor\/casagua-visito-a-empresarios-y-comerciantes-de-mercaneiva\/#respond\"]}]},{\"@type\":\"WebPage\",\"@id\":\"https:\/\/luchonoticias.com\/editor\/casagua-visito-a-empresarios-y-comerciantes-de-mercaneiva\/\",\"url\":\"https:\/\/luchonoticias.com\/editor\/casagua-visito-a-empresarios-y-comerciantes-de-mercaneiva\/\",\"name\":\"Casagua visit\u00f3 a empresarios y comerciantes de Mercaneiva. -\",\"isPartOf\":{\"@id\":\"https:\/\/luchonoticias.com\/editor\/#website\"},\"primaryImageOfPage\":{\"@id\":\"https:\/\/luchonoticias.com\/editor\/casagua-visito-a-empresarios-y-comerciantes-de-mercaneiva\/#primaryimage\"},\"image\":{\"@id\":\"https:\/\/luchonoticias.com\/editor\/casagua-visito-a-empresarios-y-comerciantes-de-mercaneiva\/#primaryimage\"},\"thumbnailUrl\":\"https:\/\/luchonoticias.com\/wp-content\/uploads\/2023\/12\/WhatsApp-Image-2023-12-02-at-3.23.13-PM-3-1024x682.jpeg\",\"datePublished\":\"2023-12-02T23:47:57+00:00\",\"dateModified\":\"2023-12-03T00:00:50+00:00\",\"breadcrumb\":{\"@id\":\"https:\/\/luchonoticias.com\/editor\/casagua-visito-a-empresarios-y-comerciantes-de-mercaneiva\/#breadcrumb\"},\"inLanguage\":\"es\",\"potentialAction\":[{\"@type\":\"ReadAction\",\"target\":[\"https:\/\/luchonoticias.com\/editor\/casagua-visito-a-empresarios-y-comerciantes-de-mercaneiva\/\"]}]},{\"@type\":\"ImageObject\",\"inLanguage\":\"es\",\"@id\":\"https:\/\/luchonoticias.com\/editor\/casagua-visito-a-empresarios-y-comerciantes-de-mercaneiva\/#primaryimage\",\"url\":\"https:\/\/luchonoticias.com\/wp-content\/uploads\/2023\/12\/WhatsApp-Image-2023-12-02-at-3.23.13-PM-3-1024x682.jpeg\",\"contentUrl\":\"https:\/\/luchonoticias.com\/wp-content\/uploads\/2023\/12\/WhatsApp-Image-2023-12-02-at-3.23.13-PM-3-1024x682.jpeg\"},{\"@type\":\"BreadcrumbList\",\"@id\":\"https:\/\/luchonoticias.com\/editor\/casagua-visito-a-empresarios-y-comerciantes-de-mercaneiva\/#breadcrumb\",\"itemListElement\":[{\"@type\":\"ListItem\",\"position\":1,\"name\":\"Portada\",\"item\":\"https:\/\/luchonoticias.com\/editor\/\"},{\"@type\":\"ListItem\",\"position\":2,\"name\":\"Casagua visit\u00f3 a empresarios y comerciantes de Mercaneiva.\"}]},{\"@type\":\"WebSite\",\"@id\":\"https:\/\/luchonoticias.com\/editor\/#website\",\"url\":\"https:\/\/luchonoticias.com\/editor\/\",\"name\":\"\",\"description\":\"\",\"publisher\":{\"@id\":\"https:\/\/luchonoticias.com\/editor\/#\/schema\/person\/7a7fd911f58561fd056dbac7b55af9cd\"},\"potentialAction\":[{\"@type\":\"SearchAction\",\"target\":{\"@type\":\"EntryPoint\",\"urlTemplate\":\"https:\/\/luchonoticias.com\/editor\/?s={search_term_string}\"},\"query-input\":{\"@type\":\"PropertyValueSpecification\",\"valueRequired\":true,\"valueName\":\"search_term_string\"}}],\"inLanguage\":\"es\"},{\"@type\":[\"Person\",\"Organization\"],\"@id\":\"https:\/\/luchonoticias.com\/editor\/#\/schema\/person\/7a7fd911f58561fd056dbac7b55af9cd\",\"name\":\"admin\",\"image\":{\"@type\":\"ImageObject\",\"inLanguage\":\"es\",\"@id\":\"https:\/\/luchonoticias.com\/editor\/#\/schema\/person\/image\/\",\"url\":\"https:\/\/luchonoticias.com\/editor\/wp-content\/uploads\/2024\/02\/cropped-cropped-logolu.webp\",\"contentUrl\":\"https:\/\/luchonoticias.com\/editor\/wp-content\/uploads\/2024\/02\/cropped-cropped-logolu.webp\",\"width\":382,\"height\":170,\"caption\":\"admin\"},\"logo\":{\"@id\":\"https:\/\/luchonoticias.com\/editor\/#\/schema\/person\/image\/\"},\"sameAs\":[\"https:\/\/www.facebook.com\/luchonoticiasneiva\"]},{\"@type\":\"Person\",\"@id\":\"https:\/\/luchonoticias.com\/editor\/#\/schema\/person\/29217990ddf6f14e35912b2866d591fb\",\"name\":\"Editor General\",\"image\":{\"@type\":\"ImageObject\",\"inLanguage\":\"es\",\"@id\":\"https:\/\/luchonoticias.com\/editor\/#\/schema\/person\/image\/\",\"url\":\"https:\/\/luchonoticias.com\/editor\/wp-content\/uploads\/2024\/02\/cropped-cropped-logolu-150x150.webp\",\"contentUrl\":\"https:\/\/luchonoticias.com\/editor\/wp-content\/uploads\/2024\/02\/cropped-cropped-logolu-150x150.webp\",\"caption\":\"Editor General\"},\"sameAs\":[\"https:\/\/luchonoticias.com\/\"],\"url\":\"https:\/\/luchonoticias.com\/editor\/author\/editor-general\/\"}]}<\/script>\n<!-- \/ Yoast SEO plugin. -->","yoast_head_json":{"title":"Casagua visit\u00f3 a empresarios y comerciantes de Mercaneiva. -","robots":{"index":"index","follow":"follow","max-snippet":"max-snippet:-1","max-image-preview":"max-image-preview:large","max-video-preview":"max-video-preview:-1"},"canonical":"https:\/\/luchonoticias.com\/editor\/casagua-visito-a-empresarios-y-comerciantes-de-mercaneiva\/","og_locale":"es_ES","og_type":"article","og_title":"Casagua visit\u00f3 a empresarios y comerciantes de Mercaneiva. -","og_url":"https:\/\/luchonoticias.com\/editor\/casagua-visito-a-empresarios-y-comerciantes-de-mercaneiva\/","article_publisher":"https:\/\/www.facebook.com\/luchonoticiasneiva","article_published_time":"2023-12-02T23:47:57+00:00","article_modified_time":"2023-12-03T00:00:50+00:00","og_image":[{"url":"https:\/\/luchonoticias.com\/wp-content\/uploads\/2023\/12\/WhatsApp-Image-2023-12-02-at-3.23.13-PM-3-1024x682.jpeg","type":"","width":"","height":""}],"author":"Editor General","twitter_card":"summary_large_image","twitter_misc":{"Escrito por":"Editor General","Tiempo de lectura":"1 minuto"},"schema":{"@context":"https:\/\/schema.org","@graph":[{"@type":"Article","@id":"https:\/\/luchonoticias.com\/editor\/casagua-visito-a-empresarios-y-comerciantes-de-mercaneiva\/#article","isPartOf":{"@id":"https:\/\/luchonoticias.com\/editor\/casagua-visito-a-empresarios-y-comerciantes-de-mercaneiva\/"},"author":{"name":"Editor General","@id":"https:\/\/luchonoticias.com\/editor\/#\/schema\/person\/29217990ddf6f14e35912b2866d591fb"},"headline":"Casagua visit\u00f3 a empresarios y comerciantes de Mercaneiva.","datePublished":"2023-12-02T23:47:57+00:00","dateModified":"2023-12-03T00:00:50+00:00","mainEntityOfPage":{"@id":"https:\/\/luchonoticias.com\/editor\/casagua-visito-a-empresarios-y-comerciantes-de-mercaneiva\/"},"wordCount":157,"commentCount":0,"publisher":{"@id":"https:\/\/luchonoticias.com\/editor\/#\/schema\/person\/7a7fd911f58561fd056dbac7b55af9cd"},"image":{"@id":"https:\/\/luchonoticias.com\/editor\/casagua-visito-a-empresarios-y-comerciantes-de-mercaneiva\/#primaryimage"},"thumbnailUrl":"https:\/\/luchonoticias.com\/wp-content\/uploads\/2023\/12\/WhatsApp-Image-2023-12-02-at-3.23.13-PM-3-1024x682.jpeg","articleSection":["Destacado","Pol\u00edtica"],"inLanguage":"es","potentialAction":[{"@type":"CommentAction","name":"Comment","target":["https:\/\/luchonoticias.com\/editor\/casagua-visito-a-empresarios-y-comerciantes-de-mercaneiva\/#respond"]}]},{"@type":"WebPage","@id":"https:\/\/luchonoticias.com\/editor\/casagua-visito-a-empresarios-y-comerciantes-de-mercaneiva\/","url":"https:\/\/luchonoticias.com\/editor\/casagua-visito-a-empresarios-y-comerciantes-de-mercaneiva\/","name":"Casagua visit\u00f3 a empresarios y comerciantes de Mercaneiva. -","isPartOf":{"@id":"https:\/\/luchonoticias.com\/editor\/#website"},"primaryImageOfPage":{"@id":"https:\/\/luchonoticias.com\/editor\/casagua-visito-a-empresarios-y-comerciantes-de-mercaneiva\/#primaryimage"},"image":{"@id":"https:\/\/luchonoticias.com\/editor\/casagua-visito-a-empresarios-y-comerciantes-de-mercaneiva\/#primaryimage"},"thumbnailUrl":"https:\/\/luchonoticias.com\/wp-content\/uploads\/2023\/12\/WhatsApp-Image-2023-12-02-at-3.23.13-PM-3-1024x682.jpeg","datePublished":"2023-12-02T23:47:57+00:00","dateModified":"2023-12-03T00:00:50+00:00","breadcrumb":{"@id":"https:\/\/luchonoticias.com\/editor\/casagua-visito-a-empresarios-y-comerciantes-de-mercaneiva\/#breadcrumb"},"inLanguage":"es","potentialAction":[{"@type":"ReadAction","target":["https:\/\/luchonoticias.com\/editor\/casagua-visito-a-empresarios-y-comerciantes-de-mercaneiva\/"]}]},{"@type":"ImageObject","inLanguage":"es","@id":"https:\/\/luchonoticias.com\/editor\/casagua-visito-a-empresarios-y-comerciantes-de-mercaneiva\/#primaryimage","url":"https:\/\/luchonoticias.com\/wp-content\/uploads\/2023\/12\/WhatsApp-Image-2023-12-02-at-3.23.13-PM-3-1024x682.jpeg","contentUrl":"https:\/\/luchonoticias.com\/wp-content\/uploads\/2023\/12\/WhatsApp-Image-2023-12-02-at-3.23.13-PM-3-1024x682.jpeg"},{"@type":"BreadcrumbList","@id":"https:\/\/luchonoticias.com\/editor\/casagua-visito-a-empresarios-y-comerciantes-de-mercaneiva\/#breadcrumb","itemListElement":[{"@type":"ListItem","position":1,"name":"Portada","item":"https:\/\/luchonoticias.com\/editor\/"},{"@type":"ListItem","position":2,"name":"Casagua visit\u00f3 a empresarios y comerciantes de Mercaneiva."}]},{"@type":"WebSite","@id":"https:\/\/luchonoticias.com\/editor\/#website","url":"https:\/\/luchonoticias.com\/editor\/","name":"","description":"","publisher":{"@id":"https:\/\/luchonoticias.com\/editor\/#\/schema\/person\/7a7fd911f58561fd056dbac7b55af9cd"},"potentialAction":[{"@type":"SearchAction","target":{"@type":"EntryPoint","urlTemplate":"https:\/\/luchonoticias.com\/editor\/?s={search_term_string}"},"query-input":{"@type":"PropertyValueSpecification","valueRequired":true,"valueName":"search_term_string"}}],"inLanguage":"es"},{"@type":["Person","Organization"],"@id":"https:\/\/luchonoticias.com\/editor\/#\/schema\/person\/7a7fd911f58561fd056dbac7b55af9cd","name":"admin","image":{"@type":"ImageObject","inLanguage":"es","@id":"https:\/\/luchonoticias.com\/editor\/#\/schema\/person\/image\/","url":"https:\/\/luchonoticias.com\/editor\/wp-content\/uploads\/2024\/02\/cropped-cropped-logolu.webp","contentUrl":"https:\/\/luchonoticias.com\/editor\/wp-content\/uploads\/2024\/02\/cropped-cropped-logolu.webp","width":382,"height":170,"caption":"admin"},"logo":{"@id":"https:\/\/luchonoticias.com\/editor\/#\/schema\/person\/image\/"},"sameAs":["https:\/\/www.facebook.com\/luchonoticiasneiva"]},{"@type":"Person","@id":"https:\/\/luchonoticias.com\/editor\/#\/schema\/person\/29217990ddf6f14e35912b2866d591fb","name":"Editor General","image":{"@type":"ImageObject","inLanguage":"es","@id":"https:\/\/luchonoticias.com\/editor\/#\/schema\/person\/image\/","url":"https:\/\/luchonoticias.com\/editor\/wp-content\/uploads\/2024\/02\/cropped-cropped-logolu-150x150.webp","contentUrl":"https:\/\/luchonoticias.com\/editor\/wp-content\/uploads\/2024\/02\/cropped-cropped-logolu-150x150.webp","caption":"Editor General"},"sameAs":["https:\/\/luchonoticias.com\/"],"url":"https:\/\/luchonoticias.com\/editor\/author\/editor-general\/"}]}},"_links":{"self":[{"href":"https:\/\/luchonoticias.com\/editor\/wp-json\/wp\/v2\/posts\/64930","targetHints":{"allow":["GET"]}}],"collection":[{"href":"https:\/\/luchonoticias.com\/editor\/wp-json\/wp\/v2\/posts"}],"about":[{"href":"https:\/\/luchonoticias.com\/editor\/wp-json\/wp\/v2\/types\/post"}],"author":[{"embeddable":true,"href":"https:\/\/luchonoticias.com\/editor\/wp-json\/wp\/v2\/users\/2"}],"replies":[{"embeddable":true,"href":"https:\/\/luchonoticias.com\/editor\/wp-json\/wp\/v2\/comments?post=64930"}],"version-history":[{"count":0,"href":"https:\/\/luchonoticias.com\/editor\/wp-json\/wp\/v2\/posts\/64930\/revisions"}],"wp:attachment":[{"href":"https:\/\/luchonoticias.com\/editor\/wp-json\/wp\/v2\/media?parent=64930"}],"wp:term":[{"taxonomy":"category","embeddable":true,"href":"https:\/\/luchonoticias.com\/editor\/wp-json\/wp\/v2\/categories?post=64930"},{"taxonomy":"post_tag","embeddable":true,"href":"https:\/\/luchonoticias.com\/editor\/wp-json\/wp\/v2\/tags?post=64930"}],"curies":[{"name":"wp","href":"https:\/\/api.w.org\/{rel}","templated":true}]}}