{"id":65205,"date":"2023-12-07T08:14:40","date_gmt":"2023-12-07T13:14:40","guid":{"rendered":"https:\/\/luchonoticias.com\/?p=65205"},"modified":"2023-12-07T08:14:41","modified_gmt":"2023-12-07T13:14:41","slug":"avanza-proyecto-para-disminuir-de-50-a-30-dias-la-devolucion-al-contribuyente-de-los-excedentes-de-retencion-en-la-fuente","status":"publish","type":"post","link":"https:\/\/luchonoticias.com\/editor\/avanza-proyecto-para-disminuir-de-50-a-30-dias-la-devolucion-al-contribuyente-de-los-excedentes-de-retencion-en-la-fuente\/","title":{"rendered":"Avanza proyecto para disminuir de 50 a 30 d\u00edas la devoluci\u00f3n al contribuyente de los excedentes de retenci\u00f3n en la fuente"},"content":{"rendered":"\n<p>Con ponencia del senador Efra\u00edn Cepeda, del partido Conservador Colombiano, fue aprobado en la&nbsp;comisi\u00f3n Tercera de la C\u00e1mara Alta, el proyecto de Ley que modifica el art\u00edculo 855 del Estatuto Tributario relativo a la devoluci\u00f3n por saldos a favor del contribuyente.<\/p>\n\n\n\n<p>Explic\u00f3 que la norma aprobada determina que cuando a un contribuyente le quedan saldos a su favor, el Estado est\u00e1 en la obligaci\u00f3n de devolverle esos recursos, ya no en 50 d\u00edas sino en 30,&nbsp;y eliminando una serie de requisitos, que en muchas ocasiones aburren a las personas \u201cpor las dificultades que encuentran para hacer estos tr\u00e1mites ante la DIAN\u201d.<\/p>\n\n\n\n<p>Agreg\u00f3 que muchos colombianos no reclaman su dinero para evitar l\u00edos con la DIAN pero que el Estado debe reintegrarlos \u201csuprimiendo engorrosos procesos\u201d.<\/p>\n\n\n\n<p>Imelda Daza, senadora del partido Comunes, indic\u00f3 que este proyecto de Ley, aprobado en primer debate, determina la obligaci\u00f3n de la DIAN de devolver en el t\u00e9rmino de 30 d\u00edas el excedente de impuestos que las personas pagaron cuando se le hizo retenci\u00f3n en la fuente.<\/p>\n\n\n\n<p>Agreg\u00f3 que muchas personas, que son asalariadas o que tienen contratos de prestaci\u00f3n de servicios, \u201cles retienen parte de sus salarios para el pago de impuestos, pero que en muchas ocasiones les queda dinero a su favor el cual el Estado&nbsp;les&nbsp;debe reintegrar, ya no en 50 d\u00edas&nbsp;sino en 30,&nbsp;facilitando la tramitolog\u00eda que actualmente es muy complicada para la gente\u201d.<\/p>\n\n\n\n<p>\u00c1ngela Vergara, senadora del partido Verde, salud\u00f3 la aprobaci\u00f3n de este proyecto de Ley, que de acuerdo con sus palabras lo que se busca es garantizar que el ciudadano, especialmente aquel que tiene una ocupan formal pueda obtener aquellos recursos que por su competencia le corresponden.<\/p>\n\n\n\n<p>Indic\u00f3 que la DIAN &nbsp;tiene la tarea de recaudar los impuestos, pero que \u201ctambi\u00e9n cuando la platica le corresponde al contribuyente, pues es importante que pueda contar con esos recursos y hacerle mas expedito ese procedimiento y que no se convierta en una tortura\u201d.&nbsp;<\/p>\n","protected":false},"excerpt":{"rendered":"<p>Con ponencia del senador Efra\u00edn Cepeda, del partido Conservador Colombiano, fue aprobado en la&nbsp;comisi\u00f3n Tercera de la C\u00e1mara Alta, el proyecto de Ley que modifica el art\u00edculo 855 del Estatuto Tributario relativo a la devoluci\u00f3n por saldos a favor del contribuyente. Explic\u00f3 que la norma aprobada determina que cuando a un contribuyente le quedan saldos [&hellip;]<\/p>\n","protected":false},"author":2,"featured_media":0,"comment_status":"open","ping_status":"open","sticky":false,"template":"","format":"standard","meta":{"footnotes":""},"categories":[36,617],"tags":[],"class_list":["post-65205","post","type-post","status-publish","format-standard","hentry","category-destacado","category-politica"],"yoast_head":"<!-- This site is optimized with the Yoast SEO plugin v26.6 - https:\/\/yoast.com\/wordpress\/plugins\/seo\/ -->\n<title>Avanza proyecto para disminuir de 50 a 30 d\u00edas la devoluci\u00f3n al contribuyente de los excedentes de retenci\u00f3n en la fuente -<\/title>\n<meta name=\"robots\" content=\"index, follow, max-snippet:-1, max-image-preview:large, max-video-preview:-1\" \/>\n<link rel=\"canonical\" href=\"https:\/\/luchonoticias.com\/editor\/avanza-proyecto-para-disminuir-de-50-a-30-dias-la-devolucion-al-contribuyente-de-los-excedentes-de-retencion-en-la-fuente\/\" \/>\n<meta property=\"og:locale\" content=\"es_ES\" \/>\n<meta property=\"og:type\" content=\"article\" \/>\n<meta property=\"og:title\" content=\"Avanza proyecto para disminuir de 50 a 30 d\u00edas la devoluci\u00f3n al contribuyente de los excedentes de retenci\u00f3n en la fuente -\" \/>\n<meta property=\"og:url\" content=\"https:\/\/luchonoticias.com\/editor\/avanza-proyecto-para-disminuir-de-50-a-30-dias-la-devolucion-al-contribuyente-de-los-excedentes-de-retencion-en-la-fuente\/\" \/>\n<meta property=\"article:publisher\" content=\"https:\/\/www.facebook.com\/luchonoticiasneiva\" \/>\n<meta property=\"article:published_time\" content=\"2023-12-07T13:14:40+00:00\" \/>\n<meta property=\"article:modified_time\" content=\"2023-12-07T13:14:41+00:00\" \/>\n<meta name=\"author\" content=\"Editor General\" \/>\n<meta name=\"twitter:card\" content=\"summary_large_image\" \/>\n<meta name=\"twitter:label1\" content=\"Escrito por\" \/>\n\t<meta name=\"twitter:data1\" content=\"Editor General\" \/>\n\t<meta name=\"twitter:label2\" content=\"Tiempo de lectura\" \/>\n\t<meta name=\"twitter:data2\" content=\"2 minutos\" \/>\n<script type=\"application\/ld+json\" class=\"yoast-schema-graph\">{\"@context\":\"https:\/\/schema.org\",\"@graph\":[{\"@type\":\"Article\",\"@id\":\"https:\/\/luchonoticias.com\/editor\/avanza-proyecto-para-disminuir-de-50-a-30-dias-la-devolucion-al-contribuyente-de-los-excedentes-de-retencion-en-la-fuente\/#article\",\"isPartOf\":{\"@id\":\"https:\/\/luchonoticias.com\/editor\/avanza-proyecto-para-disminuir-de-50-a-30-dias-la-devolucion-al-contribuyente-de-los-excedentes-de-retencion-en-la-fuente\/\"},\"author\":{\"name\":\"Editor General\",\"@id\":\"https:\/\/luchonoticias.com\/editor\/#\/schema\/person\/29217990ddf6f14e35912b2866d591fb\"},\"headline\":\"Avanza proyecto para disminuir de 50 a 30 d\u00edas la devoluci\u00f3n al contribuyente de los excedentes de retenci\u00f3n en la fuente\",\"datePublished\":\"2023-12-07T13:14:40+00:00\",\"dateModified\":\"2023-12-07T13:14:41+00:00\",\"mainEntityOfPage\":{\"@id\":\"https:\/\/luchonoticias.com\/editor\/avanza-proyecto-para-disminuir-de-50-a-30-dias-la-devolucion-al-contribuyente-de-los-excedentes-de-retencion-en-la-fuente\/\"},\"wordCount\":367,\"commentCount\":0,\"publisher\":{\"@id\":\"https:\/\/luchonoticias.com\/editor\/#\/schema\/person\/7a7fd911f58561fd056dbac7b55af9cd\"},\"articleSection\":[\"Destacado\",\"Pol\u00edtica\"],\"inLanguage\":\"es\",\"potentialAction\":[{\"@type\":\"CommentAction\",\"name\":\"Comment\",\"target\":[\"https:\/\/luchonoticias.com\/editor\/avanza-proyecto-para-disminuir-de-50-a-30-dias-la-devolucion-al-contribuyente-de-los-excedentes-de-retencion-en-la-fuente\/#respond\"]}]},{\"@type\":\"WebPage\",\"@id\":\"https:\/\/luchonoticias.com\/editor\/avanza-proyecto-para-disminuir-de-50-a-30-dias-la-devolucion-al-contribuyente-de-los-excedentes-de-retencion-en-la-fuente\/\",\"url\":\"https:\/\/luchonoticias.com\/editor\/avanza-proyecto-para-disminuir-de-50-a-30-dias-la-devolucion-al-contribuyente-de-los-excedentes-de-retencion-en-la-fuente\/\",\"name\":\"Avanza proyecto para disminuir de 50 a 30 d\u00edas la devoluci\u00f3n al contribuyente de los excedentes de retenci\u00f3n en la fuente -\",\"isPartOf\":{\"@id\":\"https:\/\/luchonoticias.com\/editor\/#website\"},\"datePublished\":\"2023-12-07T13:14:40+00:00\",\"dateModified\":\"2023-12-07T13:14:41+00:00\",\"breadcrumb\":{\"@id\":\"https:\/\/luchonoticias.com\/editor\/avanza-proyecto-para-disminuir-de-50-a-30-dias-la-devolucion-al-contribuyente-de-los-excedentes-de-retencion-en-la-fuente\/#breadcrumb\"},\"inLanguage\":\"es\",\"potentialAction\":[{\"@type\":\"ReadAction\",\"target\":[\"https:\/\/luchonoticias.com\/editor\/avanza-proyecto-para-disminuir-de-50-a-30-dias-la-devolucion-al-contribuyente-de-los-excedentes-de-retencion-en-la-fuente\/\"]}]},{\"@type\":\"BreadcrumbList\",\"@id\":\"https:\/\/luchonoticias.com\/editor\/avanza-proyecto-para-disminuir-de-50-a-30-dias-la-devolucion-al-contribuyente-de-los-excedentes-de-retencion-en-la-fuente\/#breadcrumb\",\"itemListElement\":[{\"@type\":\"ListItem\",\"position\":1,\"name\":\"Portada\",\"item\":\"https:\/\/luchonoticias.com\/editor\/\"},{\"@type\":\"ListItem\",\"position\":2,\"name\":\"Avanza proyecto para disminuir de 50 a 30 d\u00edas la devoluci\u00f3n al contribuyente de los excedentes de retenci\u00f3n en la fuente\"}]},{\"@type\":\"WebSite\",\"@id\":\"https:\/\/luchonoticias.com\/editor\/#website\",\"url\":\"https:\/\/luchonoticias.com\/editor\/\",\"name\":\"\",\"description\":\"\",\"publisher\":{\"@id\":\"https:\/\/luchonoticias.com\/editor\/#\/schema\/person\/7a7fd911f58561fd056dbac7b55af9cd\"},\"potentialAction\":[{\"@type\":\"SearchAction\",\"target\":{\"@type\":\"EntryPoint\",\"urlTemplate\":\"https:\/\/luchonoticias.com\/editor\/?s={search_term_string}\"},\"query-input\":{\"@type\":\"PropertyValueSpecification\",\"valueRequired\":true,\"valueName\":\"search_term_string\"}}],\"inLanguage\":\"es\"},{\"@type\":[\"Person\",\"Organization\"],\"@id\":\"https:\/\/luchonoticias.com\/editor\/#\/schema\/person\/7a7fd911f58561fd056dbac7b55af9cd\",\"name\":\"admin\",\"image\":{\"@type\":\"ImageObject\",\"inLanguage\":\"es\",\"@id\":\"https:\/\/luchonoticias.com\/editor\/#\/schema\/person\/image\/\",\"url\":\"https:\/\/luchonoticias.com\/editor\/wp-content\/uploads\/2024\/02\/cropped-cropped-logolu.webp\",\"contentUrl\":\"https:\/\/luchonoticias.com\/editor\/wp-content\/uploads\/2024\/02\/cropped-cropped-logolu.webp\",\"width\":382,\"height\":170,\"caption\":\"admin\"},\"logo\":{\"@id\":\"https:\/\/luchonoticias.com\/editor\/#\/schema\/person\/image\/\"},\"sameAs\":[\"https:\/\/www.facebook.com\/luchonoticiasneiva\"]},{\"@type\":\"Person\",\"@id\":\"https:\/\/luchonoticias.com\/editor\/#\/schema\/person\/29217990ddf6f14e35912b2866d591fb\",\"name\":\"Editor General\",\"image\":{\"@type\":\"ImageObject\",\"inLanguage\":\"es\",\"@id\":\"https:\/\/luchonoticias.com\/editor\/#\/schema\/person\/image\/\",\"url\":\"https:\/\/luchonoticias.com\/editor\/wp-content\/uploads\/2024\/02\/cropped-cropped-logolu-150x150.webp\",\"contentUrl\":\"https:\/\/luchonoticias.com\/editor\/wp-content\/uploads\/2024\/02\/cropped-cropped-logolu-150x150.webp\",\"caption\":\"Editor General\"},\"sameAs\":[\"https:\/\/luchonoticias.com\/\"],\"url\":\"https:\/\/luchonoticias.com\/editor\/author\/editor-general\/\"}]}<\/script>\n<!-- \/ Yoast SEO plugin. -->","yoast_head_json":{"title":"Avanza proyecto para disminuir de 50 a 30 d\u00edas la devoluci\u00f3n al contribuyente de los excedentes de retenci\u00f3n en la fuente -","robots":{"index":"index","follow":"follow","max-snippet":"max-snippet:-1","max-image-preview":"max-image-preview:large","max-video-preview":"max-video-preview:-1"},"canonical":"https:\/\/luchonoticias.com\/editor\/avanza-proyecto-para-disminuir-de-50-a-30-dias-la-devolucion-al-contribuyente-de-los-excedentes-de-retencion-en-la-fuente\/","og_locale":"es_ES","og_type":"article","og_title":"Avanza proyecto para disminuir de 50 a 30 d\u00edas la devoluci\u00f3n al contribuyente de los excedentes de retenci\u00f3n en la fuente -","og_url":"https:\/\/luchonoticias.com\/editor\/avanza-proyecto-para-disminuir-de-50-a-30-dias-la-devolucion-al-contribuyente-de-los-excedentes-de-retencion-en-la-fuente\/","article_publisher":"https:\/\/www.facebook.com\/luchonoticiasneiva","article_published_time":"2023-12-07T13:14:40+00:00","article_modified_time":"2023-12-07T13:14:41+00:00","author":"Editor General","twitter_card":"summary_large_image","twitter_misc":{"Escrito por":"Editor General","Tiempo de lectura":"2 minutos"},"schema":{"@context":"https:\/\/schema.org","@graph":[{"@type":"Article","@id":"https:\/\/luchonoticias.com\/editor\/avanza-proyecto-para-disminuir-de-50-a-30-dias-la-devolucion-al-contribuyente-de-los-excedentes-de-retencion-en-la-fuente\/#article","isPartOf":{"@id":"https:\/\/luchonoticias.com\/editor\/avanza-proyecto-para-disminuir-de-50-a-30-dias-la-devolucion-al-contribuyente-de-los-excedentes-de-retencion-en-la-fuente\/"},"author":{"name":"Editor General","@id":"https:\/\/luchonoticias.com\/editor\/#\/schema\/person\/29217990ddf6f14e35912b2866d591fb"},"headline":"Avanza proyecto para disminuir de 50 a 30 d\u00edas la devoluci\u00f3n al contribuyente de los excedentes de retenci\u00f3n en la fuente","datePublished":"2023-12-07T13:14:40+00:00","dateModified":"2023-12-07T13:14:41+00:00","mainEntityOfPage":{"@id":"https:\/\/luchonoticias.com\/editor\/avanza-proyecto-para-disminuir-de-50-a-30-dias-la-devolucion-al-contribuyente-de-los-excedentes-de-retencion-en-la-fuente\/"},"wordCount":367,"commentCount":0,"publisher":{"@id":"https:\/\/luchonoticias.com\/editor\/#\/schema\/person\/7a7fd911f58561fd056dbac7b55af9cd"},"articleSection":["Destacado","Pol\u00edtica"],"inLanguage":"es","potentialAction":[{"@type":"CommentAction","name":"Comment","target":["https:\/\/luchonoticias.com\/editor\/avanza-proyecto-para-disminuir-de-50-a-30-dias-la-devolucion-al-contribuyente-de-los-excedentes-de-retencion-en-la-fuente\/#respond"]}]},{"@type":"WebPage","@id":"https:\/\/luchonoticias.com\/editor\/avanza-proyecto-para-disminuir-de-50-a-30-dias-la-devolucion-al-contribuyente-de-los-excedentes-de-retencion-en-la-fuente\/","url":"https:\/\/luchonoticias.com\/editor\/avanza-proyecto-para-disminuir-de-50-a-30-dias-la-devolucion-al-contribuyente-de-los-excedentes-de-retencion-en-la-fuente\/","name":"Avanza proyecto para disminuir de 50 a 30 d\u00edas la devoluci\u00f3n al contribuyente de los excedentes de retenci\u00f3n en la fuente -","isPartOf":{"@id":"https:\/\/luchonoticias.com\/editor\/#website"},"datePublished":"2023-12-07T13:14:40+00:00","dateModified":"2023-12-07T13:14:41+00:00","breadcrumb":{"@id":"https:\/\/luchonoticias.com\/editor\/avanza-proyecto-para-disminuir-de-50-a-30-dias-la-devolucion-al-contribuyente-de-los-excedentes-de-retencion-en-la-fuente\/#breadcrumb"},"inLanguage":"es","potentialAction":[{"@type":"ReadAction","target":["https:\/\/luchonoticias.com\/editor\/avanza-proyecto-para-disminuir-de-50-a-30-dias-la-devolucion-al-contribuyente-de-los-excedentes-de-retencion-en-la-fuente\/"]}]},{"@type":"BreadcrumbList","@id":"https:\/\/luchonoticias.com\/editor\/avanza-proyecto-para-disminuir-de-50-a-30-dias-la-devolucion-al-contribuyente-de-los-excedentes-de-retencion-en-la-fuente\/#breadcrumb","itemListElement":[{"@type":"ListItem","position":1,"name":"Portada","item":"https:\/\/luchonoticias.com\/editor\/"},{"@type":"ListItem","position":2,"name":"Avanza proyecto para disminuir de 50 a 30 d\u00edas la devoluci\u00f3n al contribuyente de los excedentes de retenci\u00f3n en la fuente"}]},{"@type":"WebSite","@id":"https:\/\/luchonoticias.com\/editor\/#website","url":"https:\/\/luchonoticias.com\/editor\/","name":"","description":"","publisher":{"@id":"https:\/\/luchonoticias.com\/editor\/#\/schema\/person\/7a7fd911f58561fd056dbac7b55af9cd"},"potentialAction":[{"@type":"SearchAction","target":{"@type":"EntryPoint","urlTemplate":"https:\/\/luchonoticias.com\/editor\/?s={search_term_string}"},"query-input":{"@type":"PropertyValueSpecification","valueRequired":true,"valueName":"search_term_string"}}],"inLanguage":"es"},{"@type":["Person","Organization"],"@id":"https:\/\/luchonoticias.com\/editor\/#\/schema\/person\/7a7fd911f58561fd056dbac7b55af9cd","name":"admin","image":{"@type":"ImageObject","inLanguage":"es","@id":"https:\/\/luchonoticias.com\/editor\/#\/schema\/person\/image\/","url":"https:\/\/luchonoticias.com\/editor\/wp-content\/uploads\/2024\/02\/cropped-cropped-logolu.webp","contentUrl":"https:\/\/luchonoticias.com\/editor\/wp-content\/uploads\/2024\/02\/cropped-cropped-logolu.webp","width":382,"height":170,"caption":"admin"},"logo":{"@id":"https:\/\/luchonoticias.com\/editor\/#\/schema\/person\/image\/"},"sameAs":["https:\/\/www.facebook.com\/luchonoticiasneiva"]},{"@type":"Person","@id":"https:\/\/luchonoticias.com\/editor\/#\/schema\/person\/29217990ddf6f14e35912b2866d591fb","name":"Editor General","image":{"@type":"ImageObject","inLanguage":"es","@id":"https:\/\/luchonoticias.com\/editor\/#\/schema\/person\/image\/","url":"https:\/\/luchonoticias.com\/editor\/wp-content\/uploads\/2024\/02\/cropped-cropped-logolu-150x150.webp","contentUrl":"https:\/\/luchonoticias.com\/editor\/wp-content\/uploads\/2024\/02\/cropped-cropped-logolu-150x150.webp","caption":"Editor General"},"sameAs":["https:\/\/luchonoticias.com\/"],"url":"https:\/\/luchonoticias.com\/editor\/author\/editor-general\/"}]}},"_links":{"self":[{"href":"https:\/\/luchonoticias.com\/editor\/wp-json\/wp\/v2\/posts\/65205","targetHints":{"allow":["GET"]}}],"collection":[{"href":"https:\/\/luchonoticias.com\/editor\/wp-json\/wp\/v2\/posts"}],"about":[{"href":"https:\/\/luchonoticias.com\/editor\/wp-json\/wp\/v2\/types\/post"}],"author":[{"embeddable":true,"href":"https:\/\/luchonoticias.com\/editor\/wp-json\/wp\/v2\/users\/2"}],"replies":[{"embeddable":true,"href":"https:\/\/luchonoticias.com\/editor\/wp-json\/wp\/v2\/comments?post=65205"}],"version-history":[{"count":0,"href":"https:\/\/luchonoticias.com\/editor\/wp-json\/wp\/v2\/posts\/65205\/revisions"}],"wp:attachment":[{"href":"https:\/\/luchonoticias.com\/editor\/wp-json\/wp\/v2\/media?parent=65205"}],"wp:term":[{"taxonomy":"category","embeddable":true,"href":"https:\/\/luchonoticias.com\/editor\/wp-json\/wp\/v2\/categories?post=65205"},{"taxonomy":"post_tag","embeddable":true,"href":"https:\/\/luchonoticias.com\/editor\/wp-json\/wp\/v2\/tags?post=65205"}],"curies":[{"name":"wp","href":"https:\/\/api.w.org\/{rel}","templated":true}]}}