{"id":65208,"date":"2023-12-07T16:25:14","date_gmt":"2023-12-07T21:25:14","guid":{"rendered":"https:\/\/luchonoticias.com\/?p=65208"},"modified":"2023-12-07T16:25:15","modified_gmt":"2023-12-07T21:25:15","slug":"cayeron-orejas-y-barbas-por-trafico-de-estupefacientes","status":"publish","type":"post","link":"https:\/\/luchonoticias.com\/editor\/cayeron-orejas-y-barbas-por-trafico-de-estupefacientes\/","title":{"rendered":"Cayeron \u2018Orejas\u2019 y \u2018Barbas\u2019 por tr\u00e1fico de estupefacientes"},"content":{"rendered":"\n<p>En los continuos controles que mantiene la Polic\u00eda Huila para contrarestar la comercializaci\u00f3n de estupefacientes en los centros urbanos de los municipios de su jurisdicci\u00f3n, fueron capturados dos hombres en los municipios de Campoalegre y Pitalito, pretendiendo la comercializaci\u00f3n de varias dosis de bazuco.<\/p>\n\n\n\n<p>En el barrio la Caraguaja de la capital arrocera del Huila, los uniformados del cuadrante dos capturaron un hombre conocido como \u00abBarbas\u00bb, al cual, en el registro personal, le hallaron 66 bichas (dosis) de bazuco listas para su distribuci\u00f3n.<\/p>\n\n\n\n<p>Igualmente, en la carrera 8 con calle 8 de la zona centro del Valle de Laboyos, la patrulla del cuadrante 3 logr\u00f3 capturar a alias \u00abOrejas\u00bb el cual, aprovechando una zona oscura de la calle, pretend\u00eda la venta de 44 dosis de bazuco.<\/p>\n\n\n\n<p>Estos dos actores criminales fueron dejados a disposici\u00f3n de las autoridades competentes, para que respondan por el delito de tr\u00e1fico, fabricaci\u00f3n o porte de estupefacientes.<\/p>\n","protected":false},"excerpt":{"rendered":"<p>En los continuos controles que mantiene la Polic\u00eda Huila para contrarestar la comercializaci\u00f3n de estupefacientes en los centros urbanos de los municipios de su jurisdicci\u00f3n, fueron capturados dos hombres en los municipios de Campoalegre y Pitalito, pretendiendo la comercializaci\u00f3n de varias dosis de bazuco. En el barrio la Caraguaja de la capital arrocera del Huila, [&hellip;]<\/p>\n","protected":false},"author":2,"featured_media":0,"comment_status":"open","ping_status":"open","sticky":false,"template":"","format":"standard","meta":{"footnotes":""},"categories":[36,29],"tags":[],"class_list":["post-65208","post","type-post","status-publish","format-standard","hentry","category-destacado","category-judicial"],"yoast_head":"<!-- This site is optimized with the Yoast SEO plugin v26.6 - https:\/\/yoast.com\/wordpress\/plugins\/seo\/ -->\n<title>Cayeron \u2018Orejas\u2019 y \u2018Barbas\u2019 por tr\u00e1fico de estupefacientes -<\/title>\n<meta name=\"robots\" content=\"index, follow, max-snippet:-1, max-image-preview:large, max-video-preview:-1\" \/>\n<link rel=\"canonical\" href=\"https:\/\/luchonoticias.com\/editor\/cayeron-orejas-y-barbas-por-trafico-de-estupefacientes\/\" \/>\n<meta property=\"og:locale\" content=\"es_ES\" \/>\n<meta property=\"og:type\" content=\"article\" \/>\n<meta property=\"og:title\" content=\"Cayeron \u2018Orejas\u2019 y \u2018Barbas\u2019 por tr\u00e1fico de estupefacientes -\" \/>\n<meta property=\"og:url\" content=\"https:\/\/luchonoticias.com\/editor\/cayeron-orejas-y-barbas-por-trafico-de-estupefacientes\/\" \/>\n<meta property=\"article:publisher\" content=\"https:\/\/www.facebook.com\/luchonoticiasneiva\" \/>\n<meta property=\"article:published_time\" content=\"2023-12-07T21:25:14+00:00\" \/>\n<meta property=\"article:modified_time\" content=\"2023-12-07T21:25:15+00:00\" \/>\n<meta name=\"author\" content=\"Editor General\" \/>\n<meta name=\"twitter:card\" content=\"summary_large_image\" \/>\n<meta name=\"twitter:label1\" content=\"Escrito por\" \/>\n\t<meta name=\"twitter:data1\" content=\"Editor General\" \/>\n\t<meta name=\"twitter:label2\" content=\"Tiempo de lectura\" \/>\n\t<meta name=\"twitter:data2\" content=\"1 minuto\" \/>\n<script type=\"application\/ld+json\" class=\"yoast-schema-graph\">{\"@context\":\"https:\/\/schema.org\",\"@graph\":[{\"@type\":\"Article\",\"@id\":\"https:\/\/luchonoticias.com\/editor\/cayeron-orejas-y-barbas-por-trafico-de-estupefacientes\/#article\",\"isPartOf\":{\"@id\":\"https:\/\/luchonoticias.com\/editor\/cayeron-orejas-y-barbas-por-trafico-de-estupefacientes\/\"},\"author\":{\"name\":\"Editor General\",\"@id\":\"https:\/\/luchonoticias.com\/editor\/#\/schema\/person\/29217990ddf6f14e35912b2866d591fb\"},\"headline\":\"Cayeron \u2018Orejas\u2019 y \u2018Barbas\u2019 por tr\u00e1fico de estupefacientes\",\"datePublished\":\"2023-12-07T21:25:14+00:00\",\"dateModified\":\"2023-12-07T21:25:15+00:00\",\"mainEntityOfPage\":{\"@id\":\"https:\/\/luchonoticias.com\/editor\/cayeron-orejas-y-barbas-por-trafico-de-estupefacientes\/\"},\"wordCount\":164,\"commentCount\":0,\"publisher\":{\"@id\":\"https:\/\/luchonoticias.com\/editor\/#\/schema\/person\/7a7fd911f58561fd056dbac7b55af9cd\"},\"articleSection\":[\"Destacado\",\"Judicial\"],\"inLanguage\":\"es\",\"potentialAction\":[{\"@type\":\"CommentAction\",\"name\":\"Comment\",\"target\":[\"https:\/\/luchonoticias.com\/editor\/cayeron-orejas-y-barbas-por-trafico-de-estupefacientes\/#respond\"]}]},{\"@type\":\"WebPage\",\"@id\":\"https:\/\/luchonoticias.com\/editor\/cayeron-orejas-y-barbas-por-trafico-de-estupefacientes\/\",\"url\":\"https:\/\/luchonoticias.com\/editor\/cayeron-orejas-y-barbas-por-trafico-de-estupefacientes\/\",\"name\":\"Cayeron \u2018Orejas\u2019 y \u2018Barbas\u2019 por tr\u00e1fico de estupefacientes -\",\"isPartOf\":{\"@id\":\"https:\/\/luchonoticias.com\/editor\/#website\"},\"datePublished\":\"2023-12-07T21:25:14+00:00\",\"dateModified\":\"2023-12-07T21:25:15+00:00\",\"breadcrumb\":{\"@id\":\"https:\/\/luchonoticias.com\/editor\/cayeron-orejas-y-barbas-por-trafico-de-estupefacientes\/#breadcrumb\"},\"inLanguage\":\"es\",\"potentialAction\":[{\"@type\":\"ReadAction\",\"target\":[\"https:\/\/luchonoticias.com\/editor\/cayeron-orejas-y-barbas-por-trafico-de-estupefacientes\/\"]}]},{\"@type\":\"BreadcrumbList\",\"@id\":\"https:\/\/luchonoticias.com\/editor\/cayeron-orejas-y-barbas-por-trafico-de-estupefacientes\/#breadcrumb\",\"itemListElement\":[{\"@type\":\"ListItem\",\"position\":1,\"name\":\"Portada\",\"item\":\"https:\/\/luchonoticias.com\/editor\/\"},{\"@type\":\"ListItem\",\"position\":2,\"name\":\"Cayeron \u2018Orejas\u2019 y \u2018Barbas\u2019 por tr\u00e1fico de estupefacientes\"}]},{\"@type\":\"WebSite\",\"@id\":\"https:\/\/luchonoticias.com\/editor\/#website\",\"url\":\"https:\/\/luchonoticias.com\/editor\/\",\"name\":\"\",\"description\":\"\",\"publisher\":{\"@id\":\"https:\/\/luchonoticias.com\/editor\/#\/schema\/person\/7a7fd911f58561fd056dbac7b55af9cd\"},\"potentialAction\":[{\"@type\":\"SearchAction\",\"target\":{\"@type\":\"EntryPoint\",\"urlTemplate\":\"https:\/\/luchonoticias.com\/editor\/?s={search_term_string}\"},\"query-input\":{\"@type\":\"PropertyValueSpecification\",\"valueRequired\":true,\"valueName\":\"search_term_string\"}}],\"inLanguage\":\"es\"},{\"@type\":[\"Person\",\"Organization\"],\"@id\":\"https:\/\/luchonoticias.com\/editor\/#\/schema\/person\/7a7fd911f58561fd056dbac7b55af9cd\",\"name\":\"admin\",\"image\":{\"@type\":\"ImageObject\",\"inLanguage\":\"es\",\"@id\":\"https:\/\/luchonoticias.com\/editor\/#\/schema\/person\/image\/\",\"url\":\"https:\/\/luchonoticias.com\/editor\/wp-content\/uploads\/2024\/02\/cropped-cropped-logolu.webp\",\"contentUrl\":\"https:\/\/luchonoticias.com\/editor\/wp-content\/uploads\/2024\/02\/cropped-cropped-logolu.webp\",\"width\":382,\"height\":170,\"caption\":\"admin\"},\"logo\":{\"@id\":\"https:\/\/luchonoticias.com\/editor\/#\/schema\/person\/image\/\"},\"sameAs\":[\"https:\/\/www.facebook.com\/luchonoticiasneiva\"]},{\"@type\":\"Person\",\"@id\":\"https:\/\/luchonoticias.com\/editor\/#\/schema\/person\/29217990ddf6f14e35912b2866d591fb\",\"name\":\"Editor General\",\"image\":{\"@type\":\"ImageObject\",\"inLanguage\":\"es\",\"@id\":\"https:\/\/luchonoticias.com\/editor\/#\/schema\/person\/image\/\",\"url\":\"https:\/\/luchonoticias.com\/editor\/wp-content\/uploads\/2024\/02\/cropped-cropped-logolu-150x150.webp\",\"contentUrl\":\"https:\/\/luchonoticias.com\/editor\/wp-content\/uploads\/2024\/02\/cropped-cropped-logolu-150x150.webp\",\"caption\":\"Editor General\"},\"sameAs\":[\"https:\/\/luchonoticias.com\/\"],\"url\":\"https:\/\/luchonoticias.com\/editor\/author\/editor-general\/\"}]}<\/script>\n<!-- \/ Yoast SEO plugin. -->","yoast_head_json":{"title":"Cayeron \u2018Orejas\u2019 y \u2018Barbas\u2019 por tr\u00e1fico de estupefacientes -","robots":{"index":"index","follow":"follow","max-snippet":"max-snippet:-1","max-image-preview":"max-image-preview:large","max-video-preview":"max-video-preview:-1"},"canonical":"https:\/\/luchonoticias.com\/editor\/cayeron-orejas-y-barbas-por-trafico-de-estupefacientes\/","og_locale":"es_ES","og_type":"article","og_title":"Cayeron \u2018Orejas\u2019 y \u2018Barbas\u2019 por tr\u00e1fico de estupefacientes -","og_url":"https:\/\/luchonoticias.com\/editor\/cayeron-orejas-y-barbas-por-trafico-de-estupefacientes\/","article_publisher":"https:\/\/www.facebook.com\/luchonoticiasneiva","article_published_time":"2023-12-07T21:25:14+00:00","article_modified_time":"2023-12-07T21:25:15+00:00","author":"Editor General","twitter_card":"summary_large_image","twitter_misc":{"Escrito por":"Editor General","Tiempo de lectura":"1 minuto"},"schema":{"@context":"https:\/\/schema.org","@graph":[{"@type":"Article","@id":"https:\/\/luchonoticias.com\/editor\/cayeron-orejas-y-barbas-por-trafico-de-estupefacientes\/#article","isPartOf":{"@id":"https:\/\/luchonoticias.com\/editor\/cayeron-orejas-y-barbas-por-trafico-de-estupefacientes\/"},"author":{"name":"Editor General","@id":"https:\/\/luchonoticias.com\/editor\/#\/schema\/person\/29217990ddf6f14e35912b2866d591fb"},"headline":"Cayeron \u2018Orejas\u2019 y \u2018Barbas\u2019 por tr\u00e1fico de estupefacientes","datePublished":"2023-12-07T21:25:14+00:00","dateModified":"2023-12-07T21:25:15+00:00","mainEntityOfPage":{"@id":"https:\/\/luchonoticias.com\/editor\/cayeron-orejas-y-barbas-por-trafico-de-estupefacientes\/"},"wordCount":164,"commentCount":0,"publisher":{"@id":"https:\/\/luchonoticias.com\/editor\/#\/schema\/person\/7a7fd911f58561fd056dbac7b55af9cd"},"articleSection":["Destacado","Judicial"],"inLanguage":"es","potentialAction":[{"@type":"CommentAction","name":"Comment","target":["https:\/\/luchonoticias.com\/editor\/cayeron-orejas-y-barbas-por-trafico-de-estupefacientes\/#respond"]}]},{"@type":"WebPage","@id":"https:\/\/luchonoticias.com\/editor\/cayeron-orejas-y-barbas-por-trafico-de-estupefacientes\/","url":"https:\/\/luchonoticias.com\/editor\/cayeron-orejas-y-barbas-por-trafico-de-estupefacientes\/","name":"Cayeron \u2018Orejas\u2019 y \u2018Barbas\u2019 por tr\u00e1fico de estupefacientes -","isPartOf":{"@id":"https:\/\/luchonoticias.com\/editor\/#website"},"datePublished":"2023-12-07T21:25:14+00:00","dateModified":"2023-12-07T21:25:15+00:00","breadcrumb":{"@id":"https:\/\/luchonoticias.com\/editor\/cayeron-orejas-y-barbas-por-trafico-de-estupefacientes\/#breadcrumb"},"inLanguage":"es","potentialAction":[{"@type":"ReadAction","target":["https:\/\/luchonoticias.com\/editor\/cayeron-orejas-y-barbas-por-trafico-de-estupefacientes\/"]}]},{"@type":"BreadcrumbList","@id":"https:\/\/luchonoticias.com\/editor\/cayeron-orejas-y-barbas-por-trafico-de-estupefacientes\/#breadcrumb","itemListElement":[{"@type":"ListItem","position":1,"name":"Portada","item":"https:\/\/luchonoticias.com\/editor\/"},{"@type":"ListItem","position":2,"name":"Cayeron \u2018Orejas\u2019 y \u2018Barbas\u2019 por tr\u00e1fico de estupefacientes"}]},{"@type":"WebSite","@id":"https:\/\/luchonoticias.com\/editor\/#website","url":"https:\/\/luchonoticias.com\/editor\/","name":"","description":"","publisher":{"@id":"https:\/\/luchonoticias.com\/editor\/#\/schema\/person\/7a7fd911f58561fd056dbac7b55af9cd"},"potentialAction":[{"@type":"SearchAction","target":{"@type":"EntryPoint","urlTemplate":"https:\/\/luchonoticias.com\/editor\/?s={search_term_string}"},"query-input":{"@type":"PropertyValueSpecification","valueRequired":true,"valueName":"search_term_string"}}],"inLanguage":"es"},{"@type":["Person","Organization"],"@id":"https:\/\/luchonoticias.com\/editor\/#\/schema\/person\/7a7fd911f58561fd056dbac7b55af9cd","name":"admin","image":{"@type":"ImageObject","inLanguage":"es","@id":"https:\/\/luchonoticias.com\/editor\/#\/schema\/person\/image\/","url":"https:\/\/luchonoticias.com\/editor\/wp-content\/uploads\/2024\/02\/cropped-cropped-logolu.webp","contentUrl":"https:\/\/luchonoticias.com\/editor\/wp-content\/uploads\/2024\/02\/cropped-cropped-logolu.webp","width":382,"height":170,"caption":"admin"},"logo":{"@id":"https:\/\/luchonoticias.com\/editor\/#\/schema\/person\/image\/"},"sameAs":["https:\/\/www.facebook.com\/luchonoticiasneiva"]},{"@type":"Person","@id":"https:\/\/luchonoticias.com\/editor\/#\/schema\/person\/29217990ddf6f14e35912b2866d591fb","name":"Editor General","image":{"@type":"ImageObject","inLanguage":"es","@id":"https:\/\/luchonoticias.com\/editor\/#\/schema\/person\/image\/","url":"https:\/\/luchonoticias.com\/editor\/wp-content\/uploads\/2024\/02\/cropped-cropped-logolu-150x150.webp","contentUrl":"https:\/\/luchonoticias.com\/editor\/wp-content\/uploads\/2024\/02\/cropped-cropped-logolu-150x150.webp","caption":"Editor General"},"sameAs":["https:\/\/luchonoticias.com\/"],"url":"https:\/\/luchonoticias.com\/editor\/author\/editor-general\/"}]}},"_links":{"self":[{"href":"https:\/\/luchonoticias.com\/editor\/wp-json\/wp\/v2\/posts\/65208","targetHints":{"allow":["GET"]}}],"collection":[{"href":"https:\/\/luchonoticias.com\/editor\/wp-json\/wp\/v2\/posts"}],"about":[{"href":"https:\/\/luchonoticias.com\/editor\/wp-json\/wp\/v2\/types\/post"}],"author":[{"embeddable":true,"href":"https:\/\/luchonoticias.com\/editor\/wp-json\/wp\/v2\/users\/2"}],"replies":[{"embeddable":true,"href":"https:\/\/luchonoticias.com\/editor\/wp-json\/wp\/v2\/comments?post=65208"}],"version-history":[{"count":0,"href":"https:\/\/luchonoticias.com\/editor\/wp-json\/wp\/v2\/posts\/65208\/revisions"}],"wp:attachment":[{"href":"https:\/\/luchonoticias.com\/editor\/wp-json\/wp\/v2\/media?parent=65208"}],"wp:term":[{"taxonomy":"category","embeddable":true,"href":"https:\/\/luchonoticias.com\/editor\/wp-json\/wp\/v2\/categories?post=65208"},{"taxonomy":"post_tag","embeddable":true,"href":"https:\/\/luchonoticias.com\/editor\/wp-json\/wp\/v2\/tags?post=65208"}],"curies":[{"name":"wp","href":"https:\/\/api.w.org\/{rel}","templated":true}]}}