{"id":65211,"date":"2023-12-07T16:28:25","date_gmt":"2023-12-07T21:28:25","guid":{"rendered":"https:\/\/luchonoticias.com\/?p=65211"},"modified":"2023-12-07T16:28:26","modified_gmt":"2023-12-07T21:28:26","slug":"colombia-y-espana-se-unen-para-fortalecer-la-lucha-contra-el-delito-de-trata-de-personas","status":"publish","type":"post","link":"https:\/\/luchonoticias.com\/editor\/colombia-y-espana-se-unen-para-fortalecer-la-lucha-contra-el-delito-de-trata-de-personas\/","title":{"rendered":"Colombia y Espa\u00f1a se unen para fortalecer la lucha contra el delito de trata de personas"},"content":{"rendered":"\n<p>Con el objetivo de combatir, de manera integral, el delito de trata de personas en cinco departamentos del pa\u00eds, el ministro del Interior, Luis Fernando Velasco, firm\u00f3 un convenio de cooperaci\u00f3n internacional con el Reino de Espa\u00f1a.<\/p>\n\n\n\n<p>En el encuentro se formaliz\u00f3 la donaci\u00f3n de dos millones de euros para apoyar al Estado colombiano en la implementaci\u00f3n y consecuci\u00f3n de estrategias para fortalecer la lucha contra la trata en Nari\u00f1o, Choc\u00f3, Antioquia, La Guajira y Norte de Santander.<\/p>\n\n\n\n<p>\u201cTenemos que hacer un gran esfuerzo para visibilizar una realidad dolorosa. Estas son unas mafias que mueven millones de euros y d\u00f3lares y, por ello, valoramos profundamente que el Reino de Espa\u00f1a nos ayude y se firme este convenio\u201d, dijo el ministro.<\/p>\n\n\n\n<p>Explic\u00f3 que este convenio no es \u00fanicamente de recursos sino la decisi\u00f3n de un pa\u00eds de reconocer la existencia de este delito y tomar medidas para enfrentarlo.<\/p>\n\n\n\n<p>\u201cHemos detectado m\u00e1s de 300 casos en los \u00faltimos meses. Tambi\u00e9n est\u00e1 el caso de ni\u00f1os que roban para mendicidad, as\u00ed como las personas con discapacidad que se las roban para mendicidad\u201d, se\u00f1al\u00f3.<\/p>\n\n\n\n<p>Velasco indic\u00f3 que con Espa\u00f1a se adelantar\u00e1n \u201ctareas que nos permitan enfrentar este delito en su punto de llegada, el origen puede ser Am\u00e9rica Latina, \u00c1frica, e incluso Asia\u201d.<\/p>\n\n\n\n<p>El proyecto busca implementar estrategias como creaci\u00f3n de planes locales con el prop\u00f3sito de combatir eficazmente la trata de personas, a trav\u00e9s de la prevenci\u00f3n del delito, fortalecimiento de capacidades de identificaci\u00f3n, referencia, investigaci\u00f3n y enjuiciamiento, protecci\u00f3n y asistencia a las v\u00edctimas, y la elaboraci\u00f3n de protocolos para facilitar la reinserci\u00f3n laboral.<\/p>\n\n\n\n<p>El embajador de Espa\u00f1a en Colombia, Joaqu\u00edn de Ar\u00edstegui, manifest\u00f3 que \u201cestoy seguro que cuando analicemos los resultados en los cinco departamentos colombianos que se van a beneficiar directamente de este proyecto, podremos ofrecer buenas experiencias y pr\u00e1cticas a otros pa\u00edses del mundo\u201d.<\/p>\n\n\n\n<p>La trata de personas es el tercer delito m\u00e1s lucrativo del mundo. Cifras de Naciones Unidas demuestran que las tasas de detecci\u00f3n cayeron 11% en 2020 y las condenas se desplomaron 27%, lo que ilustra una ralentizaci\u00f3n mundial de la respuesta de la justicia penal a la trata de personas.<\/p>\n","protected":false},"excerpt":{"rendered":"<p>Con el objetivo de combatir, de manera integral, el delito de trata de personas en cinco departamentos del pa\u00eds, el ministro del Interior, Luis Fernando Velasco, firm\u00f3 un convenio de cooperaci\u00f3n internacional con el Reino de Espa\u00f1a. En el encuentro se formaliz\u00f3 la donaci\u00f3n de dos millones de euros para apoyar al Estado colombiano en [&hellip;]<\/p>\n","protected":false},"author":2,"featured_media":0,"comment_status":"open","ping_status":"open","sticky":false,"template":"","format":"standard","meta":{"footnotes":""},"categories":[28,36],"tags":[],"class_list":["post-65211","post","type-post","status-publish","format-standard","hentry","category-actualidad","category-destacado"],"yoast_head":"<!-- This site is optimized with the Yoast SEO plugin v26.6 - https:\/\/yoast.com\/wordpress\/plugins\/seo\/ -->\n<title>Colombia y Espa\u00f1a se unen para fortalecer la lucha contra el delito de trata de personas -<\/title>\n<meta name=\"robots\" content=\"index, follow, max-snippet:-1, max-image-preview:large, max-video-preview:-1\" \/>\n<link rel=\"canonical\" href=\"https:\/\/luchonoticias.com\/editor\/colombia-y-espana-se-unen-para-fortalecer-la-lucha-contra-el-delito-de-trata-de-personas\/\" \/>\n<meta property=\"og:locale\" content=\"es_ES\" \/>\n<meta property=\"og:type\" content=\"article\" \/>\n<meta property=\"og:title\" content=\"Colombia y Espa\u00f1a se unen para fortalecer la lucha contra el delito de trata de personas -\" \/>\n<meta property=\"og:url\" content=\"https:\/\/luchonoticias.com\/editor\/colombia-y-espana-se-unen-para-fortalecer-la-lucha-contra-el-delito-de-trata-de-personas\/\" \/>\n<meta property=\"article:publisher\" content=\"https:\/\/www.facebook.com\/luchonoticiasneiva\" \/>\n<meta property=\"article:published_time\" content=\"2023-12-07T21:28:25+00:00\" \/>\n<meta property=\"article:modified_time\" content=\"2023-12-07T21:28:26+00:00\" \/>\n<meta name=\"author\" content=\"Editor General\" \/>\n<meta name=\"twitter:card\" content=\"summary_large_image\" \/>\n<meta name=\"twitter:label1\" content=\"Escrito por\" \/>\n\t<meta name=\"twitter:data1\" content=\"Editor General\" \/>\n\t<meta name=\"twitter:label2\" content=\"Tiempo de lectura\" \/>\n\t<meta name=\"twitter:data2\" content=\"2 minutos\" \/>\n<script type=\"application\/ld+json\" class=\"yoast-schema-graph\">{\"@context\":\"https:\/\/schema.org\",\"@graph\":[{\"@type\":\"Article\",\"@id\":\"https:\/\/luchonoticias.com\/editor\/colombia-y-espana-se-unen-para-fortalecer-la-lucha-contra-el-delito-de-trata-de-personas\/#article\",\"isPartOf\":{\"@id\":\"https:\/\/luchonoticias.com\/editor\/colombia-y-espana-se-unen-para-fortalecer-la-lucha-contra-el-delito-de-trata-de-personas\/\"},\"author\":{\"name\":\"Editor General\",\"@id\":\"https:\/\/luchonoticias.com\/editor\/#\/schema\/person\/29217990ddf6f14e35912b2866d591fb\"},\"headline\":\"Colombia y Espa\u00f1a se unen para fortalecer la lucha contra el delito de trata de personas\",\"datePublished\":\"2023-12-07T21:28:25+00:00\",\"dateModified\":\"2023-12-07T21:28:26+00:00\",\"mainEntityOfPage\":{\"@id\":\"https:\/\/luchonoticias.com\/editor\/colombia-y-espana-se-unen-para-fortalecer-la-lucha-contra-el-delito-de-trata-de-personas\/\"},\"wordCount\":403,\"commentCount\":0,\"publisher\":{\"@id\":\"https:\/\/luchonoticias.com\/editor\/#\/schema\/person\/7a7fd911f58561fd056dbac7b55af9cd\"},\"articleSection\":[\"Actualidad\",\"Destacado\"],\"inLanguage\":\"es\",\"potentialAction\":[{\"@type\":\"CommentAction\",\"name\":\"Comment\",\"target\":[\"https:\/\/luchonoticias.com\/editor\/colombia-y-espana-se-unen-para-fortalecer-la-lucha-contra-el-delito-de-trata-de-personas\/#respond\"]}]},{\"@type\":\"WebPage\",\"@id\":\"https:\/\/luchonoticias.com\/editor\/colombia-y-espana-se-unen-para-fortalecer-la-lucha-contra-el-delito-de-trata-de-personas\/\",\"url\":\"https:\/\/luchonoticias.com\/editor\/colombia-y-espana-se-unen-para-fortalecer-la-lucha-contra-el-delito-de-trata-de-personas\/\",\"name\":\"Colombia y Espa\u00f1a se unen para fortalecer la lucha contra el delito de trata de personas -\",\"isPartOf\":{\"@id\":\"https:\/\/luchonoticias.com\/editor\/#website\"},\"datePublished\":\"2023-12-07T21:28:25+00:00\",\"dateModified\":\"2023-12-07T21:28:26+00:00\",\"breadcrumb\":{\"@id\":\"https:\/\/luchonoticias.com\/editor\/colombia-y-espana-se-unen-para-fortalecer-la-lucha-contra-el-delito-de-trata-de-personas\/#breadcrumb\"},\"inLanguage\":\"es\",\"potentialAction\":[{\"@type\":\"ReadAction\",\"target\":[\"https:\/\/luchonoticias.com\/editor\/colombia-y-espana-se-unen-para-fortalecer-la-lucha-contra-el-delito-de-trata-de-personas\/\"]}]},{\"@type\":\"BreadcrumbList\",\"@id\":\"https:\/\/luchonoticias.com\/editor\/colombia-y-espana-se-unen-para-fortalecer-la-lucha-contra-el-delito-de-trata-de-personas\/#breadcrumb\",\"itemListElement\":[{\"@type\":\"ListItem\",\"position\":1,\"name\":\"Portada\",\"item\":\"https:\/\/luchonoticias.com\/editor\/\"},{\"@type\":\"ListItem\",\"position\":2,\"name\":\"Colombia y Espa\u00f1a se unen para fortalecer la lucha contra el delito de trata de personas\"}]},{\"@type\":\"WebSite\",\"@id\":\"https:\/\/luchonoticias.com\/editor\/#website\",\"url\":\"https:\/\/luchonoticias.com\/editor\/\",\"name\":\"\",\"description\":\"\",\"publisher\":{\"@id\":\"https:\/\/luchonoticias.com\/editor\/#\/schema\/person\/7a7fd911f58561fd056dbac7b55af9cd\"},\"potentialAction\":[{\"@type\":\"SearchAction\",\"target\":{\"@type\":\"EntryPoint\",\"urlTemplate\":\"https:\/\/luchonoticias.com\/editor\/?s={search_term_string}\"},\"query-input\":{\"@type\":\"PropertyValueSpecification\",\"valueRequired\":true,\"valueName\":\"search_term_string\"}}],\"inLanguage\":\"es\"},{\"@type\":[\"Person\",\"Organization\"],\"@id\":\"https:\/\/luchonoticias.com\/editor\/#\/schema\/person\/7a7fd911f58561fd056dbac7b55af9cd\",\"name\":\"admin\",\"image\":{\"@type\":\"ImageObject\",\"inLanguage\":\"es\",\"@id\":\"https:\/\/luchonoticias.com\/editor\/#\/schema\/person\/image\/\",\"url\":\"https:\/\/luchonoticias.com\/editor\/wp-content\/uploads\/2024\/02\/cropped-cropped-logolu.webp\",\"contentUrl\":\"https:\/\/luchonoticias.com\/editor\/wp-content\/uploads\/2024\/02\/cropped-cropped-logolu.webp\",\"width\":382,\"height\":170,\"caption\":\"admin\"},\"logo\":{\"@id\":\"https:\/\/luchonoticias.com\/editor\/#\/schema\/person\/image\/\"},\"sameAs\":[\"https:\/\/www.facebook.com\/luchonoticiasneiva\"]},{\"@type\":\"Person\",\"@id\":\"https:\/\/luchonoticias.com\/editor\/#\/schema\/person\/29217990ddf6f14e35912b2866d591fb\",\"name\":\"Editor General\",\"image\":{\"@type\":\"ImageObject\",\"inLanguage\":\"es\",\"@id\":\"https:\/\/luchonoticias.com\/editor\/#\/schema\/person\/image\/\",\"url\":\"https:\/\/luchonoticias.com\/editor\/wp-content\/uploads\/2024\/02\/cropped-cropped-logolu-150x150.webp\",\"contentUrl\":\"https:\/\/luchonoticias.com\/editor\/wp-content\/uploads\/2024\/02\/cropped-cropped-logolu-150x150.webp\",\"caption\":\"Editor General\"},\"sameAs\":[\"https:\/\/luchonoticias.com\/\"],\"url\":\"https:\/\/luchonoticias.com\/editor\/author\/editor-general\/\"}]}<\/script>\n<!-- \/ Yoast SEO plugin. -->","yoast_head_json":{"title":"Colombia y Espa\u00f1a se unen para fortalecer la lucha contra el delito de trata de personas -","robots":{"index":"index","follow":"follow","max-snippet":"max-snippet:-1","max-image-preview":"max-image-preview:large","max-video-preview":"max-video-preview:-1"},"canonical":"https:\/\/luchonoticias.com\/editor\/colombia-y-espana-se-unen-para-fortalecer-la-lucha-contra-el-delito-de-trata-de-personas\/","og_locale":"es_ES","og_type":"article","og_title":"Colombia y Espa\u00f1a se unen para fortalecer la lucha contra el delito de trata de personas -","og_url":"https:\/\/luchonoticias.com\/editor\/colombia-y-espana-se-unen-para-fortalecer-la-lucha-contra-el-delito-de-trata-de-personas\/","article_publisher":"https:\/\/www.facebook.com\/luchonoticiasneiva","article_published_time":"2023-12-07T21:28:25+00:00","article_modified_time":"2023-12-07T21:28:26+00:00","author":"Editor General","twitter_card":"summary_large_image","twitter_misc":{"Escrito por":"Editor General","Tiempo de lectura":"2 minutos"},"schema":{"@context":"https:\/\/schema.org","@graph":[{"@type":"Article","@id":"https:\/\/luchonoticias.com\/editor\/colombia-y-espana-se-unen-para-fortalecer-la-lucha-contra-el-delito-de-trata-de-personas\/#article","isPartOf":{"@id":"https:\/\/luchonoticias.com\/editor\/colombia-y-espana-se-unen-para-fortalecer-la-lucha-contra-el-delito-de-trata-de-personas\/"},"author":{"name":"Editor General","@id":"https:\/\/luchonoticias.com\/editor\/#\/schema\/person\/29217990ddf6f14e35912b2866d591fb"},"headline":"Colombia y Espa\u00f1a se unen para fortalecer la lucha contra el delito de trata de personas","datePublished":"2023-12-07T21:28:25+00:00","dateModified":"2023-12-07T21:28:26+00:00","mainEntityOfPage":{"@id":"https:\/\/luchonoticias.com\/editor\/colombia-y-espana-se-unen-para-fortalecer-la-lucha-contra-el-delito-de-trata-de-personas\/"},"wordCount":403,"commentCount":0,"publisher":{"@id":"https:\/\/luchonoticias.com\/editor\/#\/schema\/person\/7a7fd911f58561fd056dbac7b55af9cd"},"articleSection":["Actualidad","Destacado"],"inLanguage":"es","potentialAction":[{"@type":"CommentAction","name":"Comment","target":["https:\/\/luchonoticias.com\/editor\/colombia-y-espana-se-unen-para-fortalecer-la-lucha-contra-el-delito-de-trata-de-personas\/#respond"]}]},{"@type":"WebPage","@id":"https:\/\/luchonoticias.com\/editor\/colombia-y-espana-se-unen-para-fortalecer-la-lucha-contra-el-delito-de-trata-de-personas\/","url":"https:\/\/luchonoticias.com\/editor\/colombia-y-espana-se-unen-para-fortalecer-la-lucha-contra-el-delito-de-trata-de-personas\/","name":"Colombia y Espa\u00f1a se unen para fortalecer la lucha contra el delito de trata de personas -","isPartOf":{"@id":"https:\/\/luchonoticias.com\/editor\/#website"},"datePublished":"2023-12-07T21:28:25+00:00","dateModified":"2023-12-07T21:28:26+00:00","breadcrumb":{"@id":"https:\/\/luchonoticias.com\/editor\/colombia-y-espana-se-unen-para-fortalecer-la-lucha-contra-el-delito-de-trata-de-personas\/#breadcrumb"},"inLanguage":"es","potentialAction":[{"@type":"ReadAction","target":["https:\/\/luchonoticias.com\/editor\/colombia-y-espana-se-unen-para-fortalecer-la-lucha-contra-el-delito-de-trata-de-personas\/"]}]},{"@type":"BreadcrumbList","@id":"https:\/\/luchonoticias.com\/editor\/colombia-y-espana-se-unen-para-fortalecer-la-lucha-contra-el-delito-de-trata-de-personas\/#breadcrumb","itemListElement":[{"@type":"ListItem","position":1,"name":"Portada","item":"https:\/\/luchonoticias.com\/editor\/"},{"@type":"ListItem","position":2,"name":"Colombia y Espa\u00f1a se unen para fortalecer la lucha contra el delito de trata de personas"}]},{"@type":"WebSite","@id":"https:\/\/luchonoticias.com\/editor\/#website","url":"https:\/\/luchonoticias.com\/editor\/","name":"","description":"","publisher":{"@id":"https:\/\/luchonoticias.com\/editor\/#\/schema\/person\/7a7fd911f58561fd056dbac7b55af9cd"},"potentialAction":[{"@type":"SearchAction","target":{"@type":"EntryPoint","urlTemplate":"https:\/\/luchonoticias.com\/editor\/?s={search_term_string}"},"query-input":{"@type":"PropertyValueSpecification","valueRequired":true,"valueName":"search_term_string"}}],"inLanguage":"es"},{"@type":["Person","Organization"],"@id":"https:\/\/luchonoticias.com\/editor\/#\/schema\/person\/7a7fd911f58561fd056dbac7b55af9cd","name":"admin","image":{"@type":"ImageObject","inLanguage":"es","@id":"https:\/\/luchonoticias.com\/editor\/#\/schema\/person\/image\/","url":"https:\/\/luchonoticias.com\/editor\/wp-content\/uploads\/2024\/02\/cropped-cropped-logolu.webp","contentUrl":"https:\/\/luchonoticias.com\/editor\/wp-content\/uploads\/2024\/02\/cropped-cropped-logolu.webp","width":382,"height":170,"caption":"admin"},"logo":{"@id":"https:\/\/luchonoticias.com\/editor\/#\/schema\/person\/image\/"},"sameAs":["https:\/\/www.facebook.com\/luchonoticiasneiva"]},{"@type":"Person","@id":"https:\/\/luchonoticias.com\/editor\/#\/schema\/person\/29217990ddf6f14e35912b2866d591fb","name":"Editor General","image":{"@type":"ImageObject","inLanguage":"es","@id":"https:\/\/luchonoticias.com\/editor\/#\/schema\/person\/image\/","url":"https:\/\/luchonoticias.com\/editor\/wp-content\/uploads\/2024\/02\/cropped-cropped-logolu-150x150.webp","contentUrl":"https:\/\/luchonoticias.com\/editor\/wp-content\/uploads\/2024\/02\/cropped-cropped-logolu-150x150.webp","caption":"Editor General"},"sameAs":["https:\/\/luchonoticias.com\/"],"url":"https:\/\/luchonoticias.com\/editor\/author\/editor-general\/"}]}},"_links":{"self":[{"href":"https:\/\/luchonoticias.com\/editor\/wp-json\/wp\/v2\/posts\/65211","targetHints":{"allow":["GET"]}}],"collection":[{"href":"https:\/\/luchonoticias.com\/editor\/wp-json\/wp\/v2\/posts"}],"about":[{"href":"https:\/\/luchonoticias.com\/editor\/wp-json\/wp\/v2\/types\/post"}],"author":[{"embeddable":true,"href":"https:\/\/luchonoticias.com\/editor\/wp-json\/wp\/v2\/users\/2"}],"replies":[{"embeddable":true,"href":"https:\/\/luchonoticias.com\/editor\/wp-json\/wp\/v2\/comments?post=65211"}],"version-history":[{"count":0,"href":"https:\/\/luchonoticias.com\/editor\/wp-json\/wp\/v2\/posts\/65211\/revisions"}],"wp:attachment":[{"href":"https:\/\/luchonoticias.com\/editor\/wp-json\/wp\/v2\/media?parent=65211"}],"wp:term":[{"taxonomy":"category","embeddable":true,"href":"https:\/\/luchonoticias.com\/editor\/wp-json\/wp\/v2\/categories?post=65211"},{"taxonomy":"post_tag","embeddable":true,"href":"https:\/\/luchonoticias.com\/editor\/wp-json\/wp\/v2\/tags?post=65211"}],"curies":[{"name":"wp","href":"https:\/\/api.w.org\/{rel}","templated":true}]}}