{"id":65290,"date":"2023-12-09T08:16:32","date_gmt":"2023-12-09T13:16:32","guid":{"rendered":"https:\/\/luchonoticias.com\/?p=65290"},"modified":"2023-12-09T08:16:33","modified_gmt":"2023-12-09T13:16:33","slug":"a-4-asciende-el-numero-de-quemados-por-polvora-en-el-huila","status":"publish","type":"post","link":"https:\/\/luchonoticias.com\/editor\/a-4-asciende-el-numero-de-quemados-por-polvora-en-el-huila\/","title":{"rendered":"A 4 asciende el n\u00famero de quemados por p\u00f3lvora en el Huila"},"content":{"rendered":"\n<p>En el marco de la vigilancia de quemaduras por p\u00f3lvora vigente a nivel nacional, el departamento del Huila notific\u00f3 el cuarto caso, la Secretar\u00eda de Salud Departamental emiti\u00f3 el bolet\u00edn No. 08 del 8 de diciembre de 2023 as\u00ed:<\/p>\n\n\n\n<p>\u2022 Caso 4: persona de sexo masculino, de 11 a\u00f1os de edad, procedente del municipio de Neiva, quien presenta quemadura de primer grado en cara y tronco, con afectaci\u00f3n corporal inferior al 5%.&nbsp; El evento sucede mientras el menor observaba a terceros manipular elemento pirot\u00e9cnico tipo \u201ctriquitraque\u201d.<\/p>\n\n\n\n<p>\u201cAcumulamos 4 casos notificados a la fecha, esperamos reducci\u00f3n en el n\u00famero de casos durante la temporada, insistiendo en la importancia que tenemos todos los ciudadanos de no exponer a los menores a la manipulaci\u00f3n de p\u00f3lvora, as\u00ed como establecer todos los controles necesarios para disminuir la comercializaci\u00f3n, disminuir la distribuci\u00f3n a personas que no son competentes o que pueden estar en estado de alicoramiento y que pueden colocar en riesgo a la poblaci\u00f3n\u201d, inform\u00f3 C\u00e9sar Alberto Polan\u00eda Silva, Secretario de Salud del Huila.<\/p>\n\n\n\n<p>En los casos notificados en el departamento del Huila se observa que el 75% de los eventos han ocurrido por manipulaci\u00f3n de p\u00f3lvora, el 25% por observaci\u00f3n, en el 50% de los casos se han presentado quemaduras, 50% han presentado da\u00f1o ocular, 25% laceraci\u00f3n.<\/p>\n\n\n\n<p>Los artefactos causantes de las quemaduras y lesiones han sido 25% por cohete, 25% por tronante, 25% por tote y 25% por triquitraque.<\/p>\n\n\n\n<p>En el Huila ya son tres los menores de edad que han resultado afectados por uso de p\u00f3lvora pirot\u00e9cnica, 2 de los casos notificados en Neiva y 1 en Timan\u00e1.<\/p>\n","protected":false},"excerpt":{"rendered":"<p>En el marco de la vigilancia de quemaduras por p\u00f3lvora vigente a nivel nacional, el departamento del Huila notific\u00f3 el cuarto caso, la Secretar\u00eda de Salud Departamental emiti\u00f3 el bolet\u00edn No. 08 del 8 de diciembre de 2023 as\u00ed: \u2022 Caso 4: persona de sexo masculino, de 11 a\u00f1os de edad, procedente del municipio de [&hellip;]<\/p>\n","protected":false},"author":2,"featured_media":0,"comment_status":"open","ping_status":"open","sticky":false,"template":"","format":"standard","meta":{"footnotes":""},"categories":[36,29],"tags":[],"class_list":["post-65290","post","type-post","status-publish","format-standard","hentry","category-destacado","category-judicial"],"yoast_head":"<!-- This site is optimized with the Yoast SEO plugin v26.6 - https:\/\/yoast.com\/wordpress\/plugins\/seo\/ -->\n<title>A 4 asciende el n\u00famero de quemados por p\u00f3lvora en el Huila -<\/title>\n<meta name=\"robots\" content=\"index, follow, max-snippet:-1, max-image-preview:large, max-video-preview:-1\" \/>\n<link rel=\"canonical\" href=\"https:\/\/luchonoticias.com\/editor\/a-4-asciende-el-numero-de-quemados-por-polvora-en-el-huila\/\" \/>\n<meta property=\"og:locale\" content=\"es_ES\" \/>\n<meta property=\"og:type\" content=\"article\" \/>\n<meta property=\"og:title\" content=\"A 4 asciende el n\u00famero de quemados por p\u00f3lvora en el Huila -\" \/>\n<meta property=\"og:url\" content=\"https:\/\/luchonoticias.com\/editor\/a-4-asciende-el-numero-de-quemados-por-polvora-en-el-huila\/\" \/>\n<meta property=\"article:publisher\" content=\"https:\/\/www.facebook.com\/luchonoticiasneiva\" \/>\n<meta property=\"article:published_time\" content=\"2023-12-09T13:16:32+00:00\" \/>\n<meta property=\"article:modified_time\" content=\"2023-12-09T13:16:33+00:00\" \/>\n<meta name=\"author\" content=\"Editor General\" \/>\n<meta name=\"twitter:card\" content=\"summary_large_image\" \/>\n<meta name=\"twitter:label1\" content=\"Escrito por\" \/>\n\t<meta name=\"twitter:data1\" content=\"Editor General\" \/>\n\t<meta name=\"twitter:label2\" content=\"Tiempo de lectura\" \/>\n\t<meta name=\"twitter:data2\" content=\"1 minuto\" \/>\n<script type=\"application\/ld+json\" class=\"yoast-schema-graph\">{\"@context\":\"https:\/\/schema.org\",\"@graph\":[{\"@type\":\"Article\",\"@id\":\"https:\/\/luchonoticias.com\/editor\/a-4-asciende-el-numero-de-quemados-por-polvora-en-el-huila\/#article\",\"isPartOf\":{\"@id\":\"https:\/\/luchonoticias.com\/editor\/a-4-asciende-el-numero-de-quemados-por-polvora-en-el-huila\/\"},\"author\":{\"name\":\"Editor General\",\"@id\":\"https:\/\/luchonoticias.com\/editor\/#\/schema\/person\/29217990ddf6f14e35912b2866d591fb\"},\"headline\":\"A 4 asciende el n\u00famero de quemados por p\u00f3lvora en el Huila\",\"datePublished\":\"2023-12-09T13:16:32+00:00\",\"dateModified\":\"2023-12-09T13:16:33+00:00\",\"mainEntityOfPage\":{\"@id\":\"https:\/\/luchonoticias.com\/editor\/a-4-asciende-el-numero-de-quemados-por-polvora-en-el-huila\/\"},\"wordCount\":284,\"commentCount\":0,\"publisher\":{\"@id\":\"https:\/\/luchonoticias.com\/editor\/#\/schema\/person\/7a7fd911f58561fd056dbac7b55af9cd\"},\"articleSection\":[\"Destacado\",\"Judicial\"],\"inLanguage\":\"es\",\"potentialAction\":[{\"@type\":\"CommentAction\",\"name\":\"Comment\",\"target\":[\"https:\/\/luchonoticias.com\/editor\/a-4-asciende-el-numero-de-quemados-por-polvora-en-el-huila\/#respond\"]}]},{\"@type\":\"WebPage\",\"@id\":\"https:\/\/luchonoticias.com\/editor\/a-4-asciende-el-numero-de-quemados-por-polvora-en-el-huila\/\",\"url\":\"https:\/\/luchonoticias.com\/editor\/a-4-asciende-el-numero-de-quemados-por-polvora-en-el-huila\/\",\"name\":\"A 4 asciende el n\u00famero de quemados por p\u00f3lvora en el Huila -\",\"isPartOf\":{\"@id\":\"https:\/\/luchonoticias.com\/editor\/#website\"},\"datePublished\":\"2023-12-09T13:16:32+00:00\",\"dateModified\":\"2023-12-09T13:16:33+00:00\",\"breadcrumb\":{\"@id\":\"https:\/\/luchonoticias.com\/editor\/a-4-asciende-el-numero-de-quemados-por-polvora-en-el-huila\/#breadcrumb\"},\"inLanguage\":\"es\",\"potentialAction\":[{\"@type\":\"ReadAction\",\"target\":[\"https:\/\/luchonoticias.com\/editor\/a-4-asciende-el-numero-de-quemados-por-polvora-en-el-huila\/\"]}]},{\"@type\":\"BreadcrumbList\",\"@id\":\"https:\/\/luchonoticias.com\/editor\/a-4-asciende-el-numero-de-quemados-por-polvora-en-el-huila\/#breadcrumb\",\"itemListElement\":[{\"@type\":\"ListItem\",\"position\":1,\"name\":\"Portada\",\"item\":\"https:\/\/luchonoticias.com\/editor\/\"},{\"@type\":\"ListItem\",\"position\":2,\"name\":\"A 4 asciende el n\u00famero de quemados por p\u00f3lvora en el Huila\"}]},{\"@type\":\"WebSite\",\"@id\":\"https:\/\/luchonoticias.com\/editor\/#website\",\"url\":\"https:\/\/luchonoticias.com\/editor\/\",\"name\":\"\",\"description\":\"\",\"publisher\":{\"@id\":\"https:\/\/luchonoticias.com\/editor\/#\/schema\/person\/7a7fd911f58561fd056dbac7b55af9cd\"},\"potentialAction\":[{\"@type\":\"SearchAction\",\"target\":{\"@type\":\"EntryPoint\",\"urlTemplate\":\"https:\/\/luchonoticias.com\/editor\/?s={search_term_string}\"},\"query-input\":{\"@type\":\"PropertyValueSpecification\",\"valueRequired\":true,\"valueName\":\"search_term_string\"}}],\"inLanguage\":\"es\"},{\"@type\":[\"Person\",\"Organization\"],\"@id\":\"https:\/\/luchonoticias.com\/editor\/#\/schema\/person\/7a7fd911f58561fd056dbac7b55af9cd\",\"name\":\"admin\",\"image\":{\"@type\":\"ImageObject\",\"inLanguage\":\"es\",\"@id\":\"https:\/\/luchonoticias.com\/editor\/#\/schema\/person\/image\/\",\"url\":\"https:\/\/luchonoticias.com\/editor\/wp-content\/uploads\/2024\/02\/cropped-cropped-logolu.webp\",\"contentUrl\":\"https:\/\/luchonoticias.com\/editor\/wp-content\/uploads\/2024\/02\/cropped-cropped-logolu.webp\",\"width\":382,\"height\":170,\"caption\":\"admin\"},\"logo\":{\"@id\":\"https:\/\/luchonoticias.com\/editor\/#\/schema\/person\/image\/\"},\"sameAs\":[\"https:\/\/www.facebook.com\/luchonoticiasneiva\"]},{\"@type\":\"Person\",\"@id\":\"https:\/\/luchonoticias.com\/editor\/#\/schema\/person\/29217990ddf6f14e35912b2866d591fb\",\"name\":\"Editor General\",\"image\":{\"@type\":\"ImageObject\",\"inLanguage\":\"es\",\"@id\":\"https:\/\/luchonoticias.com\/editor\/#\/schema\/person\/image\/\",\"url\":\"https:\/\/luchonoticias.com\/editor\/wp-content\/uploads\/2024\/02\/cropped-cropped-logolu-150x150.webp\",\"contentUrl\":\"https:\/\/luchonoticias.com\/editor\/wp-content\/uploads\/2024\/02\/cropped-cropped-logolu-150x150.webp\",\"caption\":\"Editor General\"},\"sameAs\":[\"https:\/\/luchonoticias.com\/\"],\"url\":\"https:\/\/luchonoticias.com\/editor\/author\/editor-general\/\"}]}<\/script>\n<!-- \/ Yoast SEO plugin. -->","yoast_head_json":{"title":"A 4 asciende el n\u00famero de quemados por p\u00f3lvora en el Huila -","robots":{"index":"index","follow":"follow","max-snippet":"max-snippet:-1","max-image-preview":"max-image-preview:large","max-video-preview":"max-video-preview:-1"},"canonical":"https:\/\/luchonoticias.com\/editor\/a-4-asciende-el-numero-de-quemados-por-polvora-en-el-huila\/","og_locale":"es_ES","og_type":"article","og_title":"A 4 asciende el n\u00famero de quemados por p\u00f3lvora en el Huila -","og_url":"https:\/\/luchonoticias.com\/editor\/a-4-asciende-el-numero-de-quemados-por-polvora-en-el-huila\/","article_publisher":"https:\/\/www.facebook.com\/luchonoticiasneiva","article_published_time":"2023-12-09T13:16:32+00:00","article_modified_time":"2023-12-09T13:16:33+00:00","author":"Editor General","twitter_card":"summary_large_image","twitter_misc":{"Escrito por":"Editor General","Tiempo de lectura":"1 minuto"},"schema":{"@context":"https:\/\/schema.org","@graph":[{"@type":"Article","@id":"https:\/\/luchonoticias.com\/editor\/a-4-asciende-el-numero-de-quemados-por-polvora-en-el-huila\/#article","isPartOf":{"@id":"https:\/\/luchonoticias.com\/editor\/a-4-asciende-el-numero-de-quemados-por-polvora-en-el-huila\/"},"author":{"name":"Editor General","@id":"https:\/\/luchonoticias.com\/editor\/#\/schema\/person\/29217990ddf6f14e35912b2866d591fb"},"headline":"A 4 asciende el n\u00famero de quemados por p\u00f3lvora en el Huila","datePublished":"2023-12-09T13:16:32+00:00","dateModified":"2023-12-09T13:16:33+00:00","mainEntityOfPage":{"@id":"https:\/\/luchonoticias.com\/editor\/a-4-asciende-el-numero-de-quemados-por-polvora-en-el-huila\/"},"wordCount":284,"commentCount":0,"publisher":{"@id":"https:\/\/luchonoticias.com\/editor\/#\/schema\/person\/7a7fd911f58561fd056dbac7b55af9cd"},"articleSection":["Destacado","Judicial"],"inLanguage":"es","potentialAction":[{"@type":"CommentAction","name":"Comment","target":["https:\/\/luchonoticias.com\/editor\/a-4-asciende-el-numero-de-quemados-por-polvora-en-el-huila\/#respond"]}]},{"@type":"WebPage","@id":"https:\/\/luchonoticias.com\/editor\/a-4-asciende-el-numero-de-quemados-por-polvora-en-el-huila\/","url":"https:\/\/luchonoticias.com\/editor\/a-4-asciende-el-numero-de-quemados-por-polvora-en-el-huila\/","name":"A 4 asciende el n\u00famero de quemados por p\u00f3lvora en el Huila -","isPartOf":{"@id":"https:\/\/luchonoticias.com\/editor\/#website"},"datePublished":"2023-12-09T13:16:32+00:00","dateModified":"2023-12-09T13:16:33+00:00","breadcrumb":{"@id":"https:\/\/luchonoticias.com\/editor\/a-4-asciende-el-numero-de-quemados-por-polvora-en-el-huila\/#breadcrumb"},"inLanguage":"es","potentialAction":[{"@type":"ReadAction","target":["https:\/\/luchonoticias.com\/editor\/a-4-asciende-el-numero-de-quemados-por-polvora-en-el-huila\/"]}]},{"@type":"BreadcrumbList","@id":"https:\/\/luchonoticias.com\/editor\/a-4-asciende-el-numero-de-quemados-por-polvora-en-el-huila\/#breadcrumb","itemListElement":[{"@type":"ListItem","position":1,"name":"Portada","item":"https:\/\/luchonoticias.com\/editor\/"},{"@type":"ListItem","position":2,"name":"A 4 asciende el n\u00famero de quemados por p\u00f3lvora en el Huila"}]},{"@type":"WebSite","@id":"https:\/\/luchonoticias.com\/editor\/#website","url":"https:\/\/luchonoticias.com\/editor\/","name":"","description":"","publisher":{"@id":"https:\/\/luchonoticias.com\/editor\/#\/schema\/person\/7a7fd911f58561fd056dbac7b55af9cd"},"potentialAction":[{"@type":"SearchAction","target":{"@type":"EntryPoint","urlTemplate":"https:\/\/luchonoticias.com\/editor\/?s={search_term_string}"},"query-input":{"@type":"PropertyValueSpecification","valueRequired":true,"valueName":"search_term_string"}}],"inLanguage":"es"},{"@type":["Person","Organization"],"@id":"https:\/\/luchonoticias.com\/editor\/#\/schema\/person\/7a7fd911f58561fd056dbac7b55af9cd","name":"admin","image":{"@type":"ImageObject","inLanguage":"es","@id":"https:\/\/luchonoticias.com\/editor\/#\/schema\/person\/image\/","url":"https:\/\/luchonoticias.com\/editor\/wp-content\/uploads\/2024\/02\/cropped-cropped-logolu.webp","contentUrl":"https:\/\/luchonoticias.com\/editor\/wp-content\/uploads\/2024\/02\/cropped-cropped-logolu.webp","width":382,"height":170,"caption":"admin"},"logo":{"@id":"https:\/\/luchonoticias.com\/editor\/#\/schema\/person\/image\/"},"sameAs":["https:\/\/www.facebook.com\/luchonoticiasneiva"]},{"@type":"Person","@id":"https:\/\/luchonoticias.com\/editor\/#\/schema\/person\/29217990ddf6f14e35912b2866d591fb","name":"Editor General","image":{"@type":"ImageObject","inLanguage":"es","@id":"https:\/\/luchonoticias.com\/editor\/#\/schema\/person\/image\/","url":"https:\/\/luchonoticias.com\/editor\/wp-content\/uploads\/2024\/02\/cropped-cropped-logolu-150x150.webp","contentUrl":"https:\/\/luchonoticias.com\/editor\/wp-content\/uploads\/2024\/02\/cropped-cropped-logolu-150x150.webp","caption":"Editor General"},"sameAs":["https:\/\/luchonoticias.com\/"],"url":"https:\/\/luchonoticias.com\/editor\/author\/editor-general\/"}]}},"_links":{"self":[{"href":"https:\/\/luchonoticias.com\/editor\/wp-json\/wp\/v2\/posts\/65290","targetHints":{"allow":["GET"]}}],"collection":[{"href":"https:\/\/luchonoticias.com\/editor\/wp-json\/wp\/v2\/posts"}],"about":[{"href":"https:\/\/luchonoticias.com\/editor\/wp-json\/wp\/v2\/types\/post"}],"author":[{"embeddable":true,"href":"https:\/\/luchonoticias.com\/editor\/wp-json\/wp\/v2\/users\/2"}],"replies":[{"embeddable":true,"href":"https:\/\/luchonoticias.com\/editor\/wp-json\/wp\/v2\/comments?post=65290"}],"version-history":[{"count":0,"href":"https:\/\/luchonoticias.com\/editor\/wp-json\/wp\/v2\/posts\/65290\/revisions"}],"wp:attachment":[{"href":"https:\/\/luchonoticias.com\/editor\/wp-json\/wp\/v2\/media?parent=65290"}],"wp:term":[{"taxonomy":"category","embeddable":true,"href":"https:\/\/luchonoticias.com\/editor\/wp-json\/wp\/v2\/categories?post=65290"},{"taxonomy":"post_tag","embeddable":true,"href":"https:\/\/luchonoticias.com\/editor\/wp-json\/wp\/v2\/tags?post=65290"}],"curies":[{"name":"wp","href":"https:\/\/api.w.org\/{rel}","templated":true}]}}