{"id":65299,"date":"2023-12-09T15:53:58","date_gmt":"2023-12-09T20:53:58","guid":{"rendered":"https:\/\/luchonoticias.com\/?p=65299"},"modified":"2023-12-09T15:53:59","modified_gmt":"2023-12-09T20:53:59","slug":"estamos-frente-a-un-golpe-de-estado-en-guatemala-presidente-gustavo-petro","status":"publish","type":"post","link":"https:\/\/luchonoticias.com\/editor\/estamos-frente-a-un-golpe-de-estado-en-guatemala-presidente-gustavo-petro\/","title":{"rendered":"\u2018Estamos frente a un golpe de estado en Guatemala\u2019: Presidente Gustavo Petro"},"content":{"rendered":"\n<p>\u201cEstamos frente a un golpe de estado en Guatemala. La OEA debe actuar de inmediato. Todo el apoyo al pueblo guatemalteco. Una fiscal\u00eda que ha encubierto el narcotr\u00e1fico y la corrupci\u00f3n act\u00faa contra la democracia<\/p>\n\n\n\n<p>En estos t\u00e9rminos, el presidente Gustavo Petro Urrego rechaz\u00f3 en su cuenta de X, la decisi\u00f3n de la Fiscal\u00eda de ese pa\u00eds de pedir la nulidad de las elecciones presidenciales de agosto pasado que gan\u00f3 Bernardo Ar\u00e9valo, del Movimiento Semilla, por supuestas anomal\u00edas en las actas electorales.<\/p>\n\n\n\n<p>\u201cTodos los guatemaltecos somos pueblo cuando nos levantamos a defender la democracia. No nos van a robar la esperanza\u201d, posteo el Mandatario colombiano en rechazo de lo que considera un intento de entorpecer la llegada al poder del presidente electo, quien debe posesionarse el pr\u00f3ximo 14 de enero.<\/p>\n\n\n\n<p>Las declaraciones hechas por el fiscal guatemalteco Rafael Curruchiche en una rueda de prensa en Ciudad de Guatemala provocaron una r\u00e1pida condena de la Secretar\u00eda General de la Organizaci\u00f3n de los Estados Americanos (OEA), que critic\u00f3 lo que considera un \u201cintento de golpe de Estado por parte del Ministerio P\u00fablico de Guatemala\u201d.<\/p>\n\n\n\n<p>El organismo multilateral indic\u00f3 que \u00abel intento de anular las elecciones generales del presente a\u00f1o constituye la peor forma de rompimiento democr\u00e1tico y la consolidaci\u00f3n de un fraude pol\u00edtico contra la voluntad del pueblo\u201d de Nicaragua.<\/p>\n\n\n\n<p>El Tribunal Electoral de Guatemala tambi\u00e9n se pronunci\u00f3 ratificando que los resultados de los comicios \u00abson inobjetables\u00bb.<\/p>\n","protected":false},"excerpt":{"rendered":"<p>\u201cEstamos frente a un golpe de estado en Guatemala. La OEA debe actuar de inmediato. Todo el apoyo al pueblo guatemalteco. Una fiscal\u00eda que ha encubierto el narcotr\u00e1fico y la corrupci\u00f3n act\u00faa contra la democracia En estos t\u00e9rminos, el presidente Gustavo Petro Urrego rechaz\u00f3 en su cuenta de X, la decisi\u00f3n de la Fiscal\u00eda de [&hellip;]<\/p>\n","protected":false},"author":2,"featured_media":0,"comment_status":"open","ping_status":"open","sticky":false,"template":"","format":"standard","meta":{"footnotes":""},"categories":[28,36],"tags":[],"class_list":["post-65299","post","type-post","status-publish","format-standard","hentry","category-actualidad","category-destacado"],"yoast_head":"<!-- This site is optimized with the Yoast SEO plugin v26.6 - https:\/\/yoast.com\/wordpress\/plugins\/seo\/ -->\n<title>\u2018Estamos frente a un golpe de estado en Guatemala\u2019: Presidente Gustavo Petro -<\/title>\n<meta name=\"robots\" content=\"index, follow, max-snippet:-1, max-image-preview:large, max-video-preview:-1\" \/>\n<link rel=\"canonical\" href=\"https:\/\/luchonoticias.com\/editor\/estamos-frente-a-un-golpe-de-estado-en-guatemala-presidente-gustavo-petro\/\" \/>\n<meta property=\"og:locale\" content=\"es_ES\" \/>\n<meta property=\"og:type\" content=\"article\" \/>\n<meta property=\"og:title\" content=\"\u2018Estamos frente a un golpe de estado en Guatemala\u2019: Presidente Gustavo Petro -\" \/>\n<meta property=\"og:url\" content=\"https:\/\/luchonoticias.com\/editor\/estamos-frente-a-un-golpe-de-estado-en-guatemala-presidente-gustavo-petro\/\" \/>\n<meta property=\"article:publisher\" content=\"https:\/\/www.facebook.com\/luchonoticiasneiva\" \/>\n<meta property=\"article:published_time\" content=\"2023-12-09T20:53:58+00:00\" \/>\n<meta property=\"article:modified_time\" content=\"2023-12-09T20:53:59+00:00\" \/>\n<meta name=\"author\" content=\"Editor General\" \/>\n<meta name=\"twitter:card\" content=\"summary_large_image\" \/>\n<meta name=\"twitter:label1\" content=\"Escrito por\" \/>\n\t<meta name=\"twitter:data1\" content=\"Editor General\" \/>\n\t<meta name=\"twitter:label2\" content=\"Tiempo de lectura\" \/>\n\t<meta name=\"twitter:data2\" content=\"1 minuto\" \/>\n<script type=\"application\/ld+json\" class=\"yoast-schema-graph\">{\"@context\":\"https:\/\/schema.org\",\"@graph\":[{\"@type\":\"Article\",\"@id\":\"https:\/\/luchonoticias.com\/editor\/estamos-frente-a-un-golpe-de-estado-en-guatemala-presidente-gustavo-petro\/#article\",\"isPartOf\":{\"@id\":\"https:\/\/luchonoticias.com\/editor\/estamos-frente-a-un-golpe-de-estado-en-guatemala-presidente-gustavo-petro\/\"},\"author\":{\"name\":\"Editor General\",\"@id\":\"https:\/\/luchonoticias.com\/editor\/#\/schema\/person\/29217990ddf6f14e35912b2866d591fb\"},\"headline\":\"\u2018Estamos frente a un golpe de estado en Guatemala\u2019: Presidente Gustavo Petro\",\"datePublished\":\"2023-12-09T20:53:58+00:00\",\"dateModified\":\"2023-12-09T20:53:59+00:00\",\"mainEntityOfPage\":{\"@id\":\"https:\/\/luchonoticias.com\/editor\/estamos-frente-a-un-golpe-de-estado-en-guatemala-presidente-gustavo-petro\/\"},\"wordCount\":266,\"commentCount\":0,\"publisher\":{\"@id\":\"https:\/\/luchonoticias.com\/editor\/#\/schema\/person\/7a7fd911f58561fd056dbac7b55af9cd\"},\"articleSection\":[\"Actualidad\",\"Destacado\"],\"inLanguage\":\"es\",\"potentialAction\":[{\"@type\":\"CommentAction\",\"name\":\"Comment\",\"target\":[\"https:\/\/luchonoticias.com\/editor\/estamos-frente-a-un-golpe-de-estado-en-guatemala-presidente-gustavo-petro\/#respond\"]}]},{\"@type\":\"WebPage\",\"@id\":\"https:\/\/luchonoticias.com\/editor\/estamos-frente-a-un-golpe-de-estado-en-guatemala-presidente-gustavo-petro\/\",\"url\":\"https:\/\/luchonoticias.com\/editor\/estamos-frente-a-un-golpe-de-estado-en-guatemala-presidente-gustavo-petro\/\",\"name\":\"\u2018Estamos frente a un golpe de estado en Guatemala\u2019: Presidente Gustavo Petro -\",\"isPartOf\":{\"@id\":\"https:\/\/luchonoticias.com\/editor\/#website\"},\"datePublished\":\"2023-12-09T20:53:58+00:00\",\"dateModified\":\"2023-12-09T20:53:59+00:00\",\"breadcrumb\":{\"@id\":\"https:\/\/luchonoticias.com\/editor\/estamos-frente-a-un-golpe-de-estado-en-guatemala-presidente-gustavo-petro\/#breadcrumb\"},\"inLanguage\":\"es\",\"potentialAction\":[{\"@type\":\"ReadAction\",\"target\":[\"https:\/\/luchonoticias.com\/editor\/estamos-frente-a-un-golpe-de-estado-en-guatemala-presidente-gustavo-petro\/\"]}]},{\"@type\":\"BreadcrumbList\",\"@id\":\"https:\/\/luchonoticias.com\/editor\/estamos-frente-a-un-golpe-de-estado-en-guatemala-presidente-gustavo-petro\/#breadcrumb\",\"itemListElement\":[{\"@type\":\"ListItem\",\"position\":1,\"name\":\"Portada\",\"item\":\"https:\/\/luchonoticias.com\/editor\/\"},{\"@type\":\"ListItem\",\"position\":2,\"name\":\"\u2018Estamos frente a un golpe de estado en Guatemala\u2019: Presidente Gustavo Petro\"}]},{\"@type\":\"WebSite\",\"@id\":\"https:\/\/luchonoticias.com\/editor\/#website\",\"url\":\"https:\/\/luchonoticias.com\/editor\/\",\"name\":\"\",\"description\":\"\",\"publisher\":{\"@id\":\"https:\/\/luchonoticias.com\/editor\/#\/schema\/person\/7a7fd911f58561fd056dbac7b55af9cd\"},\"potentialAction\":[{\"@type\":\"SearchAction\",\"target\":{\"@type\":\"EntryPoint\",\"urlTemplate\":\"https:\/\/luchonoticias.com\/editor\/?s={search_term_string}\"},\"query-input\":{\"@type\":\"PropertyValueSpecification\",\"valueRequired\":true,\"valueName\":\"search_term_string\"}}],\"inLanguage\":\"es\"},{\"@type\":[\"Person\",\"Organization\"],\"@id\":\"https:\/\/luchonoticias.com\/editor\/#\/schema\/person\/7a7fd911f58561fd056dbac7b55af9cd\",\"name\":\"admin\",\"image\":{\"@type\":\"ImageObject\",\"inLanguage\":\"es\",\"@id\":\"https:\/\/luchonoticias.com\/editor\/#\/schema\/person\/image\/\",\"url\":\"https:\/\/luchonoticias.com\/editor\/wp-content\/uploads\/2024\/02\/cropped-cropped-logolu.webp\",\"contentUrl\":\"https:\/\/luchonoticias.com\/editor\/wp-content\/uploads\/2024\/02\/cropped-cropped-logolu.webp\",\"width\":382,\"height\":170,\"caption\":\"admin\"},\"logo\":{\"@id\":\"https:\/\/luchonoticias.com\/editor\/#\/schema\/person\/image\/\"},\"sameAs\":[\"https:\/\/www.facebook.com\/luchonoticiasneiva\"]},{\"@type\":\"Person\",\"@id\":\"https:\/\/luchonoticias.com\/editor\/#\/schema\/person\/29217990ddf6f14e35912b2866d591fb\",\"name\":\"Editor General\",\"image\":{\"@type\":\"ImageObject\",\"inLanguage\":\"es\",\"@id\":\"https:\/\/luchonoticias.com\/editor\/#\/schema\/person\/image\/\",\"url\":\"https:\/\/luchonoticias.com\/editor\/wp-content\/uploads\/2024\/02\/cropped-cropped-logolu-150x150.webp\",\"contentUrl\":\"https:\/\/luchonoticias.com\/editor\/wp-content\/uploads\/2024\/02\/cropped-cropped-logolu-150x150.webp\",\"caption\":\"Editor General\"},\"sameAs\":[\"https:\/\/luchonoticias.com\/\"],\"url\":\"https:\/\/luchonoticias.com\/editor\/author\/editor-general\/\"}]}<\/script>\n<!-- \/ Yoast SEO plugin. -->","yoast_head_json":{"title":"\u2018Estamos frente a un golpe de estado en Guatemala\u2019: Presidente Gustavo Petro -","robots":{"index":"index","follow":"follow","max-snippet":"max-snippet:-1","max-image-preview":"max-image-preview:large","max-video-preview":"max-video-preview:-1"},"canonical":"https:\/\/luchonoticias.com\/editor\/estamos-frente-a-un-golpe-de-estado-en-guatemala-presidente-gustavo-petro\/","og_locale":"es_ES","og_type":"article","og_title":"\u2018Estamos frente a un golpe de estado en Guatemala\u2019: Presidente Gustavo Petro -","og_url":"https:\/\/luchonoticias.com\/editor\/estamos-frente-a-un-golpe-de-estado-en-guatemala-presidente-gustavo-petro\/","article_publisher":"https:\/\/www.facebook.com\/luchonoticiasneiva","article_published_time":"2023-12-09T20:53:58+00:00","article_modified_time":"2023-12-09T20:53:59+00:00","author":"Editor General","twitter_card":"summary_large_image","twitter_misc":{"Escrito por":"Editor General","Tiempo de lectura":"1 minuto"},"schema":{"@context":"https:\/\/schema.org","@graph":[{"@type":"Article","@id":"https:\/\/luchonoticias.com\/editor\/estamos-frente-a-un-golpe-de-estado-en-guatemala-presidente-gustavo-petro\/#article","isPartOf":{"@id":"https:\/\/luchonoticias.com\/editor\/estamos-frente-a-un-golpe-de-estado-en-guatemala-presidente-gustavo-petro\/"},"author":{"name":"Editor General","@id":"https:\/\/luchonoticias.com\/editor\/#\/schema\/person\/29217990ddf6f14e35912b2866d591fb"},"headline":"\u2018Estamos frente a un golpe de estado en Guatemala\u2019: Presidente Gustavo Petro","datePublished":"2023-12-09T20:53:58+00:00","dateModified":"2023-12-09T20:53:59+00:00","mainEntityOfPage":{"@id":"https:\/\/luchonoticias.com\/editor\/estamos-frente-a-un-golpe-de-estado-en-guatemala-presidente-gustavo-petro\/"},"wordCount":266,"commentCount":0,"publisher":{"@id":"https:\/\/luchonoticias.com\/editor\/#\/schema\/person\/7a7fd911f58561fd056dbac7b55af9cd"},"articleSection":["Actualidad","Destacado"],"inLanguage":"es","potentialAction":[{"@type":"CommentAction","name":"Comment","target":["https:\/\/luchonoticias.com\/editor\/estamos-frente-a-un-golpe-de-estado-en-guatemala-presidente-gustavo-petro\/#respond"]}]},{"@type":"WebPage","@id":"https:\/\/luchonoticias.com\/editor\/estamos-frente-a-un-golpe-de-estado-en-guatemala-presidente-gustavo-petro\/","url":"https:\/\/luchonoticias.com\/editor\/estamos-frente-a-un-golpe-de-estado-en-guatemala-presidente-gustavo-petro\/","name":"\u2018Estamos frente a un golpe de estado en Guatemala\u2019: Presidente Gustavo Petro -","isPartOf":{"@id":"https:\/\/luchonoticias.com\/editor\/#website"},"datePublished":"2023-12-09T20:53:58+00:00","dateModified":"2023-12-09T20:53:59+00:00","breadcrumb":{"@id":"https:\/\/luchonoticias.com\/editor\/estamos-frente-a-un-golpe-de-estado-en-guatemala-presidente-gustavo-petro\/#breadcrumb"},"inLanguage":"es","potentialAction":[{"@type":"ReadAction","target":["https:\/\/luchonoticias.com\/editor\/estamos-frente-a-un-golpe-de-estado-en-guatemala-presidente-gustavo-petro\/"]}]},{"@type":"BreadcrumbList","@id":"https:\/\/luchonoticias.com\/editor\/estamos-frente-a-un-golpe-de-estado-en-guatemala-presidente-gustavo-petro\/#breadcrumb","itemListElement":[{"@type":"ListItem","position":1,"name":"Portada","item":"https:\/\/luchonoticias.com\/editor\/"},{"@type":"ListItem","position":2,"name":"\u2018Estamos frente a un golpe de estado en Guatemala\u2019: Presidente Gustavo Petro"}]},{"@type":"WebSite","@id":"https:\/\/luchonoticias.com\/editor\/#website","url":"https:\/\/luchonoticias.com\/editor\/","name":"","description":"","publisher":{"@id":"https:\/\/luchonoticias.com\/editor\/#\/schema\/person\/7a7fd911f58561fd056dbac7b55af9cd"},"potentialAction":[{"@type":"SearchAction","target":{"@type":"EntryPoint","urlTemplate":"https:\/\/luchonoticias.com\/editor\/?s={search_term_string}"},"query-input":{"@type":"PropertyValueSpecification","valueRequired":true,"valueName":"search_term_string"}}],"inLanguage":"es"},{"@type":["Person","Organization"],"@id":"https:\/\/luchonoticias.com\/editor\/#\/schema\/person\/7a7fd911f58561fd056dbac7b55af9cd","name":"admin","image":{"@type":"ImageObject","inLanguage":"es","@id":"https:\/\/luchonoticias.com\/editor\/#\/schema\/person\/image\/","url":"https:\/\/luchonoticias.com\/editor\/wp-content\/uploads\/2024\/02\/cropped-cropped-logolu.webp","contentUrl":"https:\/\/luchonoticias.com\/editor\/wp-content\/uploads\/2024\/02\/cropped-cropped-logolu.webp","width":382,"height":170,"caption":"admin"},"logo":{"@id":"https:\/\/luchonoticias.com\/editor\/#\/schema\/person\/image\/"},"sameAs":["https:\/\/www.facebook.com\/luchonoticiasneiva"]},{"@type":"Person","@id":"https:\/\/luchonoticias.com\/editor\/#\/schema\/person\/29217990ddf6f14e35912b2866d591fb","name":"Editor General","image":{"@type":"ImageObject","inLanguage":"es","@id":"https:\/\/luchonoticias.com\/editor\/#\/schema\/person\/image\/","url":"https:\/\/luchonoticias.com\/editor\/wp-content\/uploads\/2024\/02\/cropped-cropped-logolu-150x150.webp","contentUrl":"https:\/\/luchonoticias.com\/editor\/wp-content\/uploads\/2024\/02\/cropped-cropped-logolu-150x150.webp","caption":"Editor General"},"sameAs":["https:\/\/luchonoticias.com\/"],"url":"https:\/\/luchonoticias.com\/editor\/author\/editor-general\/"}]}},"_links":{"self":[{"href":"https:\/\/luchonoticias.com\/editor\/wp-json\/wp\/v2\/posts\/65299","targetHints":{"allow":["GET"]}}],"collection":[{"href":"https:\/\/luchonoticias.com\/editor\/wp-json\/wp\/v2\/posts"}],"about":[{"href":"https:\/\/luchonoticias.com\/editor\/wp-json\/wp\/v2\/types\/post"}],"author":[{"embeddable":true,"href":"https:\/\/luchonoticias.com\/editor\/wp-json\/wp\/v2\/users\/2"}],"replies":[{"embeddable":true,"href":"https:\/\/luchonoticias.com\/editor\/wp-json\/wp\/v2\/comments?post=65299"}],"version-history":[{"count":0,"href":"https:\/\/luchonoticias.com\/editor\/wp-json\/wp\/v2\/posts\/65299\/revisions"}],"wp:attachment":[{"href":"https:\/\/luchonoticias.com\/editor\/wp-json\/wp\/v2\/media?parent=65299"}],"wp:term":[{"taxonomy":"category","embeddable":true,"href":"https:\/\/luchonoticias.com\/editor\/wp-json\/wp\/v2\/categories?post=65299"},{"taxonomy":"post_tag","embeddable":true,"href":"https:\/\/luchonoticias.com\/editor\/wp-json\/wp\/v2\/tags?post=65299"}],"curies":[{"name":"wp","href":"https:\/\/api.w.org\/{rel}","templated":true}]}}