{"id":65317,"date":"2023-12-10T08:40:47","date_gmt":"2023-12-10T13:40:47","guid":{"rendered":"https:\/\/luchonoticias.com\/?p=65317"},"modified":"2023-12-10T08:40:47","modified_gmt":"2023-12-10T13:40:47","slug":"gobierno-nacional-derogo-decreto-que-definia-procedimiento-policial-en-casos-de-porte-de-drogas","status":"publish","type":"post","link":"https:\/\/luchonoticias.com\/editor\/gobierno-nacional-derogo-decreto-que-definia-procedimiento-policial-en-casos-de-porte-de-drogas\/","title":{"rendered":"Gobierno Nacional derog\u00f3 decreto que defin\u00eda procedimiento policial en casos de porte de drogas"},"content":{"rendered":"\n<p>El presidente Gustavo Petro ha derogado el decreto del C\u00f3digo de Polic\u00eda que previamente prohib\u00eda la posesi\u00f3n, tenencia, entrega, distribuci\u00f3n y comercializaci\u00f3n de drogas o sustancias prohibidas en espacios p\u00fablicos.<\/p>\n\n\n\n<p>Esta medida, fue establecida por la norma 1844 del 2018, otorgaba facultades especiales a la Polic\u00eda para combatir el microtrafico de estupefacientes.<\/p>\n\n\n\n<p>De acuerdo con el Gobierno, la raz\u00f3n para tumbar el decreto que le daba herramientas a la Polic\u00eda para sancionar y judicializar a quienes tuvieran o vendieran este tipo de sustancias&nbsp; prohibidas es para fomentar \u00bb la armonizaci\u00f3n de la prevalencia de las obligaciones del Estado, en el cumplimiento de las convenciones internacionales en materia de drogas y de los derechos fundamentales y de los derechos humanos, consagrados en el bloque de constitucionalidad y desarrollados jurisprudencialmente\u201d<\/p>\n\n\n\n<p>El ministro Osuna, por su parte, aclar\u00f3, en un video que public\u00f3 el presidente en X, que el decreto \u201cno elimina la prohibici\u00f3n de comercio, ni de tr\u00e1fico, de microtr\u00e1fico, ni ning\u00fan comercio de drogas. Eso sigue severamente prohibido por la ley colombiana. No nos llamemos a enga\u00f1os\u201d.<\/p>\n\n\n\n<figure class=\"wp-block-embed is-type-rich is-provider-twitter wp-block-embed-twitter\"><div class=\"wp-block-embed__wrapper\">\n<blockquote class=\"twitter-tweet\" data-width=\"500\" data-dnt=\"true\"><p lang=\"es\" dir=\"ltr\">\ud83d\udd34 <a href=\"https:\/\/twitter.com\/hashtag\/EsNoticia?src=hash&amp;ref_src=twsrc%5Etfw\">#EsNoticia<\/a> | El <a href=\"https:\/\/twitter.com\/MinjusticiaCo?ref_src=twsrc%5Etfw\">@MinjusticiaCo<\/a>, <a href=\"https:\/\/twitter.com\/osunanestor?ref_src=twsrc%5Etfw\">@osunaNestor<\/a>, explica el alcance del decreto 2114 del 7 de diciembre de 2023 relacionado con porte, tenencia, entrega, distribuci\u00f3n o comercializaci\u00f3n de drogas. <br><br>\ud83d\udcf9 Ver video hasta el final \u2935\ufe0f <a href=\"https:\/\/t.co\/7o2q5koE1I\">pic.twitter.com\/7o2q5koE1I<\/a><\/p>&mdash; MinJusticia Colombia (@MinjusticiaCo) <a href=\"https:\/\/twitter.com\/MinjusticiaCo\/status\/1733652601038614567?ref_src=twsrc%5Etfw\">December 10, 2023<\/a><\/blockquote><script async src=\"https:\/\/platform.twitter.com\/widgets.js\" charset=\"utf-8\"><\/script>\n<\/div><\/figure>\n","protected":false},"excerpt":{"rendered":"<p>El presidente Gustavo Petro ha derogado el decreto del C\u00f3digo de Polic\u00eda que previamente prohib\u00eda la posesi\u00f3n, tenencia, entrega, distribuci\u00f3n y comercializaci\u00f3n de drogas o sustancias prohibidas en espacios p\u00fablicos. Esta medida, fue establecida por la norma 1844 del 2018, otorgaba facultades especiales a la Polic\u00eda para combatir el microtrafico de estupefacientes. De acuerdo con [&hellip;]<\/p>\n","protected":false},"author":2,"featured_media":0,"comment_status":"open","ping_status":"open","sticky":false,"template":"","format":"standard","meta":{"footnotes":""},"categories":[36,32],"tags":[],"class_list":["post-65317","post","type-post","status-publish","format-standard","hentry","category-destacado","category-nacional"],"yoast_head":"<!-- This site is optimized with the Yoast SEO plugin v26.6 - https:\/\/yoast.com\/wordpress\/plugins\/seo\/ -->\n<title>Gobierno Nacional derog\u00f3 decreto que defin\u00eda procedimiento policial en casos de porte de drogas -<\/title>\n<meta name=\"robots\" content=\"index, follow, max-snippet:-1, max-image-preview:large, max-video-preview:-1\" \/>\n<link rel=\"canonical\" href=\"https:\/\/luchonoticias.com\/editor\/gobierno-nacional-derogo-decreto-que-definia-procedimiento-policial-en-casos-de-porte-de-drogas\/\" \/>\n<meta property=\"og:locale\" content=\"es_ES\" \/>\n<meta property=\"og:type\" content=\"article\" \/>\n<meta property=\"og:title\" content=\"Gobierno Nacional derog\u00f3 decreto que defin\u00eda procedimiento policial en casos de porte de drogas -\" \/>\n<meta property=\"og:url\" content=\"https:\/\/luchonoticias.com\/editor\/gobierno-nacional-derogo-decreto-que-definia-procedimiento-policial-en-casos-de-porte-de-drogas\/\" \/>\n<meta property=\"article:publisher\" content=\"https:\/\/www.facebook.com\/luchonoticiasneiva\" \/>\n<meta property=\"article:published_time\" content=\"2023-12-10T13:40:47+00:00\" \/>\n<meta name=\"author\" content=\"Editor General\" \/>\n<meta name=\"twitter:card\" content=\"summary_large_image\" \/>\n<meta name=\"twitter:label1\" content=\"Escrito por\" \/>\n\t<meta name=\"twitter:data1\" content=\"Editor General\" \/>\n\t<meta name=\"twitter:label2\" content=\"Tiempo de lectura\" \/>\n\t<meta name=\"twitter:data2\" content=\"1 minuto\" \/>\n<script type=\"application\/ld+json\" class=\"yoast-schema-graph\">{\"@context\":\"https:\/\/schema.org\",\"@graph\":[{\"@type\":\"Article\",\"@id\":\"https:\/\/luchonoticias.com\/editor\/gobierno-nacional-derogo-decreto-que-definia-procedimiento-policial-en-casos-de-porte-de-drogas\/#article\",\"isPartOf\":{\"@id\":\"https:\/\/luchonoticias.com\/editor\/gobierno-nacional-derogo-decreto-que-definia-procedimiento-policial-en-casos-de-porte-de-drogas\/\"},\"author\":{\"name\":\"Editor General\",\"@id\":\"https:\/\/luchonoticias.com\/editor\/#\/schema\/person\/29217990ddf6f14e35912b2866d591fb\"},\"headline\":\"Gobierno Nacional derog\u00f3 decreto que defin\u00eda procedimiento policial en casos de porte de drogas\",\"datePublished\":\"2023-12-10T13:40:47+00:00\",\"mainEntityOfPage\":{\"@id\":\"https:\/\/luchonoticias.com\/editor\/gobierno-nacional-derogo-decreto-que-definia-procedimiento-policial-en-casos-de-porte-de-drogas\/\"},\"wordCount\":210,\"commentCount\":0,\"publisher\":{\"@id\":\"https:\/\/luchonoticias.com\/editor\/#\/schema\/person\/7a7fd911f58561fd056dbac7b55af9cd\"},\"articleSection\":[\"Destacado\",\"Nacional\"],\"inLanguage\":\"es\",\"potentialAction\":[{\"@type\":\"CommentAction\",\"name\":\"Comment\",\"target\":[\"https:\/\/luchonoticias.com\/editor\/gobierno-nacional-derogo-decreto-que-definia-procedimiento-policial-en-casos-de-porte-de-drogas\/#respond\"]}]},{\"@type\":\"WebPage\",\"@id\":\"https:\/\/luchonoticias.com\/editor\/gobierno-nacional-derogo-decreto-que-definia-procedimiento-policial-en-casos-de-porte-de-drogas\/\",\"url\":\"https:\/\/luchonoticias.com\/editor\/gobierno-nacional-derogo-decreto-que-definia-procedimiento-policial-en-casos-de-porte-de-drogas\/\",\"name\":\"Gobierno Nacional derog\u00f3 decreto que defin\u00eda procedimiento policial en casos de porte de drogas -\",\"isPartOf\":{\"@id\":\"https:\/\/luchonoticias.com\/editor\/#website\"},\"datePublished\":\"2023-12-10T13:40:47+00:00\",\"breadcrumb\":{\"@id\":\"https:\/\/luchonoticias.com\/editor\/gobierno-nacional-derogo-decreto-que-definia-procedimiento-policial-en-casos-de-porte-de-drogas\/#breadcrumb\"},\"inLanguage\":\"es\",\"potentialAction\":[{\"@type\":\"ReadAction\",\"target\":[\"https:\/\/luchonoticias.com\/editor\/gobierno-nacional-derogo-decreto-que-definia-procedimiento-policial-en-casos-de-porte-de-drogas\/\"]}]},{\"@type\":\"BreadcrumbList\",\"@id\":\"https:\/\/luchonoticias.com\/editor\/gobierno-nacional-derogo-decreto-que-definia-procedimiento-policial-en-casos-de-porte-de-drogas\/#breadcrumb\",\"itemListElement\":[{\"@type\":\"ListItem\",\"position\":1,\"name\":\"Portada\",\"item\":\"https:\/\/luchonoticias.com\/editor\/\"},{\"@type\":\"ListItem\",\"position\":2,\"name\":\"Gobierno Nacional derog\u00f3 decreto que defin\u00eda procedimiento policial en casos de porte de drogas\"}]},{\"@type\":\"WebSite\",\"@id\":\"https:\/\/luchonoticias.com\/editor\/#website\",\"url\":\"https:\/\/luchonoticias.com\/editor\/\",\"name\":\"\",\"description\":\"\",\"publisher\":{\"@id\":\"https:\/\/luchonoticias.com\/editor\/#\/schema\/person\/7a7fd911f58561fd056dbac7b55af9cd\"},\"potentialAction\":[{\"@type\":\"SearchAction\",\"target\":{\"@type\":\"EntryPoint\",\"urlTemplate\":\"https:\/\/luchonoticias.com\/editor\/?s={search_term_string}\"},\"query-input\":{\"@type\":\"PropertyValueSpecification\",\"valueRequired\":true,\"valueName\":\"search_term_string\"}}],\"inLanguage\":\"es\"},{\"@type\":[\"Person\",\"Organization\"],\"@id\":\"https:\/\/luchonoticias.com\/editor\/#\/schema\/person\/7a7fd911f58561fd056dbac7b55af9cd\",\"name\":\"admin\",\"image\":{\"@type\":\"ImageObject\",\"inLanguage\":\"es\",\"@id\":\"https:\/\/luchonoticias.com\/editor\/#\/schema\/person\/image\/\",\"url\":\"https:\/\/luchonoticias.com\/editor\/wp-content\/uploads\/2024\/02\/cropped-cropped-logolu.webp\",\"contentUrl\":\"https:\/\/luchonoticias.com\/editor\/wp-content\/uploads\/2024\/02\/cropped-cropped-logolu.webp\",\"width\":382,\"height\":170,\"caption\":\"admin\"},\"logo\":{\"@id\":\"https:\/\/luchonoticias.com\/editor\/#\/schema\/person\/image\/\"},\"sameAs\":[\"https:\/\/www.facebook.com\/luchonoticiasneiva\"]},{\"@type\":\"Person\",\"@id\":\"https:\/\/luchonoticias.com\/editor\/#\/schema\/person\/29217990ddf6f14e35912b2866d591fb\",\"name\":\"Editor General\",\"image\":{\"@type\":\"ImageObject\",\"inLanguage\":\"es\",\"@id\":\"https:\/\/luchonoticias.com\/editor\/#\/schema\/person\/image\/\",\"url\":\"https:\/\/luchonoticias.com\/editor\/wp-content\/uploads\/2024\/02\/cropped-cropped-logolu-150x150.webp\",\"contentUrl\":\"https:\/\/luchonoticias.com\/editor\/wp-content\/uploads\/2024\/02\/cropped-cropped-logolu-150x150.webp\",\"caption\":\"Editor General\"},\"sameAs\":[\"https:\/\/luchonoticias.com\/\"],\"url\":\"https:\/\/luchonoticias.com\/editor\/author\/editor-general\/\"}]}<\/script>\n<!-- \/ Yoast SEO plugin. -->","yoast_head_json":{"title":"Gobierno Nacional derog\u00f3 decreto que defin\u00eda procedimiento policial en casos de porte de drogas -","robots":{"index":"index","follow":"follow","max-snippet":"max-snippet:-1","max-image-preview":"max-image-preview:large","max-video-preview":"max-video-preview:-1"},"canonical":"https:\/\/luchonoticias.com\/editor\/gobierno-nacional-derogo-decreto-que-definia-procedimiento-policial-en-casos-de-porte-de-drogas\/","og_locale":"es_ES","og_type":"article","og_title":"Gobierno Nacional derog\u00f3 decreto que defin\u00eda procedimiento policial en casos de porte de drogas -","og_url":"https:\/\/luchonoticias.com\/editor\/gobierno-nacional-derogo-decreto-que-definia-procedimiento-policial-en-casos-de-porte-de-drogas\/","article_publisher":"https:\/\/www.facebook.com\/luchonoticiasneiva","article_published_time":"2023-12-10T13:40:47+00:00","author":"Editor General","twitter_card":"summary_large_image","twitter_misc":{"Escrito por":"Editor General","Tiempo de lectura":"1 minuto"},"schema":{"@context":"https:\/\/schema.org","@graph":[{"@type":"Article","@id":"https:\/\/luchonoticias.com\/editor\/gobierno-nacional-derogo-decreto-que-definia-procedimiento-policial-en-casos-de-porte-de-drogas\/#article","isPartOf":{"@id":"https:\/\/luchonoticias.com\/editor\/gobierno-nacional-derogo-decreto-que-definia-procedimiento-policial-en-casos-de-porte-de-drogas\/"},"author":{"name":"Editor General","@id":"https:\/\/luchonoticias.com\/editor\/#\/schema\/person\/29217990ddf6f14e35912b2866d591fb"},"headline":"Gobierno Nacional derog\u00f3 decreto que defin\u00eda procedimiento policial en casos de porte de drogas","datePublished":"2023-12-10T13:40:47+00:00","mainEntityOfPage":{"@id":"https:\/\/luchonoticias.com\/editor\/gobierno-nacional-derogo-decreto-que-definia-procedimiento-policial-en-casos-de-porte-de-drogas\/"},"wordCount":210,"commentCount":0,"publisher":{"@id":"https:\/\/luchonoticias.com\/editor\/#\/schema\/person\/7a7fd911f58561fd056dbac7b55af9cd"},"articleSection":["Destacado","Nacional"],"inLanguage":"es","potentialAction":[{"@type":"CommentAction","name":"Comment","target":["https:\/\/luchonoticias.com\/editor\/gobierno-nacional-derogo-decreto-que-definia-procedimiento-policial-en-casos-de-porte-de-drogas\/#respond"]}]},{"@type":"WebPage","@id":"https:\/\/luchonoticias.com\/editor\/gobierno-nacional-derogo-decreto-que-definia-procedimiento-policial-en-casos-de-porte-de-drogas\/","url":"https:\/\/luchonoticias.com\/editor\/gobierno-nacional-derogo-decreto-que-definia-procedimiento-policial-en-casos-de-porte-de-drogas\/","name":"Gobierno Nacional derog\u00f3 decreto que defin\u00eda procedimiento policial en casos de porte de drogas -","isPartOf":{"@id":"https:\/\/luchonoticias.com\/editor\/#website"},"datePublished":"2023-12-10T13:40:47+00:00","breadcrumb":{"@id":"https:\/\/luchonoticias.com\/editor\/gobierno-nacional-derogo-decreto-que-definia-procedimiento-policial-en-casos-de-porte-de-drogas\/#breadcrumb"},"inLanguage":"es","potentialAction":[{"@type":"ReadAction","target":["https:\/\/luchonoticias.com\/editor\/gobierno-nacional-derogo-decreto-que-definia-procedimiento-policial-en-casos-de-porte-de-drogas\/"]}]},{"@type":"BreadcrumbList","@id":"https:\/\/luchonoticias.com\/editor\/gobierno-nacional-derogo-decreto-que-definia-procedimiento-policial-en-casos-de-porte-de-drogas\/#breadcrumb","itemListElement":[{"@type":"ListItem","position":1,"name":"Portada","item":"https:\/\/luchonoticias.com\/editor\/"},{"@type":"ListItem","position":2,"name":"Gobierno Nacional derog\u00f3 decreto que defin\u00eda procedimiento policial en casos de porte de drogas"}]},{"@type":"WebSite","@id":"https:\/\/luchonoticias.com\/editor\/#website","url":"https:\/\/luchonoticias.com\/editor\/","name":"","description":"","publisher":{"@id":"https:\/\/luchonoticias.com\/editor\/#\/schema\/person\/7a7fd911f58561fd056dbac7b55af9cd"},"potentialAction":[{"@type":"SearchAction","target":{"@type":"EntryPoint","urlTemplate":"https:\/\/luchonoticias.com\/editor\/?s={search_term_string}"},"query-input":{"@type":"PropertyValueSpecification","valueRequired":true,"valueName":"search_term_string"}}],"inLanguage":"es"},{"@type":["Person","Organization"],"@id":"https:\/\/luchonoticias.com\/editor\/#\/schema\/person\/7a7fd911f58561fd056dbac7b55af9cd","name":"admin","image":{"@type":"ImageObject","inLanguage":"es","@id":"https:\/\/luchonoticias.com\/editor\/#\/schema\/person\/image\/","url":"https:\/\/luchonoticias.com\/editor\/wp-content\/uploads\/2024\/02\/cropped-cropped-logolu.webp","contentUrl":"https:\/\/luchonoticias.com\/editor\/wp-content\/uploads\/2024\/02\/cropped-cropped-logolu.webp","width":382,"height":170,"caption":"admin"},"logo":{"@id":"https:\/\/luchonoticias.com\/editor\/#\/schema\/person\/image\/"},"sameAs":["https:\/\/www.facebook.com\/luchonoticiasneiva"]},{"@type":"Person","@id":"https:\/\/luchonoticias.com\/editor\/#\/schema\/person\/29217990ddf6f14e35912b2866d591fb","name":"Editor General","image":{"@type":"ImageObject","inLanguage":"es","@id":"https:\/\/luchonoticias.com\/editor\/#\/schema\/person\/image\/","url":"https:\/\/luchonoticias.com\/editor\/wp-content\/uploads\/2024\/02\/cropped-cropped-logolu-150x150.webp","contentUrl":"https:\/\/luchonoticias.com\/editor\/wp-content\/uploads\/2024\/02\/cropped-cropped-logolu-150x150.webp","caption":"Editor General"},"sameAs":["https:\/\/luchonoticias.com\/"],"url":"https:\/\/luchonoticias.com\/editor\/author\/editor-general\/"}]}},"_links":{"self":[{"href":"https:\/\/luchonoticias.com\/editor\/wp-json\/wp\/v2\/posts\/65317","targetHints":{"allow":["GET"]}}],"collection":[{"href":"https:\/\/luchonoticias.com\/editor\/wp-json\/wp\/v2\/posts"}],"about":[{"href":"https:\/\/luchonoticias.com\/editor\/wp-json\/wp\/v2\/types\/post"}],"author":[{"embeddable":true,"href":"https:\/\/luchonoticias.com\/editor\/wp-json\/wp\/v2\/users\/2"}],"replies":[{"embeddable":true,"href":"https:\/\/luchonoticias.com\/editor\/wp-json\/wp\/v2\/comments?post=65317"}],"version-history":[{"count":0,"href":"https:\/\/luchonoticias.com\/editor\/wp-json\/wp\/v2\/posts\/65317\/revisions"}],"wp:attachment":[{"href":"https:\/\/luchonoticias.com\/editor\/wp-json\/wp\/v2\/media?parent=65317"}],"wp:term":[{"taxonomy":"category","embeddable":true,"href":"https:\/\/luchonoticias.com\/editor\/wp-json\/wp\/v2\/categories?post=65317"},{"taxonomy":"post_tag","embeddable":true,"href":"https:\/\/luchonoticias.com\/editor\/wp-json\/wp\/v2\/tags?post=65317"}],"curies":[{"name":"wp","href":"https:\/\/api.w.org\/{rel}","templated":true}]}}