{"id":65362,"date":"2023-12-11T08:30:46","date_gmt":"2023-12-11T13:30:46","guid":{"rendered":"https:\/\/luchonoticias.com\/?p=65362"},"modified":"2023-12-11T08:30:47","modified_gmt":"2023-12-11T13:30:47","slug":"fiscalia-identifico-a-sujeto-que-a-traves-de-redes-sociales-a-amenazado-al-presidente-petro","status":"publish","type":"post","link":"https:\/\/luchonoticias.com\/editor\/fiscalia-identifico-a-sujeto-que-a-traves-de-redes-sociales-a-amenazado-al-presidente-petro\/","title":{"rendered":"Fiscal\u00eda identific\u00f3 a sujeto que a trav\u00e9s de redes sociales a amenazado al Presidente Petro"},"content":{"rendered":"\n<p>La Fiscal\u00eda General de La Naci\u00f3n, dio a conocer a trav\u00e9s de un comunicado, que contrario a las afirmaciones del Presidente de la Rep\u00fablica, Gustavo Petro, de que la Fiscal\u00eda General de la Naci\u00f3n no cumple sus funciones, en menos de 24 horas, identific\u00f3 en Cali (Valle del Cauca) fue identificado el hombre que a trav\u00e9s de redes sociales public\u00f3 amenazas en su contra.<\/p>\n\n\n\n<p>\u201cEl grupo de amenazas de la Direcci\u00f3n Especializada contra las Violaciones a los Derechos Humanos cit\u00f3 a la persona identificada a interrogatorio para el pr\u00f3ximo 13 de diciembre, con el fin de avanzar en el esclarecimiento de estos hechos y realizar la respectiva judicializaci\u00f3n\u201d, aseveraron en el informe oficial.<\/p>\n\n\n\n<p>Finalmente, el ente investigador, dieron a conocer que, desde el momento en que se conocieron los hechos, la Fiscal\u00eda, de manera diligente, dispuso de un grupo especializado conformado por un fiscal e investigadores del Cuerpo T\u00e9cnico de Investigaci\u00f3n (CTI) que lograron esclarecer lo ocurrido.<\/p>\n","protected":false},"excerpt":{"rendered":"<p>La Fiscal\u00eda General de La Naci\u00f3n, dio a conocer a trav\u00e9s de un comunicado, que contrario a las afirmaciones del Presidente de la Rep\u00fablica, Gustavo Petro, de que la Fiscal\u00eda General de la Naci\u00f3n no cumple sus funciones, en menos de 24 horas, identific\u00f3 en Cali (Valle del Cauca) fue identificado el hombre que a [&hellip;]<\/p>\n","protected":false},"author":2,"featured_media":0,"comment_status":"open","ping_status":"open","sticky":false,"template":"","format":"standard","meta":{"footnotes":""},"categories":[28,36],"tags":[],"class_list":["post-65362","post","type-post","status-publish","format-standard","hentry","category-actualidad","category-destacado"],"yoast_head":"<!-- This site is optimized with the Yoast SEO plugin v26.6 - https:\/\/yoast.com\/wordpress\/plugins\/seo\/ -->\n<title>Fiscal\u00eda identific\u00f3 a sujeto que a trav\u00e9s de redes sociales a amenazado al Presidente Petro -<\/title>\n<meta name=\"robots\" content=\"index, follow, max-snippet:-1, max-image-preview:large, max-video-preview:-1\" \/>\n<link rel=\"canonical\" href=\"https:\/\/luchonoticias.com\/editor\/fiscalia-identifico-a-sujeto-que-a-traves-de-redes-sociales-a-amenazado-al-presidente-petro\/\" \/>\n<meta property=\"og:locale\" content=\"es_ES\" \/>\n<meta property=\"og:type\" content=\"article\" \/>\n<meta property=\"og:title\" content=\"Fiscal\u00eda identific\u00f3 a sujeto que a trav\u00e9s de redes sociales a amenazado al Presidente Petro -\" \/>\n<meta property=\"og:url\" content=\"https:\/\/luchonoticias.com\/editor\/fiscalia-identifico-a-sujeto-que-a-traves-de-redes-sociales-a-amenazado-al-presidente-petro\/\" \/>\n<meta property=\"article:publisher\" content=\"https:\/\/www.facebook.com\/luchonoticiasneiva\" \/>\n<meta property=\"article:published_time\" content=\"2023-12-11T13:30:46+00:00\" \/>\n<meta property=\"article:modified_time\" content=\"2023-12-11T13:30:47+00:00\" \/>\n<meta name=\"author\" content=\"Editor General\" \/>\n<meta name=\"twitter:card\" content=\"summary_large_image\" \/>\n<meta name=\"twitter:label1\" content=\"Escrito por\" \/>\n\t<meta name=\"twitter:data1\" content=\"Editor General\" \/>\n\t<meta name=\"twitter:label2\" content=\"Tiempo de lectura\" \/>\n\t<meta name=\"twitter:data2\" content=\"1 minuto\" \/>\n<script type=\"application\/ld+json\" class=\"yoast-schema-graph\">{\"@context\":\"https:\/\/schema.org\",\"@graph\":[{\"@type\":\"Article\",\"@id\":\"https:\/\/luchonoticias.com\/editor\/fiscalia-identifico-a-sujeto-que-a-traves-de-redes-sociales-a-amenazado-al-presidente-petro\/#article\",\"isPartOf\":{\"@id\":\"https:\/\/luchonoticias.com\/editor\/fiscalia-identifico-a-sujeto-que-a-traves-de-redes-sociales-a-amenazado-al-presidente-petro\/\"},\"author\":{\"name\":\"Editor General\",\"@id\":\"https:\/\/luchonoticias.com\/editor\/#\/schema\/person\/29217990ddf6f14e35912b2866d591fb\"},\"headline\":\"Fiscal\u00eda identific\u00f3 a sujeto que a trav\u00e9s de redes sociales a amenazado al Presidente Petro\",\"datePublished\":\"2023-12-11T13:30:46+00:00\",\"dateModified\":\"2023-12-11T13:30:47+00:00\",\"mainEntityOfPage\":{\"@id\":\"https:\/\/luchonoticias.com\/editor\/fiscalia-identifico-a-sujeto-que-a-traves-de-redes-sociales-a-amenazado-al-presidente-petro\/\"},\"wordCount\":185,\"commentCount\":0,\"publisher\":{\"@id\":\"https:\/\/luchonoticias.com\/editor\/#\/schema\/person\/7a7fd911f58561fd056dbac7b55af9cd\"},\"articleSection\":[\"Actualidad\",\"Destacado\"],\"inLanguage\":\"es\",\"potentialAction\":[{\"@type\":\"CommentAction\",\"name\":\"Comment\",\"target\":[\"https:\/\/luchonoticias.com\/editor\/fiscalia-identifico-a-sujeto-que-a-traves-de-redes-sociales-a-amenazado-al-presidente-petro\/#respond\"]}]},{\"@type\":\"WebPage\",\"@id\":\"https:\/\/luchonoticias.com\/editor\/fiscalia-identifico-a-sujeto-que-a-traves-de-redes-sociales-a-amenazado-al-presidente-petro\/\",\"url\":\"https:\/\/luchonoticias.com\/editor\/fiscalia-identifico-a-sujeto-que-a-traves-de-redes-sociales-a-amenazado-al-presidente-petro\/\",\"name\":\"Fiscal\u00eda identific\u00f3 a sujeto que a trav\u00e9s de redes sociales a amenazado al Presidente Petro -\",\"isPartOf\":{\"@id\":\"https:\/\/luchonoticias.com\/editor\/#website\"},\"datePublished\":\"2023-12-11T13:30:46+00:00\",\"dateModified\":\"2023-12-11T13:30:47+00:00\",\"breadcrumb\":{\"@id\":\"https:\/\/luchonoticias.com\/editor\/fiscalia-identifico-a-sujeto-que-a-traves-de-redes-sociales-a-amenazado-al-presidente-petro\/#breadcrumb\"},\"inLanguage\":\"es\",\"potentialAction\":[{\"@type\":\"ReadAction\",\"target\":[\"https:\/\/luchonoticias.com\/editor\/fiscalia-identifico-a-sujeto-que-a-traves-de-redes-sociales-a-amenazado-al-presidente-petro\/\"]}]},{\"@type\":\"BreadcrumbList\",\"@id\":\"https:\/\/luchonoticias.com\/editor\/fiscalia-identifico-a-sujeto-que-a-traves-de-redes-sociales-a-amenazado-al-presidente-petro\/#breadcrumb\",\"itemListElement\":[{\"@type\":\"ListItem\",\"position\":1,\"name\":\"Portada\",\"item\":\"https:\/\/luchonoticias.com\/editor\/\"},{\"@type\":\"ListItem\",\"position\":2,\"name\":\"Fiscal\u00eda identific\u00f3 a sujeto que a trav\u00e9s de redes sociales a amenazado al Presidente Petro\"}]},{\"@type\":\"WebSite\",\"@id\":\"https:\/\/luchonoticias.com\/editor\/#website\",\"url\":\"https:\/\/luchonoticias.com\/editor\/\",\"name\":\"\",\"description\":\"\",\"publisher\":{\"@id\":\"https:\/\/luchonoticias.com\/editor\/#\/schema\/person\/7a7fd911f58561fd056dbac7b55af9cd\"},\"potentialAction\":[{\"@type\":\"SearchAction\",\"target\":{\"@type\":\"EntryPoint\",\"urlTemplate\":\"https:\/\/luchonoticias.com\/editor\/?s={search_term_string}\"},\"query-input\":{\"@type\":\"PropertyValueSpecification\",\"valueRequired\":true,\"valueName\":\"search_term_string\"}}],\"inLanguage\":\"es\"},{\"@type\":[\"Person\",\"Organization\"],\"@id\":\"https:\/\/luchonoticias.com\/editor\/#\/schema\/person\/7a7fd911f58561fd056dbac7b55af9cd\",\"name\":\"admin\",\"image\":{\"@type\":\"ImageObject\",\"inLanguage\":\"es\",\"@id\":\"https:\/\/luchonoticias.com\/editor\/#\/schema\/person\/image\/\",\"url\":\"https:\/\/luchonoticias.com\/editor\/wp-content\/uploads\/2024\/02\/cropped-cropped-logolu.webp\",\"contentUrl\":\"https:\/\/luchonoticias.com\/editor\/wp-content\/uploads\/2024\/02\/cropped-cropped-logolu.webp\",\"width\":382,\"height\":170,\"caption\":\"admin\"},\"logo\":{\"@id\":\"https:\/\/luchonoticias.com\/editor\/#\/schema\/person\/image\/\"},\"sameAs\":[\"https:\/\/www.facebook.com\/luchonoticiasneiva\"]},{\"@type\":\"Person\",\"@id\":\"https:\/\/luchonoticias.com\/editor\/#\/schema\/person\/29217990ddf6f14e35912b2866d591fb\",\"name\":\"Editor General\",\"image\":{\"@type\":\"ImageObject\",\"inLanguage\":\"es\",\"@id\":\"https:\/\/luchonoticias.com\/editor\/#\/schema\/person\/image\/\",\"url\":\"https:\/\/luchonoticias.com\/editor\/wp-content\/uploads\/2024\/02\/cropped-cropped-logolu-150x150.webp\",\"contentUrl\":\"https:\/\/luchonoticias.com\/editor\/wp-content\/uploads\/2024\/02\/cropped-cropped-logolu-150x150.webp\",\"caption\":\"Editor General\"},\"sameAs\":[\"https:\/\/luchonoticias.com\/\"],\"url\":\"https:\/\/luchonoticias.com\/editor\/author\/editor-general\/\"}]}<\/script>\n<!-- \/ Yoast SEO plugin. -->","yoast_head_json":{"title":"Fiscal\u00eda identific\u00f3 a sujeto que a trav\u00e9s de redes sociales a amenazado al Presidente Petro -","robots":{"index":"index","follow":"follow","max-snippet":"max-snippet:-1","max-image-preview":"max-image-preview:large","max-video-preview":"max-video-preview:-1"},"canonical":"https:\/\/luchonoticias.com\/editor\/fiscalia-identifico-a-sujeto-que-a-traves-de-redes-sociales-a-amenazado-al-presidente-petro\/","og_locale":"es_ES","og_type":"article","og_title":"Fiscal\u00eda identific\u00f3 a sujeto que a trav\u00e9s de redes sociales a amenazado al Presidente Petro -","og_url":"https:\/\/luchonoticias.com\/editor\/fiscalia-identifico-a-sujeto-que-a-traves-de-redes-sociales-a-amenazado-al-presidente-petro\/","article_publisher":"https:\/\/www.facebook.com\/luchonoticiasneiva","article_published_time":"2023-12-11T13:30:46+00:00","article_modified_time":"2023-12-11T13:30:47+00:00","author":"Editor General","twitter_card":"summary_large_image","twitter_misc":{"Escrito por":"Editor General","Tiempo de lectura":"1 minuto"},"schema":{"@context":"https:\/\/schema.org","@graph":[{"@type":"Article","@id":"https:\/\/luchonoticias.com\/editor\/fiscalia-identifico-a-sujeto-que-a-traves-de-redes-sociales-a-amenazado-al-presidente-petro\/#article","isPartOf":{"@id":"https:\/\/luchonoticias.com\/editor\/fiscalia-identifico-a-sujeto-que-a-traves-de-redes-sociales-a-amenazado-al-presidente-petro\/"},"author":{"name":"Editor General","@id":"https:\/\/luchonoticias.com\/editor\/#\/schema\/person\/29217990ddf6f14e35912b2866d591fb"},"headline":"Fiscal\u00eda identific\u00f3 a sujeto que a trav\u00e9s de redes sociales a amenazado al Presidente Petro","datePublished":"2023-12-11T13:30:46+00:00","dateModified":"2023-12-11T13:30:47+00:00","mainEntityOfPage":{"@id":"https:\/\/luchonoticias.com\/editor\/fiscalia-identifico-a-sujeto-que-a-traves-de-redes-sociales-a-amenazado-al-presidente-petro\/"},"wordCount":185,"commentCount":0,"publisher":{"@id":"https:\/\/luchonoticias.com\/editor\/#\/schema\/person\/7a7fd911f58561fd056dbac7b55af9cd"},"articleSection":["Actualidad","Destacado"],"inLanguage":"es","potentialAction":[{"@type":"CommentAction","name":"Comment","target":["https:\/\/luchonoticias.com\/editor\/fiscalia-identifico-a-sujeto-que-a-traves-de-redes-sociales-a-amenazado-al-presidente-petro\/#respond"]}]},{"@type":"WebPage","@id":"https:\/\/luchonoticias.com\/editor\/fiscalia-identifico-a-sujeto-que-a-traves-de-redes-sociales-a-amenazado-al-presidente-petro\/","url":"https:\/\/luchonoticias.com\/editor\/fiscalia-identifico-a-sujeto-que-a-traves-de-redes-sociales-a-amenazado-al-presidente-petro\/","name":"Fiscal\u00eda identific\u00f3 a sujeto que a trav\u00e9s de redes sociales a amenazado al Presidente Petro -","isPartOf":{"@id":"https:\/\/luchonoticias.com\/editor\/#website"},"datePublished":"2023-12-11T13:30:46+00:00","dateModified":"2023-12-11T13:30:47+00:00","breadcrumb":{"@id":"https:\/\/luchonoticias.com\/editor\/fiscalia-identifico-a-sujeto-que-a-traves-de-redes-sociales-a-amenazado-al-presidente-petro\/#breadcrumb"},"inLanguage":"es","potentialAction":[{"@type":"ReadAction","target":["https:\/\/luchonoticias.com\/editor\/fiscalia-identifico-a-sujeto-que-a-traves-de-redes-sociales-a-amenazado-al-presidente-petro\/"]}]},{"@type":"BreadcrumbList","@id":"https:\/\/luchonoticias.com\/editor\/fiscalia-identifico-a-sujeto-que-a-traves-de-redes-sociales-a-amenazado-al-presidente-petro\/#breadcrumb","itemListElement":[{"@type":"ListItem","position":1,"name":"Portada","item":"https:\/\/luchonoticias.com\/editor\/"},{"@type":"ListItem","position":2,"name":"Fiscal\u00eda identific\u00f3 a sujeto que a trav\u00e9s de redes sociales a amenazado al Presidente Petro"}]},{"@type":"WebSite","@id":"https:\/\/luchonoticias.com\/editor\/#website","url":"https:\/\/luchonoticias.com\/editor\/","name":"","description":"","publisher":{"@id":"https:\/\/luchonoticias.com\/editor\/#\/schema\/person\/7a7fd911f58561fd056dbac7b55af9cd"},"potentialAction":[{"@type":"SearchAction","target":{"@type":"EntryPoint","urlTemplate":"https:\/\/luchonoticias.com\/editor\/?s={search_term_string}"},"query-input":{"@type":"PropertyValueSpecification","valueRequired":true,"valueName":"search_term_string"}}],"inLanguage":"es"},{"@type":["Person","Organization"],"@id":"https:\/\/luchonoticias.com\/editor\/#\/schema\/person\/7a7fd911f58561fd056dbac7b55af9cd","name":"admin","image":{"@type":"ImageObject","inLanguage":"es","@id":"https:\/\/luchonoticias.com\/editor\/#\/schema\/person\/image\/","url":"https:\/\/luchonoticias.com\/editor\/wp-content\/uploads\/2024\/02\/cropped-cropped-logolu.webp","contentUrl":"https:\/\/luchonoticias.com\/editor\/wp-content\/uploads\/2024\/02\/cropped-cropped-logolu.webp","width":382,"height":170,"caption":"admin"},"logo":{"@id":"https:\/\/luchonoticias.com\/editor\/#\/schema\/person\/image\/"},"sameAs":["https:\/\/www.facebook.com\/luchonoticiasneiva"]},{"@type":"Person","@id":"https:\/\/luchonoticias.com\/editor\/#\/schema\/person\/29217990ddf6f14e35912b2866d591fb","name":"Editor General","image":{"@type":"ImageObject","inLanguage":"es","@id":"https:\/\/luchonoticias.com\/editor\/#\/schema\/person\/image\/","url":"https:\/\/luchonoticias.com\/editor\/wp-content\/uploads\/2024\/02\/cropped-cropped-logolu-150x150.webp","contentUrl":"https:\/\/luchonoticias.com\/editor\/wp-content\/uploads\/2024\/02\/cropped-cropped-logolu-150x150.webp","caption":"Editor General"},"sameAs":["https:\/\/luchonoticias.com\/"],"url":"https:\/\/luchonoticias.com\/editor\/author\/editor-general\/"}]}},"_links":{"self":[{"href":"https:\/\/luchonoticias.com\/editor\/wp-json\/wp\/v2\/posts\/65362","targetHints":{"allow":["GET"]}}],"collection":[{"href":"https:\/\/luchonoticias.com\/editor\/wp-json\/wp\/v2\/posts"}],"about":[{"href":"https:\/\/luchonoticias.com\/editor\/wp-json\/wp\/v2\/types\/post"}],"author":[{"embeddable":true,"href":"https:\/\/luchonoticias.com\/editor\/wp-json\/wp\/v2\/users\/2"}],"replies":[{"embeddable":true,"href":"https:\/\/luchonoticias.com\/editor\/wp-json\/wp\/v2\/comments?post=65362"}],"version-history":[{"count":0,"href":"https:\/\/luchonoticias.com\/editor\/wp-json\/wp\/v2\/posts\/65362\/revisions"}],"wp:attachment":[{"href":"https:\/\/luchonoticias.com\/editor\/wp-json\/wp\/v2\/media?parent=65362"}],"wp:term":[{"taxonomy":"category","embeddable":true,"href":"https:\/\/luchonoticias.com\/editor\/wp-json\/wp\/v2\/categories?post=65362"},{"taxonomy":"post_tag","embeddable":true,"href":"https:\/\/luchonoticias.com\/editor\/wp-json\/wp\/v2\/tags?post=65362"}],"curies":[{"name":"wp","href":"https:\/\/api.w.org\/{rel}","templated":true}]}}