{"id":66049,"date":"2023-12-26T07:52:54","date_gmt":"2023-12-26T12:52:54","guid":{"rendered":"https:\/\/luchonoticias.com\/?p=66049"},"modified":"2023-12-26T07:52:55","modified_gmt":"2023-12-26T12:52:55","slug":"en-celebracion-de-navidad-en-la-casa-de-narino-petro-anuncio-la-creacion-de-la-direccion-del-habitante-de-calle","status":"publish","type":"post","link":"https:\/\/luchonoticias.com\/editor\/en-celebracion-de-navidad-en-la-casa-de-narino-petro-anuncio-la-creacion-de-la-direccion-del-habitante-de-calle\/","title":{"rendered":"En celebraci\u00f3n de Navidad en la Casa de Nari\u00f1o, Petro anunci\u00f3 la creaci\u00f3n de la Direcci\u00f3n del Habitante de Calle"},"content":{"rendered":"\n<p>\u201cCon la creaci\u00f3n del Ministerio de la Igualdad, que est\u00e1 comenzando a trabajar dirigido por (la vicepresidenta) Francia M\u00e1rquez como ministra, se abri\u00f3 una direcci\u00f3n, por primera vez en la historia colombiana, se cre\u00f3 la Direcci\u00f3n del Habitante de la Calle\u201d.<\/p>\n\n\n\n<p>El anuncio lo hizo el presidente Gustavo Petro en la celebraci\u00f3n del D\u00eda de Navidad celebrado el la Casa de Nari\u00f1o con el apoyo de Bienestar Social del Distrito y que cont\u00f3 con la asistencia de 700 personas en condici\u00f3n de calle y comunidades vulnerables de Bogot\u00e1.<\/p>\n\n\n\n<p>Esta direcci\u00f3n tiene como objetivo el de construir una pol\u00edtica en todo el pa\u00eds y abrir opciones o posibilidades diferentes a las personas que viven en estas circunstancias, dijo.<\/p>\n\n\n\n<p>El mandatario expres\u00f3 que \u201caqu\u00ed, en cierta forma, est\u00e1 viva la Bogot\u00e1 Humana. All\u00ed nos planteamos un objetivo\u201d, refiri\u00e9ndose al programa de gobierno que implement\u00f3 cuando fue alcalde de la capital del pa\u00eds.<\/p>\n\n\n\n<p>En ese momento, \u201ctrabajamos entonces, en ir hasta donde las personas m\u00e1s humildes, m\u00e1s golpeadas, pudieran estar y en lugar de ayudar a destruirlas, m\u00e1s bien darnos la mano y ver c\u00f3mo podr\u00eda surgir un proceso de emancipaci\u00f3n humana\u201d, a\u00f1adi\u00f3 el jefe de Estado.<\/p>\n\n\n\n<p>Dijo que \u201ceste acto tiene un s\u00edmbolo simb\u00f3lico, el que las personas m\u00e1s golpeadas en la ciudad de Bogot\u00e1 puedan llegar a este centro de poder, tomarse una cena, escuchar una m\u00fasica, saber que esto es propiedad de ustedes\u201d.<\/p>\n\n\n\n<p>Y resalt\u00f3 que \u201cnos reunimos, yo creo que, en cierta forma, para reconfortarnos mutuamente, para no dejarnos vencer, para, al juntarnos tener las fuerzas para transformar estas cosas que han llevado al ser humano a la tristeza, a la soledad, a habitar la calle a veces. Las cosas que llevan al ser humano a la alegr\u00eda, a estrechar una mano, a hablar\u201d.<\/p>\n","protected":false},"excerpt":{"rendered":"<p>\u201cCon la creaci\u00f3n del Ministerio de la Igualdad, que est\u00e1 comenzando a trabajar dirigido por (la vicepresidenta) Francia M\u00e1rquez como ministra, se abri\u00f3 una direcci\u00f3n, por primera vez en la historia colombiana, se cre\u00f3 la Direcci\u00f3n del Habitante de la Calle\u201d. El anuncio lo hizo el presidente Gustavo Petro en la celebraci\u00f3n del D\u00eda de [&hellip;]<\/p>\n","protected":false},"author":2,"featured_media":0,"comment_status":"open","ping_status":"open","sticky":false,"template":"","format":"standard","meta":{"footnotes":""},"categories":[36,32],"tags":[],"class_list":["post-66049","post","type-post","status-publish","format-standard","hentry","category-destacado","category-nacional"],"yoast_head":"<!-- This site is optimized with the Yoast SEO plugin v26.6 - https:\/\/yoast.com\/wordpress\/plugins\/seo\/ -->\n<title>En celebraci\u00f3n de Navidad en la Casa de Nari\u00f1o, Petro anunci\u00f3 la creaci\u00f3n de la Direcci\u00f3n del Habitante de Calle -<\/title>\n<meta name=\"robots\" content=\"index, follow, max-snippet:-1, max-image-preview:large, max-video-preview:-1\" \/>\n<link rel=\"canonical\" href=\"https:\/\/luchonoticias.com\/editor\/en-celebracion-de-navidad-en-la-casa-de-narino-petro-anuncio-la-creacion-de-la-direccion-del-habitante-de-calle\/\" \/>\n<meta property=\"og:locale\" content=\"es_ES\" \/>\n<meta property=\"og:type\" content=\"article\" \/>\n<meta property=\"og:title\" content=\"En celebraci\u00f3n de Navidad en la Casa de Nari\u00f1o, Petro anunci\u00f3 la creaci\u00f3n de la Direcci\u00f3n del Habitante de Calle -\" \/>\n<meta property=\"og:url\" content=\"https:\/\/luchonoticias.com\/editor\/en-celebracion-de-navidad-en-la-casa-de-narino-petro-anuncio-la-creacion-de-la-direccion-del-habitante-de-calle\/\" \/>\n<meta property=\"article:publisher\" content=\"https:\/\/www.facebook.com\/luchonoticiasneiva\" \/>\n<meta property=\"article:published_time\" content=\"2023-12-26T12:52:54+00:00\" \/>\n<meta property=\"article:modified_time\" content=\"2023-12-26T12:52:55+00:00\" \/>\n<meta name=\"author\" content=\"Editor General\" \/>\n<meta name=\"twitter:card\" content=\"summary_large_image\" \/>\n<meta name=\"twitter:label1\" content=\"Escrito por\" \/>\n\t<meta name=\"twitter:data1\" content=\"Editor General\" \/>\n\t<meta name=\"twitter:label2\" content=\"Tiempo de lectura\" \/>\n\t<meta name=\"twitter:data2\" content=\"2 minutos\" \/>\n<script type=\"application\/ld+json\" class=\"yoast-schema-graph\">{\"@context\":\"https:\/\/schema.org\",\"@graph\":[{\"@type\":\"Article\",\"@id\":\"https:\/\/luchonoticias.com\/editor\/en-celebracion-de-navidad-en-la-casa-de-narino-petro-anuncio-la-creacion-de-la-direccion-del-habitante-de-calle\/#article\",\"isPartOf\":{\"@id\":\"https:\/\/luchonoticias.com\/editor\/en-celebracion-de-navidad-en-la-casa-de-narino-petro-anuncio-la-creacion-de-la-direccion-del-habitante-de-calle\/\"},\"author\":{\"name\":\"Editor General\",\"@id\":\"https:\/\/luchonoticias.com\/editor\/#\/schema\/person\/29217990ddf6f14e35912b2866d591fb\"},\"headline\":\"En celebraci\u00f3n de Navidad en la Casa de Nari\u00f1o, Petro anunci\u00f3 la creaci\u00f3n de la Direcci\u00f3n del Habitante de Calle\",\"datePublished\":\"2023-12-26T12:52:54+00:00\",\"dateModified\":\"2023-12-26T12:52:55+00:00\",\"mainEntityOfPage\":{\"@id\":\"https:\/\/luchonoticias.com\/editor\/en-celebracion-de-navidad-en-la-casa-de-narino-petro-anuncio-la-creacion-de-la-direccion-del-habitante-de-calle\/\"},\"wordCount\":343,\"commentCount\":0,\"publisher\":{\"@id\":\"https:\/\/luchonoticias.com\/editor\/#\/schema\/person\/7a7fd911f58561fd056dbac7b55af9cd\"},\"articleSection\":[\"Destacado\",\"Nacional\"],\"inLanguage\":\"es\",\"potentialAction\":[{\"@type\":\"CommentAction\",\"name\":\"Comment\",\"target\":[\"https:\/\/luchonoticias.com\/editor\/en-celebracion-de-navidad-en-la-casa-de-narino-petro-anuncio-la-creacion-de-la-direccion-del-habitante-de-calle\/#respond\"]}]},{\"@type\":\"WebPage\",\"@id\":\"https:\/\/luchonoticias.com\/editor\/en-celebracion-de-navidad-en-la-casa-de-narino-petro-anuncio-la-creacion-de-la-direccion-del-habitante-de-calle\/\",\"url\":\"https:\/\/luchonoticias.com\/editor\/en-celebracion-de-navidad-en-la-casa-de-narino-petro-anuncio-la-creacion-de-la-direccion-del-habitante-de-calle\/\",\"name\":\"En celebraci\u00f3n de Navidad en la Casa de Nari\u00f1o, Petro anunci\u00f3 la creaci\u00f3n de la Direcci\u00f3n del Habitante de Calle -\",\"isPartOf\":{\"@id\":\"https:\/\/luchonoticias.com\/editor\/#website\"},\"datePublished\":\"2023-12-26T12:52:54+00:00\",\"dateModified\":\"2023-12-26T12:52:55+00:00\",\"breadcrumb\":{\"@id\":\"https:\/\/luchonoticias.com\/editor\/en-celebracion-de-navidad-en-la-casa-de-narino-petro-anuncio-la-creacion-de-la-direccion-del-habitante-de-calle\/#breadcrumb\"},\"inLanguage\":\"es\",\"potentialAction\":[{\"@type\":\"ReadAction\",\"target\":[\"https:\/\/luchonoticias.com\/editor\/en-celebracion-de-navidad-en-la-casa-de-narino-petro-anuncio-la-creacion-de-la-direccion-del-habitante-de-calle\/\"]}]},{\"@type\":\"BreadcrumbList\",\"@id\":\"https:\/\/luchonoticias.com\/editor\/en-celebracion-de-navidad-en-la-casa-de-narino-petro-anuncio-la-creacion-de-la-direccion-del-habitante-de-calle\/#breadcrumb\",\"itemListElement\":[{\"@type\":\"ListItem\",\"position\":1,\"name\":\"Portada\",\"item\":\"https:\/\/luchonoticias.com\/editor\/\"},{\"@type\":\"ListItem\",\"position\":2,\"name\":\"En celebraci\u00f3n de Navidad en la Casa de Nari\u00f1o, Petro anunci\u00f3 la creaci\u00f3n de la Direcci\u00f3n del Habitante de Calle\"}]},{\"@type\":\"WebSite\",\"@id\":\"https:\/\/luchonoticias.com\/editor\/#website\",\"url\":\"https:\/\/luchonoticias.com\/editor\/\",\"name\":\"\",\"description\":\"\",\"publisher\":{\"@id\":\"https:\/\/luchonoticias.com\/editor\/#\/schema\/person\/7a7fd911f58561fd056dbac7b55af9cd\"},\"potentialAction\":[{\"@type\":\"SearchAction\",\"target\":{\"@type\":\"EntryPoint\",\"urlTemplate\":\"https:\/\/luchonoticias.com\/editor\/?s={search_term_string}\"},\"query-input\":{\"@type\":\"PropertyValueSpecification\",\"valueRequired\":true,\"valueName\":\"search_term_string\"}}],\"inLanguage\":\"es\"},{\"@type\":[\"Person\",\"Organization\"],\"@id\":\"https:\/\/luchonoticias.com\/editor\/#\/schema\/person\/7a7fd911f58561fd056dbac7b55af9cd\",\"name\":\"admin\",\"image\":{\"@type\":\"ImageObject\",\"inLanguage\":\"es\",\"@id\":\"https:\/\/luchonoticias.com\/editor\/#\/schema\/person\/image\/\",\"url\":\"https:\/\/luchonoticias.com\/editor\/wp-content\/uploads\/2024\/02\/cropped-cropped-logolu.webp\",\"contentUrl\":\"https:\/\/luchonoticias.com\/editor\/wp-content\/uploads\/2024\/02\/cropped-cropped-logolu.webp\",\"width\":382,\"height\":170,\"caption\":\"admin\"},\"logo\":{\"@id\":\"https:\/\/luchonoticias.com\/editor\/#\/schema\/person\/image\/\"},\"sameAs\":[\"https:\/\/www.facebook.com\/luchonoticiasneiva\"]},{\"@type\":\"Person\",\"@id\":\"https:\/\/luchonoticias.com\/editor\/#\/schema\/person\/29217990ddf6f14e35912b2866d591fb\",\"name\":\"Editor General\",\"image\":{\"@type\":\"ImageObject\",\"inLanguage\":\"es\",\"@id\":\"https:\/\/luchonoticias.com\/editor\/#\/schema\/person\/image\/\",\"url\":\"https:\/\/luchonoticias.com\/editor\/wp-content\/uploads\/2024\/02\/cropped-cropped-logolu-150x150.webp\",\"contentUrl\":\"https:\/\/luchonoticias.com\/editor\/wp-content\/uploads\/2024\/02\/cropped-cropped-logolu-150x150.webp\",\"caption\":\"Editor General\"},\"sameAs\":[\"https:\/\/luchonoticias.com\/\"],\"url\":\"https:\/\/luchonoticias.com\/editor\/author\/editor-general\/\"}]}<\/script>\n<!-- \/ Yoast SEO plugin. -->","yoast_head_json":{"title":"En celebraci\u00f3n de Navidad en la Casa de Nari\u00f1o, Petro anunci\u00f3 la creaci\u00f3n de la Direcci\u00f3n del Habitante de Calle -","robots":{"index":"index","follow":"follow","max-snippet":"max-snippet:-1","max-image-preview":"max-image-preview:large","max-video-preview":"max-video-preview:-1"},"canonical":"https:\/\/luchonoticias.com\/editor\/en-celebracion-de-navidad-en-la-casa-de-narino-petro-anuncio-la-creacion-de-la-direccion-del-habitante-de-calle\/","og_locale":"es_ES","og_type":"article","og_title":"En celebraci\u00f3n de Navidad en la Casa de Nari\u00f1o, Petro anunci\u00f3 la creaci\u00f3n de la Direcci\u00f3n del Habitante de Calle -","og_url":"https:\/\/luchonoticias.com\/editor\/en-celebracion-de-navidad-en-la-casa-de-narino-petro-anuncio-la-creacion-de-la-direccion-del-habitante-de-calle\/","article_publisher":"https:\/\/www.facebook.com\/luchonoticiasneiva","article_published_time":"2023-12-26T12:52:54+00:00","article_modified_time":"2023-12-26T12:52:55+00:00","author":"Editor General","twitter_card":"summary_large_image","twitter_misc":{"Escrito por":"Editor General","Tiempo de lectura":"2 minutos"},"schema":{"@context":"https:\/\/schema.org","@graph":[{"@type":"Article","@id":"https:\/\/luchonoticias.com\/editor\/en-celebracion-de-navidad-en-la-casa-de-narino-petro-anuncio-la-creacion-de-la-direccion-del-habitante-de-calle\/#article","isPartOf":{"@id":"https:\/\/luchonoticias.com\/editor\/en-celebracion-de-navidad-en-la-casa-de-narino-petro-anuncio-la-creacion-de-la-direccion-del-habitante-de-calle\/"},"author":{"name":"Editor General","@id":"https:\/\/luchonoticias.com\/editor\/#\/schema\/person\/29217990ddf6f14e35912b2866d591fb"},"headline":"En celebraci\u00f3n de Navidad en la Casa de Nari\u00f1o, Petro anunci\u00f3 la creaci\u00f3n de la Direcci\u00f3n del Habitante de Calle","datePublished":"2023-12-26T12:52:54+00:00","dateModified":"2023-12-26T12:52:55+00:00","mainEntityOfPage":{"@id":"https:\/\/luchonoticias.com\/editor\/en-celebracion-de-navidad-en-la-casa-de-narino-petro-anuncio-la-creacion-de-la-direccion-del-habitante-de-calle\/"},"wordCount":343,"commentCount":0,"publisher":{"@id":"https:\/\/luchonoticias.com\/editor\/#\/schema\/person\/7a7fd911f58561fd056dbac7b55af9cd"},"articleSection":["Destacado","Nacional"],"inLanguage":"es","potentialAction":[{"@type":"CommentAction","name":"Comment","target":["https:\/\/luchonoticias.com\/editor\/en-celebracion-de-navidad-en-la-casa-de-narino-petro-anuncio-la-creacion-de-la-direccion-del-habitante-de-calle\/#respond"]}]},{"@type":"WebPage","@id":"https:\/\/luchonoticias.com\/editor\/en-celebracion-de-navidad-en-la-casa-de-narino-petro-anuncio-la-creacion-de-la-direccion-del-habitante-de-calle\/","url":"https:\/\/luchonoticias.com\/editor\/en-celebracion-de-navidad-en-la-casa-de-narino-petro-anuncio-la-creacion-de-la-direccion-del-habitante-de-calle\/","name":"En celebraci\u00f3n de Navidad en la Casa de Nari\u00f1o, Petro anunci\u00f3 la creaci\u00f3n de la Direcci\u00f3n del Habitante de Calle -","isPartOf":{"@id":"https:\/\/luchonoticias.com\/editor\/#website"},"datePublished":"2023-12-26T12:52:54+00:00","dateModified":"2023-12-26T12:52:55+00:00","breadcrumb":{"@id":"https:\/\/luchonoticias.com\/editor\/en-celebracion-de-navidad-en-la-casa-de-narino-petro-anuncio-la-creacion-de-la-direccion-del-habitante-de-calle\/#breadcrumb"},"inLanguage":"es","potentialAction":[{"@type":"ReadAction","target":["https:\/\/luchonoticias.com\/editor\/en-celebracion-de-navidad-en-la-casa-de-narino-petro-anuncio-la-creacion-de-la-direccion-del-habitante-de-calle\/"]}]},{"@type":"BreadcrumbList","@id":"https:\/\/luchonoticias.com\/editor\/en-celebracion-de-navidad-en-la-casa-de-narino-petro-anuncio-la-creacion-de-la-direccion-del-habitante-de-calle\/#breadcrumb","itemListElement":[{"@type":"ListItem","position":1,"name":"Portada","item":"https:\/\/luchonoticias.com\/editor\/"},{"@type":"ListItem","position":2,"name":"En celebraci\u00f3n de Navidad en la Casa de Nari\u00f1o, Petro anunci\u00f3 la creaci\u00f3n de la Direcci\u00f3n del Habitante de Calle"}]},{"@type":"WebSite","@id":"https:\/\/luchonoticias.com\/editor\/#website","url":"https:\/\/luchonoticias.com\/editor\/","name":"","description":"","publisher":{"@id":"https:\/\/luchonoticias.com\/editor\/#\/schema\/person\/7a7fd911f58561fd056dbac7b55af9cd"},"potentialAction":[{"@type":"SearchAction","target":{"@type":"EntryPoint","urlTemplate":"https:\/\/luchonoticias.com\/editor\/?s={search_term_string}"},"query-input":{"@type":"PropertyValueSpecification","valueRequired":true,"valueName":"search_term_string"}}],"inLanguage":"es"},{"@type":["Person","Organization"],"@id":"https:\/\/luchonoticias.com\/editor\/#\/schema\/person\/7a7fd911f58561fd056dbac7b55af9cd","name":"admin","image":{"@type":"ImageObject","inLanguage":"es","@id":"https:\/\/luchonoticias.com\/editor\/#\/schema\/person\/image\/","url":"https:\/\/luchonoticias.com\/editor\/wp-content\/uploads\/2024\/02\/cropped-cropped-logolu.webp","contentUrl":"https:\/\/luchonoticias.com\/editor\/wp-content\/uploads\/2024\/02\/cropped-cropped-logolu.webp","width":382,"height":170,"caption":"admin"},"logo":{"@id":"https:\/\/luchonoticias.com\/editor\/#\/schema\/person\/image\/"},"sameAs":["https:\/\/www.facebook.com\/luchonoticiasneiva"]},{"@type":"Person","@id":"https:\/\/luchonoticias.com\/editor\/#\/schema\/person\/29217990ddf6f14e35912b2866d591fb","name":"Editor General","image":{"@type":"ImageObject","inLanguage":"es","@id":"https:\/\/luchonoticias.com\/editor\/#\/schema\/person\/image\/","url":"https:\/\/luchonoticias.com\/editor\/wp-content\/uploads\/2024\/02\/cropped-cropped-logolu-150x150.webp","contentUrl":"https:\/\/luchonoticias.com\/editor\/wp-content\/uploads\/2024\/02\/cropped-cropped-logolu-150x150.webp","caption":"Editor General"},"sameAs":["https:\/\/luchonoticias.com\/"],"url":"https:\/\/luchonoticias.com\/editor\/author\/editor-general\/"}]}},"_links":{"self":[{"href":"https:\/\/luchonoticias.com\/editor\/wp-json\/wp\/v2\/posts\/66049","targetHints":{"allow":["GET"]}}],"collection":[{"href":"https:\/\/luchonoticias.com\/editor\/wp-json\/wp\/v2\/posts"}],"about":[{"href":"https:\/\/luchonoticias.com\/editor\/wp-json\/wp\/v2\/types\/post"}],"author":[{"embeddable":true,"href":"https:\/\/luchonoticias.com\/editor\/wp-json\/wp\/v2\/users\/2"}],"replies":[{"embeddable":true,"href":"https:\/\/luchonoticias.com\/editor\/wp-json\/wp\/v2\/comments?post=66049"}],"version-history":[{"count":0,"href":"https:\/\/luchonoticias.com\/editor\/wp-json\/wp\/v2\/posts\/66049\/revisions"}],"wp:attachment":[{"href":"https:\/\/luchonoticias.com\/editor\/wp-json\/wp\/v2\/media?parent=66049"}],"wp:term":[{"taxonomy":"category","embeddable":true,"href":"https:\/\/luchonoticias.com\/editor\/wp-json\/wp\/v2\/categories?post=66049"},{"taxonomy":"post_tag","embeddable":true,"href":"https:\/\/luchonoticias.com\/editor\/wp-json\/wp\/v2\/tags?post=66049"}],"curies":[{"name":"wp","href":"https:\/\/api.w.org\/{rel}","templated":true}]}}