{"id":66052,"date":"2023-12-26T07:57:53","date_gmt":"2023-12-26T12:57:53","guid":{"rendered":"https:\/\/luchonoticias.com\/?p=66052"},"modified":"2023-12-26T07:57:53","modified_gmt":"2023-12-26T12:57:53","slug":"policia-de-neiva-celebraron-la-navidad-con-el-gremio-de-taxistas","status":"publish","type":"post","link":"https:\/\/luchonoticias.com\/editor\/policia-de-neiva-celebraron-la-navidad-con-el-gremio-de-taxistas\/","title":{"rendered":"Polic\u00eda de Neiva celebraron la Navidad con el gremio de taxistas"},"content":{"rendered":"\n<p>As\u00ed las cosas, durante las primeras horas de la ma\u00f1ana, por medio de la Radio Polic\u00eda Neiva 97.3 el Coronel Alexander Castillo hizo la invitaci\u00f3n a todos los conductores de veh\u00edculo p\u00fablico tipo taxi, para compartir un delicioso plato de lechona, adem\u00e1s de coordinar las diferentes iniciativas, que ten\u00edan los taxistas para contrarrestar la delincuencia y fortalecer la red de apoyo del gremio amarillo, mejorando la seguridad y convivencia.<\/p>\n\n\n\n<figure class=\"wp-block-gallery has-nested-images columns-default is-cropped wp-block-gallery-1 is-layout-flex wp-block-gallery-is-layout-flex\">\n<figure class=\"wp-block-image size-large\"><img decoding=\"async\" data-id=\"66056\" src=\"https:\/\/luchonoticias.com\/wp-content\/uploads\/2023\/12\/WhatsApp-Image-2023-12-24-at-11.37.53-AM-1024x575.jpeg\" alt=\"\" class=\"wp-image-66056\"\/><\/figure>\n\n\n\n<figure class=\"wp-block-image size-large\"><img decoding=\"async\" data-id=\"66055\" src=\"https:\/\/luchonoticias.com\/wp-content\/uploads\/2023\/12\/WhatsApp-Image-2023-12-24-at-11.37.52-AM-1024x575.jpeg\" alt=\"\" class=\"wp-image-66055\"\/><\/figure>\n\n\n\n<figure class=\"wp-block-image size-large\"><img decoding=\"async\" data-id=\"66054\" src=\"https:\/\/luchonoticias.com\/wp-content\/uploads\/2023\/12\/WhatsApp-Image-2023-12-24-at-11.37.51-AM-1-1024x575.jpeg\" alt=\"\" class=\"wp-image-66054\"\/><\/figure>\n<\/figure>\n\n\n\n<p>El Coronel Alexander Castillo Mar\u00edn, comandante de la Polic\u00eda Metropolitana de Neiva, continuar\u00e1 durante este tiempo de la temporada decembrina, acompa\u00f1ando la comunidad, con el prop\u00f3sito de mejorar la seguridad en toda la jurisdicci\u00f3n Metropolitana.<\/p>\n","protected":false},"excerpt":{"rendered":"<p>As\u00ed las cosas, durante las primeras horas de la ma\u00f1ana, por medio de la Radio Polic\u00eda Neiva 97.3 el Coronel Alexander Castillo hizo la invitaci\u00f3n a todos los conductores de veh\u00edculo p\u00fablico tipo taxi, para compartir un delicioso plato de lechona, adem\u00e1s de coordinar las diferentes iniciativas, que ten\u00edan los taxistas para contrarrestar la delincuencia [&hellip;]<\/p>\n","protected":false},"author":2,"featured_media":0,"comment_status":"open","ping_status":"open","sticky":false,"template":"","format":"standard","meta":{"footnotes":""},"categories":[3961,36],"tags":[],"class_list":["post-66052","post","type-post","status-publish","format-standard","hentry","category-comunidad","category-destacado"],"yoast_head":"<!-- This site is optimized with the Yoast SEO plugin v26.6 - https:\/\/yoast.com\/wordpress\/plugins\/seo\/ -->\n<title>Polic\u00eda de Neiva celebraron la Navidad con el gremio de taxistas -<\/title>\n<meta name=\"robots\" content=\"index, follow, max-snippet:-1, max-image-preview:large, max-video-preview:-1\" \/>\n<link rel=\"canonical\" href=\"https:\/\/luchonoticias.com\/editor\/policia-de-neiva-celebraron-la-navidad-con-el-gremio-de-taxistas\/\" \/>\n<meta property=\"og:locale\" content=\"es_ES\" \/>\n<meta property=\"og:type\" content=\"article\" \/>\n<meta property=\"og:title\" content=\"Polic\u00eda de Neiva celebraron la Navidad con el gremio de taxistas -\" \/>\n<meta property=\"og:url\" content=\"https:\/\/luchonoticias.com\/editor\/policia-de-neiva-celebraron-la-navidad-con-el-gremio-de-taxistas\/\" \/>\n<meta property=\"article:publisher\" content=\"https:\/\/www.facebook.com\/luchonoticiasneiva\" \/>\n<meta property=\"article:published_time\" content=\"2023-12-26T12:57:53+00:00\" \/>\n<meta property=\"og:image\" content=\"https:\/\/luchonoticias.com\/wp-content\/uploads\/2023\/12\/WhatsApp-Image-2023-12-24-at-11.37.53-AM-1024x575.jpeg\" \/>\n<meta name=\"author\" content=\"Editor General\" \/>\n<meta name=\"twitter:card\" content=\"summary_large_image\" \/>\n<meta name=\"twitter:label1\" content=\"Escrito por\" \/>\n\t<meta name=\"twitter:data1\" content=\"Editor General\" \/>\n\t<meta name=\"twitter:label2\" content=\"Tiempo de lectura\" \/>\n\t<meta name=\"twitter:data2\" content=\"1 minuto\" \/>\n<script type=\"application\/ld+json\" class=\"yoast-schema-graph\">{\"@context\":\"https:\/\/schema.org\",\"@graph\":[{\"@type\":\"Article\",\"@id\":\"https:\/\/luchonoticias.com\/editor\/policia-de-neiva-celebraron-la-navidad-con-el-gremio-de-taxistas\/#article\",\"isPartOf\":{\"@id\":\"https:\/\/luchonoticias.com\/editor\/policia-de-neiva-celebraron-la-navidad-con-el-gremio-de-taxistas\/\"},\"author\":{\"name\":\"Editor General\",\"@id\":\"https:\/\/luchonoticias.com\/editor\/#\/schema\/person\/29217990ddf6f14e35912b2866d591fb\"},\"headline\":\"Polic\u00eda de Neiva celebraron la Navidad con el gremio de taxistas\",\"datePublished\":\"2023-12-26T12:57:53+00:00\",\"mainEntityOfPage\":{\"@id\":\"https:\/\/luchonoticias.com\/editor\/policia-de-neiva-celebraron-la-navidad-con-el-gremio-de-taxistas\/\"},\"wordCount\":127,\"commentCount\":0,\"publisher\":{\"@id\":\"https:\/\/luchonoticias.com\/editor\/#\/schema\/person\/7a7fd911f58561fd056dbac7b55af9cd\"},\"image\":{\"@id\":\"https:\/\/luchonoticias.com\/editor\/policia-de-neiva-celebraron-la-navidad-con-el-gremio-de-taxistas\/#primaryimage\"},\"thumbnailUrl\":\"https:\/\/luchonoticias.com\/wp-content\/uploads\/2023\/12\/WhatsApp-Image-2023-12-24-at-11.37.53-AM-1024x575.jpeg\",\"articleSection\":[\"Comunidad\",\"Destacado\"],\"inLanguage\":\"es\",\"potentialAction\":[{\"@type\":\"CommentAction\",\"name\":\"Comment\",\"target\":[\"https:\/\/luchonoticias.com\/editor\/policia-de-neiva-celebraron-la-navidad-con-el-gremio-de-taxistas\/#respond\"]}]},{\"@type\":\"WebPage\",\"@id\":\"https:\/\/luchonoticias.com\/editor\/policia-de-neiva-celebraron-la-navidad-con-el-gremio-de-taxistas\/\",\"url\":\"https:\/\/luchonoticias.com\/editor\/policia-de-neiva-celebraron-la-navidad-con-el-gremio-de-taxistas\/\",\"name\":\"Polic\u00eda de Neiva celebraron la Navidad con el gremio de taxistas -\",\"isPartOf\":{\"@id\":\"https:\/\/luchonoticias.com\/editor\/#website\"},\"primaryImageOfPage\":{\"@id\":\"https:\/\/luchonoticias.com\/editor\/policia-de-neiva-celebraron-la-navidad-con-el-gremio-de-taxistas\/#primaryimage\"},\"image\":{\"@id\":\"https:\/\/luchonoticias.com\/editor\/policia-de-neiva-celebraron-la-navidad-con-el-gremio-de-taxistas\/#primaryimage\"},\"thumbnailUrl\":\"https:\/\/luchonoticias.com\/wp-content\/uploads\/2023\/12\/WhatsApp-Image-2023-12-24-at-11.37.53-AM-1024x575.jpeg\",\"datePublished\":\"2023-12-26T12:57:53+00:00\",\"breadcrumb\":{\"@id\":\"https:\/\/luchonoticias.com\/editor\/policia-de-neiva-celebraron-la-navidad-con-el-gremio-de-taxistas\/#breadcrumb\"},\"inLanguage\":\"es\",\"potentialAction\":[{\"@type\":\"ReadAction\",\"target\":[\"https:\/\/luchonoticias.com\/editor\/policia-de-neiva-celebraron-la-navidad-con-el-gremio-de-taxistas\/\"]}]},{\"@type\":\"ImageObject\",\"inLanguage\":\"es\",\"@id\":\"https:\/\/luchonoticias.com\/editor\/policia-de-neiva-celebraron-la-navidad-con-el-gremio-de-taxistas\/#primaryimage\",\"url\":\"https:\/\/luchonoticias.com\/wp-content\/uploads\/2023\/12\/WhatsApp-Image-2023-12-24-at-11.37.53-AM-1024x575.jpeg\",\"contentUrl\":\"https:\/\/luchonoticias.com\/wp-content\/uploads\/2023\/12\/WhatsApp-Image-2023-12-24-at-11.37.53-AM-1024x575.jpeg\"},{\"@type\":\"BreadcrumbList\",\"@id\":\"https:\/\/luchonoticias.com\/editor\/policia-de-neiva-celebraron-la-navidad-con-el-gremio-de-taxistas\/#breadcrumb\",\"itemListElement\":[{\"@type\":\"ListItem\",\"position\":1,\"name\":\"Portada\",\"item\":\"https:\/\/luchonoticias.com\/editor\/\"},{\"@type\":\"ListItem\",\"position\":2,\"name\":\"Polic\u00eda de Neiva celebraron la Navidad con el gremio de taxistas\"}]},{\"@type\":\"WebSite\",\"@id\":\"https:\/\/luchonoticias.com\/editor\/#website\",\"url\":\"https:\/\/luchonoticias.com\/editor\/\",\"name\":\"\",\"description\":\"\",\"publisher\":{\"@id\":\"https:\/\/luchonoticias.com\/editor\/#\/schema\/person\/7a7fd911f58561fd056dbac7b55af9cd\"},\"potentialAction\":[{\"@type\":\"SearchAction\",\"target\":{\"@type\":\"EntryPoint\",\"urlTemplate\":\"https:\/\/luchonoticias.com\/editor\/?s={search_term_string}\"},\"query-input\":{\"@type\":\"PropertyValueSpecification\",\"valueRequired\":true,\"valueName\":\"search_term_string\"}}],\"inLanguage\":\"es\"},{\"@type\":[\"Person\",\"Organization\"],\"@id\":\"https:\/\/luchonoticias.com\/editor\/#\/schema\/person\/7a7fd911f58561fd056dbac7b55af9cd\",\"name\":\"admin\",\"image\":{\"@type\":\"ImageObject\",\"inLanguage\":\"es\",\"@id\":\"https:\/\/luchonoticias.com\/editor\/#\/schema\/person\/image\/\",\"url\":\"https:\/\/luchonoticias.com\/editor\/wp-content\/uploads\/2024\/02\/cropped-cropped-logolu.webp\",\"contentUrl\":\"https:\/\/luchonoticias.com\/editor\/wp-content\/uploads\/2024\/02\/cropped-cropped-logolu.webp\",\"width\":382,\"height\":170,\"caption\":\"admin\"},\"logo\":{\"@id\":\"https:\/\/luchonoticias.com\/editor\/#\/schema\/person\/image\/\"},\"sameAs\":[\"https:\/\/www.facebook.com\/luchonoticiasneiva\"]},{\"@type\":\"Person\",\"@id\":\"https:\/\/luchonoticias.com\/editor\/#\/schema\/person\/29217990ddf6f14e35912b2866d591fb\",\"name\":\"Editor General\",\"image\":{\"@type\":\"ImageObject\",\"inLanguage\":\"es\",\"@id\":\"https:\/\/luchonoticias.com\/editor\/#\/schema\/person\/image\/\",\"url\":\"https:\/\/luchonoticias.com\/editor\/wp-content\/uploads\/2024\/02\/cropped-cropped-logolu-150x150.webp\",\"contentUrl\":\"https:\/\/luchonoticias.com\/editor\/wp-content\/uploads\/2024\/02\/cropped-cropped-logolu-150x150.webp\",\"caption\":\"Editor General\"},\"sameAs\":[\"https:\/\/luchonoticias.com\/\"],\"url\":\"https:\/\/luchonoticias.com\/editor\/author\/editor-general\/\"}]}<\/script>\n<!-- \/ Yoast SEO plugin. -->","yoast_head_json":{"title":"Polic\u00eda de Neiva celebraron la Navidad con el gremio de taxistas -","robots":{"index":"index","follow":"follow","max-snippet":"max-snippet:-1","max-image-preview":"max-image-preview:large","max-video-preview":"max-video-preview:-1"},"canonical":"https:\/\/luchonoticias.com\/editor\/policia-de-neiva-celebraron-la-navidad-con-el-gremio-de-taxistas\/","og_locale":"es_ES","og_type":"article","og_title":"Polic\u00eda de Neiva celebraron la Navidad con el gremio de taxistas -","og_url":"https:\/\/luchonoticias.com\/editor\/policia-de-neiva-celebraron-la-navidad-con-el-gremio-de-taxistas\/","article_publisher":"https:\/\/www.facebook.com\/luchonoticiasneiva","article_published_time":"2023-12-26T12:57:53+00:00","og_image":[{"url":"https:\/\/luchonoticias.com\/wp-content\/uploads\/2023\/12\/WhatsApp-Image-2023-12-24-at-11.37.53-AM-1024x575.jpeg","type":"","width":"","height":""}],"author":"Editor General","twitter_card":"summary_large_image","twitter_misc":{"Escrito por":"Editor General","Tiempo de lectura":"1 minuto"},"schema":{"@context":"https:\/\/schema.org","@graph":[{"@type":"Article","@id":"https:\/\/luchonoticias.com\/editor\/policia-de-neiva-celebraron-la-navidad-con-el-gremio-de-taxistas\/#article","isPartOf":{"@id":"https:\/\/luchonoticias.com\/editor\/policia-de-neiva-celebraron-la-navidad-con-el-gremio-de-taxistas\/"},"author":{"name":"Editor General","@id":"https:\/\/luchonoticias.com\/editor\/#\/schema\/person\/29217990ddf6f14e35912b2866d591fb"},"headline":"Polic\u00eda de Neiva celebraron la Navidad con el gremio de taxistas","datePublished":"2023-12-26T12:57:53+00:00","mainEntityOfPage":{"@id":"https:\/\/luchonoticias.com\/editor\/policia-de-neiva-celebraron-la-navidad-con-el-gremio-de-taxistas\/"},"wordCount":127,"commentCount":0,"publisher":{"@id":"https:\/\/luchonoticias.com\/editor\/#\/schema\/person\/7a7fd911f58561fd056dbac7b55af9cd"},"image":{"@id":"https:\/\/luchonoticias.com\/editor\/policia-de-neiva-celebraron-la-navidad-con-el-gremio-de-taxistas\/#primaryimage"},"thumbnailUrl":"https:\/\/luchonoticias.com\/wp-content\/uploads\/2023\/12\/WhatsApp-Image-2023-12-24-at-11.37.53-AM-1024x575.jpeg","articleSection":["Comunidad","Destacado"],"inLanguage":"es","potentialAction":[{"@type":"CommentAction","name":"Comment","target":["https:\/\/luchonoticias.com\/editor\/policia-de-neiva-celebraron-la-navidad-con-el-gremio-de-taxistas\/#respond"]}]},{"@type":"WebPage","@id":"https:\/\/luchonoticias.com\/editor\/policia-de-neiva-celebraron-la-navidad-con-el-gremio-de-taxistas\/","url":"https:\/\/luchonoticias.com\/editor\/policia-de-neiva-celebraron-la-navidad-con-el-gremio-de-taxistas\/","name":"Polic\u00eda de Neiva celebraron la Navidad con el gremio de taxistas -","isPartOf":{"@id":"https:\/\/luchonoticias.com\/editor\/#website"},"primaryImageOfPage":{"@id":"https:\/\/luchonoticias.com\/editor\/policia-de-neiva-celebraron-la-navidad-con-el-gremio-de-taxistas\/#primaryimage"},"image":{"@id":"https:\/\/luchonoticias.com\/editor\/policia-de-neiva-celebraron-la-navidad-con-el-gremio-de-taxistas\/#primaryimage"},"thumbnailUrl":"https:\/\/luchonoticias.com\/wp-content\/uploads\/2023\/12\/WhatsApp-Image-2023-12-24-at-11.37.53-AM-1024x575.jpeg","datePublished":"2023-12-26T12:57:53+00:00","breadcrumb":{"@id":"https:\/\/luchonoticias.com\/editor\/policia-de-neiva-celebraron-la-navidad-con-el-gremio-de-taxistas\/#breadcrumb"},"inLanguage":"es","potentialAction":[{"@type":"ReadAction","target":["https:\/\/luchonoticias.com\/editor\/policia-de-neiva-celebraron-la-navidad-con-el-gremio-de-taxistas\/"]}]},{"@type":"ImageObject","inLanguage":"es","@id":"https:\/\/luchonoticias.com\/editor\/policia-de-neiva-celebraron-la-navidad-con-el-gremio-de-taxistas\/#primaryimage","url":"https:\/\/luchonoticias.com\/wp-content\/uploads\/2023\/12\/WhatsApp-Image-2023-12-24-at-11.37.53-AM-1024x575.jpeg","contentUrl":"https:\/\/luchonoticias.com\/wp-content\/uploads\/2023\/12\/WhatsApp-Image-2023-12-24-at-11.37.53-AM-1024x575.jpeg"},{"@type":"BreadcrumbList","@id":"https:\/\/luchonoticias.com\/editor\/policia-de-neiva-celebraron-la-navidad-con-el-gremio-de-taxistas\/#breadcrumb","itemListElement":[{"@type":"ListItem","position":1,"name":"Portada","item":"https:\/\/luchonoticias.com\/editor\/"},{"@type":"ListItem","position":2,"name":"Polic\u00eda de Neiva celebraron la Navidad con el gremio de taxistas"}]},{"@type":"WebSite","@id":"https:\/\/luchonoticias.com\/editor\/#website","url":"https:\/\/luchonoticias.com\/editor\/","name":"","description":"","publisher":{"@id":"https:\/\/luchonoticias.com\/editor\/#\/schema\/person\/7a7fd911f58561fd056dbac7b55af9cd"},"potentialAction":[{"@type":"SearchAction","target":{"@type":"EntryPoint","urlTemplate":"https:\/\/luchonoticias.com\/editor\/?s={search_term_string}"},"query-input":{"@type":"PropertyValueSpecification","valueRequired":true,"valueName":"search_term_string"}}],"inLanguage":"es"},{"@type":["Person","Organization"],"@id":"https:\/\/luchonoticias.com\/editor\/#\/schema\/person\/7a7fd911f58561fd056dbac7b55af9cd","name":"admin","image":{"@type":"ImageObject","inLanguage":"es","@id":"https:\/\/luchonoticias.com\/editor\/#\/schema\/person\/image\/","url":"https:\/\/luchonoticias.com\/editor\/wp-content\/uploads\/2024\/02\/cropped-cropped-logolu.webp","contentUrl":"https:\/\/luchonoticias.com\/editor\/wp-content\/uploads\/2024\/02\/cropped-cropped-logolu.webp","width":382,"height":170,"caption":"admin"},"logo":{"@id":"https:\/\/luchonoticias.com\/editor\/#\/schema\/person\/image\/"},"sameAs":["https:\/\/www.facebook.com\/luchonoticiasneiva"]},{"@type":"Person","@id":"https:\/\/luchonoticias.com\/editor\/#\/schema\/person\/29217990ddf6f14e35912b2866d591fb","name":"Editor General","image":{"@type":"ImageObject","inLanguage":"es","@id":"https:\/\/luchonoticias.com\/editor\/#\/schema\/person\/image\/","url":"https:\/\/luchonoticias.com\/editor\/wp-content\/uploads\/2024\/02\/cropped-cropped-logolu-150x150.webp","contentUrl":"https:\/\/luchonoticias.com\/editor\/wp-content\/uploads\/2024\/02\/cropped-cropped-logolu-150x150.webp","caption":"Editor General"},"sameAs":["https:\/\/luchonoticias.com\/"],"url":"https:\/\/luchonoticias.com\/editor\/author\/editor-general\/"}]}},"_links":{"self":[{"href":"https:\/\/luchonoticias.com\/editor\/wp-json\/wp\/v2\/posts\/66052","targetHints":{"allow":["GET"]}}],"collection":[{"href":"https:\/\/luchonoticias.com\/editor\/wp-json\/wp\/v2\/posts"}],"about":[{"href":"https:\/\/luchonoticias.com\/editor\/wp-json\/wp\/v2\/types\/post"}],"author":[{"embeddable":true,"href":"https:\/\/luchonoticias.com\/editor\/wp-json\/wp\/v2\/users\/2"}],"replies":[{"embeddable":true,"href":"https:\/\/luchonoticias.com\/editor\/wp-json\/wp\/v2\/comments?post=66052"}],"version-history":[{"count":0,"href":"https:\/\/luchonoticias.com\/editor\/wp-json\/wp\/v2\/posts\/66052\/revisions"}],"wp:attachment":[{"href":"https:\/\/luchonoticias.com\/editor\/wp-json\/wp\/v2\/media?parent=66052"}],"wp:term":[{"taxonomy":"category","embeddable":true,"href":"https:\/\/luchonoticias.com\/editor\/wp-json\/wp\/v2\/categories?post=66052"},{"taxonomy":"post_tag","embeddable":true,"href":"https:\/\/luchonoticias.com\/editor\/wp-json\/wp\/v2\/tags?post=66052"}],"curies":[{"name":"wp","href":"https:\/\/api.w.org\/{rel}","templated":true}]}}