{"id":66345,"date":"2024-01-01T17:12:01","date_gmt":"2024-01-01T22:12:01","guid":{"rendered":"https:\/\/luchonoticias.com\/?p=66345"},"modified":"2024-01-01T17:12:02","modified_gmt":"2024-01-01T22:12:02","slug":"balance-de-seguridad-del-ano-2023-en-el-huila","status":"publish","type":"post","link":"https:\/\/luchonoticias.com\/editor\/balance-de-seguridad-del-ano-2023-en-el-huila\/","title":{"rendered":"Balance de seguridad del a\u00f1o 2023 en el Huila"},"content":{"rendered":"\n<p>El departamento de Polic\u00eda Huila entreg\u00f3 alentadores resultados en materia de seguridad para el a\u00f1o que termina, hubo disminuci\u00f3n en las lesiones personales, hurto a residencias, abigeato, hurto a entidades financieras, lesiones en accidentes de tr\u00e1nsito, delitos sexuales, hurto a celulares, hurto a bicicletas entre otros. En el 2023 fueron capturadas 2.965 personas por diferentes delitos.<\/p>\n\n\n\n<p>Huila: Uno de los resultados m\u00e1s significativos de la Polic\u00eda Huila para la vigencia que termina est\u00e1 relacionado a la disminuci\u00f3n de los delitos sexuales, este a\u00f1o cayeron un 30% representado en 164 casos menos que el a\u00f1o inmediatamente anterior y habla muy bien de las diferentes actividades de prevenci\u00f3n en pro de la protecci\u00f3n de nuestros ni\u00f1os, ni\u00f1as y adolescentes.<\/p>\n\n\n\n<figure class=\"wp-block-gallery has-nested-images columns-default is-cropped wp-block-gallery-1 is-layout-flex wp-block-gallery-is-layout-flex\">\n<figure class=\"wp-block-image size-large\"><img decoding=\"async\" data-id=\"66349\" src=\"https:\/\/luchonoticias.com\/wp-content\/uploads\/2024\/01\/WhatsApp-Image-2023-12-31-at-10.44.55-AM-1-1024x768.jpeg\" alt=\"\" class=\"wp-image-66349\"\/><\/figure>\n\n\n\n<figure class=\"wp-block-image size-large\"><img decoding=\"async\" data-id=\"66347\" src=\"https:\/\/luchonoticias.com\/wp-content\/uploads\/2024\/01\/WhatsApp-Image-2023-12-31-at-10.44.54-AM-1.jpeg\" alt=\"\" class=\"wp-image-66347\"\/><\/figure>\n\n\n\n<figure class=\"wp-block-image size-large\"><img decoding=\"async\" data-id=\"66348\" src=\"https:\/\/luchonoticias.com\/wp-content\/uploads\/2024\/01\/WhatsApp-Image-2023-12-31-at-10.44.53-AM-1-1024x686.jpeg\" alt=\"\" class=\"wp-image-66348\"\/><\/figure>\n<\/figure>\n\n\n\n<p>Asimismo, cayeron 18 toneladas de marihuana, esta cifra bati\u00f3 record en incautaci\u00f3n de este alucin\u00f3geno que en la gran mayor\u00eda de ocasiones era proveniente de departamentos vecinos como Cauca, Caquet\u00e1 y Putumayo, asimismo, fueron incautados 10.635 kilogramos de base de coca, 6.230 kilogramos de clorhidrato de coca\u00edna y otros importantes resultados contra el narcotr\u00e1fico, estas incautaciones contaron con el concurso de la Direcci\u00f3n de Antinarc\u00f3ticos, Tr\u00e1nsito y Transportes, Polic\u00eda Judicial, Inteligencia y el Modelo de Vigilancia por Cuadrantes.<\/p>\n\n\n\n<p>El teniente coronel Henry Alexander Mu\u00f1oz Pinilla, comandante (e) del departamento de Polic\u00eda Huila dio a conocer otras importantes cifras en materia de seguridad en el departamento \u201ceste a\u00f1o que termina la Polic\u00eda en el Huila logr\u00f3 capturar a 2.965 personas por diferentes delitos, en promedio cada 24 horas 8 personas fueron capturadas y desarticulados 16 grupos delincuencial.\u00a0 Asimismo, sacamos de las calles 277 armas de fuego y 6.090 armas blancas con las que evitamos se pudieran causar lesiones o quitar la vida a una gran cantidad de ciudadanos.\u00a0 650 motocicletas y veh\u00edculos fueron recuperados, estos velomotores y automotores han venido siendo entregados a sus due\u00f1os naturales luego de cumplir con los requisitos de ley exigidos por la fiscal\u00eda\u201d puntualiz\u00f3 el coronel.<\/p>\n\n\n\n<figure class=\"wp-block-gallery has-nested-images columns-default is-cropped wp-block-gallery-2 is-layout-flex wp-block-gallery-is-layout-flex\">\n<figure class=\"wp-block-image size-large\"><img decoding=\"async\" data-id=\"66350\" src=\"https:\/\/luchonoticias.com\/wp-content\/uploads\/2024\/01\/WhatsApp-Image-2023-12-31-at-10.44.54-AM-768x1024.jpeg\" alt=\"\" class=\"wp-image-66350\"\/><\/figure>\n\n\n\n<figure class=\"wp-block-image size-large\"><img decoding=\"async\" data-id=\"66352\" src=\"https:\/\/luchonoticias.com\/wp-content\/uploads\/2024\/01\/WhatsApp-Image-2023-12-31-at-10.44.52-AM-1-1024x577.jpeg\" alt=\"\" class=\"wp-image-66352\"\/><\/figure>\n\n\n\n<figure class=\"wp-block-image size-large\"><img decoding=\"async\" data-id=\"66351\" src=\"https:\/\/luchonoticias.com\/wp-content\/uploads\/2024\/01\/WhatsApp-Image-2023-12-31-at-10.44.52-AM-1024x893.jpeg\" alt=\"\" class=\"wp-image-66351\"\/><\/figure>\n<\/figure>\n\n\n\n<p>Otros resultados en pro de la seguridad y convivencia ciudadana est\u00e1n relacionados a la disminuci\u00f3n en los delitos como las lesiones personales, lesionados en accidentes de tr\u00e1nsito, hurto a residencias, abigeato, hurto a entidades financieras, hurto a celulares, hurto a bicicletas entre otros.<\/p>\n\n\n\n<p>Finalmente, es necesario indicar que este fin de semana han ingresado al departamento del Huila 100 mil veh\u00edculos que se movilizan por los diferentes corredores viales en el Huila sin ning\u00fan contratiempo y con la vigilancia permanente de los hombres y mujeres de la Seccional de tr\u00e1nsito desplegados en las v\u00edas.<\/p>\n","protected":false},"excerpt":{"rendered":"<p>El departamento de Polic\u00eda Huila entreg\u00f3 alentadores resultados en materia de seguridad para el a\u00f1o que termina, hubo disminuci\u00f3n en las lesiones personales, hurto a residencias, abigeato, hurto a entidades financieras, lesiones en accidentes de tr\u00e1nsito, delitos sexuales, hurto a celulares, hurto a bicicletas entre otros. En el 2023 fueron capturadas 2.965 personas por diferentes [&hellip;]<\/p>\n","protected":false},"author":2,"featured_media":0,"comment_status":"open","ping_status":"open","sticky":false,"template":"","format":"standard","meta":{"footnotes":""},"categories":[36,29],"tags":[],"class_list":["post-66345","post","type-post","status-publish","format-standard","hentry","category-destacado","category-judicial"],"yoast_head":"<!-- This site is optimized with the Yoast SEO plugin v26.6 - https:\/\/yoast.com\/wordpress\/plugins\/seo\/ -->\n<title>Balance de seguridad del a\u00f1o 2023 en el Huila -<\/title>\n<meta name=\"robots\" content=\"index, follow, max-snippet:-1, max-image-preview:large, max-video-preview:-1\" \/>\n<link rel=\"canonical\" href=\"https:\/\/luchonoticias.com\/editor\/balance-de-seguridad-del-ano-2023-en-el-huila\/\" \/>\n<meta property=\"og:locale\" content=\"es_ES\" \/>\n<meta property=\"og:type\" content=\"article\" \/>\n<meta property=\"og:title\" content=\"Balance de seguridad del a\u00f1o 2023 en el Huila -\" \/>\n<meta property=\"og:url\" content=\"https:\/\/luchonoticias.com\/editor\/balance-de-seguridad-del-ano-2023-en-el-huila\/\" \/>\n<meta property=\"article:publisher\" content=\"https:\/\/www.facebook.com\/luchonoticiasneiva\" \/>\n<meta property=\"article:published_time\" content=\"2024-01-01T22:12:01+00:00\" \/>\n<meta property=\"article:modified_time\" content=\"2024-01-01T22:12:02+00:00\" \/>\n<meta property=\"og:image\" content=\"https:\/\/luchonoticias.com\/wp-content\/uploads\/2024\/01\/WhatsApp-Image-2023-12-31-at-10.44.55-AM-1-1024x768.jpeg\" \/>\n<meta name=\"author\" content=\"Editor General\" \/>\n<meta name=\"twitter:card\" content=\"summary_large_image\" \/>\n<meta name=\"twitter:label1\" content=\"Escrito por\" \/>\n\t<meta name=\"twitter:data1\" content=\"Editor General\" \/>\n\t<meta name=\"twitter:label2\" content=\"Tiempo de lectura\" \/>\n\t<meta name=\"twitter:data2\" content=\"2 minutos\" \/>\n<script type=\"application\/ld+json\" class=\"yoast-schema-graph\">{\"@context\":\"https:\/\/schema.org\",\"@graph\":[{\"@type\":\"Article\",\"@id\":\"https:\/\/luchonoticias.com\/editor\/balance-de-seguridad-del-ano-2023-en-el-huila\/#article\",\"isPartOf\":{\"@id\":\"https:\/\/luchonoticias.com\/editor\/balance-de-seguridad-del-ano-2023-en-el-huila\/\"},\"author\":{\"name\":\"Editor General\",\"@id\":\"https:\/\/luchonoticias.com\/editor\/#\/schema\/person\/29217990ddf6f14e35912b2866d591fb\"},\"headline\":\"Balance de seguridad del a\u00f1o 2023 en el Huila\",\"datePublished\":\"2024-01-01T22:12:01+00:00\",\"dateModified\":\"2024-01-01T22:12:02+00:00\",\"mainEntityOfPage\":{\"@id\":\"https:\/\/luchonoticias.com\/editor\/balance-de-seguridad-del-ano-2023-en-el-huila\/\"},\"wordCount\":441,\"commentCount\":0,\"publisher\":{\"@id\":\"https:\/\/luchonoticias.com\/editor\/#\/schema\/person\/7a7fd911f58561fd056dbac7b55af9cd\"},\"image\":{\"@id\":\"https:\/\/luchonoticias.com\/editor\/balance-de-seguridad-del-ano-2023-en-el-huila\/#primaryimage\"},\"thumbnailUrl\":\"https:\/\/luchonoticias.com\/wp-content\/uploads\/2024\/01\/WhatsApp-Image-2023-12-31-at-10.44.55-AM-1-1024x768.jpeg\",\"articleSection\":[\"Destacado\",\"Judicial\"],\"inLanguage\":\"es\",\"potentialAction\":[{\"@type\":\"CommentAction\",\"name\":\"Comment\",\"target\":[\"https:\/\/luchonoticias.com\/editor\/balance-de-seguridad-del-ano-2023-en-el-huila\/#respond\"]}]},{\"@type\":\"WebPage\",\"@id\":\"https:\/\/luchonoticias.com\/editor\/balance-de-seguridad-del-ano-2023-en-el-huila\/\",\"url\":\"https:\/\/luchonoticias.com\/editor\/balance-de-seguridad-del-ano-2023-en-el-huila\/\",\"name\":\"Balance de seguridad del a\u00f1o 2023 en el Huila -\",\"isPartOf\":{\"@id\":\"https:\/\/luchonoticias.com\/editor\/#website\"},\"primaryImageOfPage\":{\"@id\":\"https:\/\/luchonoticias.com\/editor\/balance-de-seguridad-del-ano-2023-en-el-huila\/#primaryimage\"},\"image\":{\"@id\":\"https:\/\/luchonoticias.com\/editor\/balance-de-seguridad-del-ano-2023-en-el-huila\/#primaryimage\"},\"thumbnailUrl\":\"https:\/\/luchonoticias.com\/wp-content\/uploads\/2024\/01\/WhatsApp-Image-2023-12-31-at-10.44.55-AM-1-1024x768.jpeg\",\"datePublished\":\"2024-01-01T22:12:01+00:00\",\"dateModified\":\"2024-01-01T22:12:02+00:00\",\"breadcrumb\":{\"@id\":\"https:\/\/luchonoticias.com\/editor\/balance-de-seguridad-del-ano-2023-en-el-huila\/#breadcrumb\"},\"inLanguage\":\"es\",\"potentialAction\":[{\"@type\":\"ReadAction\",\"target\":[\"https:\/\/luchonoticias.com\/editor\/balance-de-seguridad-del-ano-2023-en-el-huila\/\"]}]},{\"@type\":\"ImageObject\",\"inLanguage\":\"es\",\"@id\":\"https:\/\/luchonoticias.com\/editor\/balance-de-seguridad-del-ano-2023-en-el-huila\/#primaryimage\",\"url\":\"https:\/\/luchonoticias.com\/wp-content\/uploads\/2024\/01\/WhatsApp-Image-2023-12-31-at-10.44.55-AM-1-1024x768.jpeg\",\"contentUrl\":\"https:\/\/luchonoticias.com\/wp-content\/uploads\/2024\/01\/WhatsApp-Image-2023-12-31-at-10.44.55-AM-1-1024x768.jpeg\"},{\"@type\":\"BreadcrumbList\",\"@id\":\"https:\/\/luchonoticias.com\/editor\/balance-de-seguridad-del-ano-2023-en-el-huila\/#breadcrumb\",\"itemListElement\":[{\"@type\":\"ListItem\",\"position\":1,\"name\":\"Portada\",\"item\":\"https:\/\/luchonoticias.com\/editor\/\"},{\"@type\":\"ListItem\",\"position\":2,\"name\":\"Balance de seguridad del a\u00f1o 2023 en el Huila\"}]},{\"@type\":\"WebSite\",\"@id\":\"https:\/\/luchonoticias.com\/editor\/#website\",\"url\":\"https:\/\/luchonoticias.com\/editor\/\",\"name\":\"\",\"description\":\"\",\"publisher\":{\"@id\":\"https:\/\/luchonoticias.com\/editor\/#\/schema\/person\/7a7fd911f58561fd056dbac7b55af9cd\"},\"potentialAction\":[{\"@type\":\"SearchAction\",\"target\":{\"@type\":\"EntryPoint\",\"urlTemplate\":\"https:\/\/luchonoticias.com\/editor\/?s={search_term_string}\"},\"query-input\":{\"@type\":\"PropertyValueSpecification\",\"valueRequired\":true,\"valueName\":\"search_term_string\"}}],\"inLanguage\":\"es\"},{\"@type\":[\"Person\",\"Organization\"],\"@id\":\"https:\/\/luchonoticias.com\/editor\/#\/schema\/person\/7a7fd911f58561fd056dbac7b55af9cd\",\"name\":\"admin\",\"image\":{\"@type\":\"ImageObject\",\"inLanguage\":\"es\",\"@id\":\"https:\/\/luchonoticias.com\/editor\/#\/schema\/person\/image\/\",\"url\":\"https:\/\/luchonoticias.com\/editor\/wp-content\/uploads\/2024\/02\/cropped-cropped-logolu.webp\",\"contentUrl\":\"https:\/\/luchonoticias.com\/editor\/wp-content\/uploads\/2024\/02\/cropped-cropped-logolu.webp\",\"width\":382,\"height\":170,\"caption\":\"admin\"},\"logo\":{\"@id\":\"https:\/\/luchonoticias.com\/editor\/#\/schema\/person\/image\/\"},\"sameAs\":[\"https:\/\/www.facebook.com\/luchonoticiasneiva\"]},{\"@type\":\"Person\",\"@id\":\"https:\/\/luchonoticias.com\/editor\/#\/schema\/person\/29217990ddf6f14e35912b2866d591fb\",\"name\":\"Editor General\",\"image\":{\"@type\":\"ImageObject\",\"inLanguage\":\"es\",\"@id\":\"https:\/\/luchonoticias.com\/editor\/#\/schema\/person\/image\/\",\"url\":\"https:\/\/luchonoticias.com\/editor\/wp-content\/uploads\/2024\/02\/cropped-cropped-logolu-150x150.webp\",\"contentUrl\":\"https:\/\/luchonoticias.com\/editor\/wp-content\/uploads\/2024\/02\/cropped-cropped-logolu-150x150.webp\",\"caption\":\"Editor General\"},\"sameAs\":[\"https:\/\/luchonoticias.com\/\"],\"url\":\"https:\/\/luchonoticias.com\/editor\/author\/editor-general\/\"}]}<\/script>\n<!-- \/ Yoast SEO plugin. -->","yoast_head_json":{"title":"Balance de seguridad del a\u00f1o 2023 en el Huila -","robots":{"index":"index","follow":"follow","max-snippet":"max-snippet:-1","max-image-preview":"max-image-preview:large","max-video-preview":"max-video-preview:-1"},"canonical":"https:\/\/luchonoticias.com\/editor\/balance-de-seguridad-del-ano-2023-en-el-huila\/","og_locale":"es_ES","og_type":"article","og_title":"Balance de seguridad del a\u00f1o 2023 en el Huila -","og_url":"https:\/\/luchonoticias.com\/editor\/balance-de-seguridad-del-ano-2023-en-el-huila\/","article_publisher":"https:\/\/www.facebook.com\/luchonoticiasneiva","article_published_time":"2024-01-01T22:12:01+00:00","article_modified_time":"2024-01-01T22:12:02+00:00","og_image":[{"url":"https:\/\/luchonoticias.com\/wp-content\/uploads\/2024\/01\/WhatsApp-Image-2023-12-31-at-10.44.55-AM-1-1024x768.jpeg","type":"","width":"","height":""}],"author":"Editor General","twitter_card":"summary_large_image","twitter_misc":{"Escrito por":"Editor General","Tiempo de lectura":"2 minutos"},"schema":{"@context":"https:\/\/schema.org","@graph":[{"@type":"Article","@id":"https:\/\/luchonoticias.com\/editor\/balance-de-seguridad-del-ano-2023-en-el-huila\/#article","isPartOf":{"@id":"https:\/\/luchonoticias.com\/editor\/balance-de-seguridad-del-ano-2023-en-el-huila\/"},"author":{"name":"Editor General","@id":"https:\/\/luchonoticias.com\/editor\/#\/schema\/person\/29217990ddf6f14e35912b2866d591fb"},"headline":"Balance de seguridad del a\u00f1o 2023 en el Huila","datePublished":"2024-01-01T22:12:01+00:00","dateModified":"2024-01-01T22:12:02+00:00","mainEntityOfPage":{"@id":"https:\/\/luchonoticias.com\/editor\/balance-de-seguridad-del-ano-2023-en-el-huila\/"},"wordCount":441,"commentCount":0,"publisher":{"@id":"https:\/\/luchonoticias.com\/editor\/#\/schema\/person\/7a7fd911f58561fd056dbac7b55af9cd"},"image":{"@id":"https:\/\/luchonoticias.com\/editor\/balance-de-seguridad-del-ano-2023-en-el-huila\/#primaryimage"},"thumbnailUrl":"https:\/\/luchonoticias.com\/wp-content\/uploads\/2024\/01\/WhatsApp-Image-2023-12-31-at-10.44.55-AM-1-1024x768.jpeg","articleSection":["Destacado","Judicial"],"inLanguage":"es","potentialAction":[{"@type":"CommentAction","name":"Comment","target":["https:\/\/luchonoticias.com\/editor\/balance-de-seguridad-del-ano-2023-en-el-huila\/#respond"]}]},{"@type":"WebPage","@id":"https:\/\/luchonoticias.com\/editor\/balance-de-seguridad-del-ano-2023-en-el-huila\/","url":"https:\/\/luchonoticias.com\/editor\/balance-de-seguridad-del-ano-2023-en-el-huila\/","name":"Balance de seguridad del a\u00f1o 2023 en el Huila -","isPartOf":{"@id":"https:\/\/luchonoticias.com\/editor\/#website"},"primaryImageOfPage":{"@id":"https:\/\/luchonoticias.com\/editor\/balance-de-seguridad-del-ano-2023-en-el-huila\/#primaryimage"},"image":{"@id":"https:\/\/luchonoticias.com\/editor\/balance-de-seguridad-del-ano-2023-en-el-huila\/#primaryimage"},"thumbnailUrl":"https:\/\/luchonoticias.com\/wp-content\/uploads\/2024\/01\/WhatsApp-Image-2023-12-31-at-10.44.55-AM-1-1024x768.jpeg","datePublished":"2024-01-01T22:12:01+00:00","dateModified":"2024-01-01T22:12:02+00:00","breadcrumb":{"@id":"https:\/\/luchonoticias.com\/editor\/balance-de-seguridad-del-ano-2023-en-el-huila\/#breadcrumb"},"inLanguage":"es","potentialAction":[{"@type":"ReadAction","target":["https:\/\/luchonoticias.com\/editor\/balance-de-seguridad-del-ano-2023-en-el-huila\/"]}]},{"@type":"ImageObject","inLanguage":"es","@id":"https:\/\/luchonoticias.com\/editor\/balance-de-seguridad-del-ano-2023-en-el-huila\/#primaryimage","url":"https:\/\/luchonoticias.com\/wp-content\/uploads\/2024\/01\/WhatsApp-Image-2023-12-31-at-10.44.55-AM-1-1024x768.jpeg","contentUrl":"https:\/\/luchonoticias.com\/wp-content\/uploads\/2024\/01\/WhatsApp-Image-2023-12-31-at-10.44.55-AM-1-1024x768.jpeg"},{"@type":"BreadcrumbList","@id":"https:\/\/luchonoticias.com\/editor\/balance-de-seguridad-del-ano-2023-en-el-huila\/#breadcrumb","itemListElement":[{"@type":"ListItem","position":1,"name":"Portada","item":"https:\/\/luchonoticias.com\/editor\/"},{"@type":"ListItem","position":2,"name":"Balance de seguridad del a\u00f1o 2023 en el Huila"}]},{"@type":"WebSite","@id":"https:\/\/luchonoticias.com\/editor\/#website","url":"https:\/\/luchonoticias.com\/editor\/","name":"","description":"","publisher":{"@id":"https:\/\/luchonoticias.com\/editor\/#\/schema\/person\/7a7fd911f58561fd056dbac7b55af9cd"},"potentialAction":[{"@type":"SearchAction","target":{"@type":"EntryPoint","urlTemplate":"https:\/\/luchonoticias.com\/editor\/?s={search_term_string}"},"query-input":{"@type":"PropertyValueSpecification","valueRequired":true,"valueName":"search_term_string"}}],"inLanguage":"es"},{"@type":["Person","Organization"],"@id":"https:\/\/luchonoticias.com\/editor\/#\/schema\/person\/7a7fd911f58561fd056dbac7b55af9cd","name":"admin","image":{"@type":"ImageObject","inLanguage":"es","@id":"https:\/\/luchonoticias.com\/editor\/#\/schema\/person\/image\/","url":"https:\/\/luchonoticias.com\/editor\/wp-content\/uploads\/2024\/02\/cropped-cropped-logolu.webp","contentUrl":"https:\/\/luchonoticias.com\/editor\/wp-content\/uploads\/2024\/02\/cropped-cropped-logolu.webp","width":382,"height":170,"caption":"admin"},"logo":{"@id":"https:\/\/luchonoticias.com\/editor\/#\/schema\/person\/image\/"},"sameAs":["https:\/\/www.facebook.com\/luchonoticiasneiva"]},{"@type":"Person","@id":"https:\/\/luchonoticias.com\/editor\/#\/schema\/person\/29217990ddf6f14e35912b2866d591fb","name":"Editor General","image":{"@type":"ImageObject","inLanguage":"es","@id":"https:\/\/luchonoticias.com\/editor\/#\/schema\/person\/image\/","url":"https:\/\/luchonoticias.com\/editor\/wp-content\/uploads\/2024\/02\/cropped-cropped-logolu-150x150.webp","contentUrl":"https:\/\/luchonoticias.com\/editor\/wp-content\/uploads\/2024\/02\/cropped-cropped-logolu-150x150.webp","caption":"Editor General"},"sameAs":["https:\/\/luchonoticias.com\/"],"url":"https:\/\/luchonoticias.com\/editor\/author\/editor-general\/"}]}},"_links":{"self":[{"href":"https:\/\/luchonoticias.com\/editor\/wp-json\/wp\/v2\/posts\/66345","targetHints":{"allow":["GET"]}}],"collection":[{"href":"https:\/\/luchonoticias.com\/editor\/wp-json\/wp\/v2\/posts"}],"about":[{"href":"https:\/\/luchonoticias.com\/editor\/wp-json\/wp\/v2\/types\/post"}],"author":[{"embeddable":true,"href":"https:\/\/luchonoticias.com\/editor\/wp-json\/wp\/v2\/users\/2"}],"replies":[{"embeddable":true,"href":"https:\/\/luchonoticias.com\/editor\/wp-json\/wp\/v2\/comments?post=66345"}],"version-history":[{"count":0,"href":"https:\/\/luchonoticias.com\/editor\/wp-json\/wp\/v2\/posts\/66345\/revisions"}],"wp:attachment":[{"href":"https:\/\/luchonoticias.com\/editor\/wp-json\/wp\/v2\/media?parent=66345"}],"wp:term":[{"taxonomy":"category","embeddable":true,"href":"https:\/\/luchonoticias.com\/editor\/wp-json\/wp\/v2\/categories?post=66345"},{"taxonomy":"post_tag","embeddable":true,"href":"https:\/\/luchonoticias.com\/editor\/wp-json\/wp\/v2\/tags?post=66345"}],"curies":[{"name":"wp","href":"https:\/\/api.w.org\/{rel}","templated":true}]}}