{"id":66363,"date":"2024-01-01T17:41:33","date_gmt":"2024-01-01T22:41:33","guid":{"rendered":"https:\/\/luchonoticias.com\/?p=66363"},"modified":"2024-01-01T17:41:34","modified_gmt":"2024-01-01T22:41:34","slug":"german-casagua-ya-tiene-listo-su-gabinete-para-su-administracion","status":"publish","type":"post","link":"https:\/\/luchonoticias.com\/editor\/german-casagua-ya-tiene-listo-su-gabinete-para-su-administracion\/","title":{"rendered":"Germ\u00e1n Casagua ya tiene listo su gabinete para su administraci\u00f3n"},"content":{"rendered":"\n<p>En las ultimas horas, el alcalde de Neiva, Germ\u00e1n Casagua, revel\u00f3 en su cuenta de Facebook, quienes ser\u00e1n los que dirigir\u00e1n las diferentes Secretarias y Direcciones del Municipio, durante los cuatro a\u00f1os de su Administraci\u00f3n.<\/p>\n\n\n\n<p>\u201cLa idoneidad y experiencia son caracter\u00edsticas principales de nuestro gabinete municipal. Ellos y ellas tienen la responsabilidad de recuperar nuestro municipio\u201d, es el mensaje dado por el Mandatario de los Neivanos a trav\u00e9s de su red social.<\/p>\n\n\n\n<p><strong>Andr\u00e9s Eduardo Charry &#8211; Gerente Empresas P\u00fablicas<\/strong><\/p>\n\n\n\n<p>Contador P\u00fablico, Abogado y especialista en Derecho Administrativo y Constitucional, especialista en Contrataci\u00f3n Estatal.<\/p>\n\n\n\n<figure class=\"wp-block-image size-large is-style-default\"><img decoding=\"async\" src=\"https:\/\/luchonoticias.com\/wp-content\/uploads\/2024\/01\/415920349_900753721441218_6005657997307703329_n-1024x1024.jpg\" alt=\"\" class=\"wp-image-66364\"\/><\/figure>\n\n\n\n<p><strong>Jorge Falla &#8211; jefe Oficina de Comunicaciones<\/strong><\/p>\n\n\n\n<p>Comunicador social y periodista, especialista en Gerencia de Proyectos y Mag\u00edster en Comunicaci\u00f3n, Desarrollo y Cambio Social.<\/p>\n\n\n\n<figure class=\"wp-block-image size-large\"><img decoding=\"async\" src=\"https:\/\/luchonoticias.com\/wp-content\/uploads\/2024\/01\/415933704_900753601441230_8132644292440780858_n-1024x1024.jpg\" alt=\"\" class=\"wp-image-66365\"\/><\/figure>\n\n\n\n<p><strong>Juan Pablo Perdomo Zambrano &#8211; jefe Oficina Control Interno Disciplinario<\/strong><\/p>\n\n\n\n<p>Abogado, especialista en Derecho Administrativo. Se ha desempe\u00f1ado como jefe de la Oficina de Control Interno Disciplinario de Florencia<\/p>\n\n\n\n<figure class=\"wp-block-gallery has-nested-images columns-default is-cropped wp-block-gallery-1 is-layout-flex wp-block-gallery-is-layout-flex\">\n<figure class=\"wp-block-image size-large\"><img decoding=\"async\" data-id=\"66366\" src=\"https:\/\/luchonoticias.com\/wp-content\/uploads\/2024\/01\/414942163_900753701441220_7255637088904506269_n-1024x1024.jpg\" alt=\"\" class=\"wp-image-66366\"\/><\/figure>\n<\/figure>\n\n\n\n<p><strong>Clara Eugenia Pe\u00f1a Perdomo \u2013 secretaria de la mujer<\/strong><\/p>\n\n\n\n<p>Psic\u00f3loga, Mag\u00edster en Desarrollo Educativo y especialista en Gesti\u00f3n Gerontol\u00f3gica<\/p>\n\n\n\n<figure class=\"wp-block-image size-full is-resized\"><img decoding=\"async\" src=\"https:\/\/luchonoticias.com\/wp-content\/uploads\/2024\/01\/IMG-20231229-WA0254-683x1024-1.jpg\" alt=\"\" class=\"wp-image-66368\" style=\"width:840px;height:auto\"\/><\/figure>\n\n\n\n<p><strong>Mar\u00eda Janneth Cadena Pe\u00f1a &#8211; secretaria de salud<\/strong><\/p>\n\n\n\n<p>Odont\u00f3loga, especialista en Gerencia de Instituciones de Seguridad Social y Gerente de la Auditor\u00eda de la Calidad de la Atenci\u00f3n en Salud<\/p>\n\n\n\n<figure class=\"wp-block-image size-large\"><img decoding=\"async\" src=\"https:\/\/luchonoticias.com\/wp-content\/uploads\/2024\/01\/415918898_900753661441224_2809273171592990799_n-1024x1024.jpg\" alt=\"\" class=\"wp-image-66369\"\/><\/figure>\n\n\n\n<p><strong>Germ\u00e1n Dar\u00edo S\u00e1nchez G\u00f3mez &#8211; secretario de infraestructura<\/strong><\/p>\n\n\n\n<p>Ingeniero Civil, especialista en Dise\u00f1o y Construcci\u00f3n de V\u00edas y aeropistas, Mag\u00edster en Infraestructura Vial.<\/p>\n\n\n\n<figure class=\"wp-block-image size-large\"><img decoding=\"async\" src=\"https:\/\/luchonoticias.com\/wp-content\/uploads\/2024\/01\/415894363_900753604774563_4874145894825470712_n-1024x1024.jpg\" alt=\"\" class=\"wp-image-66370\"\/><\/figure>\n\n\n\n<p><strong>Andr\u00e9s Felipe Buitrago Vargas \u2013 secretario de medio ambiente<\/strong><\/p>\n\n\n\n<p>Ingeniero Agr\u00edcola y Civil, especialista en gerencia de Proyectos de Construcci\u00f3n e Infraestructura en curso.<\/p>\n\n\n\n<figure class=\"wp-block-image size-large\"><img decoding=\"async\" src=\"https:\/\/luchonoticias.com\/wp-content\/uploads\/2024\/01\/415914412_900753681441222_5214849222273001864_n-1024x1024.jpg\" alt=\"\" class=\"wp-image-66371\"\/><\/figure>\n\n\n\n<p><strong>Edwin Renier Valencia Rodr\u00edguez &#8211; secretario de competitividad<\/strong><\/p>\n\n\n\n<p>Finanzas y Relaciones Internacionales, MBA en Gest\u00e3o do Agronegocio, UFPR Universidade Federal do Paran\u00e1 Brasil. M\u00e1s de 18 a\u00f1os de experiencia profesional en cargos directivos a nivel nacional e internacional.<\/p>\n\n\n\n<figure class=\"wp-block-image size-large\"><img decoding=\"async\" src=\"https:\/\/luchonoticias.com\/wp-content\/uploads\/2024\/01\/414959595_900753654774558_6054904162988724759_n-1024x1024.jpg\" alt=\"\" class=\"wp-image-66372\"\/><\/figure>\n\n\n\n<p><strong>Juan Camilo Mu\u00f1oz Lozada &#8211; secretario de deportes y recreaci\u00f3n<\/strong><\/p>\n\n\n\n<p>Abogado, especialista en Servicios P\u00fablicos, Mag\u00edster en Derecho P\u00fablico, ex concejal de Neiva, con amplia experiencia en el sector p\u00fablico y privado<\/p>\n\n\n\n<figure class=\"wp-block-image size-large\"><img decoding=\"async\" src=\"https:\/\/luchonoticias.com\/wp-content\/uploads\/2024\/01\/416519435_900753694774554_5074579540390330571_n-1024x1024.jpg\" alt=\"\" class=\"wp-image-66373\"\/><\/figure>\n\n\n\n<p><strong>Directores<\/strong><\/p>\n\n\n\n<p><em><strong>Gina Paola Rubio Tovar &#8211; directora participaci\u00f3n ciudadana y comunitaria<\/strong><\/em><\/p>\n\n\n\n<p>Administradora Comercial de la Corporaci\u00f3n Universitaria Corhuila, especialista en Gerencia de Proyectos de la Universidad del Tolima.<\/p>\n\n\n\n<figure class=\"wp-block-image size-large\"><img decoding=\"async\" src=\"https:\/\/luchonoticias.com\/wp-content\/uploads\/2024\/01\/415925768_900753674774556_7896090960623777446_n-1024x1024.jpg\" alt=\"\" class=\"wp-image-66374\"\/><\/figure>\n\n\n\n<p><strong>Leonardo Fabio Salas Lasso &#8211; director t\u00e9cnico de movilidad<\/strong><\/p>\n\n\n\n<p>Abogado, T\u00e9cnico Vial, especialista en Derecho Administrativo y Contencioso Administrativo, especialista en Movilidad y Transporte, con experiencia en el sector p\u00fablico.<\/p>\n\n\n\n<figure class=\"wp-block-image size-large\"><img decoding=\"async\" src=\"https:\/\/luchonoticias.com\/wp-content\/uploads\/2024\/01\/416691469_900753711441219_6712746561409519607_n-1024x1024.jpg\" alt=\"\" class=\"wp-image-66375\"\/><\/figure>\n","protected":false},"excerpt":{"rendered":"<p>En las ultimas horas, el alcalde de Neiva, Germ\u00e1n Casagua, revel\u00f3 en su cuenta de Facebook, quienes ser\u00e1n los que dirigir\u00e1n las diferentes Secretarias y Direcciones del Municipio, durante los cuatro a\u00f1os de su Administraci\u00f3n. \u201cLa idoneidad y experiencia son caracter\u00edsticas principales de nuestro gabinete municipal. Ellos y ellas tienen la responsabilidad de recuperar nuestro [&hellip;]<\/p>\n","protected":false},"author":2,"featured_media":0,"comment_status":"open","ping_status":"open","sticky":false,"template":"","format":"standard","meta":{"footnotes":""},"categories":[36,53],"tags":[],"class_list":["post-66363","post","type-post","status-publish","format-standard","hentry","category-destacado","category-neiva"],"yoast_head":"<!-- This site is optimized with the Yoast SEO plugin v26.6 - https:\/\/yoast.com\/wordpress\/plugins\/seo\/ -->\n<title>Germ\u00e1n Casagua ya tiene listo su gabinete para su administraci\u00f3n -<\/title>\n<meta name=\"robots\" content=\"index, follow, max-snippet:-1, max-image-preview:large, max-video-preview:-1\" \/>\n<link rel=\"canonical\" href=\"https:\/\/luchonoticias.com\/editor\/german-casagua-ya-tiene-listo-su-gabinete-para-su-administracion\/\" \/>\n<meta property=\"og:locale\" content=\"es_ES\" \/>\n<meta property=\"og:type\" content=\"article\" \/>\n<meta property=\"og:title\" content=\"Germ\u00e1n Casagua ya tiene listo su gabinete para su administraci\u00f3n -\" \/>\n<meta property=\"og:url\" content=\"https:\/\/luchonoticias.com\/editor\/german-casagua-ya-tiene-listo-su-gabinete-para-su-administracion\/\" \/>\n<meta property=\"article:publisher\" content=\"https:\/\/www.facebook.com\/luchonoticiasneiva\" \/>\n<meta property=\"article:published_time\" content=\"2024-01-01T22:41:33+00:00\" \/>\n<meta property=\"article:modified_time\" content=\"2024-01-01T22:41:34+00:00\" \/>\n<meta property=\"og:image\" content=\"https:\/\/luchonoticias.com\/wp-content\/uploads\/2024\/01\/415920349_900753721441218_6005657997307703329_n-1024x1024.jpg\" \/>\n<meta name=\"author\" content=\"Editor General\" \/>\n<meta name=\"twitter:card\" content=\"summary_large_image\" \/>\n<meta name=\"twitter:label1\" content=\"Escrito por\" \/>\n\t<meta name=\"twitter:data1\" content=\"Editor General\" \/>\n\t<meta name=\"twitter:label2\" content=\"Tiempo de lectura\" \/>\n\t<meta name=\"twitter:data2\" content=\"2 minutos\" \/>\n<script type=\"application\/ld+json\" class=\"yoast-schema-graph\">{\"@context\":\"https:\/\/schema.org\",\"@graph\":[{\"@type\":\"Article\",\"@id\":\"https:\/\/luchonoticias.com\/editor\/german-casagua-ya-tiene-listo-su-gabinete-para-su-administracion\/#article\",\"isPartOf\":{\"@id\":\"https:\/\/luchonoticias.com\/editor\/german-casagua-ya-tiene-listo-su-gabinete-para-su-administracion\/\"},\"author\":{\"name\":\"Editor General\",\"@id\":\"https:\/\/luchonoticias.com\/editor\/#\/schema\/person\/29217990ddf6f14e35912b2866d591fb\"},\"headline\":\"Germ\u00e1n Casagua ya tiene listo su gabinete para su administraci\u00f3n\",\"datePublished\":\"2024-01-01T22:41:33+00:00\",\"dateModified\":\"2024-01-01T22:41:34+00:00\",\"mainEntityOfPage\":{\"@id\":\"https:\/\/luchonoticias.com\/editor\/german-casagua-ya-tiene-listo-su-gabinete-para-su-administracion\/\"},\"wordCount\":429,\"commentCount\":0,\"publisher\":{\"@id\":\"https:\/\/luchonoticias.com\/editor\/#\/schema\/person\/7a7fd911f58561fd056dbac7b55af9cd\"},\"image\":{\"@id\":\"https:\/\/luchonoticias.com\/editor\/german-casagua-ya-tiene-listo-su-gabinete-para-su-administracion\/#primaryimage\"},\"thumbnailUrl\":\"https:\/\/luchonoticias.com\/wp-content\/uploads\/2024\/01\/415920349_900753721441218_6005657997307703329_n-1024x1024.jpg\",\"articleSection\":[\"Destacado\",\"Neiva\"],\"inLanguage\":\"es\",\"potentialAction\":[{\"@type\":\"CommentAction\",\"name\":\"Comment\",\"target\":[\"https:\/\/luchonoticias.com\/editor\/german-casagua-ya-tiene-listo-su-gabinete-para-su-administracion\/#respond\"]}]},{\"@type\":\"WebPage\",\"@id\":\"https:\/\/luchonoticias.com\/editor\/german-casagua-ya-tiene-listo-su-gabinete-para-su-administracion\/\",\"url\":\"https:\/\/luchonoticias.com\/editor\/german-casagua-ya-tiene-listo-su-gabinete-para-su-administracion\/\",\"name\":\"Germ\u00e1n Casagua ya tiene listo su gabinete para su administraci\u00f3n -\",\"isPartOf\":{\"@id\":\"https:\/\/luchonoticias.com\/editor\/#website\"},\"primaryImageOfPage\":{\"@id\":\"https:\/\/luchonoticias.com\/editor\/german-casagua-ya-tiene-listo-su-gabinete-para-su-administracion\/#primaryimage\"},\"image\":{\"@id\":\"https:\/\/luchonoticias.com\/editor\/german-casagua-ya-tiene-listo-su-gabinete-para-su-administracion\/#primaryimage\"},\"thumbnailUrl\":\"https:\/\/luchonoticias.com\/wp-content\/uploads\/2024\/01\/415920349_900753721441218_6005657997307703329_n-1024x1024.jpg\",\"datePublished\":\"2024-01-01T22:41:33+00:00\",\"dateModified\":\"2024-01-01T22:41:34+00:00\",\"breadcrumb\":{\"@id\":\"https:\/\/luchonoticias.com\/editor\/german-casagua-ya-tiene-listo-su-gabinete-para-su-administracion\/#breadcrumb\"},\"inLanguage\":\"es\",\"potentialAction\":[{\"@type\":\"ReadAction\",\"target\":[\"https:\/\/luchonoticias.com\/editor\/german-casagua-ya-tiene-listo-su-gabinete-para-su-administracion\/\"]}]},{\"@type\":\"ImageObject\",\"inLanguage\":\"es\",\"@id\":\"https:\/\/luchonoticias.com\/editor\/german-casagua-ya-tiene-listo-su-gabinete-para-su-administracion\/#primaryimage\",\"url\":\"https:\/\/luchonoticias.com\/wp-content\/uploads\/2024\/01\/415920349_900753721441218_6005657997307703329_n-1024x1024.jpg\",\"contentUrl\":\"https:\/\/luchonoticias.com\/wp-content\/uploads\/2024\/01\/415920349_900753721441218_6005657997307703329_n-1024x1024.jpg\"},{\"@type\":\"BreadcrumbList\",\"@id\":\"https:\/\/luchonoticias.com\/editor\/german-casagua-ya-tiene-listo-su-gabinete-para-su-administracion\/#breadcrumb\",\"itemListElement\":[{\"@type\":\"ListItem\",\"position\":1,\"name\":\"Portada\",\"item\":\"https:\/\/luchonoticias.com\/editor\/\"},{\"@type\":\"ListItem\",\"position\":2,\"name\":\"Germ\u00e1n Casagua ya tiene listo su gabinete para su administraci\u00f3n\"}]},{\"@type\":\"WebSite\",\"@id\":\"https:\/\/luchonoticias.com\/editor\/#website\",\"url\":\"https:\/\/luchonoticias.com\/editor\/\",\"name\":\"\",\"description\":\"\",\"publisher\":{\"@id\":\"https:\/\/luchonoticias.com\/editor\/#\/schema\/person\/7a7fd911f58561fd056dbac7b55af9cd\"},\"potentialAction\":[{\"@type\":\"SearchAction\",\"target\":{\"@type\":\"EntryPoint\",\"urlTemplate\":\"https:\/\/luchonoticias.com\/editor\/?s={search_term_string}\"},\"query-input\":{\"@type\":\"PropertyValueSpecification\",\"valueRequired\":true,\"valueName\":\"search_term_string\"}}],\"inLanguage\":\"es\"},{\"@type\":[\"Person\",\"Organization\"],\"@id\":\"https:\/\/luchonoticias.com\/editor\/#\/schema\/person\/7a7fd911f58561fd056dbac7b55af9cd\",\"name\":\"admin\",\"image\":{\"@type\":\"ImageObject\",\"inLanguage\":\"es\",\"@id\":\"https:\/\/luchonoticias.com\/editor\/#\/schema\/person\/image\/\",\"url\":\"https:\/\/luchonoticias.com\/editor\/wp-content\/uploads\/2024\/02\/cropped-cropped-logolu.webp\",\"contentUrl\":\"https:\/\/luchonoticias.com\/editor\/wp-content\/uploads\/2024\/02\/cropped-cropped-logolu.webp\",\"width\":382,\"height\":170,\"caption\":\"admin\"},\"logo\":{\"@id\":\"https:\/\/luchonoticias.com\/editor\/#\/schema\/person\/image\/\"},\"sameAs\":[\"https:\/\/www.facebook.com\/luchonoticiasneiva\"]},{\"@type\":\"Person\",\"@id\":\"https:\/\/luchonoticias.com\/editor\/#\/schema\/person\/29217990ddf6f14e35912b2866d591fb\",\"name\":\"Editor General\",\"image\":{\"@type\":\"ImageObject\",\"inLanguage\":\"es\",\"@id\":\"https:\/\/luchonoticias.com\/editor\/#\/schema\/person\/image\/\",\"url\":\"https:\/\/luchonoticias.com\/editor\/wp-content\/uploads\/2024\/02\/cropped-cropped-logolu-150x150.webp\",\"contentUrl\":\"https:\/\/luchonoticias.com\/editor\/wp-content\/uploads\/2024\/02\/cropped-cropped-logolu-150x150.webp\",\"caption\":\"Editor General\"},\"sameAs\":[\"https:\/\/luchonoticias.com\/\"],\"url\":\"https:\/\/luchonoticias.com\/editor\/author\/editor-general\/\"}]}<\/script>\n<!-- \/ Yoast SEO plugin. -->","yoast_head_json":{"title":"Germ\u00e1n Casagua ya tiene listo su gabinete para su administraci\u00f3n -","robots":{"index":"index","follow":"follow","max-snippet":"max-snippet:-1","max-image-preview":"max-image-preview:large","max-video-preview":"max-video-preview:-1"},"canonical":"https:\/\/luchonoticias.com\/editor\/german-casagua-ya-tiene-listo-su-gabinete-para-su-administracion\/","og_locale":"es_ES","og_type":"article","og_title":"Germ\u00e1n Casagua ya tiene listo su gabinete para su administraci\u00f3n -","og_url":"https:\/\/luchonoticias.com\/editor\/german-casagua-ya-tiene-listo-su-gabinete-para-su-administracion\/","article_publisher":"https:\/\/www.facebook.com\/luchonoticiasneiva","article_published_time":"2024-01-01T22:41:33+00:00","article_modified_time":"2024-01-01T22:41:34+00:00","og_image":[{"url":"https:\/\/luchonoticias.com\/wp-content\/uploads\/2024\/01\/415920349_900753721441218_6005657997307703329_n-1024x1024.jpg","type":"","width":"","height":""}],"author":"Editor General","twitter_card":"summary_large_image","twitter_misc":{"Escrito por":"Editor General","Tiempo de lectura":"2 minutos"},"schema":{"@context":"https:\/\/schema.org","@graph":[{"@type":"Article","@id":"https:\/\/luchonoticias.com\/editor\/german-casagua-ya-tiene-listo-su-gabinete-para-su-administracion\/#article","isPartOf":{"@id":"https:\/\/luchonoticias.com\/editor\/german-casagua-ya-tiene-listo-su-gabinete-para-su-administracion\/"},"author":{"name":"Editor General","@id":"https:\/\/luchonoticias.com\/editor\/#\/schema\/person\/29217990ddf6f14e35912b2866d591fb"},"headline":"Germ\u00e1n Casagua ya tiene listo su gabinete para su administraci\u00f3n","datePublished":"2024-01-01T22:41:33+00:00","dateModified":"2024-01-01T22:41:34+00:00","mainEntityOfPage":{"@id":"https:\/\/luchonoticias.com\/editor\/german-casagua-ya-tiene-listo-su-gabinete-para-su-administracion\/"},"wordCount":429,"commentCount":0,"publisher":{"@id":"https:\/\/luchonoticias.com\/editor\/#\/schema\/person\/7a7fd911f58561fd056dbac7b55af9cd"},"image":{"@id":"https:\/\/luchonoticias.com\/editor\/german-casagua-ya-tiene-listo-su-gabinete-para-su-administracion\/#primaryimage"},"thumbnailUrl":"https:\/\/luchonoticias.com\/wp-content\/uploads\/2024\/01\/415920349_900753721441218_6005657997307703329_n-1024x1024.jpg","articleSection":["Destacado","Neiva"],"inLanguage":"es","potentialAction":[{"@type":"CommentAction","name":"Comment","target":["https:\/\/luchonoticias.com\/editor\/german-casagua-ya-tiene-listo-su-gabinete-para-su-administracion\/#respond"]}]},{"@type":"WebPage","@id":"https:\/\/luchonoticias.com\/editor\/german-casagua-ya-tiene-listo-su-gabinete-para-su-administracion\/","url":"https:\/\/luchonoticias.com\/editor\/german-casagua-ya-tiene-listo-su-gabinete-para-su-administracion\/","name":"Germ\u00e1n Casagua ya tiene listo su gabinete para su administraci\u00f3n -","isPartOf":{"@id":"https:\/\/luchonoticias.com\/editor\/#website"},"primaryImageOfPage":{"@id":"https:\/\/luchonoticias.com\/editor\/german-casagua-ya-tiene-listo-su-gabinete-para-su-administracion\/#primaryimage"},"image":{"@id":"https:\/\/luchonoticias.com\/editor\/german-casagua-ya-tiene-listo-su-gabinete-para-su-administracion\/#primaryimage"},"thumbnailUrl":"https:\/\/luchonoticias.com\/wp-content\/uploads\/2024\/01\/415920349_900753721441218_6005657997307703329_n-1024x1024.jpg","datePublished":"2024-01-01T22:41:33+00:00","dateModified":"2024-01-01T22:41:34+00:00","breadcrumb":{"@id":"https:\/\/luchonoticias.com\/editor\/german-casagua-ya-tiene-listo-su-gabinete-para-su-administracion\/#breadcrumb"},"inLanguage":"es","potentialAction":[{"@type":"ReadAction","target":["https:\/\/luchonoticias.com\/editor\/german-casagua-ya-tiene-listo-su-gabinete-para-su-administracion\/"]}]},{"@type":"ImageObject","inLanguage":"es","@id":"https:\/\/luchonoticias.com\/editor\/german-casagua-ya-tiene-listo-su-gabinete-para-su-administracion\/#primaryimage","url":"https:\/\/luchonoticias.com\/wp-content\/uploads\/2024\/01\/415920349_900753721441218_6005657997307703329_n-1024x1024.jpg","contentUrl":"https:\/\/luchonoticias.com\/wp-content\/uploads\/2024\/01\/415920349_900753721441218_6005657997307703329_n-1024x1024.jpg"},{"@type":"BreadcrumbList","@id":"https:\/\/luchonoticias.com\/editor\/german-casagua-ya-tiene-listo-su-gabinete-para-su-administracion\/#breadcrumb","itemListElement":[{"@type":"ListItem","position":1,"name":"Portada","item":"https:\/\/luchonoticias.com\/editor\/"},{"@type":"ListItem","position":2,"name":"Germ\u00e1n Casagua ya tiene listo su gabinete para su administraci\u00f3n"}]},{"@type":"WebSite","@id":"https:\/\/luchonoticias.com\/editor\/#website","url":"https:\/\/luchonoticias.com\/editor\/","name":"","description":"","publisher":{"@id":"https:\/\/luchonoticias.com\/editor\/#\/schema\/person\/7a7fd911f58561fd056dbac7b55af9cd"},"potentialAction":[{"@type":"SearchAction","target":{"@type":"EntryPoint","urlTemplate":"https:\/\/luchonoticias.com\/editor\/?s={search_term_string}"},"query-input":{"@type":"PropertyValueSpecification","valueRequired":true,"valueName":"search_term_string"}}],"inLanguage":"es"},{"@type":["Person","Organization"],"@id":"https:\/\/luchonoticias.com\/editor\/#\/schema\/person\/7a7fd911f58561fd056dbac7b55af9cd","name":"admin","image":{"@type":"ImageObject","inLanguage":"es","@id":"https:\/\/luchonoticias.com\/editor\/#\/schema\/person\/image\/","url":"https:\/\/luchonoticias.com\/editor\/wp-content\/uploads\/2024\/02\/cropped-cropped-logolu.webp","contentUrl":"https:\/\/luchonoticias.com\/editor\/wp-content\/uploads\/2024\/02\/cropped-cropped-logolu.webp","width":382,"height":170,"caption":"admin"},"logo":{"@id":"https:\/\/luchonoticias.com\/editor\/#\/schema\/person\/image\/"},"sameAs":["https:\/\/www.facebook.com\/luchonoticiasneiva"]},{"@type":"Person","@id":"https:\/\/luchonoticias.com\/editor\/#\/schema\/person\/29217990ddf6f14e35912b2866d591fb","name":"Editor General","image":{"@type":"ImageObject","inLanguage":"es","@id":"https:\/\/luchonoticias.com\/editor\/#\/schema\/person\/image\/","url":"https:\/\/luchonoticias.com\/editor\/wp-content\/uploads\/2024\/02\/cropped-cropped-logolu-150x150.webp","contentUrl":"https:\/\/luchonoticias.com\/editor\/wp-content\/uploads\/2024\/02\/cropped-cropped-logolu-150x150.webp","caption":"Editor General"},"sameAs":["https:\/\/luchonoticias.com\/"],"url":"https:\/\/luchonoticias.com\/editor\/author\/editor-general\/"}]}},"_links":{"self":[{"href":"https:\/\/luchonoticias.com\/editor\/wp-json\/wp\/v2\/posts\/66363","targetHints":{"allow":["GET"]}}],"collection":[{"href":"https:\/\/luchonoticias.com\/editor\/wp-json\/wp\/v2\/posts"}],"about":[{"href":"https:\/\/luchonoticias.com\/editor\/wp-json\/wp\/v2\/types\/post"}],"author":[{"embeddable":true,"href":"https:\/\/luchonoticias.com\/editor\/wp-json\/wp\/v2\/users\/2"}],"replies":[{"embeddable":true,"href":"https:\/\/luchonoticias.com\/editor\/wp-json\/wp\/v2\/comments?post=66363"}],"version-history":[{"count":0,"href":"https:\/\/luchonoticias.com\/editor\/wp-json\/wp\/v2\/posts\/66363\/revisions"}],"wp:attachment":[{"href":"https:\/\/luchonoticias.com\/editor\/wp-json\/wp\/v2\/media?parent=66363"}],"wp:term":[{"taxonomy":"category","embeddable":true,"href":"https:\/\/luchonoticias.com\/editor\/wp-json\/wp\/v2\/categories?post=66363"},{"taxonomy":"post_tag","embeddable":true,"href":"https:\/\/luchonoticias.com\/editor\/wp-json\/wp\/v2\/tags?post=66363"}],"curies":[{"name":"wp","href":"https:\/\/api.w.org\/{rel}","templated":true}]}}