{"id":66394,"date":"2024-01-02T17:21:40","date_gmt":"2024-01-02T22:21:40","guid":{"rendered":"https:\/\/luchonoticias.com\/?p=66394"},"modified":"2024-01-02T17:21:41","modified_gmt":"2024-01-02T22:21:41","slug":"vigilare-los-recursos-del-huila-y-actuare-como-un-diputado-independiente-rodrigo-lara-sanchez","status":"publish","type":"post","link":"https:\/\/luchonoticias.com\/editor\/vigilare-los-recursos-del-huila-y-actuare-como-un-diputado-independiente-rodrigo-lara-sanchez\/","title":{"rendered":"\u201cVigilar\u00e9 los recursos del Huila y actuar\u00e9 como un diputado independiente\u201d: Rodrigo Lara S\u00e1nchez"},"content":{"rendered":"\n<p>En el recinto Rodrigo Lara Bonilla de la Asamblea del Huila, el diputado Rodrigo Lara S\u00e1nchez, del partido Alianza Verde durante su posesi\u00f3n oficial jur\u00f3 que mantendr\u00e1 su independencia y ser\u00e1 garante que los recursos de los huilenses se inviertan con austeridad y responsabilidad.<\/p>\n\n\n\n<p>\u201cJur\u00e9 ante Dios vigilar y cuidar los recursos p\u00fablicos de los huilenses, lo hice en el recinto de la Asamblea del Huila, cuyo sal\u00f3n principal hace honor a la memoria de mi padre a quien honrar\u00e9 esta vez como Diputado\u201d expres\u00f3 el m\u00e9dico Rodrigo Lara.<\/p>\n\n\n\n<p>En di\u00e1logo con Lucho Noticias, el diputado Rodrigo Lara S\u00e1nchez, dijo que uno los temas principales de su agenda de trabajo, es gestionar y aprobar los recursos todo bajo las normas constitucionales para darle prioridad al sector de la salud en el Huila.<\/p>\n\n\n\n<p>\u201cInicio este nuevo reto pol\u00edtico como diputado con mucha responsabilidad, har\u00e9 oposici\u00f3n con respeto y constructiva para ayudar a sacar adelante este departamento, que los recursos beneficien a los m\u00e1s necesitados en los 37 municipios del Huila, vendr\u00e1 la construcci\u00f3n del Plan de Desarrollo, conozco las necesidades del departamento y estar\u00e9 atento a contribuir por el desarrollo en cada uno de los municipios, esa ser\u00e1 nuestra misi\u00f3n un control pol\u00edtico con mucha responsabilidad\u201d acot\u00f3 el diputado Lara S\u00e1nchez.<\/p>\n\n\n\n<p>El m\u00e9dico Rodrigo Lara, respondi\u00f3 que no acept\u00f3 la segunda vicepresidencia en la mesa directiva al se\u00f1alar que \u201cestar\u00e9 siempre en la independencia, ser\u00e9 un diputado raso, lo m\u00e1s importante es hacer control pol\u00edtico con respeto y sacar adelante los proyectos que sean de beneficio para los huilenses\u201d.<\/p>\n\n\n\n<p>Dijo finalmente el diputado Lara S\u00e1nchez, que como m\u00e9dico trabajar\u00e1 con su colega el diputado y galeno Edwin Barajas, para fortalecer la atenci\u00f3n primaria, blindar a los hospitales p\u00fablicos del Huila de la corrupci\u00f3n y cuidar cada peso de la salud que le pertenece a los huilenses.<\/p>\n","protected":false},"excerpt":{"rendered":"<p>En el recinto Rodrigo Lara Bonilla de la Asamblea del Huila, el diputado Rodrigo Lara S\u00e1nchez, del partido Alianza Verde durante su posesi\u00f3n oficial jur\u00f3 que mantendr\u00e1 su independencia y ser\u00e1 garante que los recursos de los huilenses se inviertan con austeridad y responsabilidad. \u201cJur\u00e9 ante Dios vigilar y cuidar los recursos p\u00fablicos de los [&hellip;]<\/p>\n","protected":false},"author":2,"featured_media":0,"comment_status":"open","ping_status":"open","sticky":false,"template":"","format":"standard","meta":{"footnotes":""},"categories":[36,617],"tags":[],"class_list":["post-66394","post","type-post","status-publish","format-standard","hentry","category-destacado","category-politica"],"yoast_head":"<!-- This site is optimized with the Yoast SEO plugin v26.6 - https:\/\/yoast.com\/wordpress\/plugins\/seo\/ -->\n<title>\u201cVigilar\u00e9 los recursos del Huila y actuar\u00e9 como un diputado independiente\u201d: Rodrigo Lara S\u00e1nchez -<\/title>\n<meta name=\"robots\" content=\"index, follow, max-snippet:-1, max-image-preview:large, max-video-preview:-1\" \/>\n<link rel=\"canonical\" href=\"https:\/\/luchonoticias.com\/editor\/vigilare-los-recursos-del-huila-y-actuare-como-un-diputado-independiente-rodrigo-lara-sanchez\/\" \/>\n<meta property=\"og:locale\" content=\"es_ES\" \/>\n<meta property=\"og:type\" content=\"article\" \/>\n<meta property=\"og:title\" content=\"\u201cVigilar\u00e9 los recursos del Huila y actuar\u00e9 como un diputado independiente\u201d: Rodrigo Lara S\u00e1nchez -\" \/>\n<meta property=\"og:url\" content=\"https:\/\/luchonoticias.com\/editor\/vigilare-los-recursos-del-huila-y-actuare-como-un-diputado-independiente-rodrigo-lara-sanchez\/\" \/>\n<meta property=\"article:publisher\" content=\"https:\/\/www.facebook.com\/luchonoticiasneiva\" \/>\n<meta property=\"article:published_time\" content=\"2024-01-02T22:21:40+00:00\" \/>\n<meta property=\"article:modified_time\" content=\"2024-01-02T22:21:41+00:00\" \/>\n<meta name=\"author\" content=\"Editor General\" \/>\n<meta name=\"twitter:card\" content=\"summary_large_image\" \/>\n<meta name=\"twitter:label1\" content=\"Escrito por\" \/>\n\t<meta name=\"twitter:data1\" content=\"Editor General\" \/>\n\t<meta name=\"twitter:label2\" content=\"Tiempo de lectura\" \/>\n\t<meta name=\"twitter:data2\" content=\"2 minutos\" \/>\n<script type=\"application\/ld+json\" class=\"yoast-schema-graph\">{\"@context\":\"https:\/\/schema.org\",\"@graph\":[{\"@type\":\"Article\",\"@id\":\"https:\/\/luchonoticias.com\/editor\/vigilare-los-recursos-del-huila-y-actuare-como-un-diputado-independiente-rodrigo-lara-sanchez\/#article\",\"isPartOf\":{\"@id\":\"https:\/\/luchonoticias.com\/editor\/vigilare-los-recursos-del-huila-y-actuare-como-un-diputado-independiente-rodrigo-lara-sanchez\/\"},\"author\":{\"name\":\"Editor General\",\"@id\":\"https:\/\/luchonoticias.com\/editor\/#\/schema\/person\/29217990ddf6f14e35912b2866d591fb\"},\"headline\":\"\u201cVigilar\u00e9 los recursos del Huila y actuar\u00e9 como un diputado independiente\u201d: Rodrigo Lara S\u00e1nchez\",\"datePublished\":\"2024-01-02T22:21:40+00:00\",\"dateModified\":\"2024-01-02T22:21:41+00:00\",\"mainEntityOfPage\":{\"@id\":\"https:\/\/luchonoticias.com\/editor\/vigilare-los-recursos-del-huila-y-actuare-como-un-diputado-independiente-rodrigo-lara-sanchez\/\"},\"wordCount\":342,\"commentCount\":0,\"publisher\":{\"@id\":\"https:\/\/luchonoticias.com\/editor\/#\/schema\/person\/7a7fd911f58561fd056dbac7b55af9cd\"},\"articleSection\":[\"Destacado\",\"Pol\u00edtica\"],\"inLanguage\":\"es\",\"potentialAction\":[{\"@type\":\"CommentAction\",\"name\":\"Comment\",\"target\":[\"https:\/\/luchonoticias.com\/editor\/vigilare-los-recursos-del-huila-y-actuare-como-un-diputado-independiente-rodrigo-lara-sanchez\/#respond\"]}]},{\"@type\":\"WebPage\",\"@id\":\"https:\/\/luchonoticias.com\/editor\/vigilare-los-recursos-del-huila-y-actuare-como-un-diputado-independiente-rodrigo-lara-sanchez\/\",\"url\":\"https:\/\/luchonoticias.com\/editor\/vigilare-los-recursos-del-huila-y-actuare-como-un-diputado-independiente-rodrigo-lara-sanchez\/\",\"name\":\"\u201cVigilar\u00e9 los recursos del Huila y actuar\u00e9 como un diputado independiente\u201d: Rodrigo Lara S\u00e1nchez -\",\"isPartOf\":{\"@id\":\"https:\/\/luchonoticias.com\/editor\/#website\"},\"datePublished\":\"2024-01-02T22:21:40+00:00\",\"dateModified\":\"2024-01-02T22:21:41+00:00\",\"breadcrumb\":{\"@id\":\"https:\/\/luchonoticias.com\/editor\/vigilare-los-recursos-del-huila-y-actuare-como-un-diputado-independiente-rodrigo-lara-sanchez\/#breadcrumb\"},\"inLanguage\":\"es\",\"potentialAction\":[{\"@type\":\"ReadAction\",\"target\":[\"https:\/\/luchonoticias.com\/editor\/vigilare-los-recursos-del-huila-y-actuare-como-un-diputado-independiente-rodrigo-lara-sanchez\/\"]}]},{\"@type\":\"BreadcrumbList\",\"@id\":\"https:\/\/luchonoticias.com\/editor\/vigilare-los-recursos-del-huila-y-actuare-como-un-diputado-independiente-rodrigo-lara-sanchez\/#breadcrumb\",\"itemListElement\":[{\"@type\":\"ListItem\",\"position\":1,\"name\":\"Portada\",\"item\":\"https:\/\/luchonoticias.com\/editor\/\"},{\"@type\":\"ListItem\",\"position\":2,\"name\":\"\u201cVigilar\u00e9 los recursos del Huila y actuar\u00e9 como un diputado independiente\u201d: Rodrigo Lara S\u00e1nchez\"}]},{\"@type\":\"WebSite\",\"@id\":\"https:\/\/luchonoticias.com\/editor\/#website\",\"url\":\"https:\/\/luchonoticias.com\/editor\/\",\"name\":\"\",\"description\":\"\",\"publisher\":{\"@id\":\"https:\/\/luchonoticias.com\/editor\/#\/schema\/person\/7a7fd911f58561fd056dbac7b55af9cd\"},\"potentialAction\":[{\"@type\":\"SearchAction\",\"target\":{\"@type\":\"EntryPoint\",\"urlTemplate\":\"https:\/\/luchonoticias.com\/editor\/?s={search_term_string}\"},\"query-input\":{\"@type\":\"PropertyValueSpecification\",\"valueRequired\":true,\"valueName\":\"search_term_string\"}}],\"inLanguage\":\"es\"},{\"@type\":[\"Person\",\"Organization\"],\"@id\":\"https:\/\/luchonoticias.com\/editor\/#\/schema\/person\/7a7fd911f58561fd056dbac7b55af9cd\",\"name\":\"admin\",\"image\":{\"@type\":\"ImageObject\",\"inLanguage\":\"es\",\"@id\":\"https:\/\/luchonoticias.com\/editor\/#\/schema\/person\/image\/\",\"url\":\"https:\/\/luchonoticias.com\/editor\/wp-content\/uploads\/2024\/02\/cropped-cropped-logolu.webp\",\"contentUrl\":\"https:\/\/luchonoticias.com\/editor\/wp-content\/uploads\/2024\/02\/cropped-cropped-logolu.webp\",\"width\":382,\"height\":170,\"caption\":\"admin\"},\"logo\":{\"@id\":\"https:\/\/luchonoticias.com\/editor\/#\/schema\/person\/image\/\"},\"sameAs\":[\"https:\/\/www.facebook.com\/luchonoticiasneiva\"]},{\"@type\":\"Person\",\"@id\":\"https:\/\/luchonoticias.com\/editor\/#\/schema\/person\/29217990ddf6f14e35912b2866d591fb\",\"name\":\"Editor General\",\"image\":{\"@type\":\"ImageObject\",\"inLanguage\":\"es\",\"@id\":\"https:\/\/luchonoticias.com\/editor\/#\/schema\/person\/image\/\",\"url\":\"https:\/\/luchonoticias.com\/editor\/wp-content\/uploads\/2024\/02\/cropped-cropped-logolu-150x150.webp\",\"contentUrl\":\"https:\/\/luchonoticias.com\/editor\/wp-content\/uploads\/2024\/02\/cropped-cropped-logolu-150x150.webp\",\"caption\":\"Editor General\"},\"sameAs\":[\"https:\/\/luchonoticias.com\/\"],\"url\":\"https:\/\/luchonoticias.com\/editor\/author\/editor-general\/\"}]}<\/script>\n<!-- \/ Yoast SEO plugin. -->","yoast_head_json":{"title":"\u201cVigilar\u00e9 los recursos del Huila y actuar\u00e9 como un diputado independiente\u201d: Rodrigo Lara S\u00e1nchez -","robots":{"index":"index","follow":"follow","max-snippet":"max-snippet:-1","max-image-preview":"max-image-preview:large","max-video-preview":"max-video-preview:-1"},"canonical":"https:\/\/luchonoticias.com\/editor\/vigilare-los-recursos-del-huila-y-actuare-como-un-diputado-independiente-rodrigo-lara-sanchez\/","og_locale":"es_ES","og_type":"article","og_title":"\u201cVigilar\u00e9 los recursos del Huila y actuar\u00e9 como un diputado independiente\u201d: Rodrigo Lara S\u00e1nchez -","og_url":"https:\/\/luchonoticias.com\/editor\/vigilare-los-recursos-del-huila-y-actuare-como-un-diputado-independiente-rodrigo-lara-sanchez\/","article_publisher":"https:\/\/www.facebook.com\/luchonoticiasneiva","article_published_time":"2024-01-02T22:21:40+00:00","article_modified_time":"2024-01-02T22:21:41+00:00","author":"Editor General","twitter_card":"summary_large_image","twitter_misc":{"Escrito por":"Editor General","Tiempo de lectura":"2 minutos"},"schema":{"@context":"https:\/\/schema.org","@graph":[{"@type":"Article","@id":"https:\/\/luchonoticias.com\/editor\/vigilare-los-recursos-del-huila-y-actuare-como-un-diputado-independiente-rodrigo-lara-sanchez\/#article","isPartOf":{"@id":"https:\/\/luchonoticias.com\/editor\/vigilare-los-recursos-del-huila-y-actuare-como-un-diputado-independiente-rodrigo-lara-sanchez\/"},"author":{"name":"Editor General","@id":"https:\/\/luchonoticias.com\/editor\/#\/schema\/person\/29217990ddf6f14e35912b2866d591fb"},"headline":"\u201cVigilar\u00e9 los recursos del Huila y actuar\u00e9 como un diputado independiente\u201d: Rodrigo Lara S\u00e1nchez","datePublished":"2024-01-02T22:21:40+00:00","dateModified":"2024-01-02T22:21:41+00:00","mainEntityOfPage":{"@id":"https:\/\/luchonoticias.com\/editor\/vigilare-los-recursos-del-huila-y-actuare-como-un-diputado-independiente-rodrigo-lara-sanchez\/"},"wordCount":342,"commentCount":0,"publisher":{"@id":"https:\/\/luchonoticias.com\/editor\/#\/schema\/person\/7a7fd911f58561fd056dbac7b55af9cd"},"articleSection":["Destacado","Pol\u00edtica"],"inLanguage":"es","potentialAction":[{"@type":"CommentAction","name":"Comment","target":["https:\/\/luchonoticias.com\/editor\/vigilare-los-recursos-del-huila-y-actuare-como-un-diputado-independiente-rodrigo-lara-sanchez\/#respond"]}]},{"@type":"WebPage","@id":"https:\/\/luchonoticias.com\/editor\/vigilare-los-recursos-del-huila-y-actuare-como-un-diputado-independiente-rodrigo-lara-sanchez\/","url":"https:\/\/luchonoticias.com\/editor\/vigilare-los-recursos-del-huila-y-actuare-como-un-diputado-independiente-rodrigo-lara-sanchez\/","name":"\u201cVigilar\u00e9 los recursos del Huila y actuar\u00e9 como un diputado independiente\u201d: Rodrigo Lara S\u00e1nchez -","isPartOf":{"@id":"https:\/\/luchonoticias.com\/editor\/#website"},"datePublished":"2024-01-02T22:21:40+00:00","dateModified":"2024-01-02T22:21:41+00:00","breadcrumb":{"@id":"https:\/\/luchonoticias.com\/editor\/vigilare-los-recursos-del-huila-y-actuare-como-un-diputado-independiente-rodrigo-lara-sanchez\/#breadcrumb"},"inLanguage":"es","potentialAction":[{"@type":"ReadAction","target":["https:\/\/luchonoticias.com\/editor\/vigilare-los-recursos-del-huila-y-actuare-como-un-diputado-independiente-rodrigo-lara-sanchez\/"]}]},{"@type":"BreadcrumbList","@id":"https:\/\/luchonoticias.com\/editor\/vigilare-los-recursos-del-huila-y-actuare-como-un-diputado-independiente-rodrigo-lara-sanchez\/#breadcrumb","itemListElement":[{"@type":"ListItem","position":1,"name":"Portada","item":"https:\/\/luchonoticias.com\/editor\/"},{"@type":"ListItem","position":2,"name":"\u201cVigilar\u00e9 los recursos del Huila y actuar\u00e9 como un diputado independiente\u201d: Rodrigo Lara S\u00e1nchez"}]},{"@type":"WebSite","@id":"https:\/\/luchonoticias.com\/editor\/#website","url":"https:\/\/luchonoticias.com\/editor\/","name":"","description":"","publisher":{"@id":"https:\/\/luchonoticias.com\/editor\/#\/schema\/person\/7a7fd911f58561fd056dbac7b55af9cd"},"potentialAction":[{"@type":"SearchAction","target":{"@type":"EntryPoint","urlTemplate":"https:\/\/luchonoticias.com\/editor\/?s={search_term_string}"},"query-input":{"@type":"PropertyValueSpecification","valueRequired":true,"valueName":"search_term_string"}}],"inLanguage":"es"},{"@type":["Person","Organization"],"@id":"https:\/\/luchonoticias.com\/editor\/#\/schema\/person\/7a7fd911f58561fd056dbac7b55af9cd","name":"admin","image":{"@type":"ImageObject","inLanguage":"es","@id":"https:\/\/luchonoticias.com\/editor\/#\/schema\/person\/image\/","url":"https:\/\/luchonoticias.com\/editor\/wp-content\/uploads\/2024\/02\/cropped-cropped-logolu.webp","contentUrl":"https:\/\/luchonoticias.com\/editor\/wp-content\/uploads\/2024\/02\/cropped-cropped-logolu.webp","width":382,"height":170,"caption":"admin"},"logo":{"@id":"https:\/\/luchonoticias.com\/editor\/#\/schema\/person\/image\/"},"sameAs":["https:\/\/www.facebook.com\/luchonoticiasneiva"]},{"@type":"Person","@id":"https:\/\/luchonoticias.com\/editor\/#\/schema\/person\/29217990ddf6f14e35912b2866d591fb","name":"Editor General","image":{"@type":"ImageObject","inLanguage":"es","@id":"https:\/\/luchonoticias.com\/editor\/#\/schema\/person\/image\/","url":"https:\/\/luchonoticias.com\/editor\/wp-content\/uploads\/2024\/02\/cropped-cropped-logolu-150x150.webp","contentUrl":"https:\/\/luchonoticias.com\/editor\/wp-content\/uploads\/2024\/02\/cropped-cropped-logolu-150x150.webp","caption":"Editor General"},"sameAs":["https:\/\/luchonoticias.com\/"],"url":"https:\/\/luchonoticias.com\/editor\/author\/editor-general\/"}]}},"_links":{"self":[{"href":"https:\/\/luchonoticias.com\/editor\/wp-json\/wp\/v2\/posts\/66394","targetHints":{"allow":["GET"]}}],"collection":[{"href":"https:\/\/luchonoticias.com\/editor\/wp-json\/wp\/v2\/posts"}],"about":[{"href":"https:\/\/luchonoticias.com\/editor\/wp-json\/wp\/v2\/types\/post"}],"author":[{"embeddable":true,"href":"https:\/\/luchonoticias.com\/editor\/wp-json\/wp\/v2\/users\/2"}],"replies":[{"embeddable":true,"href":"https:\/\/luchonoticias.com\/editor\/wp-json\/wp\/v2\/comments?post=66394"}],"version-history":[{"count":0,"href":"https:\/\/luchonoticias.com\/editor\/wp-json\/wp\/v2\/posts\/66394\/revisions"}],"wp:attachment":[{"href":"https:\/\/luchonoticias.com\/editor\/wp-json\/wp\/v2\/media?parent=66394"}],"wp:term":[{"taxonomy":"category","embeddable":true,"href":"https:\/\/luchonoticias.com\/editor\/wp-json\/wp\/v2\/categories?post=66394"},{"taxonomy":"post_tag","embeddable":true,"href":"https:\/\/luchonoticias.com\/editor\/wp-json\/wp\/v2\/tags?post=66394"}],"curies":[{"name":"wp","href":"https:\/\/api.w.org\/{rel}","templated":true}]}}