{"id":66397,"date":"2024-01-02T17:24:13","date_gmt":"2024-01-02T22:24:13","guid":{"rendered":"https:\/\/luchonoticias.com\/?p=66397"},"modified":"2024-01-02T17:24:14","modified_gmt":"2024-01-02T22:24:14","slug":"en-timana-saladoblanco-y-suaza-fueron-capturados-tres-personas-por-lesiones-personales","status":"publish","type":"post","link":"https:\/\/luchonoticias.com\/editor\/en-timana-saladoblanco-y-suaza-fueron-capturados-tres-personas-por-lesiones-personales\/","title":{"rendered":"En Timan\u00e1, Saladoblanco y Suaza, fueron capturados tres personas por lesiones personales"},"content":{"rendered":"\n<p>Los planes operativos que adelanta el Departamento de Polic\u00eda Huila en los 33 municipios que corresponden a esta jurisdicci\u00f3n Policial, arroj\u00f3 importantes resultados referentes a la captura de tres personas relacionadas al parecer con el presunto delito de lesiones personales y porte ilegal de armas de fuego.<\/p>\n\n\n\n<p>&nbsp;En Timan\u00e1 fue capturado un sujeto de 19 a\u00f1os de edad luego que la comunidad pidiera por voces de auxilio la captura del mismo, ya que al parecer habr\u00eda herido con un arma traum\u00e1tica la cual fue incautada con cuatro cartuchos modificados a un ciudadano que permanec\u00eda en el hospital del municipio.<\/p>\n\n\n\n<p>Entre tanto, en Saladoblanco fue capturado un sujeto que con un machete al parecer le ocasion\u00f3 11 heridas abiertas en diferentes partes del cuerpo a otra persona en una ri\u00f1a m\u00faltiple que se present\u00f3 en el parque principal del municipio.<\/p>\n\n\n\n<p>Y finalmente, en Suaza fue capturado un sujeto que minutos antes habr\u00eda propiciado varios golpes en la cara de su pareja sentimental, al acudir al lugar la patrulla dio con la ubicaci\u00f3n del sujeto quien vest\u00eda zapatos negros, jean azul y camiseta blanca.<\/p>\n\n\n\n<p>Las personas anteriormente involucradas en los hechos de intolerancia fueron dejados a disposici\u00f3n de las autoridades judiciales competentes para que respondan por sus reprochables actos de violencia.<\/p>\n","protected":false},"excerpt":{"rendered":"<p>Los planes operativos que adelanta el Departamento de Polic\u00eda Huila en los 33 municipios que corresponden a esta jurisdicci\u00f3n Policial, arroj\u00f3 importantes resultados referentes a la captura de tres personas relacionadas al parecer con el presunto delito de lesiones personales y porte ilegal de armas de fuego. &nbsp;En Timan\u00e1 fue capturado un sujeto de 19 [&hellip;]<\/p>\n","protected":false},"author":2,"featured_media":0,"comment_status":"open","ping_status":"open","sticky":false,"template":"","format":"standard","meta":{"footnotes":""},"categories":[36,29],"tags":[],"class_list":["post-66397","post","type-post","status-publish","format-standard","hentry","category-destacado","category-judicial"],"yoast_head":"<!-- This site is optimized with the Yoast SEO plugin v26.6 - https:\/\/yoast.com\/wordpress\/plugins\/seo\/ -->\n<title>En Timan\u00e1, Saladoblanco y Suaza, fueron capturados tres personas por lesiones personales -<\/title>\n<meta name=\"robots\" content=\"index, follow, max-snippet:-1, max-image-preview:large, max-video-preview:-1\" \/>\n<link rel=\"canonical\" href=\"https:\/\/luchonoticias.com\/editor\/en-timana-saladoblanco-y-suaza-fueron-capturados-tres-personas-por-lesiones-personales\/\" \/>\n<meta property=\"og:locale\" content=\"es_ES\" \/>\n<meta property=\"og:type\" content=\"article\" \/>\n<meta property=\"og:title\" content=\"En Timan\u00e1, Saladoblanco y Suaza, fueron capturados tres personas por lesiones personales -\" \/>\n<meta property=\"og:url\" content=\"https:\/\/luchonoticias.com\/editor\/en-timana-saladoblanco-y-suaza-fueron-capturados-tres-personas-por-lesiones-personales\/\" \/>\n<meta property=\"article:publisher\" content=\"https:\/\/www.facebook.com\/luchonoticiasneiva\" \/>\n<meta property=\"article:published_time\" content=\"2024-01-02T22:24:13+00:00\" \/>\n<meta property=\"article:modified_time\" content=\"2024-01-02T22:24:14+00:00\" \/>\n<meta name=\"author\" content=\"Editor General\" \/>\n<meta name=\"twitter:card\" content=\"summary_large_image\" \/>\n<meta name=\"twitter:label1\" content=\"Escrito por\" \/>\n\t<meta name=\"twitter:data1\" content=\"Editor General\" \/>\n\t<meta name=\"twitter:label2\" content=\"Tiempo de lectura\" \/>\n\t<meta name=\"twitter:data2\" content=\"1 minuto\" \/>\n<script type=\"application\/ld+json\" class=\"yoast-schema-graph\">{\"@context\":\"https:\/\/schema.org\",\"@graph\":[{\"@type\":\"Article\",\"@id\":\"https:\/\/luchonoticias.com\/editor\/en-timana-saladoblanco-y-suaza-fueron-capturados-tres-personas-por-lesiones-personales\/#article\",\"isPartOf\":{\"@id\":\"https:\/\/luchonoticias.com\/editor\/en-timana-saladoblanco-y-suaza-fueron-capturados-tres-personas-por-lesiones-personales\/\"},\"author\":{\"name\":\"Editor General\",\"@id\":\"https:\/\/luchonoticias.com\/editor\/#\/schema\/person\/29217990ddf6f14e35912b2866d591fb\"},\"headline\":\"En Timan\u00e1, Saladoblanco y Suaza, fueron capturados tres personas por lesiones personales\",\"datePublished\":\"2024-01-02T22:24:13+00:00\",\"dateModified\":\"2024-01-02T22:24:14+00:00\",\"mainEntityOfPage\":{\"@id\":\"https:\/\/luchonoticias.com\/editor\/en-timana-saladoblanco-y-suaza-fueron-capturados-tres-personas-por-lesiones-personales\/\"},\"wordCount\":231,\"commentCount\":0,\"publisher\":{\"@id\":\"https:\/\/luchonoticias.com\/editor\/#\/schema\/person\/7a7fd911f58561fd056dbac7b55af9cd\"},\"articleSection\":[\"Destacado\",\"Judicial\"],\"inLanguage\":\"es\",\"potentialAction\":[{\"@type\":\"CommentAction\",\"name\":\"Comment\",\"target\":[\"https:\/\/luchonoticias.com\/editor\/en-timana-saladoblanco-y-suaza-fueron-capturados-tres-personas-por-lesiones-personales\/#respond\"]}]},{\"@type\":\"WebPage\",\"@id\":\"https:\/\/luchonoticias.com\/editor\/en-timana-saladoblanco-y-suaza-fueron-capturados-tres-personas-por-lesiones-personales\/\",\"url\":\"https:\/\/luchonoticias.com\/editor\/en-timana-saladoblanco-y-suaza-fueron-capturados-tres-personas-por-lesiones-personales\/\",\"name\":\"En Timan\u00e1, Saladoblanco y Suaza, fueron capturados tres personas por lesiones personales -\",\"isPartOf\":{\"@id\":\"https:\/\/luchonoticias.com\/editor\/#website\"},\"datePublished\":\"2024-01-02T22:24:13+00:00\",\"dateModified\":\"2024-01-02T22:24:14+00:00\",\"breadcrumb\":{\"@id\":\"https:\/\/luchonoticias.com\/editor\/en-timana-saladoblanco-y-suaza-fueron-capturados-tres-personas-por-lesiones-personales\/#breadcrumb\"},\"inLanguage\":\"es\",\"potentialAction\":[{\"@type\":\"ReadAction\",\"target\":[\"https:\/\/luchonoticias.com\/editor\/en-timana-saladoblanco-y-suaza-fueron-capturados-tres-personas-por-lesiones-personales\/\"]}]},{\"@type\":\"BreadcrumbList\",\"@id\":\"https:\/\/luchonoticias.com\/editor\/en-timana-saladoblanco-y-suaza-fueron-capturados-tres-personas-por-lesiones-personales\/#breadcrumb\",\"itemListElement\":[{\"@type\":\"ListItem\",\"position\":1,\"name\":\"Portada\",\"item\":\"https:\/\/luchonoticias.com\/editor\/\"},{\"@type\":\"ListItem\",\"position\":2,\"name\":\"En Timan\u00e1, Saladoblanco y Suaza, fueron capturados tres personas por lesiones personales\"}]},{\"@type\":\"WebSite\",\"@id\":\"https:\/\/luchonoticias.com\/editor\/#website\",\"url\":\"https:\/\/luchonoticias.com\/editor\/\",\"name\":\"\",\"description\":\"\",\"publisher\":{\"@id\":\"https:\/\/luchonoticias.com\/editor\/#\/schema\/person\/7a7fd911f58561fd056dbac7b55af9cd\"},\"potentialAction\":[{\"@type\":\"SearchAction\",\"target\":{\"@type\":\"EntryPoint\",\"urlTemplate\":\"https:\/\/luchonoticias.com\/editor\/?s={search_term_string}\"},\"query-input\":{\"@type\":\"PropertyValueSpecification\",\"valueRequired\":true,\"valueName\":\"search_term_string\"}}],\"inLanguage\":\"es\"},{\"@type\":[\"Person\",\"Organization\"],\"@id\":\"https:\/\/luchonoticias.com\/editor\/#\/schema\/person\/7a7fd911f58561fd056dbac7b55af9cd\",\"name\":\"admin\",\"image\":{\"@type\":\"ImageObject\",\"inLanguage\":\"es\",\"@id\":\"https:\/\/luchonoticias.com\/editor\/#\/schema\/person\/image\/\",\"url\":\"https:\/\/luchonoticias.com\/editor\/wp-content\/uploads\/2024\/02\/cropped-cropped-logolu.webp\",\"contentUrl\":\"https:\/\/luchonoticias.com\/editor\/wp-content\/uploads\/2024\/02\/cropped-cropped-logolu.webp\",\"width\":382,\"height\":170,\"caption\":\"admin\"},\"logo\":{\"@id\":\"https:\/\/luchonoticias.com\/editor\/#\/schema\/person\/image\/\"},\"sameAs\":[\"https:\/\/www.facebook.com\/luchonoticiasneiva\"]},{\"@type\":\"Person\",\"@id\":\"https:\/\/luchonoticias.com\/editor\/#\/schema\/person\/29217990ddf6f14e35912b2866d591fb\",\"name\":\"Editor General\",\"image\":{\"@type\":\"ImageObject\",\"inLanguage\":\"es\",\"@id\":\"https:\/\/luchonoticias.com\/editor\/#\/schema\/person\/image\/\",\"url\":\"https:\/\/luchonoticias.com\/editor\/wp-content\/uploads\/2024\/02\/cropped-cropped-logolu-150x150.webp\",\"contentUrl\":\"https:\/\/luchonoticias.com\/editor\/wp-content\/uploads\/2024\/02\/cropped-cropped-logolu-150x150.webp\",\"caption\":\"Editor General\"},\"sameAs\":[\"https:\/\/luchonoticias.com\/\"],\"url\":\"https:\/\/luchonoticias.com\/editor\/author\/editor-general\/\"}]}<\/script>\n<!-- \/ Yoast SEO plugin. -->","yoast_head_json":{"title":"En Timan\u00e1, Saladoblanco y Suaza, fueron capturados tres personas por lesiones personales -","robots":{"index":"index","follow":"follow","max-snippet":"max-snippet:-1","max-image-preview":"max-image-preview:large","max-video-preview":"max-video-preview:-1"},"canonical":"https:\/\/luchonoticias.com\/editor\/en-timana-saladoblanco-y-suaza-fueron-capturados-tres-personas-por-lesiones-personales\/","og_locale":"es_ES","og_type":"article","og_title":"En Timan\u00e1, Saladoblanco y Suaza, fueron capturados tres personas por lesiones personales -","og_url":"https:\/\/luchonoticias.com\/editor\/en-timana-saladoblanco-y-suaza-fueron-capturados-tres-personas-por-lesiones-personales\/","article_publisher":"https:\/\/www.facebook.com\/luchonoticiasneiva","article_published_time":"2024-01-02T22:24:13+00:00","article_modified_time":"2024-01-02T22:24:14+00:00","author":"Editor General","twitter_card":"summary_large_image","twitter_misc":{"Escrito por":"Editor General","Tiempo de lectura":"1 minuto"},"schema":{"@context":"https:\/\/schema.org","@graph":[{"@type":"Article","@id":"https:\/\/luchonoticias.com\/editor\/en-timana-saladoblanco-y-suaza-fueron-capturados-tres-personas-por-lesiones-personales\/#article","isPartOf":{"@id":"https:\/\/luchonoticias.com\/editor\/en-timana-saladoblanco-y-suaza-fueron-capturados-tres-personas-por-lesiones-personales\/"},"author":{"name":"Editor General","@id":"https:\/\/luchonoticias.com\/editor\/#\/schema\/person\/29217990ddf6f14e35912b2866d591fb"},"headline":"En Timan\u00e1, Saladoblanco y Suaza, fueron capturados tres personas por lesiones personales","datePublished":"2024-01-02T22:24:13+00:00","dateModified":"2024-01-02T22:24:14+00:00","mainEntityOfPage":{"@id":"https:\/\/luchonoticias.com\/editor\/en-timana-saladoblanco-y-suaza-fueron-capturados-tres-personas-por-lesiones-personales\/"},"wordCount":231,"commentCount":0,"publisher":{"@id":"https:\/\/luchonoticias.com\/editor\/#\/schema\/person\/7a7fd911f58561fd056dbac7b55af9cd"},"articleSection":["Destacado","Judicial"],"inLanguage":"es","potentialAction":[{"@type":"CommentAction","name":"Comment","target":["https:\/\/luchonoticias.com\/editor\/en-timana-saladoblanco-y-suaza-fueron-capturados-tres-personas-por-lesiones-personales\/#respond"]}]},{"@type":"WebPage","@id":"https:\/\/luchonoticias.com\/editor\/en-timana-saladoblanco-y-suaza-fueron-capturados-tres-personas-por-lesiones-personales\/","url":"https:\/\/luchonoticias.com\/editor\/en-timana-saladoblanco-y-suaza-fueron-capturados-tres-personas-por-lesiones-personales\/","name":"En Timan\u00e1, Saladoblanco y Suaza, fueron capturados tres personas por lesiones personales -","isPartOf":{"@id":"https:\/\/luchonoticias.com\/editor\/#website"},"datePublished":"2024-01-02T22:24:13+00:00","dateModified":"2024-01-02T22:24:14+00:00","breadcrumb":{"@id":"https:\/\/luchonoticias.com\/editor\/en-timana-saladoblanco-y-suaza-fueron-capturados-tres-personas-por-lesiones-personales\/#breadcrumb"},"inLanguage":"es","potentialAction":[{"@type":"ReadAction","target":["https:\/\/luchonoticias.com\/editor\/en-timana-saladoblanco-y-suaza-fueron-capturados-tres-personas-por-lesiones-personales\/"]}]},{"@type":"BreadcrumbList","@id":"https:\/\/luchonoticias.com\/editor\/en-timana-saladoblanco-y-suaza-fueron-capturados-tres-personas-por-lesiones-personales\/#breadcrumb","itemListElement":[{"@type":"ListItem","position":1,"name":"Portada","item":"https:\/\/luchonoticias.com\/editor\/"},{"@type":"ListItem","position":2,"name":"En Timan\u00e1, Saladoblanco y Suaza, fueron capturados tres personas por lesiones personales"}]},{"@type":"WebSite","@id":"https:\/\/luchonoticias.com\/editor\/#website","url":"https:\/\/luchonoticias.com\/editor\/","name":"","description":"","publisher":{"@id":"https:\/\/luchonoticias.com\/editor\/#\/schema\/person\/7a7fd911f58561fd056dbac7b55af9cd"},"potentialAction":[{"@type":"SearchAction","target":{"@type":"EntryPoint","urlTemplate":"https:\/\/luchonoticias.com\/editor\/?s={search_term_string}"},"query-input":{"@type":"PropertyValueSpecification","valueRequired":true,"valueName":"search_term_string"}}],"inLanguage":"es"},{"@type":["Person","Organization"],"@id":"https:\/\/luchonoticias.com\/editor\/#\/schema\/person\/7a7fd911f58561fd056dbac7b55af9cd","name":"admin","image":{"@type":"ImageObject","inLanguage":"es","@id":"https:\/\/luchonoticias.com\/editor\/#\/schema\/person\/image\/","url":"https:\/\/luchonoticias.com\/editor\/wp-content\/uploads\/2024\/02\/cropped-cropped-logolu.webp","contentUrl":"https:\/\/luchonoticias.com\/editor\/wp-content\/uploads\/2024\/02\/cropped-cropped-logolu.webp","width":382,"height":170,"caption":"admin"},"logo":{"@id":"https:\/\/luchonoticias.com\/editor\/#\/schema\/person\/image\/"},"sameAs":["https:\/\/www.facebook.com\/luchonoticiasneiva"]},{"@type":"Person","@id":"https:\/\/luchonoticias.com\/editor\/#\/schema\/person\/29217990ddf6f14e35912b2866d591fb","name":"Editor General","image":{"@type":"ImageObject","inLanguage":"es","@id":"https:\/\/luchonoticias.com\/editor\/#\/schema\/person\/image\/","url":"https:\/\/luchonoticias.com\/editor\/wp-content\/uploads\/2024\/02\/cropped-cropped-logolu-150x150.webp","contentUrl":"https:\/\/luchonoticias.com\/editor\/wp-content\/uploads\/2024\/02\/cropped-cropped-logolu-150x150.webp","caption":"Editor General"},"sameAs":["https:\/\/luchonoticias.com\/"],"url":"https:\/\/luchonoticias.com\/editor\/author\/editor-general\/"}]}},"_links":{"self":[{"href":"https:\/\/luchonoticias.com\/editor\/wp-json\/wp\/v2\/posts\/66397","targetHints":{"allow":["GET"]}}],"collection":[{"href":"https:\/\/luchonoticias.com\/editor\/wp-json\/wp\/v2\/posts"}],"about":[{"href":"https:\/\/luchonoticias.com\/editor\/wp-json\/wp\/v2\/types\/post"}],"author":[{"embeddable":true,"href":"https:\/\/luchonoticias.com\/editor\/wp-json\/wp\/v2\/users\/2"}],"replies":[{"embeddable":true,"href":"https:\/\/luchonoticias.com\/editor\/wp-json\/wp\/v2\/comments?post=66397"}],"version-history":[{"count":0,"href":"https:\/\/luchonoticias.com\/editor\/wp-json\/wp\/v2\/posts\/66397\/revisions"}],"wp:attachment":[{"href":"https:\/\/luchonoticias.com\/editor\/wp-json\/wp\/v2\/media?parent=66397"}],"wp:term":[{"taxonomy":"category","embeddable":true,"href":"https:\/\/luchonoticias.com\/editor\/wp-json\/wp\/v2\/categories?post=66397"},{"taxonomy":"post_tag","embeddable":true,"href":"https:\/\/luchonoticias.com\/editor\/wp-json\/wp\/v2\/tags?post=66397"}],"curies":[{"name":"wp","href":"https:\/\/api.w.org\/{rel}","templated":true}]}}