{"id":66486,"date":"2024-01-05T15:13:04","date_gmt":"2024-01-05T20:13:04","guid":{"rendered":"https:\/\/luchonoticias.com\/?p=66486"},"modified":"2024-01-05T15:13:05","modified_gmt":"2024-01-05T20:13:05","slug":"concejo-municipal-de-neiva-continua-con-el-proceso-de-seleccion-del-personero-municipal","status":"publish","type":"post","link":"https:\/\/luchonoticias.com\/editor\/concejo-municipal-de-neiva-continua-con-el-proceso-de-seleccion-del-personero-municipal\/","title":{"rendered":"Concejo Municipal de Neiva continua con el proceso de selecci\u00f3n del Personero Municipal"},"content":{"rendered":"\n<p>En una declaraci\u00f3n ofrecida por el Concejal Juan Amaya, presidente del Concejo Municipal de Neiva, se proporcionaron detalles sobre el proceso de m\u00e9ritos para la elecci\u00f3n del Personero del municipio de Neiva. La mesa directiva realiz\u00f3 entrevistas a 18 de los candidatos participantes el pasado 3 de enero, y los resultados preliminares fueron publicados ayer.<\/p>\n\n\n\n<p>El Concejal Amaya destac\u00f3 la importancia de la transparencia en este proceso y la necesidad de recibir las respectivas reclamaciones antes de avanzar en la selecci\u00f3n final.<\/p>\n\n\n\n<p>\u00abQueremos brindar todas las garant\u00edas necesarias a cada uno de los participantes en este proceso. Por ello, extendemos la invitaci\u00f3n a que presenten sus reclamaciones hoy y ma\u00f1ana ante el Concejo de Neiva\u00bb, afirm\u00f3 el Concejal.<\/p>\n\n\n\n<p>En la sesi\u00f3n de hoy, se mencionaron algunos comentarios sobre posibles omisiones jur\u00eddicas en el proceso, lo que llev\u00f3 a la decisi\u00f3n de revisar detenidamente las sentencias sugeridas por los concejales. El Concejo Municipal de Neiva est\u00e1 comprometido a garantizar un proceso justo y equitativo para todos los candidatos.<\/p>\n\n\n\n<p>\u00abEstamos revisando jur\u00eddicamente todas las observaciones y comentarios recibidos. Si determinamos que es necesario subsanar alguna etapa del proceso, lo haremos con todo el gusto\u00bb, asegur\u00f3 el Concejal Amaya.<\/p>\n\n\n\n<p>Adem\u00e1s, se enfatiz\u00f3 que las entrevistas realizadas el 3 de enero se llevaron a cabo de acuerdo con los par\u00e1metros establecidos por la Fundaci\u00f3n Universitaria del \u00c1rea Andina, entidad encargada de llevar a cabo el concurso de m\u00e9ritos.<\/p>\n\n\n\n<p>La Fundaci\u00f3n Universitaria del \u00c1rea Andina estableci\u00f3 cuatro competencias comportamentales para la entrevista, y cada competencia ten\u00eda cuatro criterios espec\u00edficos.<\/p>\n\n\n\n<p>Durante la entrevista, se evalu\u00f3 c\u00f3mo cada participante cumpl\u00eda con los criterios de cada competencia.<\/p>\n\n\n\n<p>El Concejal Amaya hizo un llamado especial a todos los participantes que sientan que la evaluaci\u00f3n no fue correcta a presentar sus reclamaciones. \u00abQueremos asegurarnos de que cada participante se sienta escuchado y que sus preocupaciones sean atendidas de manera justa\u00bb, a\u00f1adi\u00f3.<\/p>\n\n\n\n<p>Las reclamaciones podr\u00e1n presentarse hoy y ma\u00f1ana ante el Concejo de Neiva. La instituci\u00f3n reitera su compromiso con la transparencia, la participaci\u00f3n activa y la imparcialidad en este proceso crucial para la comunidad de Neiva.<\/p>\n","protected":false},"excerpt":{"rendered":"<p>En una declaraci\u00f3n ofrecida por el Concejal Juan Amaya, presidente del Concejo Municipal de Neiva, se proporcionaron detalles sobre el proceso de m\u00e9ritos para la elecci\u00f3n del Personero del municipio de Neiva. La mesa directiva realiz\u00f3 entrevistas a 18 de los candidatos participantes el pasado 3 de enero, y los resultados preliminares fueron publicados ayer. [&hellip;]<\/p>\n","protected":false},"author":2,"featured_media":0,"comment_status":"open","ping_status":"open","sticky":false,"template":"","format":"standard","meta":{"footnotes":""},"categories":[36,617],"tags":[],"class_list":["post-66486","post","type-post","status-publish","format-standard","hentry","category-destacado","category-politica"],"yoast_head":"<!-- This site is optimized with the Yoast SEO plugin v26.6 - https:\/\/yoast.com\/wordpress\/plugins\/seo\/ -->\n<title>Concejo Municipal de Neiva continua con el proceso de selecci\u00f3n del Personero Municipal -<\/title>\n<meta name=\"robots\" content=\"index, follow, max-snippet:-1, max-image-preview:large, max-video-preview:-1\" \/>\n<link rel=\"canonical\" href=\"https:\/\/luchonoticias.com\/editor\/concejo-municipal-de-neiva-continua-con-el-proceso-de-seleccion-del-personero-municipal\/\" \/>\n<meta property=\"og:locale\" content=\"es_ES\" \/>\n<meta property=\"og:type\" content=\"article\" \/>\n<meta property=\"og:title\" content=\"Concejo Municipal de Neiva continua con el proceso de selecci\u00f3n del Personero Municipal -\" \/>\n<meta property=\"og:url\" content=\"https:\/\/luchonoticias.com\/editor\/concejo-municipal-de-neiva-continua-con-el-proceso-de-seleccion-del-personero-municipal\/\" \/>\n<meta property=\"article:publisher\" content=\"https:\/\/www.facebook.com\/luchonoticiasneiva\" \/>\n<meta property=\"article:published_time\" content=\"2024-01-05T20:13:04+00:00\" \/>\n<meta property=\"article:modified_time\" content=\"2024-01-05T20:13:05+00:00\" \/>\n<meta name=\"author\" content=\"Editor General\" \/>\n<meta name=\"twitter:card\" content=\"summary_large_image\" \/>\n<meta name=\"twitter:label1\" content=\"Escrito por\" \/>\n\t<meta name=\"twitter:data1\" content=\"Editor General\" \/>\n\t<meta name=\"twitter:label2\" content=\"Tiempo de lectura\" \/>\n\t<meta name=\"twitter:data2\" content=\"2 minutos\" \/>\n<script type=\"application\/ld+json\" class=\"yoast-schema-graph\">{\"@context\":\"https:\/\/schema.org\",\"@graph\":[{\"@type\":\"Article\",\"@id\":\"https:\/\/luchonoticias.com\/editor\/concejo-municipal-de-neiva-continua-con-el-proceso-de-seleccion-del-personero-municipal\/#article\",\"isPartOf\":{\"@id\":\"https:\/\/luchonoticias.com\/editor\/concejo-municipal-de-neiva-continua-con-el-proceso-de-seleccion-del-personero-municipal\/\"},\"author\":{\"name\":\"Editor General\",\"@id\":\"https:\/\/luchonoticias.com\/editor\/#\/schema\/person\/29217990ddf6f14e35912b2866d591fb\"},\"headline\":\"Concejo Municipal de Neiva continua con el proceso de selecci\u00f3n del Personero Municipal\",\"datePublished\":\"2024-01-05T20:13:04+00:00\",\"dateModified\":\"2024-01-05T20:13:05+00:00\",\"mainEntityOfPage\":{\"@id\":\"https:\/\/luchonoticias.com\/editor\/concejo-municipal-de-neiva-continua-con-el-proceso-de-seleccion-del-personero-municipal\/\"},\"wordCount\":383,\"commentCount\":0,\"publisher\":{\"@id\":\"https:\/\/luchonoticias.com\/editor\/#\/schema\/person\/7a7fd911f58561fd056dbac7b55af9cd\"},\"articleSection\":[\"Destacado\",\"Pol\u00edtica\"],\"inLanguage\":\"es\",\"potentialAction\":[{\"@type\":\"CommentAction\",\"name\":\"Comment\",\"target\":[\"https:\/\/luchonoticias.com\/editor\/concejo-municipal-de-neiva-continua-con-el-proceso-de-seleccion-del-personero-municipal\/#respond\"]}]},{\"@type\":\"WebPage\",\"@id\":\"https:\/\/luchonoticias.com\/editor\/concejo-municipal-de-neiva-continua-con-el-proceso-de-seleccion-del-personero-municipal\/\",\"url\":\"https:\/\/luchonoticias.com\/editor\/concejo-municipal-de-neiva-continua-con-el-proceso-de-seleccion-del-personero-municipal\/\",\"name\":\"Concejo Municipal de Neiva continua con el proceso de selecci\u00f3n del Personero Municipal -\",\"isPartOf\":{\"@id\":\"https:\/\/luchonoticias.com\/editor\/#website\"},\"datePublished\":\"2024-01-05T20:13:04+00:00\",\"dateModified\":\"2024-01-05T20:13:05+00:00\",\"breadcrumb\":{\"@id\":\"https:\/\/luchonoticias.com\/editor\/concejo-municipal-de-neiva-continua-con-el-proceso-de-seleccion-del-personero-municipal\/#breadcrumb\"},\"inLanguage\":\"es\",\"potentialAction\":[{\"@type\":\"ReadAction\",\"target\":[\"https:\/\/luchonoticias.com\/editor\/concejo-municipal-de-neiva-continua-con-el-proceso-de-seleccion-del-personero-municipal\/\"]}]},{\"@type\":\"BreadcrumbList\",\"@id\":\"https:\/\/luchonoticias.com\/editor\/concejo-municipal-de-neiva-continua-con-el-proceso-de-seleccion-del-personero-municipal\/#breadcrumb\",\"itemListElement\":[{\"@type\":\"ListItem\",\"position\":1,\"name\":\"Portada\",\"item\":\"https:\/\/luchonoticias.com\/editor\/\"},{\"@type\":\"ListItem\",\"position\":2,\"name\":\"Concejo Municipal de Neiva continua con el proceso de selecci\u00f3n del Personero Municipal\"}]},{\"@type\":\"WebSite\",\"@id\":\"https:\/\/luchonoticias.com\/editor\/#website\",\"url\":\"https:\/\/luchonoticias.com\/editor\/\",\"name\":\"\",\"description\":\"\",\"publisher\":{\"@id\":\"https:\/\/luchonoticias.com\/editor\/#\/schema\/person\/7a7fd911f58561fd056dbac7b55af9cd\"},\"potentialAction\":[{\"@type\":\"SearchAction\",\"target\":{\"@type\":\"EntryPoint\",\"urlTemplate\":\"https:\/\/luchonoticias.com\/editor\/?s={search_term_string}\"},\"query-input\":{\"@type\":\"PropertyValueSpecification\",\"valueRequired\":true,\"valueName\":\"search_term_string\"}}],\"inLanguage\":\"es\"},{\"@type\":[\"Person\",\"Organization\"],\"@id\":\"https:\/\/luchonoticias.com\/editor\/#\/schema\/person\/7a7fd911f58561fd056dbac7b55af9cd\",\"name\":\"admin\",\"image\":{\"@type\":\"ImageObject\",\"inLanguage\":\"es\",\"@id\":\"https:\/\/luchonoticias.com\/editor\/#\/schema\/person\/image\/\",\"url\":\"https:\/\/luchonoticias.com\/editor\/wp-content\/uploads\/2024\/02\/cropped-cropped-logolu.webp\",\"contentUrl\":\"https:\/\/luchonoticias.com\/editor\/wp-content\/uploads\/2024\/02\/cropped-cropped-logolu.webp\",\"width\":382,\"height\":170,\"caption\":\"admin\"},\"logo\":{\"@id\":\"https:\/\/luchonoticias.com\/editor\/#\/schema\/person\/image\/\"},\"sameAs\":[\"https:\/\/www.facebook.com\/luchonoticiasneiva\"]},{\"@type\":\"Person\",\"@id\":\"https:\/\/luchonoticias.com\/editor\/#\/schema\/person\/29217990ddf6f14e35912b2866d591fb\",\"name\":\"Editor General\",\"image\":{\"@type\":\"ImageObject\",\"inLanguage\":\"es\",\"@id\":\"https:\/\/luchonoticias.com\/editor\/#\/schema\/person\/image\/\",\"url\":\"https:\/\/luchonoticias.com\/editor\/wp-content\/uploads\/2024\/02\/cropped-cropped-logolu-150x150.webp\",\"contentUrl\":\"https:\/\/luchonoticias.com\/editor\/wp-content\/uploads\/2024\/02\/cropped-cropped-logolu-150x150.webp\",\"caption\":\"Editor General\"},\"sameAs\":[\"https:\/\/luchonoticias.com\/\"],\"url\":\"https:\/\/luchonoticias.com\/editor\/author\/editor-general\/\"}]}<\/script>\n<!-- \/ Yoast SEO plugin. -->","yoast_head_json":{"title":"Concejo Municipal de Neiva continua con el proceso de selecci\u00f3n del Personero Municipal -","robots":{"index":"index","follow":"follow","max-snippet":"max-snippet:-1","max-image-preview":"max-image-preview:large","max-video-preview":"max-video-preview:-1"},"canonical":"https:\/\/luchonoticias.com\/editor\/concejo-municipal-de-neiva-continua-con-el-proceso-de-seleccion-del-personero-municipal\/","og_locale":"es_ES","og_type":"article","og_title":"Concejo Municipal de Neiva continua con el proceso de selecci\u00f3n del Personero Municipal -","og_url":"https:\/\/luchonoticias.com\/editor\/concejo-municipal-de-neiva-continua-con-el-proceso-de-seleccion-del-personero-municipal\/","article_publisher":"https:\/\/www.facebook.com\/luchonoticiasneiva","article_published_time":"2024-01-05T20:13:04+00:00","article_modified_time":"2024-01-05T20:13:05+00:00","author":"Editor General","twitter_card":"summary_large_image","twitter_misc":{"Escrito por":"Editor General","Tiempo de lectura":"2 minutos"},"schema":{"@context":"https:\/\/schema.org","@graph":[{"@type":"Article","@id":"https:\/\/luchonoticias.com\/editor\/concejo-municipal-de-neiva-continua-con-el-proceso-de-seleccion-del-personero-municipal\/#article","isPartOf":{"@id":"https:\/\/luchonoticias.com\/editor\/concejo-municipal-de-neiva-continua-con-el-proceso-de-seleccion-del-personero-municipal\/"},"author":{"name":"Editor General","@id":"https:\/\/luchonoticias.com\/editor\/#\/schema\/person\/29217990ddf6f14e35912b2866d591fb"},"headline":"Concejo Municipal de Neiva continua con el proceso de selecci\u00f3n del Personero Municipal","datePublished":"2024-01-05T20:13:04+00:00","dateModified":"2024-01-05T20:13:05+00:00","mainEntityOfPage":{"@id":"https:\/\/luchonoticias.com\/editor\/concejo-municipal-de-neiva-continua-con-el-proceso-de-seleccion-del-personero-municipal\/"},"wordCount":383,"commentCount":0,"publisher":{"@id":"https:\/\/luchonoticias.com\/editor\/#\/schema\/person\/7a7fd911f58561fd056dbac7b55af9cd"},"articleSection":["Destacado","Pol\u00edtica"],"inLanguage":"es","potentialAction":[{"@type":"CommentAction","name":"Comment","target":["https:\/\/luchonoticias.com\/editor\/concejo-municipal-de-neiva-continua-con-el-proceso-de-seleccion-del-personero-municipal\/#respond"]}]},{"@type":"WebPage","@id":"https:\/\/luchonoticias.com\/editor\/concejo-municipal-de-neiva-continua-con-el-proceso-de-seleccion-del-personero-municipal\/","url":"https:\/\/luchonoticias.com\/editor\/concejo-municipal-de-neiva-continua-con-el-proceso-de-seleccion-del-personero-municipal\/","name":"Concejo Municipal de Neiva continua con el proceso de selecci\u00f3n del Personero Municipal -","isPartOf":{"@id":"https:\/\/luchonoticias.com\/editor\/#website"},"datePublished":"2024-01-05T20:13:04+00:00","dateModified":"2024-01-05T20:13:05+00:00","breadcrumb":{"@id":"https:\/\/luchonoticias.com\/editor\/concejo-municipal-de-neiva-continua-con-el-proceso-de-seleccion-del-personero-municipal\/#breadcrumb"},"inLanguage":"es","potentialAction":[{"@type":"ReadAction","target":["https:\/\/luchonoticias.com\/editor\/concejo-municipal-de-neiva-continua-con-el-proceso-de-seleccion-del-personero-municipal\/"]}]},{"@type":"BreadcrumbList","@id":"https:\/\/luchonoticias.com\/editor\/concejo-municipal-de-neiva-continua-con-el-proceso-de-seleccion-del-personero-municipal\/#breadcrumb","itemListElement":[{"@type":"ListItem","position":1,"name":"Portada","item":"https:\/\/luchonoticias.com\/editor\/"},{"@type":"ListItem","position":2,"name":"Concejo Municipal de Neiva continua con el proceso de selecci\u00f3n del Personero Municipal"}]},{"@type":"WebSite","@id":"https:\/\/luchonoticias.com\/editor\/#website","url":"https:\/\/luchonoticias.com\/editor\/","name":"","description":"","publisher":{"@id":"https:\/\/luchonoticias.com\/editor\/#\/schema\/person\/7a7fd911f58561fd056dbac7b55af9cd"},"potentialAction":[{"@type":"SearchAction","target":{"@type":"EntryPoint","urlTemplate":"https:\/\/luchonoticias.com\/editor\/?s={search_term_string}"},"query-input":{"@type":"PropertyValueSpecification","valueRequired":true,"valueName":"search_term_string"}}],"inLanguage":"es"},{"@type":["Person","Organization"],"@id":"https:\/\/luchonoticias.com\/editor\/#\/schema\/person\/7a7fd911f58561fd056dbac7b55af9cd","name":"admin","image":{"@type":"ImageObject","inLanguage":"es","@id":"https:\/\/luchonoticias.com\/editor\/#\/schema\/person\/image\/","url":"https:\/\/luchonoticias.com\/editor\/wp-content\/uploads\/2024\/02\/cropped-cropped-logolu.webp","contentUrl":"https:\/\/luchonoticias.com\/editor\/wp-content\/uploads\/2024\/02\/cropped-cropped-logolu.webp","width":382,"height":170,"caption":"admin"},"logo":{"@id":"https:\/\/luchonoticias.com\/editor\/#\/schema\/person\/image\/"},"sameAs":["https:\/\/www.facebook.com\/luchonoticiasneiva"]},{"@type":"Person","@id":"https:\/\/luchonoticias.com\/editor\/#\/schema\/person\/29217990ddf6f14e35912b2866d591fb","name":"Editor General","image":{"@type":"ImageObject","inLanguage":"es","@id":"https:\/\/luchonoticias.com\/editor\/#\/schema\/person\/image\/","url":"https:\/\/luchonoticias.com\/editor\/wp-content\/uploads\/2024\/02\/cropped-cropped-logolu-150x150.webp","contentUrl":"https:\/\/luchonoticias.com\/editor\/wp-content\/uploads\/2024\/02\/cropped-cropped-logolu-150x150.webp","caption":"Editor General"},"sameAs":["https:\/\/luchonoticias.com\/"],"url":"https:\/\/luchonoticias.com\/editor\/author\/editor-general\/"}]}},"_links":{"self":[{"href":"https:\/\/luchonoticias.com\/editor\/wp-json\/wp\/v2\/posts\/66486","targetHints":{"allow":["GET"]}}],"collection":[{"href":"https:\/\/luchonoticias.com\/editor\/wp-json\/wp\/v2\/posts"}],"about":[{"href":"https:\/\/luchonoticias.com\/editor\/wp-json\/wp\/v2\/types\/post"}],"author":[{"embeddable":true,"href":"https:\/\/luchonoticias.com\/editor\/wp-json\/wp\/v2\/users\/2"}],"replies":[{"embeddable":true,"href":"https:\/\/luchonoticias.com\/editor\/wp-json\/wp\/v2\/comments?post=66486"}],"version-history":[{"count":0,"href":"https:\/\/luchonoticias.com\/editor\/wp-json\/wp\/v2\/posts\/66486\/revisions"}],"wp:attachment":[{"href":"https:\/\/luchonoticias.com\/editor\/wp-json\/wp\/v2\/media?parent=66486"}],"wp:term":[{"taxonomy":"category","embeddable":true,"href":"https:\/\/luchonoticias.com\/editor\/wp-json\/wp\/v2\/categories?post=66486"},{"taxonomy":"post_tag","embeddable":true,"href":"https:\/\/luchonoticias.com\/editor\/wp-json\/wp\/v2\/tags?post=66486"}],"curies":[{"name":"wp","href":"https:\/\/api.w.org\/{rel}","templated":true}]}}