{"id":66489,"date":"2024-01-05T15:14:42","date_gmt":"2024-01-05T20:14:42","guid":{"rendered":"https:\/\/luchonoticias.com\/?p=66489"},"modified":"2024-01-05T15:14:43","modified_gmt":"2024-01-05T20:14:43","slug":"alcaldia-de-neiva-abre-convocatoria-a-profesionales-para-trabajar-con-ninos-y-ninas-en-condicion-de-discapacidad","status":"publish","type":"post","link":"https:\/\/luchonoticias.com\/editor\/alcaldia-de-neiva-abre-convocatoria-a-profesionales-para-trabajar-con-ninos-y-ninas-en-condicion-de-discapacidad\/","title":{"rendered":"Alcald\u00eda de Neiva abre convocatoria a profesionales para trabajar con ni\u00f1os y ni\u00f1as en condici\u00f3n de discapacidad"},"content":{"rendered":"\n<p>Son 47 plazas disponibles para&nbsp;&nbsp; profesionales, que fortalecer\u00e1n el proceso de inclusi\u00f3n social para personas con discapacidad, con experiencia en manejo de poblaci\u00f3n con necesidades educativas especiales como discapacidad auditiva, visual, cognitiva o intelectual, m\u00faltiple y psicosocial.<\/p>\n\n\n\n<p>El alcalde de la ciudad, Germ\u00e1n Casagua Bonilla, manifest\u00f3 que \u201cel proceso se llevar\u00e1 a cabo a trav\u00e9s de la Agencia P\u00fablica de Empleo del Sena Regional Huila con el prop\u00f3sito de llevar a cabo un procedimiento id\u00f3neo que garantice una selecci\u00f3n objetiva y transparente, que garantice las destrezas, aptitudes, experiencia y profesionalismo de los docentes que atender\u00e1n esta poblaci\u00f3n y que respondan a las necesidades de esta poblaci\u00f3n\u201d<\/p>\n\n\n\n<figure class=\"wp-block-gallery has-nested-images columns-default is-cropped wp-block-gallery-1 is-layout-flex wp-block-gallery-is-layout-flex\">\n<figure class=\"wp-block-image size-large\"><img decoding=\"async\" data-id=\"66492\" src=\"https:\/\/luchonoticias.com\/wp-content\/uploads\/2024\/01\/WhatsApp-Image-2024-01-05-at-2.33.45-PM-1-1024x683.jpeg\" alt=\"\" class=\"wp-image-66492\"\/><\/figure>\n\n\n\n<figure class=\"wp-block-image size-large\"><img decoding=\"async\" data-id=\"66491\" src=\"https:\/\/luchonoticias.com\/wp-content\/uploads\/2024\/01\/WhatsApp-Image-2024-01-05-at-2.33.45-PM-1024x683.jpeg\" alt=\"\" class=\"wp-image-66491\"\/><\/figure>\n<\/figure>\n\n\n\n<p>La convocatoria que inicia hoy 5 y hasta el pr\u00f3ximo 11 de enero, invita a los profesionales con perfiles de int\u00e9rpretes en lengua de se\u00f1as colombianas, tifl\u00f3logos, apoyos pedag\u00f3gicos, modelos ling\u00fc\u00edsticos y maestros biling\u00fces para discapacidad auditiva, que cumpla con el perfil estipulado por el Ministerio de Educaci\u00f3n y el Instituto Nacional para Sordos INSOR.<\/p>\n\n\n\n<p>Karen Lesmes, coordinadora del programa de educaci\u00f3n inclusiva, se mostr\u00f3 agradecida por la importancia que el alcalde Germ\u00e1n Casagua Bonilla le ha dado a este proceso que \u201cnos devuelve la tranquilidad, la confianza en una educaci\u00f3n inclusiva, pertinente y de calidad para nuestros ni\u00f1os, ni\u00f1as y j\u00f3venes con discapacidad, la cual debe ser brindada desde el inicio del calendario escolar, cumpliendo con la permanencia y la calidad de la educaci\u00f3n inclusiva\u201d&nbsp;<\/p>\n\n\n\n<p>Por su pare la directora regional Sena Huila, Adriana Milena Gasca, puntualiz\u00f3 que los interesados deben inscribirse en la p\u00e1gina de la Agencia P\u00fablica de Empleo https:\/\/agenciapublicadeempleo.sena.edu.co\/Paginas\/Inicio.aspx o tambi\u00e9n pueden acercarse a las oficinas que est\u00e1n ubicadas en la carrera 5 con avenida la Toma en la ciudad de Neiva.<\/p>\n","protected":false},"excerpt":{"rendered":"<p>Son 47 plazas disponibles para&nbsp;&nbsp; profesionales, que fortalecer\u00e1n el proceso de inclusi\u00f3n social para personas con discapacidad, con experiencia en manejo de poblaci\u00f3n con necesidades educativas especiales como discapacidad auditiva, visual, cognitiva o intelectual, m\u00faltiple y psicosocial. El alcalde de la ciudad, Germ\u00e1n Casagua Bonilla, manifest\u00f3 que \u201cel proceso se llevar\u00e1 a cabo a trav\u00e9s [&hellip;]<\/p>\n","protected":false},"author":2,"featured_media":0,"comment_status":"open","ping_status":"open","sticky":false,"template":"","format":"standard","meta":{"footnotes":""},"categories":[36,53],"tags":[],"class_list":["post-66489","post","type-post","status-publish","format-standard","hentry","category-destacado","category-neiva"],"yoast_head":"<!-- This site is optimized with the Yoast SEO plugin v26.6 - https:\/\/yoast.com\/wordpress\/plugins\/seo\/ -->\n<title>Alcald\u00eda de Neiva abre convocatoria a profesionales para trabajar con ni\u00f1os y ni\u00f1as en condici\u00f3n de discapacidad -<\/title>\n<meta name=\"robots\" content=\"index, follow, max-snippet:-1, max-image-preview:large, max-video-preview:-1\" \/>\n<link rel=\"canonical\" href=\"https:\/\/luchonoticias.com\/editor\/alcaldia-de-neiva-abre-convocatoria-a-profesionales-para-trabajar-con-ninos-y-ninas-en-condicion-de-discapacidad\/\" \/>\n<meta property=\"og:locale\" content=\"es_ES\" \/>\n<meta property=\"og:type\" content=\"article\" \/>\n<meta property=\"og:title\" content=\"Alcald\u00eda de Neiva abre convocatoria a profesionales para trabajar con ni\u00f1os y ni\u00f1as en condici\u00f3n de discapacidad -\" \/>\n<meta property=\"og:url\" content=\"https:\/\/luchonoticias.com\/editor\/alcaldia-de-neiva-abre-convocatoria-a-profesionales-para-trabajar-con-ninos-y-ninas-en-condicion-de-discapacidad\/\" \/>\n<meta property=\"article:publisher\" content=\"https:\/\/www.facebook.com\/luchonoticiasneiva\" \/>\n<meta property=\"article:published_time\" content=\"2024-01-05T20:14:42+00:00\" \/>\n<meta property=\"article:modified_time\" content=\"2024-01-05T20:14:43+00:00\" \/>\n<meta property=\"og:image\" content=\"https:\/\/luchonoticias.com\/wp-content\/uploads\/2024\/01\/WhatsApp-Image-2024-01-05-at-2.33.45-PM-1-1024x683.jpeg\" \/>\n<meta name=\"author\" content=\"Editor General\" \/>\n<meta name=\"twitter:card\" content=\"summary_large_image\" \/>\n<meta name=\"twitter:label1\" content=\"Escrito por\" \/>\n\t<meta name=\"twitter:data1\" content=\"Editor General\" \/>\n\t<meta name=\"twitter:label2\" content=\"Tiempo de lectura\" \/>\n\t<meta name=\"twitter:data2\" content=\"2 minutos\" \/>\n<script type=\"application\/ld+json\" class=\"yoast-schema-graph\">{\"@context\":\"https:\/\/schema.org\",\"@graph\":[{\"@type\":\"Article\",\"@id\":\"https:\/\/luchonoticias.com\/editor\/alcaldia-de-neiva-abre-convocatoria-a-profesionales-para-trabajar-con-ninos-y-ninas-en-condicion-de-discapacidad\/#article\",\"isPartOf\":{\"@id\":\"https:\/\/luchonoticias.com\/editor\/alcaldia-de-neiva-abre-convocatoria-a-profesionales-para-trabajar-con-ninos-y-ninas-en-condicion-de-discapacidad\/\"},\"author\":{\"name\":\"Editor General\",\"@id\":\"https:\/\/luchonoticias.com\/editor\/#\/schema\/person\/29217990ddf6f14e35912b2866d591fb\"},\"headline\":\"Alcald\u00eda de Neiva abre convocatoria a profesionales para trabajar con ni\u00f1os y ni\u00f1as en condici\u00f3n de discapacidad\",\"datePublished\":\"2024-01-05T20:14:42+00:00\",\"dateModified\":\"2024-01-05T20:14:43+00:00\",\"mainEntityOfPage\":{\"@id\":\"https:\/\/luchonoticias.com\/editor\/alcaldia-de-neiva-abre-convocatoria-a-profesionales-para-trabajar-con-ninos-y-ninas-en-condicion-de-discapacidad\/\"},\"wordCount\":341,\"commentCount\":0,\"publisher\":{\"@id\":\"https:\/\/luchonoticias.com\/editor\/#\/schema\/person\/7a7fd911f58561fd056dbac7b55af9cd\"},\"image\":{\"@id\":\"https:\/\/luchonoticias.com\/editor\/alcaldia-de-neiva-abre-convocatoria-a-profesionales-para-trabajar-con-ninos-y-ninas-en-condicion-de-discapacidad\/#primaryimage\"},\"thumbnailUrl\":\"https:\/\/luchonoticias.com\/wp-content\/uploads\/2024\/01\/WhatsApp-Image-2024-01-05-at-2.33.45-PM-1-1024x683.jpeg\",\"articleSection\":[\"Destacado\",\"Neiva\"],\"inLanguage\":\"es\",\"potentialAction\":[{\"@type\":\"CommentAction\",\"name\":\"Comment\",\"target\":[\"https:\/\/luchonoticias.com\/editor\/alcaldia-de-neiva-abre-convocatoria-a-profesionales-para-trabajar-con-ninos-y-ninas-en-condicion-de-discapacidad\/#respond\"]}]},{\"@type\":\"WebPage\",\"@id\":\"https:\/\/luchonoticias.com\/editor\/alcaldia-de-neiva-abre-convocatoria-a-profesionales-para-trabajar-con-ninos-y-ninas-en-condicion-de-discapacidad\/\",\"url\":\"https:\/\/luchonoticias.com\/editor\/alcaldia-de-neiva-abre-convocatoria-a-profesionales-para-trabajar-con-ninos-y-ninas-en-condicion-de-discapacidad\/\",\"name\":\"Alcald\u00eda de Neiva abre convocatoria a profesionales para trabajar con ni\u00f1os y ni\u00f1as en condici\u00f3n de discapacidad -\",\"isPartOf\":{\"@id\":\"https:\/\/luchonoticias.com\/editor\/#website\"},\"primaryImageOfPage\":{\"@id\":\"https:\/\/luchonoticias.com\/editor\/alcaldia-de-neiva-abre-convocatoria-a-profesionales-para-trabajar-con-ninos-y-ninas-en-condicion-de-discapacidad\/#primaryimage\"},\"image\":{\"@id\":\"https:\/\/luchonoticias.com\/editor\/alcaldia-de-neiva-abre-convocatoria-a-profesionales-para-trabajar-con-ninos-y-ninas-en-condicion-de-discapacidad\/#primaryimage\"},\"thumbnailUrl\":\"https:\/\/luchonoticias.com\/wp-content\/uploads\/2024\/01\/WhatsApp-Image-2024-01-05-at-2.33.45-PM-1-1024x683.jpeg\",\"datePublished\":\"2024-01-05T20:14:42+00:00\",\"dateModified\":\"2024-01-05T20:14:43+00:00\",\"breadcrumb\":{\"@id\":\"https:\/\/luchonoticias.com\/editor\/alcaldia-de-neiva-abre-convocatoria-a-profesionales-para-trabajar-con-ninos-y-ninas-en-condicion-de-discapacidad\/#breadcrumb\"},\"inLanguage\":\"es\",\"potentialAction\":[{\"@type\":\"ReadAction\",\"target\":[\"https:\/\/luchonoticias.com\/editor\/alcaldia-de-neiva-abre-convocatoria-a-profesionales-para-trabajar-con-ninos-y-ninas-en-condicion-de-discapacidad\/\"]}]},{\"@type\":\"ImageObject\",\"inLanguage\":\"es\",\"@id\":\"https:\/\/luchonoticias.com\/editor\/alcaldia-de-neiva-abre-convocatoria-a-profesionales-para-trabajar-con-ninos-y-ninas-en-condicion-de-discapacidad\/#primaryimage\",\"url\":\"https:\/\/luchonoticias.com\/wp-content\/uploads\/2024\/01\/WhatsApp-Image-2024-01-05-at-2.33.45-PM-1-1024x683.jpeg\",\"contentUrl\":\"https:\/\/luchonoticias.com\/wp-content\/uploads\/2024\/01\/WhatsApp-Image-2024-01-05-at-2.33.45-PM-1-1024x683.jpeg\"},{\"@type\":\"BreadcrumbList\",\"@id\":\"https:\/\/luchonoticias.com\/editor\/alcaldia-de-neiva-abre-convocatoria-a-profesionales-para-trabajar-con-ninos-y-ninas-en-condicion-de-discapacidad\/#breadcrumb\",\"itemListElement\":[{\"@type\":\"ListItem\",\"position\":1,\"name\":\"Portada\",\"item\":\"https:\/\/luchonoticias.com\/editor\/\"},{\"@type\":\"ListItem\",\"position\":2,\"name\":\"Alcald\u00eda de Neiva abre convocatoria a profesionales para trabajar con ni\u00f1os y ni\u00f1as en condici\u00f3n de discapacidad\"}]},{\"@type\":\"WebSite\",\"@id\":\"https:\/\/luchonoticias.com\/editor\/#website\",\"url\":\"https:\/\/luchonoticias.com\/editor\/\",\"name\":\"\",\"description\":\"\",\"publisher\":{\"@id\":\"https:\/\/luchonoticias.com\/editor\/#\/schema\/person\/7a7fd911f58561fd056dbac7b55af9cd\"},\"potentialAction\":[{\"@type\":\"SearchAction\",\"target\":{\"@type\":\"EntryPoint\",\"urlTemplate\":\"https:\/\/luchonoticias.com\/editor\/?s={search_term_string}\"},\"query-input\":{\"@type\":\"PropertyValueSpecification\",\"valueRequired\":true,\"valueName\":\"search_term_string\"}}],\"inLanguage\":\"es\"},{\"@type\":[\"Person\",\"Organization\"],\"@id\":\"https:\/\/luchonoticias.com\/editor\/#\/schema\/person\/7a7fd911f58561fd056dbac7b55af9cd\",\"name\":\"admin\",\"image\":{\"@type\":\"ImageObject\",\"inLanguage\":\"es\",\"@id\":\"https:\/\/luchonoticias.com\/editor\/#\/schema\/person\/image\/\",\"url\":\"https:\/\/luchonoticias.com\/editor\/wp-content\/uploads\/2024\/02\/cropped-cropped-logolu.webp\",\"contentUrl\":\"https:\/\/luchonoticias.com\/editor\/wp-content\/uploads\/2024\/02\/cropped-cropped-logolu.webp\",\"width\":382,\"height\":170,\"caption\":\"admin\"},\"logo\":{\"@id\":\"https:\/\/luchonoticias.com\/editor\/#\/schema\/person\/image\/\"},\"sameAs\":[\"https:\/\/www.facebook.com\/luchonoticiasneiva\"]},{\"@type\":\"Person\",\"@id\":\"https:\/\/luchonoticias.com\/editor\/#\/schema\/person\/29217990ddf6f14e35912b2866d591fb\",\"name\":\"Editor General\",\"image\":{\"@type\":\"ImageObject\",\"inLanguage\":\"es\",\"@id\":\"https:\/\/luchonoticias.com\/editor\/#\/schema\/person\/image\/\",\"url\":\"https:\/\/luchonoticias.com\/editor\/wp-content\/uploads\/2024\/02\/cropped-cropped-logolu-150x150.webp\",\"contentUrl\":\"https:\/\/luchonoticias.com\/editor\/wp-content\/uploads\/2024\/02\/cropped-cropped-logolu-150x150.webp\",\"caption\":\"Editor General\"},\"sameAs\":[\"https:\/\/luchonoticias.com\/\"],\"url\":\"https:\/\/luchonoticias.com\/editor\/author\/editor-general\/\"}]}<\/script>\n<!-- \/ Yoast SEO plugin. -->","yoast_head_json":{"title":"Alcald\u00eda de Neiva abre convocatoria a profesionales para trabajar con ni\u00f1os y ni\u00f1as en condici\u00f3n de discapacidad -","robots":{"index":"index","follow":"follow","max-snippet":"max-snippet:-1","max-image-preview":"max-image-preview:large","max-video-preview":"max-video-preview:-1"},"canonical":"https:\/\/luchonoticias.com\/editor\/alcaldia-de-neiva-abre-convocatoria-a-profesionales-para-trabajar-con-ninos-y-ninas-en-condicion-de-discapacidad\/","og_locale":"es_ES","og_type":"article","og_title":"Alcald\u00eda de Neiva abre convocatoria a profesionales para trabajar con ni\u00f1os y ni\u00f1as en condici\u00f3n de discapacidad -","og_url":"https:\/\/luchonoticias.com\/editor\/alcaldia-de-neiva-abre-convocatoria-a-profesionales-para-trabajar-con-ninos-y-ninas-en-condicion-de-discapacidad\/","article_publisher":"https:\/\/www.facebook.com\/luchonoticiasneiva","article_published_time":"2024-01-05T20:14:42+00:00","article_modified_time":"2024-01-05T20:14:43+00:00","og_image":[{"url":"https:\/\/luchonoticias.com\/wp-content\/uploads\/2024\/01\/WhatsApp-Image-2024-01-05-at-2.33.45-PM-1-1024x683.jpeg","type":"","width":"","height":""}],"author":"Editor General","twitter_card":"summary_large_image","twitter_misc":{"Escrito por":"Editor General","Tiempo de lectura":"2 minutos"},"schema":{"@context":"https:\/\/schema.org","@graph":[{"@type":"Article","@id":"https:\/\/luchonoticias.com\/editor\/alcaldia-de-neiva-abre-convocatoria-a-profesionales-para-trabajar-con-ninos-y-ninas-en-condicion-de-discapacidad\/#article","isPartOf":{"@id":"https:\/\/luchonoticias.com\/editor\/alcaldia-de-neiva-abre-convocatoria-a-profesionales-para-trabajar-con-ninos-y-ninas-en-condicion-de-discapacidad\/"},"author":{"name":"Editor General","@id":"https:\/\/luchonoticias.com\/editor\/#\/schema\/person\/29217990ddf6f14e35912b2866d591fb"},"headline":"Alcald\u00eda de Neiva abre convocatoria a profesionales para trabajar con ni\u00f1os y ni\u00f1as en condici\u00f3n de discapacidad","datePublished":"2024-01-05T20:14:42+00:00","dateModified":"2024-01-05T20:14:43+00:00","mainEntityOfPage":{"@id":"https:\/\/luchonoticias.com\/editor\/alcaldia-de-neiva-abre-convocatoria-a-profesionales-para-trabajar-con-ninos-y-ninas-en-condicion-de-discapacidad\/"},"wordCount":341,"commentCount":0,"publisher":{"@id":"https:\/\/luchonoticias.com\/editor\/#\/schema\/person\/7a7fd911f58561fd056dbac7b55af9cd"},"image":{"@id":"https:\/\/luchonoticias.com\/editor\/alcaldia-de-neiva-abre-convocatoria-a-profesionales-para-trabajar-con-ninos-y-ninas-en-condicion-de-discapacidad\/#primaryimage"},"thumbnailUrl":"https:\/\/luchonoticias.com\/wp-content\/uploads\/2024\/01\/WhatsApp-Image-2024-01-05-at-2.33.45-PM-1-1024x683.jpeg","articleSection":["Destacado","Neiva"],"inLanguage":"es","potentialAction":[{"@type":"CommentAction","name":"Comment","target":["https:\/\/luchonoticias.com\/editor\/alcaldia-de-neiva-abre-convocatoria-a-profesionales-para-trabajar-con-ninos-y-ninas-en-condicion-de-discapacidad\/#respond"]}]},{"@type":"WebPage","@id":"https:\/\/luchonoticias.com\/editor\/alcaldia-de-neiva-abre-convocatoria-a-profesionales-para-trabajar-con-ninos-y-ninas-en-condicion-de-discapacidad\/","url":"https:\/\/luchonoticias.com\/editor\/alcaldia-de-neiva-abre-convocatoria-a-profesionales-para-trabajar-con-ninos-y-ninas-en-condicion-de-discapacidad\/","name":"Alcald\u00eda de Neiva abre convocatoria a profesionales para trabajar con ni\u00f1os y ni\u00f1as en condici\u00f3n de discapacidad -","isPartOf":{"@id":"https:\/\/luchonoticias.com\/editor\/#website"},"primaryImageOfPage":{"@id":"https:\/\/luchonoticias.com\/editor\/alcaldia-de-neiva-abre-convocatoria-a-profesionales-para-trabajar-con-ninos-y-ninas-en-condicion-de-discapacidad\/#primaryimage"},"image":{"@id":"https:\/\/luchonoticias.com\/editor\/alcaldia-de-neiva-abre-convocatoria-a-profesionales-para-trabajar-con-ninos-y-ninas-en-condicion-de-discapacidad\/#primaryimage"},"thumbnailUrl":"https:\/\/luchonoticias.com\/wp-content\/uploads\/2024\/01\/WhatsApp-Image-2024-01-05-at-2.33.45-PM-1-1024x683.jpeg","datePublished":"2024-01-05T20:14:42+00:00","dateModified":"2024-01-05T20:14:43+00:00","breadcrumb":{"@id":"https:\/\/luchonoticias.com\/editor\/alcaldia-de-neiva-abre-convocatoria-a-profesionales-para-trabajar-con-ninos-y-ninas-en-condicion-de-discapacidad\/#breadcrumb"},"inLanguage":"es","potentialAction":[{"@type":"ReadAction","target":["https:\/\/luchonoticias.com\/editor\/alcaldia-de-neiva-abre-convocatoria-a-profesionales-para-trabajar-con-ninos-y-ninas-en-condicion-de-discapacidad\/"]}]},{"@type":"ImageObject","inLanguage":"es","@id":"https:\/\/luchonoticias.com\/editor\/alcaldia-de-neiva-abre-convocatoria-a-profesionales-para-trabajar-con-ninos-y-ninas-en-condicion-de-discapacidad\/#primaryimage","url":"https:\/\/luchonoticias.com\/wp-content\/uploads\/2024\/01\/WhatsApp-Image-2024-01-05-at-2.33.45-PM-1-1024x683.jpeg","contentUrl":"https:\/\/luchonoticias.com\/wp-content\/uploads\/2024\/01\/WhatsApp-Image-2024-01-05-at-2.33.45-PM-1-1024x683.jpeg"},{"@type":"BreadcrumbList","@id":"https:\/\/luchonoticias.com\/editor\/alcaldia-de-neiva-abre-convocatoria-a-profesionales-para-trabajar-con-ninos-y-ninas-en-condicion-de-discapacidad\/#breadcrumb","itemListElement":[{"@type":"ListItem","position":1,"name":"Portada","item":"https:\/\/luchonoticias.com\/editor\/"},{"@type":"ListItem","position":2,"name":"Alcald\u00eda de Neiva abre convocatoria a profesionales para trabajar con ni\u00f1os y ni\u00f1as en condici\u00f3n de discapacidad"}]},{"@type":"WebSite","@id":"https:\/\/luchonoticias.com\/editor\/#website","url":"https:\/\/luchonoticias.com\/editor\/","name":"","description":"","publisher":{"@id":"https:\/\/luchonoticias.com\/editor\/#\/schema\/person\/7a7fd911f58561fd056dbac7b55af9cd"},"potentialAction":[{"@type":"SearchAction","target":{"@type":"EntryPoint","urlTemplate":"https:\/\/luchonoticias.com\/editor\/?s={search_term_string}"},"query-input":{"@type":"PropertyValueSpecification","valueRequired":true,"valueName":"search_term_string"}}],"inLanguage":"es"},{"@type":["Person","Organization"],"@id":"https:\/\/luchonoticias.com\/editor\/#\/schema\/person\/7a7fd911f58561fd056dbac7b55af9cd","name":"admin","image":{"@type":"ImageObject","inLanguage":"es","@id":"https:\/\/luchonoticias.com\/editor\/#\/schema\/person\/image\/","url":"https:\/\/luchonoticias.com\/editor\/wp-content\/uploads\/2024\/02\/cropped-cropped-logolu.webp","contentUrl":"https:\/\/luchonoticias.com\/editor\/wp-content\/uploads\/2024\/02\/cropped-cropped-logolu.webp","width":382,"height":170,"caption":"admin"},"logo":{"@id":"https:\/\/luchonoticias.com\/editor\/#\/schema\/person\/image\/"},"sameAs":["https:\/\/www.facebook.com\/luchonoticiasneiva"]},{"@type":"Person","@id":"https:\/\/luchonoticias.com\/editor\/#\/schema\/person\/29217990ddf6f14e35912b2866d591fb","name":"Editor General","image":{"@type":"ImageObject","inLanguage":"es","@id":"https:\/\/luchonoticias.com\/editor\/#\/schema\/person\/image\/","url":"https:\/\/luchonoticias.com\/editor\/wp-content\/uploads\/2024\/02\/cropped-cropped-logolu-150x150.webp","contentUrl":"https:\/\/luchonoticias.com\/editor\/wp-content\/uploads\/2024\/02\/cropped-cropped-logolu-150x150.webp","caption":"Editor General"},"sameAs":["https:\/\/luchonoticias.com\/"],"url":"https:\/\/luchonoticias.com\/editor\/author\/editor-general\/"}]}},"_links":{"self":[{"href":"https:\/\/luchonoticias.com\/editor\/wp-json\/wp\/v2\/posts\/66489","targetHints":{"allow":["GET"]}}],"collection":[{"href":"https:\/\/luchonoticias.com\/editor\/wp-json\/wp\/v2\/posts"}],"about":[{"href":"https:\/\/luchonoticias.com\/editor\/wp-json\/wp\/v2\/types\/post"}],"author":[{"embeddable":true,"href":"https:\/\/luchonoticias.com\/editor\/wp-json\/wp\/v2\/users\/2"}],"replies":[{"embeddable":true,"href":"https:\/\/luchonoticias.com\/editor\/wp-json\/wp\/v2\/comments?post=66489"}],"version-history":[{"count":0,"href":"https:\/\/luchonoticias.com\/editor\/wp-json\/wp\/v2\/posts\/66489\/revisions"}],"wp:attachment":[{"href":"https:\/\/luchonoticias.com\/editor\/wp-json\/wp\/v2\/media?parent=66489"}],"wp:term":[{"taxonomy":"category","embeddable":true,"href":"https:\/\/luchonoticias.com\/editor\/wp-json\/wp\/v2\/categories?post=66489"},{"taxonomy":"post_tag","embeddable":true,"href":"https:\/\/luchonoticias.com\/editor\/wp-json\/wp\/v2\/tags?post=66489"}],"curies":[{"name":"wp","href":"https:\/\/api.w.org\/{rel}","templated":true}]}}