{"id":66601,"date":"2024-01-08T08:03:33","date_gmt":"2024-01-08T13:03:33","guid":{"rendered":"https:\/\/luchonoticias.com\/?p=66601"},"modified":"2024-01-08T08:03:34","modified_gmt":"2024-01-08T13:03:34","slug":"carcel-a-sujeto-que-agredio-con-arma-blanca-a-su-ex-companera-sentimental-en-pitalito","status":"publish","type":"post","link":"https:\/\/luchonoticias.com\/editor\/carcel-a-sujeto-que-agredio-con-arma-blanca-a-su-ex-companera-sentimental-en-pitalito\/","title":{"rendered":"C\u00e1rcel a sujeto que agredi\u00f3 con arma blanca a su ex compa\u00f1era sentimental en Pitalito"},"content":{"rendered":"\n<p>El 31 de diciembre del 2023, ciudadanos del municipio informaron a la estaci\u00f3n de polic\u00eda sobre la agresi\u00f3n con arma blanca en contra de una mujer en un establecimiento p\u00fablico, de inmediato y con las caracter\u00edsticas del posible agresor, uniformados del cuadrante n\u00famero 4, logran la captura de un hombre al interior de un sitio de venta y consumo de licor sobre la avenida Pastrana.<\/p>\n\n\n\n<p>Los hechos habr\u00edan acontecido sobre las 4:10 pm, cuando un hombre ingresa a un sal\u00f3n de belleza y ataca con arma blanca a su ex compa\u00f1era sentimental, la se\u00f1ora DIANA ORTIZ GONZALEZ de 34 a\u00f1os de edad y posterior a ello huye del lugar; la mujer fue trasladada al hospital departamental San Antonio de Pitalito, donde fue intervenida y se encuentra bajo pron\u00f3stico reservado.<\/p>\n\n\n\n<p>Minutos despu\u00e9s de ocurrido el hecho, este sujeto de 45 a\u00f1os de edad, habr\u00eda huido del sitio y llega hasta un bar donde es capturado por los uniformados, al momento del registro personal le es hallada el arma blanca con rastros de sangre, con la cual, al parecer, habr\u00eda agredido a su excompa\u00f1era sentimental. De inmediato fue capturado y dejado a disposici\u00f3n de la Fiscal\u00eda URI municipal por el delito de intento de feminicidio y lesiones personales agravada, donde luego de las audiencias de legalizaci\u00f3n de captura, le fue interpuesta la medida privativa de la libertad intramural.<\/p>\n\n\n\n<p>La Polic\u00eda Nacional agradece a los ciudadanos que comunicaron oportunamente el hecho y aportaron la informaci\u00f3n necesaria que permiti\u00f3 la identificaci\u00f3n y captura del presunto agresor, que ya se encuentra a buen recaudo de las autoridades judiciales.&nbsp;<\/p>\n","protected":false},"excerpt":{"rendered":"<p>El 31 de diciembre del 2023, ciudadanos del municipio informaron a la estaci\u00f3n de polic\u00eda sobre la agresi\u00f3n con arma blanca en contra de una mujer en un establecimiento p\u00fablico, de inmediato y con las caracter\u00edsticas del posible agresor, uniformados del cuadrante n\u00famero 4, logran la captura de un hombre al interior de un sitio [&hellip;]<\/p>\n","protected":false},"author":2,"featured_media":0,"comment_status":"open","ping_status":"open","sticky":false,"template":"","format":"standard","meta":{"footnotes":""},"categories":[36,29],"tags":[],"class_list":["post-66601","post","type-post","status-publish","format-standard","hentry","category-destacado","category-judicial"],"yoast_head":"<!-- This site is optimized with the Yoast SEO plugin v26.6 - https:\/\/yoast.com\/wordpress\/plugins\/seo\/ -->\n<title>C\u00e1rcel a sujeto que agredi\u00f3 con arma blanca a su ex compa\u00f1era sentimental en Pitalito -<\/title>\n<meta name=\"robots\" content=\"index, follow, max-snippet:-1, max-image-preview:large, max-video-preview:-1\" \/>\n<link rel=\"canonical\" href=\"https:\/\/luchonoticias.com\/editor\/carcel-a-sujeto-que-agredio-con-arma-blanca-a-su-ex-companera-sentimental-en-pitalito\/\" \/>\n<meta property=\"og:locale\" content=\"es_ES\" \/>\n<meta property=\"og:type\" content=\"article\" \/>\n<meta property=\"og:title\" content=\"C\u00e1rcel a sujeto que agredi\u00f3 con arma blanca a su ex compa\u00f1era sentimental en Pitalito -\" \/>\n<meta property=\"og:url\" content=\"https:\/\/luchonoticias.com\/editor\/carcel-a-sujeto-que-agredio-con-arma-blanca-a-su-ex-companera-sentimental-en-pitalito\/\" \/>\n<meta property=\"article:publisher\" content=\"https:\/\/www.facebook.com\/luchonoticiasneiva\" \/>\n<meta property=\"article:published_time\" content=\"2024-01-08T13:03:33+00:00\" \/>\n<meta property=\"article:modified_time\" content=\"2024-01-08T13:03:34+00:00\" \/>\n<meta name=\"author\" content=\"Editor General\" \/>\n<meta name=\"twitter:card\" content=\"summary_large_image\" \/>\n<meta name=\"twitter:label1\" content=\"Escrito por\" \/>\n\t<meta name=\"twitter:data1\" content=\"Editor General\" \/>\n\t<meta name=\"twitter:label2\" content=\"Tiempo de lectura\" \/>\n\t<meta name=\"twitter:data2\" content=\"1 minuto\" \/>\n<script type=\"application\/ld+json\" class=\"yoast-schema-graph\">{\"@context\":\"https:\/\/schema.org\",\"@graph\":[{\"@type\":\"Article\",\"@id\":\"https:\/\/luchonoticias.com\/editor\/carcel-a-sujeto-que-agredio-con-arma-blanca-a-su-ex-companera-sentimental-en-pitalito\/#article\",\"isPartOf\":{\"@id\":\"https:\/\/luchonoticias.com\/editor\/carcel-a-sujeto-que-agredio-con-arma-blanca-a-su-ex-companera-sentimental-en-pitalito\/\"},\"author\":{\"name\":\"Editor General\",\"@id\":\"https:\/\/luchonoticias.com\/editor\/#\/schema\/person\/29217990ddf6f14e35912b2866d591fb\"},\"headline\":\"C\u00e1rcel a sujeto que agredi\u00f3 con arma blanca a su ex compa\u00f1era sentimental en Pitalito\",\"datePublished\":\"2024-01-08T13:03:33+00:00\",\"dateModified\":\"2024-01-08T13:03:34+00:00\",\"mainEntityOfPage\":{\"@id\":\"https:\/\/luchonoticias.com\/editor\/carcel-a-sujeto-que-agredio-con-arma-blanca-a-su-ex-companera-sentimental-en-pitalito\/\"},\"wordCount\":298,\"commentCount\":0,\"publisher\":{\"@id\":\"https:\/\/luchonoticias.com\/editor\/#\/schema\/person\/7a7fd911f58561fd056dbac7b55af9cd\"},\"articleSection\":[\"Destacado\",\"Judicial\"],\"inLanguage\":\"es\",\"potentialAction\":[{\"@type\":\"CommentAction\",\"name\":\"Comment\",\"target\":[\"https:\/\/luchonoticias.com\/editor\/carcel-a-sujeto-que-agredio-con-arma-blanca-a-su-ex-companera-sentimental-en-pitalito\/#respond\"]}]},{\"@type\":\"WebPage\",\"@id\":\"https:\/\/luchonoticias.com\/editor\/carcel-a-sujeto-que-agredio-con-arma-blanca-a-su-ex-companera-sentimental-en-pitalito\/\",\"url\":\"https:\/\/luchonoticias.com\/editor\/carcel-a-sujeto-que-agredio-con-arma-blanca-a-su-ex-companera-sentimental-en-pitalito\/\",\"name\":\"C\u00e1rcel a sujeto que agredi\u00f3 con arma blanca a su ex compa\u00f1era sentimental en Pitalito -\",\"isPartOf\":{\"@id\":\"https:\/\/luchonoticias.com\/editor\/#website\"},\"datePublished\":\"2024-01-08T13:03:33+00:00\",\"dateModified\":\"2024-01-08T13:03:34+00:00\",\"breadcrumb\":{\"@id\":\"https:\/\/luchonoticias.com\/editor\/carcel-a-sujeto-que-agredio-con-arma-blanca-a-su-ex-companera-sentimental-en-pitalito\/#breadcrumb\"},\"inLanguage\":\"es\",\"potentialAction\":[{\"@type\":\"ReadAction\",\"target\":[\"https:\/\/luchonoticias.com\/editor\/carcel-a-sujeto-que-agredio-con-arma-blanca-a-su-ex-companera-sentimental-en-pitalito\/\"]}]},{\"@type\":\"BreadcrumbList\",\"@id\":\"https:\/\/luchonoticias.com\/editor\/carcel-a-sujeto-que-agredio-con-arma-blanca-a-su-ex-companera-sentimental-en-pitalito\/#breadcrumb\",\"itemListElement\":[{\"@type\":\"ListItem\",\"position\":1,\"name\":\"Portada\",\"item\":\"https:\/\/luchonoticias.com\/editor\/\"},{\"@type\":\"ListItem\",\"position\":2,\"name\":\"C\u00e1rcel a sujeto que agredi\u00f3 con arma blanca a su ex compa\u00f1era sentimental en Pitalito\"}]},{\"@type\":\"WebSite\",\"@id\":\"https:\/\/luchonoticias.com\/editor\/#website\",\"url\":\"https:\/\/luchonoticias.com\/editor\/\",\"name\":\"\",\"description\":\"\",\"publisher\":{\"@id\":\"https:\/\/luchonoticias.com\/editor\/#\/schema\/person\/7a7fd911f58561fd056dbac7b55af9cd\"},\"potentialAction\":[{\"@type\":\"SearchAction\",\"target\":{\"@type\":\"EntryPoint\",\"urlTemplate\":\"https:\/\/luchonoticias.com\/editor\/?s={search_term_string}\"},\"query-input\":{\"@type\":\"PropertyValueSpecification\",\"valueRequired\":true,\"valueName\":\"search_term_string\"}}],\"inLanguage\":\"es\"},{\"@type\":[\"Person\",\"Organization\"],\"@id\":\"https:\/\/luchonoticias.com\/editor\/#\/schema\/person\/7a7fd911f58561fd056dbac7b55af9cd\",\"name\":\"admin\",\"image\":{\"@type\":\"ImageObject\",\"inLanguage\":\"es\",\"@id\":\"https:\/\/luchonoticias.com\/editor\/#\/schema\/person\/image\/\",\"url\":\"https:\/\/luchonoticias.com\/editor\/wp-content\/uploads\/2024\/02\/cropped-cropped-logolu.webp\",\"contentUrl\":\"https:\/\/luchonoticias.com\/editor\/wp-content\/uploads\/2024\/02\/cropped-cropped-logolu.webp\",\"width\":382,\"height\":170,\"caption\":\"admin\"},\"logo\":{\"@id\":\"https:\/\/luchonoticias.com\/editor\/#\/schema\/person\/image\/\"},\"sameAs\":[\"https:\/\/www.facebook.com\/luchonoticiasneiva\"]},{\"@type\":\"Person\",\"@id\":\"https:\/\/luchonoticias.com\/editor\/#\/schema\/person\/29217990ddf6f14e35912b2866d591fb\",\"name\":\"Editor General\",\"image\":{\"@type\":\"ImageObject\",\"inLanguage\":\"es\",\"@id\":\"https:\/\/luchonoticias.com\/editor\/#\/schema\/person\/image\/\",\"url\":\"https:\/\/luchonoticias.com\/editor\/wp-content\/uploads\/2024\/02\/cropped-cropped-logolu-150x150.webp\",\"contentUrl\":\"https:\/\/luchonoticias.com\/editor\/wp-content\/uploads\/2024\/02\/cropped-cropped-logolu-150x150.webp\",\"caption\":\"Editor General\"},\"sameAs\":[\"https:\/\/luchonoticias.com\/\"],\"url\":\"https:\/\/luchonoticias.com\/editor\/author\/editor-general\/\"}]}<\/script>\n<!-- \/ Yoast SEO plugin. -->","yoast_head_json":{"title":"C\u00e1rcel a sujeto que agredi\u00f3 con arma blanca a su ex compa\u00f1era sentimental en Pitalito -","robots":{"index":"index","follow":"follow","max-snippet":"max-snippet:-1","max-image-preview":"max-image-preview:large","max-video-preview":"max-video-preview:-1"},"canonical":"https:\/\/luchonoticias.com\/editor\/carcel-a-sujeto-que-agredio-con-arma-blanca-a-su-ex-companera-sentimental-en-pitalito\/","og_locale":"es_ES","og_type":"article","og_title":"C\u00e1rcel a sujeto que agredi\u00f3 con arma blanca a su ex compa\u00f1era sentimental en Pitalito -","og_url":"https:\/\/luchonoticias.com\/editor\/carcel-a-sujeto-que-agredio-con-arma-blanca-a-su-ex-companera-sentimental-en-pitalito\/","article_publisher":"https:\/\/www.facebook.com\/luchonoticiasneiva","article_published_time":"2024-01-08T13:03:33+00:00","article_modified_time":"2024-01-08T13:03:34+00:00","author":"Editor General","twitter_card":"summary_large_image","twitter_misc":{"Escrito por":"Editor General","Tiempo de lectura":"1 minuto"},"schema":{"@context":"https:\/\/schema.org","@graph":[{"@type":"Article","@id":"https:\/\/luchonoticias.com\/editor\/carcel-a-sujeto-que-agredio-con-arma-blanca-a-su-ex-companera-sentimental-en-pitalito\/#article","isPartOf":{"@id":"https:\/\/luchonoticias.com\/editor\/carcel-a-sujeto-que-agredio-con-arma-blanca-a-su-ex-companera-sentimental-en-pitalito\/"},"author":{"name":"Editor General","@id":"https:\/\/luchonoticias.com\/editor\/#\/schema\/person\/29217990ddf6f14e35912b2866d591fb"},"headline":"C\u00e1rcel a sujeto que agredi\u00f3 con arma blanca a su ex compa\u00f1era sentimental en Pitalito","datePublished":"2024-01-08T13:03:33+00:00","dateModified":"2024-01-08T13:03:34+00:00","mainEntityOfPage":{"@id":"https:\/\/luchonoticias.com\/editor\/carcel-a-sujeto-que-agredio-con-arma-blanca-a-su-ex-companera-sentimental-en-pitalito\/"},"wordCount":298,"commentCount":0,"publisher":{"@id":"https:\/\/luchonoticias.com\/editor\/#\/schema\/person\/7a7fd911f58561fd056dbac7b55af9cd"},"articleSection":["Destacado","Judicial"],"inLanguage":"es","potentialAction":[{"@type":"CommentAction","name":"Comment","target":["https:\/\/luchonoticias.com\/editor\/carcel-a-sujeto-que-agredio-con-arma-blanca-a-su-ex-companera-sentimental-en-pitalito\/#respond"]}]},{"@type":"WebPage","@id":"https:\/\/luchonoticias.com\/editor\/carcel-a-sujeto-que-agredio-con-arma-blanca-a-su-ex-companera-sentimental-en-pitalito\/","url":"https:\/\/luchonoticias.com\/editor\/carcel-a-sujeto-que-agredio-con-arma-blanca-a-su-ex-companera-sentimental-en-pitalito\/","name":"C\u00e1rcel a sujeto que agredi\u00f3 con arma blanca a su ex compa\u00f1era sentimental en Pitalito -","isPartOf":{"@id":"https:\/\/luchonoticias.com\/editor\/#website"},"datePublished":"2024-01-08T13:03:33+00:00","dateModified":"2024-01-08T13:03:34+00:00","breadcrumb":{"@id":"https:\/\/luchonoticias.com\/editor\/carcel-a-sujeto-que-agredio-con-arma-blanca-a-su-ex-companera-sentimental-en-pitalito\/#breadcrumb"},"inLanguage":"es","potentialAction":[{"@type":"ReadAction","target":["https:\/\/luchonoticias.com\/editor\/carcel-a-sujeto-que-agredio-con-arma-blanca-a-su-ex-companera-sentimental-en-pitalito\/"]}]},{"@type":"BreadcrumbList","@id":"https:\/\/luchonoticias.com\/editor\/carcel-a-sujeto-que-agredio-con-arma-blanca-a-su-ex-companera-sentimental-en-pitalito\/#breadcrumb","itemListElement":[{"@type":"ListItem","position":1,"name":"Portada","item":"https:\/\/luchonoticias.com\/editor\/"},{"@type":"ListItem","position":2,"name":"C\u00e1rcel a sujeto que agredi\u00f3 con arma blanca a su ex compa\u00f1era sentimental en Pitalito"}]},{"@type":"WebSite","@id":"https:\/\/luchonoticias.com\/editor\/#website","url":"https:\/\/luchonoticias.com\/editor\/","name":"","description":"","publisher":{"@id":"https:\/\/luchonoticias.com\/editor\/#\/schema\/person\/7a7fd911f58561fd056dbac7b55af9cd"},"potentialAction":[{"@type":"SearchAction","target":{"@type":"EntryPoint","urlTemplate":"https:\/\/luchonoticias.com\/editor\/?s={search_term_string}"},"query-input":{"@type":"PropertyValueSpecification","valueRequired":true,"valueName":"search_term_string"}}],"inLanguage":"es"},{"@type":["Person","Organization"],"@id":"https:\/\/luchonoticias.com\/editor\/#\/schema\/person\/7a7fd911f58561fd056dbac7b55af9cd","name":"admin","image":{"@type":"ImageObject","inLanguage":"es","@id":"https:\/\/luchonoticias.com\/editor\/#\/schema\/person\/image\/","url":"https:\/\/luchonoticias.com\/editor\/wp-content\/uploads\/2024\/02\/cropped-cropped-logolu.webp","contentUrl":"https:\/\/luchonoticias.com\/editor\/wp-content\/uploads\/2024\/02\/cropped-cropped-logolu.webp","width":382,"height":170,"caption":"admin"},"logo":{"@id":"https:\/\/luchonoticias.com\/editor\/#\/schema\/person\/image\/"},"sameAs":["https:\/\/www.facebook.com\/luchonoticiasneiva"]},{"@type":"Person","@id":"https:\/\/luchonoticias.com\/editor\/#\/schema\/person\/29217990ddf6f14e35912b2866d591fb","name":"Editor General","image":{"@type":"ImageObject","inLanguage":"es","@id":"https:\/\/luchonoticias.com\/editor\/#\/schema\/person\/image\/","url":"https:\/\/luchonoticias.com\/editor\/wp-content\/uploads\/2024\/02\/cropped-cropped-logolu-150x150.webp","contentUrl":"https:\/\/luchonoticias.com\/editor\/wp-content\/uploads\/2024\/02\/cropped-cropped-logolu-150x150.webp","caption":"Editor General"},"sameAs":["https:\/\/luchonoticias.com\/"],"url":"https:\/\/luchonoticias.com\/editor\/author\/editor-general\/"}]}},"_links":{"self":[{"href":"https:\/\/luchonoticias.com\/editor\/wp-json\/wp\/v2\/posts\/66601","targetHints":{"allow":["GET"]}}],"collection":[{"href":"https:\/\/luchonoticias.com\/editor\/wp-json\/wp\/v2\/posts"}],"about":[{"href":"https:\/\/luchonoticias.com\/editor\/wp-json\/wp\/v2\/types\/post"}],"author":[{"embeddable":true,"href":"https:\/\/luchonoticias.com\/editor\/wp-json\/wp\/v2\/users\/2"}],"replies":[{"embeddable":true,"href":"https:\/\/luchonoticias.com\/editor\/wp-json\/wp\/v2\/comments?post=66601"}],"version-history":[{"count":0,"href":"https:\/\/luchonoticias.com\/editor\/wp-json\/wp\/v2\/posts\/66601\/revisions"}],"wp:attachment":[{"href":"https:\/\/luchonoticias.com\/editor\/wp-json\/wp\/v2\/media?parent=66601"}],"wp:term":[{"taxonomy":"category","embeddable":true,"href":"https:\/\/luchonoticias.com\/editor\/wp-json\/wp\/v2\/categories?post=66601"},{"taxonomy":"post_tag","embeddable":true,"href":"https:\/\/luchonoticias.com\/editor\/wp-json\/wp\/v2\/tags?post=66601"}],"curies":[{"name":"wp","href":"https:\/\/api.w.org\/{rel}","templated":true}]}}