{"id":66626,"date":"2024-01-08T15:01:40","date_gmt":"2024-01-08T20:01:40","guid":{"rendered":"https:\/\/luchonoticias.com\/?p=66626"},"modified":"2024-01-08T15:01:41","modified_gmt":"2024-01-08T20:01:41","slug":"policia-nacional-realiza-actividades-de-prevencion-y-control-en-vias-de-la-capital-opita","status":"publish","type":"post","link":"https:\/\/luchonoticias.com\/editor\/policia-nacional-realiza-actividades-de-prevencion-y-control-en-vias-de-la-capital-opita\/","title":{"rendered":"Polic\u00eda Nacional, realiza actividades de prevenci\u00f3n y control en v\u00edas de la capital Opita"},"content":{"rendered":"\n<p>La Polic\u00eda Metropolitana de Neiva, en cabeza del Coronel Alexander Castillo Mar\u00edn y a trav\u00e9s de la Seccional de tr\u00e1nsito y transporte, llegaron hasta la Terminal y diferentes peajes de la ciudad de Neiva, en desarrollo del Plan \u00e9xodo del puente de Reyes, viene realizando actividades encaminadas a la prevenci\u00f3n de accidentes de tr\u00e1nsito, dirigida a todos los usuarios viales.<\/p>\n\n\n\n<p>Durante este puente festivo \u201cD\u00eda de los Reyes Magos\u201d, se espera que a nivel Nacional se movilicen m\u00e1s de 4 millones 700 mil veh\u00edculos, por ello, evite contratiempos y realice su desplazamiento con anticipaci\u00f3n.<\/p>\n\n\n\n<figure class=\"wp-block-gallery has-nested-images columns-default is-cropped wp-block-gallery-1 is-layout-flex wp-block-gallery-is-layout-flex\">\n<figure class=\"wp-block-image size-large\"><img decoding=\"async\" data-id=\"66628\" src=\"https:\/\/luchonoticias.com\/wp-content\/uploads\/2024\/01\/WhatsApp-Image-2024-01-08-at-12.25.07-PM.jpeg\" alt=\"\" class=\"wp-image-66628\"\/><\/figure>\n\n\n\n<figure class=\"wp-block-image size-large\"><img decoding=\"async\" data-id=\"66629\" src=\"https:\/\/luchonoticias.com\/wp-content\/uploads\/2024\/01\/WhatsApp-Image-2024-01-08-at-12.23.37-PM-1-1024x576.jpeg\" alt=\"\" class=\"wp-image-66629\"\/><\/figure>\n\n\n\n<figure class=\"wp-block-image size-large\"><img decoding=\"async\" data-id=\"66630\" src=\"https:\/\/luchonoticias.com\/wp-content\/uploads\/2024\/01\/WhatsApp-Image-2024-01-08-at-12.23.36-PM-2-1024x575.jpeg\" alt=\"\" class=\"wp-image-66630\"\/><\/figure>\n<\/figure>\n\n\n\n<p>M\u00e1s de 5 mil uniformados de la Direcci\u00f3n de Tr\u00e1nsito y Transporte est\u00e1n dispuestos en 12.383 km en la red vial nacional para garantizar la movilidad y seguridad de las familias, para que retornen con anticipaci\u00f3n en el primer puente festivo del a\u00f1o.<\/p>\n\n\n\n<p><strong>Por lo que les recuerda tener en cuenta:<\/strong><\/p>\n\n\n\n<p>\ud83d\udea6Respeto por las se\u00f1ales de tr\u00e1nsito.<\/p>\n\n\n\n<p>\ud83d\udc69\ud83c\udffb\u200d\u2695\ufe0fOrientar la importancia de las condiciones f\u00edsicas para la conducci\u00f3n de veh\u00edculos y motocicletas.<\/p>\n\n\n\n<p>\u23f1\ufe0f Autorregulaci\u00f3n en la velocidad.<\/p>\n\n\n\n<p>\ud83e\uddd1\ud83c\udffb\u200d\ud83d\ude80Utilizar el casco y dem\u00e1s elementos de seguridad (cintur\u00f3n, equipos de se\u00f1alizaci\u00f3n) de acuerdo a la norma.<\/p>\n\n\n\n<p>\ud83d\udef5 No exceder el l\u00edmite de ocupantes en los veh\u00edculos.<\/p>\n\n\n\n<p>\ud83e\udd43\ud83d\udeab No conducir veh\u00edculos en estado de embriaguez o bajo el efecto de sustancias psicoactivas.<\/p>\n\n\n\n<p>\ud83d\udd27 Realizar verificaci\u00f3n mec\u00e1nica del veh\u00edculo o moto antes de iniciar el viaje.<\/p>\n\n\n\n<p>\ud83e\uddd8\ud83c\udffd\u200d\u2642\ufe0f Realizar pausas activas durante el viaje.<\/p>\n\n\n\n<p>\ud83d\ude97\ud83c\udfcd\ufe0f\ud83d\udca8 No realizar adelantamientos en lugares no permitidos.<\/p>\n\n\n\n<figure class=\"wp-block-video\"><\/figure>\n","protected":false},"excerpt":{"rendered":"<p>La Polic\u00eda Metropolitana de Neiva, en cabeza del Coronel Alexander Castillo Mar\u00edn y a trav\u00e9s de la Seccional de tr\u00e1nsito y transporte, llegaron hasta la Terminal y diferentes peajes de la ciudad de Neiva, en desarrollo del Plan \u00e9xodo del puente de Reyes, viene realizando actividades encaminadas a la prevenci\u00f3n de accidentes de tr\u00e1nsito, dirigida [&hellip;]<\/p>\n","protected":false},"author":2,"featured_media":0,"comment_status":"open","ping_status":"open","sticky":false,"template":"","format":"standard","meta":{"footnotes":""},"categories":[36,31],"tags":[],"class_list":["post-66626","post","type-post","status-publish","format-standard","hentry","category-destacado","category-local"],"yoast_head":"<!-- This site is optimized with the Yoast SEO plugin v26.6 - https:\/\/yoast.com\/wordpress\/plugins\/seo\/ -->\n<title>Polic\u00eda Nacional, realiza actividades de prevenci\u00f3n y control en v\u00edas de la capital Opita -<\/title>\n<meta name=\"robots\" content=\"index, follow, max-snippet:-1, max-image-preview:large, max-video-preview:-1\" \/>\n<link rel=\"canonical\" href=\"https:\/\/luchonoticias.com\/editor\/policia-nacional-realiza-actividades-de-prevencion-y-control-en-vias-de-la-capital-opita\/\" \/>\n<meta property=\"og:locale\" content=\"es_ES\" \/>\n<meta property=\"og:type\" content=\"article\" \/>\n<meta property=\"og:title\" content=\"Polic\u00eda Nacional, realiza actividades de prevenci\u00f3n y control en v\u00edas de la capital Opita -\" \/>\n<meta property=\"og:url\" content=\"https:\/\/luchonoticias.com\/editor\/policia-nacional-realiza-actividades-de-prevencion-y-control-en-vias-de-la-capital-opita\/\" \/>\n<meta property=\"article:publisher\" content=\"https:\/\/www.facebook.com\/luchonoticiasneiva\" \/>\n<meta property=\"article:published_time\" content=\"2024-01-08T20:01:40+00:00\" \/>\n<meta property=\"article:modified_time\" content=\"2024-01-08T20:01:41+00:00\" \/>\n<meta property=\"og:image\" content=\"https:\/\/luchonoticias.com\/wp-content\/uploads\/2024\/01\/WhatsApp-Image-2024-01-08-at-12.25.07-PM.jpeg\" \/>\n<meta name=\"author\" content=\"Editor General\" \/>\n<meta name=\"twitter:card\" content=\"summary_large_image\" \/>\n<meta name=\"twitter:label1\" content=\"Escrito por\" \/>\n\t<meta name=\"twitter:data1\" content=\"Editor General\" \/>\n\t<meta name=\"twitter:label2\" content=\"Tiempo de lectura\" \/>\n\t<meta name=\"twitter:data2\" content=\"1 minuto\" \/>\n<script type=\"application\/ld+json\" class=\"yoast-schema-graph\">{\"@context\":\"https:\/\/schema.org\",\"@graph\":[{\"@type\":\"Article\",\"@id\":\"https:\/\/luchonoticias.com\/editor\/policia-nacional-realiza-actividades-de-prevencion-y-control-en-vias-de-la-capital-opita\/#article\",\"isPartOf\":{\"@id\":\"https:\/\/luchonoticias.com\/editor\/policia-nacional-realiza-actividades-de-prevencion-y-control-en-vias-de-la-capital-opita\/\"},\"author\":{\"name\":\"Editor General\",\"@id\":\"https:\/\/luchonoticias.com\/editor\/#\/schema\/person\/29217990ddf6f14e35912b2866d591fb\"},\"headline\":\"Polic\u00eda Nacional, realiza actividades de prevenci\u00f3n y control en v\u00edas de la capital Opita\",\"datePublished\":\"2024-01-08T20:01:40+00:00\",\"dateModified\":\"2024-01-08T20:01:41+00:00\",\"mainEntityOfPage\":{\"@id\":\"https:\/\/luchonoticias.com\/editor\/policia-nacional-realiza-actividades-de-prevencion-y-control-en-vias-de-la-capital-opita\/\"},\"wordCount\":279,\"commentCount\":0,\"publisher\":{\"@id\":\"https:\/\/luchonoticias.com\/editor\/#\/schema\/person\/7a7fd911f58561fd056dbac7b55af9cd\"},\"image\":{\"@id\":\"https:\/\/luchonoticias.com\/editor\/policia-nacional-realiza-actividades-de-prevencion-y-control-en-vias-de-la-capital-opita\/#primaryimage\"},\"thumbnailUrl\":\"https:\/\/luchonoticias.com\/wp-content\/uploads\/2024\/01\/WhatsApp-Image-2024-01-08-at-12.25.07-PM.jpeg\",\"articleSection\":[\"Destacado\",\"Local\"],\"inLanguage\":\"es\",\"potentialAction\":[{\"@type\":\"CommentAction\",\"name\":\"Comment\",\"target\":[\"https:\/\/luchonoticias.com\/editor\/policia-nacional-realiza-actividades-de-prevencion-y-control-en-vias-de-la-capital-opita\/#respond\"]}]},{\"@type\":\"WebPage\",\"@id\":\"https:\/\/luchonoticias.com\/editor\/policia-nacional-realiza-actividades-de-prevencion-y-control-en-vias-de-la-capital-opita\/\",\"url\":\"https:\/\/luchonoticias.com\/editor\/policia-nacional-realiza-actividades-de-prevencion-y-control-en-vias-de-la-capital-opita\/\",\"name\":\"Polic\u00eda Nacional, realiza actividades de prevenci\u00f3n y control en v\u00edas de la capital Opita -\",\"isPartOf\":{\"@id\":\"https:\/\/luchonoticias.com\/editor\/#website\"},\"primaryImageOfPage\":{\"@id\":\"https:\/\/luchonoticias.com\/editor\/policia-nacional-realiza-actividades-de-prevencion-y-control-en-vias-de-la-capital-opita\/#primaryimage\"},\"image\":{\"@id\":\"https:\/\/luchonoticias.com\/editor\/policia-nacional-realiza-actividades-de-prevencion-y-control-en-vias-de-la-capital-opita\/#primaryimage\"},\"thumbnailUrl\":\"https:\/\/luchonoticias.com\/wp-content\/uploads\/2024\/01\/WhatsApp-Image-2024-01-08-at-12.25.07-PM.jpeg\",\"datePublished\":\"2024-01-08T20:01:40+00:00\",\"dateModified\":\"2024-01-08T20:01:41+00:00\",\"breadcrumb\":{\"@id\":\"https:\/\/luchonoticias.com\/editor\/policia-nacional-realiza-actividades-de-prevencion-y-control-en-vias-de-la-capital-opita\/#breadcrumb\"},\"inLanguage\":\"es\",\"potentialAction\":[{\"@type\":\"ReadAction\",\"target\":[\"https:\/\/luchonoticias.com\/editor\/policia-nacional-realiza-actividades-de-prevencion-y-control-en-vias-de-la-capital-opita\/\"]}]},{\"@type\":\"ImageObject\",\"inLanguage\":\"es\",\"@id\":\"https:\/\/luchonoticias.com\/editor\/policia-nacional-realiza-actividades-de-prevencion-y-control-en-vias-de-la-capital-opita\/#primaryimage\",\"url\":\"https:\/\/luchonoticias.com\/wp-content\/uploads\/2024\/01\/WhatsApp-Image-2024-01-08-at-12.25.07-PM.jpeg\",\"contentUrl\":\"https:\/\/luchonoticias.com\/wp-content\/uploads\/2024\/01\/WhatsApp-Image-2024-01-08-at-12.25.07-PM.jpeg\"},{\"@type\":\"BreadcrumbList\",\"@id\":\"https:\/\/luchonoticias.com\/editor\/policia-nacional-realiza-actividades-de-prevencion-y-control-en-vias-de-la-capital-opita\/#breadcrumb\",\"itemListElement\":[{\"@type\":\"ListItem\",\"position\":1,\"name\":\"Portada\",\"item\":\"https:\/\/luchonoticias.com\/editor\/\"},{\"@type\":\"ListItem\",\"position\":2,\"name\":\"Polic\u00eda Nacional, realiza actividades de prevenci\u00f3n y control en v\u00edas de la capital Opita\"}]},{\"@type\":\"WebSite\",\"@id\":\"https:\/\/luchonoticias.com\/editor\/#website\",\"url\":\"https:\/\/luchonoticias.com\/editor\/\",\"name\":\"\",\"description\":\"\",\"publisher\":{\"@id\":\"https:\/\/luchonoticias.com\/editor\/#\/schema\/person\/7a7fd911f58561fd056dbac7b55af9cd\"},\"potentialAction\":[{\"@type\":\"SearchAction\",\"target\":{\"@type\":\"EntryPoint\",\"urlTemplate\":\"https:\/\/luchonoticias.com\/editor\/?s={search_term_string}\"},\"query-input\":{\"@type\":\"PropertyValueSpecification\",\"valueRequired\":true,\"valueName\":\"search_term_string\"}}],\"inLanguage\":\"es\"},{\"@type\":[\"Person\",\"Organization\"],\"@id\":\"https:\/\/luchonoticias.com\/editor\/#\/schema\/person\/7a7fd911f58561fd056dbac7b55af9cd\",\"name\":\"admin\",\"image\":{\"@type\":\"ImageObject\",\"inLanguage\":\"es\",\"@id\":\"https:\/\/luchonoticias.com\/editor\/#\/schema\/person\/image\/\",\"url\":\"https:\/\/luchonoticias.com\/editor\/wp-content\/uploads\/2024\/02\/cropped-cropped-logolu.webp\",\"contentUrl\":\"https:\/\/luchonoticias.com\/editor\/wp-content\/uploads\/2024\/02\/cropped-cropped-logolu.webp\",\"width\":382,\"height\":170,\"caption\":\"admin\"},\"logo\":{\"@id\":\"https:\/\/luchonoticias.com\/editor\/#\/schema\/person\/image\/\"},\"sameAs\":[\"https:\/\/www.facebook.com\/luchonoticiasneiva\"]},{\"@type\":\"Person\",\"@id\":\"https:\/\/luchonoticias.com\/editor\/#\/schema\/person\/29217990ddf6f14e35912b2866d591fb\",\"name\":\"Editor General\",\"image\":{\"@type\":\"ImageObject\",\"inLanguage\":\"es\",\"@id\":\"https:\/\/luchonoticias.com\/editor\/#\/schema\/person\/image\/\",\"url\":\"https:\/\/luchonoticias.com\/editor\/wp-content\/uploads\/2024\/02\/cropped-cropped-logolu-150x150.webp\",\"contentUrl\":\"https:\/\/luchonoticias.com\/editor\/wp-content\/uploads\/2024\/02\/cropped-cropped-logolu-150x150.webp\",\"caption\":\"Editor General\"},\"sameAs\":[\"https:\/\/luchonoticias.com\/\"],\"url\":\"https:\/\/luchonoticias.com\/editor\/author\/editor-general\/\"}]}<\/script>\n<!-- \/ Yoast SEO plugin. -->","yoast_head_json":{"title":"Polic\u00eda Nacional, realiza actividades de prevenci\u00f3n y control en v\u00edas de la capital Opita -","robots":{"index":"index","follow":"follow","max-snippet":"max-snippet:-1","max-image-preview":"max-image-preview:large","max-video-preview":"max-video-preview:-1"},"canonical":"https:\/\/luchonoticias.com\/editor\/policia-nacional-realiza-actividades-de-prevencion-y-control-en-vias-de-la-capital-opita\/","og_locale":"es_ES","og_type":"article","og_title":"Polic\u00eda Nacional, realiza actividades de prevenci\u00f3n y control en v\u00edas de la capital Opita -","og_url":"https:\/\/luchonoticias.com\/editor\/policia-nacional-realiza-actividades-de-prevencion-y-control-en-vias-de-la-capital-opita\/","article_publisher":"https:\/\/www.facebook.com\/luchonoticiasneiva","article_published_time":"2024-01-08T20:01:40+00:00","article_modified_time":"2024-01-08T20:01:41+00:00","og_image":[{"url":"https:\/\/luchonoticias.com\/wp-content\/uploads\/2024\/01\/WhatsApp-Image-2024-01-08-at-12.25.07-PM.jpeg","type":"","width":"","height":""}],"author":"Editor General","twitter_card":"summary_large_image","twitter_misc":{"Escrito por":"Editor General","Tiempo de lectura":"1 minuto"},"schema":{"@context":"https:\/\/schema.org","@graph":[{"@type":"Article","@id":"https:\/\/luchonoticias.com\/editor\/policia-nacional-realiza-actividades-de-prevencion-y-control-en-vias-de-la-capital-opita\/#article","isPartOf":{"@id":"https:\/\/luchonoticias.com\/editor\/policia-nacional-realiza-actividades-de-prevencion-y-control-en-vias-de-la-capital-opita\/"},"author":{"name":"Editor General","@id":"https:\/\/luchonoticias.com\/editor\/#\/schema\/person\/29217990ddf6f14e35912b2866d591fb"},"headline":"Polic\u00eda Nacional, realiza actividades de prevenci\u00f3n y control en v\u00edas de la capital Opita","datePublished":"2024-01-08T20:01:40+00:00","dateModified":"2024-01-08T20:01:41+00:00","mainEntityOfPage":{"@id":"https:\/\/luchonoticias.com\/editor\/policia-nacional-realiza-actividades-de-prevencion-y-control-en-vias-de-la-capital-opita\/"},"wordCount":279,"commentCount":0,"publisher":{"@id":"https:\/\/luchonoticias.com\/editor\/#\/schema\/person\/7a7fd911f58561fd056dbac7b55af9cd"},"image":{"@id":"https:\/\/luchonoticias.com\/editor\/policia-nacional-realiza-actividades-de-prevencion-y-control-en-vias-de-la-capital-opita\/#primaryimage"},"thumbnailUrl":"https:\/\/luchonoticias.com\/wp-content\/uploads\/2024\/01\/WhatsApp-Image-2024-01-08-at-12.25.07-PM.jpeg","articleSection":["Destacado","Local"],"inLanguage":"es","potentialAction":[{"@type":"CommentAction","name":"Comment","target":["https:\/\/luchonoticias.com\/editor\/policia-nacional-realiza-actividades-de-prevencion-y-control-en-vias-de-la-capital-opita\/#respond"]}]},{"@type":"WebPage","@id":"https:\/\/luchonoticias.com\/editor\/policia-nacional-realiza-actividades-de-prevencion-y-control-en-vias-de-la-capital-opita\/","url":"https:\/\/luchonoticias.com\/editor\/policia-nacional-realiza-actividades-de-prevencion-y-control-en-vias-de-la-capital-opita\/","name":"Polic\u00eda Nacional, realiza actividades de prevenci\u00f3n y control en v\u00edas de la capital Opita -","isPartOf":{"@id":"https:\/\/luchonoticias.com\/editor\/#website"},"primaryImageOfPage":{"@id":"https:\/\/luchonoticias.com\/editor\/policia-nacional-realiza-actividades-de-prevencion-y-control-en-vias-de-la-capital-opita\/#primaryimage"},"image":{"@id":"https:\/\/luchonoticias.com\/editor\/policia-nacional-realiza-actividades-de-prevencion-y-control-en-vias-de-la-capital-opita\/#primaryimage"},"thumbnailUrl":"https:\/\/luchonoticias.com\/wp-content\/uploads\/2024\/01\/WhatsApp-Image-2024-01-08-at-12.25.07-PM.jpeg","datePublished":"2024-01-08T20:01:40+00:00","dateModified":"2024-01-08T20:01:41+00:00","breadcrumb":{"@id":"https:\/\/luchonoticias.com\/editor\/policia-nacional-realiza-actividades-de-prevencion-y-control-en-vias-de-la-capital-opita\/#breadcrumb"},"inLanguage":"es","potentialAction":[{"@type":"ReadAction","target":["https:\/\/luchonoticias.com\/editor\/policia-nacional-realiza-actividades-de-prevencion-y-control-en-vias-de-la-capital-opita\/"]}]},{"@type":"ImageObject","inLanguage":"es","@id":"https:\/\/luchonoticias.com\/editor\/policia-nacional-realiza-actividades-de-prevencion-y-control-en-vias-de-la-capital-opita\/#primaryimage","url":"https:\/\/luchonoticias.com\/wp-content\/uploads\/2024\/01\/WhatsApp-Image-2024-01-08-at-12.25.07-PM.jpeg","contentUrl":"https:\/\/luchonoticias.com\/wp-content\/uploads\/2024\/01\/WhatsApp-Image-2024-01-08-at-12.25.07-PM.jpeg"},{"@type":"BreadcrumbList","@id":"https:\/\/luchonoticias.com\/editor\/policia-nacional-realiza-actividades-de-prevencion-y-control-en-vias-de-la-capital-opita\/#breadcrumb","itemListElement":[{"@type":"ListItem","position":1,"name":"Portada","item":"https:\/\/luchonoticias.com\/editor\/"},{"@type":"ListItem","position":2,"name":"Polic\u00eda Nacional, realiza actividades de prevenci\u00f3n y control en v\u00edas de la capital Opita"}]},{"@type":"WebSite","@id":"https:\/\/luchonoticias.com\/editor\/#website","url":"https:\/\/luchonoticias.com\/editor\/","name":"","description":"","publisher":{"@id":"https:\/\/luchonoticias.com\/editor\/#\/schema\/person\/7a7fd911f58561fd056dbac7b55af9cd"},"potentialAction":[{"@type":"SearchAction","target":{"@type":"EntryPoint","urlTemplate":"https:\/\/luchonoticias.com\/editor\/?s={search_term_string}"},"query-input":{"@type":"PropertyValueSpecification","valueRequired":true,"valueName":"search_term_string"}}],"inLanguage":"es"},{"@type":["Person","Organization"],"@id":"https:\/\/luchonoticias.com\/editor\/#\/schema\/person\/7a7fd911f58561fd056dbac7b55af9cd","name":"admin","image":{"@type":"ImageObject","inLanguage":"es","@id":"https:\/\/luchonoticias.com\/editor\/#\/schema\/person\/image\/","url":"https:\/\/luchonoticias.com\/editor\/wp-content\/uploads\/2024\/02\/cropped-cropped-logolu.webp","contentUrl":"https:\/\/luchonoticias.com\/editor\/wp-content\/uploads\/2024\/02\/cropped-cropped-logolu.webp","width":382,"height":170,"caption":"admin"},"logo":{"@id":"https:\/\/luchonoticias.com\/editor\/#\/schema\/person\/image\/"},"sameAs":["https:\/\/www.facebook.com\/luchonoticiasneiva"]},{"@type":"Person","@id":"https:\/\/luchonoticias.com\/editor\/#\/schema\/person\/29217990ddf6f14e35912b2866d591fb","name":"Editor General","image":{"@type":"ImageObject","inLanguage":"es","@id":"https:\/\/luchonoticias.com\/editor\/#\/schema\/person\/image\/","url":"https:\/\/luchonoticias.com\/editor\/wp-content\/uploads\/2024\/02\/cropped-cropped-logolu-150x150.webp","contentUrl":"https:\/\/luchonoticias.com\/editor\/wp-content\/uploads\/2024\/02\/cropped-cropped-logolu-150x150.webp","caption":"Editor General"},"sameAs":["https:\/\/luchonoticias.com\/"],"url":"https:\/\/luchonoticias.com\/editor\/author\/editor-general\/"}]}},"_links":{"self":[{"href":"https:\/\/luchonoticias.com\/editor\/wp-json\/wp\/v2\/posts\/66626","targetHints":{"allow":["GET"]}}],"collection":[{"href":"https:\/\/luchonoticias.com\/editor\/wp-json\/wp\/v2\/posts"}],"about":[{"href":"https:\/\/luchonoticias.com\/editor\/wp-json\/wp\/v2\/types\/post"}],"author":[{"embeddable":true,"href":"https:\/\/luchonoticias.com\/editor\/wp-json\/wp\/v2\/users\/2"}],"replies":[{"embeddable":true,"href":"https:\/\/luchonoticias.com\/editor\/wp-json\/wp\/v2\/comments?post=66626"}],"version-history":[{"count":0,"href":"https:\/\/luchonoticias.com\/editor\/wp-json\/wp\/v2\/posts\/66626\/revisions"}],"wp:attachment":[{"href":"https:\/\/luchonoticias.com\/editor\/wp-json\/wp\/v2\/media?parent=66626"}],"wp:term":[{"taxonomy":"category","embeddable":true,"href":"https:\/\/luchonoticias.com\/editor\/wp-json\/wp\/v2\/categories?post=66626"},{"taxonomy":"post_tag","embeddable":true,"href":"https:\/\/luchonoticias.com\/editor\/wp-json\/wp\/v2\/tags?post=66626"}],"curies":[{"name":"wp","href":"https:\/\/api.w.org\/{rel}","templated":true}]}}