{"id":66714,"date":"2024-01-10T15:19:35","date_gmt":"2024-01-10T20:19:35","guid":{"rendered":"https:\/\/luchonoticias.com\/?p=66714"},"modified":"2024-01-10T15:19:36","modified_gmt":"2024-01-10T20:19:36","slug":"nueva-variante-jn-1-de-covid-19-esta-en-colombia-confirma-instituto-nacional-de-salud","status":"publish","type":"post","link":"https:\/\/luchonoticias.com\/editor\/nueva-variante-jn-1-de-covid-19-esta-en-colombia-confirma-instituto-nacional-de-salud\/","title":{"rendered":"Nueva variante JN.1 de covid-19 est\u00e1 en Colombia, confirma Instituto Nacional de Salud"},"content":{"rendered":"\n<p>El Instituto Nacional de Salud detall\u00f3 el estado de los virus respiratorios en el pa\u00eds, haciendo especial \u00e9nfasis en la llegada de la nueva variante de covid-19 y brindando un parte de tranquilidad frente al estado de los contagios.<\/p>\n\n\n\n<p>Mediante su cuenta oficial de Twitter, la entidad confirm\u00f3 que la variante JN.1 circula en el pa\u00eds desde hace poco menos de un mes; seg\u00fan reportes, estar\u00eda en Colombia desde la semana del 24 de diciembre. Frente a la participaci\u00f3n de las variantes del virus, se estableci\u00f3 que la XBB.1.6 tiene el 50% y EG.5.x suma el 16,7%; mientras que la nueva variante reportada representa el 33.3%.<\/p>\n\n\n\n<p>\u201cEsta variante, JN.1, descendiente del sublinaje de \u00f3micron BA.2.86, fue declarada de inter\u00e9s por la Organizaci\u00f3n Panamericana de la Salud (@opsoms) dada su alta circulaci\u00f3n en Europa y Norteam\u00e9rica en la estaci\u00f3n invernal\u201d agreg\u00f3 en la comunicaci\u00f3n oficial.<\/p>\n\n\n\n<p>Pero, por lo pronto, la entidad asegur\u00f3 que no hay casos que reporten mayor severidad, hospitalizaci\u00f3n o muerte. Sin embargo, invita a tomar las precauciones necesarias ante la presencia de los virus respiratorios estacionales y las variantes nuevas y existentes del covid-19, tales como el uso de tapabocas, la ventilaci\u00f3n de los espacios cerrados y la vacunaci\u00f3n.<\/p>\n","protected":false},"excerpt":{"rendered":"<p>El Instituto Nacional de Salud detall\u00f3 el estado de los virus respiratorios en el pa\u00eds, haciendo especial \u00e9nfasis en la llegada de la nueva variante de covid-19 y brindando un parte de tranquilidad frente al estado de los contagios. Mediante su cuenta oficial de Twitter, la entidad confirm\u00f3 que la variante JN.1 circula en el [&hellip;]<\/p>\n","protected":false},"author":2,"featured_media":0,"comment_status":"open","ping_status":"open","sticky":false,"template":"","format":"standard","meta":{"footnotes":""},"categories":[28,36],"tags":[],"class_list":["post-66714","post","type-post","status-publish","format-standard","hentry","category-actualidad","category-destacado"],"yoast_head":"<!-- This site is optimized with the Yoast SEO plugin v26.6 - https:\/\/yoast.com\/wordpress\/plugins\/seo\/ -->\n<title>Nueva variante JN.1 de covid-19 est\u00e1 en Colombia, confirma Instituto Nacional de Salud -<\/title>\n<meta name=\"robots\" content=\"index, follow, max-snippet:-1, max-image-preview:large, max-video-preview:-1\" \/>\n<link rel=\"canonical\" href=\"https:\/\/luchonoticias.com\/editor\/nueva-variante-jn-1-de-covid-19-esta-en-colombia-confirma-instituto-nacional-de-salud\/\" \/>\n<meta property=\"og:locale\" content=\"es_ES\" \/>\n<meta property=\"og:type\" content=\"article\" \/>\n<meta property=\"og:title\" content=\"Nueva variante JN.1 de covid-19 est\u00e1 en Colombia, confirma Instituto Nacional de Salud -\" \/>\n<meta property=\"og:url\" content=\"https:\/\/luchonoticias.com\/editor\/nueva-variante-jn-1-de-covid-19-esta-en-colombia-confirma-instituto-nacional-de-salud\/\" \/>\n<meta property=\"article:publisher\" content=\"https:\/\/www.facebook.com\/luchonoticiasneiva\" \/>\n<meta property=\"article:published_time\" content=\"2024-01-10T20:19:35+00:00\" \/>\n<meta property=\"article:modified_time\" content=\"2024-01-10T20:19:36+00:00\" \/>\n<meta name=\"author\" content=\"Editor General\" \/>\n<meta name=\"twitter:card\" content=\"summary_large_image\" \/>\n<meta name=\"twitter:label1\" content=\"Escrito por\" \/>\n\t<meta name=\"twitter:data1\" content=\"Editor General\" \/>\n\t<meta name=\"twitter:label2\" content=\"Tiempo de lectura\" \/>\n\t<meta name=\"twitter:data2\" content=\"1 minuto\" \/>\n<script type=\"application\/ld+json\" class=\"yoast-schema-graph\">{\"@context\":\"https:\/\/schema.org\",\"@graph\":[{\"@type\":\"Article\",\"@id\":\"https:\/\/luchonoticias.com\/editor\/nueva-variante-jn-1-de-covid-19-esta-en-colombia-confirma-instituto-nacional-de-salud\/#article\",\"isPartOf\":{\"@id\":\"https:\/\/luchonoticias.com\/editor\/nueva-variante-jn-1-de-covid-19-esta-en-colombia-confirma-instituto-nacional-de-salud\/\"},\"author\":{\"name\":\"Editor General\",\"@id\":\"https:\/\/luchonoticias.com\/editor\/#\/schema\/person\/29217990ddf6f14e35912b2866d591fb\"},\"headline\":\"Nueva variante JN.1 de covid-19 est\u00e1 en Colombia, confirma Instituto Nacional de Salud\",\"datePublished\":\"2024-01-10T20:19:35+00:00\",\"dateModified\":\"2024-01-10T20:19:36+00:00\",\"mainEntityOfPage\":{\"@id\":\"https:\/\/luchonoticias.com\/editor\/nueva-variante-jn-1-de-covid-19-esta-en-colombia-confirma-instituto-nacional-de-salud\/\"},\"wordCount\":225,\"commentCount\":0,\"publisher\":{\"@id\":\"https:\/\/luchonoticias.com\/editor\/#\/schema\/person\/7a7fd911f58561fd056dbac7b55af9cd\"},\"articleSection\":[\"Actualidad\",\"Destacado\"],\"inLanguage\":\"es\",\"potentialAction\":[{\"@type\":\"CommentAction\",\"name\":\"Comment\",\"target\":[\"https:\/\/luchonoticias.com\/editor\/nueva-variante-jn-1-de-covid-19-esta-en-colombia-confirma-instituto-nacional-de-salud\/#respond\"]}]},{\"@type\":\"WebPage\",\"@id\":\"https:\/\/luchonoticias.com\/editor\/nueva-variante-jn-1-de-covid-19-esta-en-colombia-confirma-instituto-nacional-de-salud\/\",\"url\":\"https:\/\/luchonoticias.com\/editor\/nueva-variante-jn-1-de-covid-19-esta-en-colombia-confirma-instituto-nacional-de-salud\/\",\"name\":\"Nueva variante JN.1 de covid-19 est\u00e1 en Colombia, confirma Instituto Nacional de Salud -\",\"isPartOf\":{\"@id\":\"https:\/\/luchonoticias.com\/editor\/#website\"},\"datePublished\":\"2024-01-10T20:19:35+00:00\",\"dateModified\":\"2024-01-10T20:19:36+00:00\",\"breadcrumb\":{\"@id\":\"https:\/\/luchonoticias.com\/editor\/nueva-variante-jn-1-de-covid-19-esta-en-colombia-confirma-instituto-nacional-de-salud\/#breadcrumb\"},\"inLanguage\":\"es\",\"potentialAction\":[{\"@type\":\"ReadAction\",\"target\":[\"https:\/\/luchonoticias.com\/editor\/nueva-variante-jn-1-de-covid-19-esta-en-colombia-confirma-instituto-nacional-de-salud\/\"]}]},{\"@type\":\"BreadcrumbList\",\"@id\":\"https:\/\/luchonoticias.com\/editor\/nueva-variante-jn-1-de-covid-19-esta-en-colombia-confirma-instituto-nacional-de-salud\/#breadcrumb\",\"itemListElement\":[{\"@type\":\"ListItem\",\"position\":1,\"name\":\"Portada\",\"item\":\"https:\/\/luchonoticias.com\/editor\/\"},{\"@type\":\"ListItem\",\"position\":2,\"name\":\"Nueva variante JN.1 de covid-19 est\u00e1 en Colombia, confirma Instituto Nacional de Salud\"}]},{\"@type\":\"WebSite\",\"@id\":\"https:\/\/luchonoticias.com\/editor\/#website\",\"url\":\"https:\/\/luchonoticias.com\/editor\/\",\"name\":\"\",\"description\":\"\",\"publisher\":{\"@id\":\"https:\/\/luchonoticias.com\/editor\/#\/schema\/person\/7a7fd911f58561fd056dbac7b55af9cd\"},\"potentialAction\":[{\"@type\":\"SearchAction\",\"target\":{\"@type\":\"EntryPoint\",\"urlTemplate\":\"https:\/\/luchonoticias.com\/editor\/?s={search_term_string}\"},\"query-input\":{\"@type\":\"PropertyValueSpecification\",\"valueRequired\":true,\"valueName\":\"search_term_string\"}}],\"inLanguage\":\"es\"},{\"@type\":[\"Person\",\"Organization\"],\"@id\":\"https:\/\/luchonoticias.com\/editor\/#\/schema\/person\/7a7fd911f58561fd056dbac7b55af9cd\",\"name\":\"admin\",\"image\":{\"@type\":\"ImageObject\",\"inLanguage\":\"es\",\"@id\":\"https:\/\/luchonoticias.com\/editor\/#\/schema\/person\/image\/\",\"url\":\"https:\/\/luchonoticias.com\/editor\/wp-content\/uploads\/2024\/02\/cropped-cropped-logolu.webp\",\"contentUrl\":\"https:\/\/luchonoticias.com\/editor\/wp-content\/uploads\/2024\/02\/cropped-cropped-logolu.webp\",\"width\":382,\"height\":170,\"caption\":\"admin\"},\"logo\":{\"@id\":\"https:\/\/luchonoticias.com\/editor\/#\/schema\/person\/image\/\"},\"sameAs\":[\"https:\/\/www.facebook.com\/luchonoticiasneiva\"]},{\"@type\":\"Person\",\"@id\":\"https:\/\/luchonoticias.com\/editor\/#\/schema\/person\/29217990ddf6f14e35912b2866d591fb\",\"name\":\"Editor General\",\"image\":{\"@type\":\"ImageObject\",\"inLanguage\":\"es\",\"@id\":\"https:\/\/luchonoticias.com\/editor\/#\/schema\/person\/image\/\",\"url\":\"https:\/\/luchonoticias.com\/editor\/wp-content\/uploads\/2024\/02\/cropped-cropped-logolu-150x150.webp\",\"contentUrl\":\"https:\/\/luchonoticias.com\/editor\/wp-content\/uploads\/2024\/02\/cropped-cropped-logolu-150x150.webp\",\"caption\":\"Editor General\"},\"sameAs\":[\"https:\/\/luchonoticias.com\/\"],\"url\":\"https:\/\/luchonoticias.com\/editor\/author\/editor-general\/\"}]}<\/script>\n<!-- \/ Yoast SEO plugin. -->","yoast_head_json":{"title":"Nueva variante JN.1 de covid-19 est\u00e1 en Colombia, confirma Instituto Nacional de Salud -","robots":{"index":"index","follow":"follow","max-snippet":"max-snippet:-1","max-image-preview":"max-image-preview:large","max-video-preview":"max-video-preview:-1"},"canonical":"https:\/\/luchonoticias.com\/editor\/nueva-variante-jn-1-de-covid-19-esta-en-colombia-confirma-instituto-nacional-de-salud\/","og_locale":"es_ES","og_type":"article","og_title":"Nueva variante JN.1 de covid-19 est\u00e1 en Colombia, confirma Instituto Nacional de Salud -","og_url":"https:\/\/luchonoticias.com\/editor\/nueva-variante-jn-1-de-covid-19-esta-en-colombia-confirma-instituto-nacional-de-salud\/","article_publisher":"https:\/\/www.facebook.com\/luchonoticiasneiva","article_published_time":"2024-01-10T20:19:35+00:00","article_modified_time":"2024-01-10T20:19:36+00:00","author":"Editor General","twitter_card":"summary_large_image","twitter_misc":{"Escrito por":"Editor General","Tiempo de lectura":"1 minuto"},"schema":{"@context":"https:\/\/schema.org","@graph":[{"@type":"Article","@id":"https:\/\/luchonoticias.com\/editor\/nueva-variante-jn-1-de-covid-19-esta-en-colombia-confirma-instituto-nacional-de-salud\/#article","isPartOf":{"@id":"https:\/\/luchonoticias.com\/editor\/nueva-variante-jn-1-de-covid-19-esta-en-colombia-confirma-instituto-nacional-de-salud\/"},"author":{"name":"Editor General","@id":"https:\/\/luchonoticias.com\/editor\/#\/schema\/person\/29217990ddf6f14e35912b2866d591fb"},"headline":"Nueva variante JN.1 de covid-19 est\u00e1 en Colombia, confirma Instituto Nacional de Salud","datePublished":"2024-01-10T20:19:35+00:00","dateModified":"2024-01-10T20:19:36+00:00","mainEntityOfPage":{"@id":"https:\/\/luchonoticias.com\/editor\/nueva-variante-jn-1-de-covid-19-esta-en-colombia-confirma-instituto-nacional-de-salud\/"},"wordCount":225,"commentCount":0,"publisher":{"@id":"https:\/\/luchonoticias.com\/editor\/#\/schema\/person\/7a7fd911f58561fd056dbac7b55af9cd"},"articleSection":["Actualidad","Destacado"],"inLanguage":"es","potentialAction":[{"@type":"CommentAction","name":"Comment","target":["https:\/\/luchonoticias.com\/editor\/nueva-variante-jn-1-de-covid-19-esta-en-colombia-confirma-instituto-nacional-de-salud\/#respond"]}]},{"@type":"WebPage","@id":"https:\/\/luchonoticias.com\/editor\/nueva-variante-jn-1-de-covid-19-esta-en-colombia-confirma-instituto-nacional-de-salud\/","url":"https:\/\/luchonoticias.com\/editor\/nueva-variante-jn-1-de-covid-19-esta-en-colombia-confirma-instituto-nacional-de-salud\/","name":"Nueva variante JN.1 de covid-19 est\u00e1 en Colombia, confirma Instituto Nacional de Salud -","isPartOf":{"@id":"https:\/\/luchonoticias.com\/editor\/#website"},"datePublished":"2024-01-10T20:19:35+00:00","dateModified":"2024-01-10T20:19:36+00:00","breadcrumb":{"@id":"https:\/\/luchonoticias.com\/editor\/nueva-variante-jn-1-de-covid-19-esta-en-colombia-confirma-instituto-nacional-de-salud\/#breadcrumb"},"inLanguage":"es","potentialAction":[{"@type":"ReadAction","target":["https:\/\/luchonoticias.com\/editor\/nueva-variante-jn-1-de-covid-19-esta-en-colombia-confirma-instituto-nacional-de-salud\/"]}]},{"@type":"BreadcrumbList","@id":"https:\/\/luchonoticias.com\/editor\/nueva-variante-jn-1-de-covid-19-esta-en-colombia-confirma-instituto-nacional-de-salud\/#breadcrumb","itemListElement":[{"@type":"ListItem","position":1,"name":"Portada","item":"https:\/\/luchonoticias.com\/editor\/"},{"@type":"ListItem","position":2,"name":"Nueva variante JN.1 de covid-19 est\u00e1 en Colombia, confirma Instituto Nacional de Salud"}]},{"@type":"WebSite","@id":"https:\/\/luchonoticias.com\/editor\/#website","url":"https:\/\/luchonoticias.com\/editor\/","name":"","description":"","publisher":{"@id":"https:\/\/luchonoticias.com\/editor\/#\/schema\/person\/7a7fd911f58561fd056dbac7b55af9cd"},"potentialAction":[{"@type":"SearchAction","target":{"@type":"EntryPoint","urlTemplate":"https:\/\/luchonoticias.com\/editor\/?s={search_term_string}"},"query-input":{"@type":"PropertyValueSpecification","valueRequired":true,"valueName":"search_term_string"}}],"inLanguage":"es"},{"@type":["Person","Organization"],"@id":"https:\/\/luchonoticias.com\/editor\/#\/schema\/person\/7a7fd911f58561fd056dbac7b55af9cd","name":"admin","image":{"@type":"ImageObject","inLanguage":"es","@id":"https:\/\/luchonoticias.com\/editor\/#\/schema\/person\/image\/","url":"https:\/\/luchonoticias.com\/editor\/wp-content\/uploads\/2024\/02\/cropped-cropped-logolu.webp","contentUrl":"https:\/\/luchonoticias.com\/editor\/wp-content\/uploads\/2024\/02\/cropped-cropped-logolu.webp","width":382,"height":170,"caption":"admin"},"logo":{"@id":"https:\/\/luchonoticias.com\/editor\/#\/schema\/person\/image\/"},"sameAs":["https:\/\/www.facebook.com\/luchonoticiasneiva"]},{"@type":"Person","@id":"https:\/\/luchonoticias.com\/editor\/#\/schema\/person\/29217990ddf6f14e35912b2866d591fb","name":"Editor General","image":{"@type":"ImageObject","inLanguage":"es","@id":"https:\/\/luchonoticias.com\/editor\/#\/schema\/person\/image\/","url":"https:\/\/luchonoticias.com\/editor\/wp-content\/uploads\/2024\/02\/cropped-cropped-logolu-150x150.webp","contentUrl":"https:\/\/luchonoticias.com\/editor\/wp-content\/uploads\/2024\/02\/cropped-cropped-logolu-150x150.webp","caption":"Editor General"},"sameAs":["https:\/\/luchonoticias.com\/"],"url":"https:\/\/luchonoticias.com\/editor\/author\/editor-general\/"}]}},"_links":{"self":[{"href":"https:\/\/luchonoticias.com\/editor\/wp-json\/wp\/v2\/posts\/66714","targetHints":{"allow":["GET"]}}],"collection":[{"href":"https:\/\/luchonoticias.com\/editor\/wp-json\/wp\/v2\/posts"}],"about":[{"href":"https:\/\/luchonoticias.com\/editor\/wp-json\/wp\/v2\/types\/post"}],"author":[{"embeddable":true,"href":"https:\/\/luchonoticias.com\/editor\/wp-json\/wp\/v2\/users\/2"}],"replies":[{"embeddable":true,"href":"https:\/\/luchonoticias.com\/editor\/wp-json\/wp\/v2\/comments?post=66714"}],"version-history":[{"count":0,"href":"https:\/\/luchonoticias.com\/editor\/wp-json\/wp\/v2\/posts\/66714\/revisions"}],"wp:attachment":[{"href":"https:\/\/luchonoticias.com\/editor\/wp-json\/wp\/v2\/media?parent=66714"}],"wp:term":[{"taxonomy":"category","embeddable":true,"href":"https:\/\/luchonoticias.com\/editor\/wp-json\/wp\/v2\/categories?post=66714"},{"taxonomy":"post_tag","embeddable":true,"href":"https:\/\/luchonoticias.com\/editor\/wp-json\/wp\/v2\/tags?post=66714"}],"curies":[{"name":"wp","href":"https:\/\/api.w.org\/{rel}","templated":true}]}}