{"id":66726,"date":"2024-01-10T15:50:39","date_gmt":"2024-01-10T20:50:39","guid":{"rendered":"https:\/\/luchonoticias.com\/?p=66726"},"modified":"2024-01-10T15:50:40","modified_gmt":"2024-01-10T20:50:40","slug":"listo-protocolo-para-que-autoridades-locales-regulen-consumo-de-sustancias-psicoactivas-en-espacio-publico","status":"publish","type":"post","link":"https:\/\/luchonoticias.com\/editor\/listo-protocolo-para-que-autoridades-locales-regulen-consumo-de-sustancias-psicoactivas-en-espacio-publico\/","title":{"rendered":"Listo protocolo para que autoridades locales regulen consumo de sustancias psicoactivas en espacio p\u00fablico"},"content":{"rendered":"\n<p>Un protocolo dirigido a los alcaldes, gobernadores y a la Polic\u00eda Nacional expidi\u00f3 el Ministerio de Justicia con pautas para regular el consumo de sustancias psicoactivas en parques y zonas del espacio p\u00fablico, conforme a lo dispuesto por la Corte Constitucional en su sentencia C-127 de 2023.<\/p>\n\n\n\n<p>La facultad est\u00e1 contemplada en el C\u00f3digo Nacional de Seguridad y Convivencia Ciudadana y les permite a las autoridades territoriales y de Polic\u00eda regular la prohibici\u00f3n del consumo de sustancias psicoactivas dentro de la autonom\u00eda y sus competencias legales, teniendo como base la protecci\u00f3n y prevalencia de derechos de los ni\u00f1os, ni\u00f1as y adolescentes.<\/p>\n\n\n\n<p>\u201cSe trata de una gu\u00eda que no es vinculante para que las administraciones locales, a lo largo del pa\u00eds, tengan en cuenta circunstancias de modo, tiempo y lugar, para que pueden restringir ese consumo en algunos espacios de especial valor cultural e hist\u00f3rico para la comunidad, como parques, escenarios educativos, de recreaci\u00f3n, de reuni\u00f3n de familias, entre otros&#8217;, se\u00f1al\u00f3 el ministro de Justicia, N\u00e9stor Iv\u00e1n Osuna Pati\u00f1o.<\/p>\n\n\n\n<p>El protocolo, adem\u00e1s de cumplir con lo ordenado por la Corte Constitucional, atiende las recomendaciones planteadas por el Consejo de Derechos Humanos de la Organizaci\u00f3n de las Naciones Unidas (ONU) en su 54\u00b0 periodo de sesiones y expuestas en el documento &#8216;Desaf\u00edos en materia de derechos humanos a la hora de abordar y contrarrestar todos los aspectos del problema mundial de las drogas&#8217;.<\/p>\n\n\n\n<p>La hoja de ruta establece que, de acuerdo con lo ordenado por la m\u00e1xima instancia constitucional, se debe diferenciar entre las actividades de porte de dosis para uso personal y consumo en contraste con el delito de tr\u00e1fico, fabricaci\u00f3n o porte de estupefacientes, teniendo en cuenta el principio de no discriminaci\u00f3n frente a las personas que consumen sustancias psicoactivas.<\/p>\n\n\n\n<p>Hace \u00e9nfasis en que el consumo de sustancias psicoactivas debe abordarse con enfoques de salud p\u00fablica, derechos humanos y de respeto a la diferencia. El prop\u00f3sito debe ser activar la ruta integral de atenci\u00f3n para poblaci\u00f3n con riesgo o presencia de trastornos mentales y del comportamiento debido a uso de sustancias psicoactivas y adicciones.<\/p>\n\n\n\n<p>La gu\u00eda presentada por el Ministerio de Justicia indica que en el ejercicio de la actividad policial y en la aplicaci\u00f3n de la normatividad tienen que tenerse en cuenta el momento del d\u00eda, el modo o las circunstancias, siempre buscando la aplicaci\u00f3n de medidas preventivas o pedag\u00f3gicas.<\/p>\n\n\n\n<p>Los entes territoriales y las autoridades de Polic\u00eda deben adoptar alternativas a la penalizaci\u00f3n, la &#8216;tolerancia cero&#8217; y la supresi\u00f3n de las drogas y tomar el control de los mercados ilegales de drogas adoptando una normativa responsable, con el prop\u00f3sito de eliminar los beneficios derivados del tr\u00e1fico il\u00edcito, la delincuencia y la violencia, recalca el documento.<\/p>\n","protected":false},"excerpt":{"rendered":"<p>Un protocolo dirigido a los alcaldes, gobernadores y a la Polic\u00eda Nacional expidi\u00f3 el Ministerio de Justicia con pautas para regular el consumo de sustancias psicoactivas en parques y zonas del espacio p\u00fablico, conforme a lo dispuesto por la Corte Constitucional en su sentencia C-127 de 2023. La facultad est\u00e1 contemplada en el C\u00f3digo Nacional [&hellip;]<\/p>\n","protected":false},"author":2,"featured_media":0,"comment_status":"open","ping_status":"open","sticky":false,"template":"","format":"standard","meta":{"footnotes":""},"categories":[36,32],"tags":[],"class_list":["post-66726","post","type-post","status-publish","format-standard","hentry","category-destacado","category-nacional"],"yoast_head":"<!-- This site is optimized with the Yoast SEO plugin v26.6 - https:\/\/yoast.com\/wordpress\/plugins\/seo\/ -->\n<title>Listo protocolo para que autoridades locales regulen consumo de sustancias psicoactivas en espacio p\u00fablico -<\/title>\n<meta name=\"robots\" content=\"index, follow, max-snippet:-1, max-image-preview:large, max-video-preview:-1\" \/>\n<link rel=\"canonical\" href=\"https:\/\/luchonoticias.com\/editor\/listo-protocolo-para-que-autoridades-locales-regulen-consumo-de-sustancias-psicoactivas-en-espacio-publico\/\" \/>\n<meta property=\"og:locale\" content=\"es_ES\" \/>\n<meta property=\"og:type\" content=\"article\" \/>\n<meta property=\"og:title\" content=\"Listo protocolo para que autoridades locales regulen consumo de sustancias psicoactivas en espacio p\u00fablico -\" \/>\n<meta property=\"og:url\" content=\"https:\/\/luchonoticias.com\/editor\/listo-protocolo-para-que-autoridades-locales-regulen-consumo-de-sustancias-psicoactivas-en-espacio-publico\/\" \/>\n<meta property=\"article:publisher\" content=\"https:\/\/www.facebook.com\/luchonoticiasneiva\" \/>\n<meta property=\"article:published_time\" content=\"2024-01-10T20:50:39+00:00\" \/>\n<meta property=\"article:modified_time\" content=\"2024-01-10T20:50:40+00:00\" \/>\n<meta name=\"author\" content=\"Editor General\" \/>\n<meta name=\"twitter:card\" content=\"summary_large_image\" \/>\n<meta name=\"twitter:label1\" content=\"Escrito por\" \/>\n\t<meta name=\"twitter:data1\" content=\"Editor General\" \/>\n\t<meta name=\"twitter:label2\" content=\"Tiempo de lectura\" \/>\n\t<meta name=\"twitter:data2\" content=\"2 minutos\" \/>\n<script type=\"application\/ld+json\" class=\"yoast-schema-graph\">{\"@context\":\"https:\/\/schema.org\",\"@graph\":[{\"@type\":\"Article\",\"@id\":\"https:\/\/luchonoticias.com\/editor\/listo-protocolo-para-que-autoridades-locales-regulen-consumo-de-sustancias-psicoactivas-en-espacio-publico\/#article\",\"isPartOf\":{\"@id\":\"https:\/\/luchonoticias.com\/editor\/listo-protocolo-para-que-autoridades-locales-regulen-consumo-de-sustancias-psicoactivas-en-espacio-publico\/\"},\"author\":{\"name\":\"Editor General\",\"@id\":\"https:\/\/luchonoticias.com\/editor\/#\/schema\/person\/29217990ddf6f14e35912b2866d591fb\"},\"headline\":\"Listo protocolo para que autoridades locales regulen consumo de sustancias psicoactivas en espacio p\u00fablico\",\"datePublished\":\"2024-01-10T20:50:39+00:00\",\"dateModified\":\"2024-01-10T20:50:40+00:00\",\"mainEntityOfPage\":{\"@id\":\"https:\/\/luchonoticias.com\/editor\/listo-protocolo-para-que-autoridades-locales-regulen-consumo-de-sustancias-psicoactivas-en-espacio-publico\/\"},\"wordCount\":500,\"commentCount\":0,\"publisher\":{\"@id\":\"https:\/\/luchonoticias.com\/editor\/#\/schema\/person\/7a7fd911f58561fd056dbac7b55af9cd\"},\"articleSection\":[\"Destacado\",\"Nacional\"],\"inLanguage\":\"es\",\"potentialAction\":[{\"@type\":\"CommentAction\",\"name\":\"Comment\",\"target\":[\"https:\/\/luchonoticias.com\/editor\/listo-protocolo-para-que-autoridades-locales-regulen-consumo-de-sustancias-psicoactivas-en-espacio-publico\/#respond\"]}]},{\"@type\":\"WebPage\",\"@id\":\"https:\/\/luchonoticias.com\/editor\/listo-protocolo-para-que-autoridades-locales-regulen-consumo-de-sustancias-psicoactivas-en-espacio-publico\/\",\"url\":\"https:\/\/luchonoticias.com\/editor\/listo-protocolo-para-que-autoridades-locales-regulen-consumo-de-sustancias-psicoactivas-en-espacio-publico\/\",\"name\":\"Listo protocolo para que autoridades locales regulen consumo de sustancias psicoactivas en espacio p\u00fablico -\",\"isPartOf\":{\"@id\":\"https:\/\/luchonoticias.com\/editor\/#website\"},\"datePublished\":\"2024-01-10T20:50:39+00:00\",\"dateModified\":\"2024-01-10T20:50:40+00:00\",\"breadcrumb\":{\"@id\":\"https:\/\/luchonoticias.com\/editor\/listo-protocolo-para-que-autoridades-locales-regulen-consumo-de-sustancias-psicoactivas-en-espacio-publico\/#breadcrumb\"},\"inLanguage\":\"es\",\"potentialAction\":[{\"@type\":\"ReadAction\",\"target\":[\"https:\/\/luchonoticias.com\/editor\/listo-protocolo-para-que-autoridades-locales-regulen-consumo-de-sustancias-psicoactivas-en-espacio-publico\/\"]}]},{\"@type\":\"BreadcrumbList\",\"@id\":\"https:\/\/luchonoticias.com\/editor\/listo-protocolo-para-que-autoridades-locales-regulen-consumo-de-sustancias-psicoactivas-en-espacio-publico\/#breadcrumb\",\"itemListElement\":[{\"@type\":\"ListItem\",\"position\":1,\"name\":\"Portada\",\"item\":\"https:\/\/luchonoticias.com\/editor\/\"},{\"@type\":\"ListItem\",\"position\":2,\"name\":\"Listo protocolo para que autoridades locales regulen consumo de sustancias psicoactivas en espacio p\u00fablico\"}]},{\"@type\":\"WebSite\",\"@id\":\"https:\/\/luchonoticias.com\/editor\/#website\",\"url\":\"https:\/\/luchonoticias.com\/editor\/\",\"name\":\"\",\"description\":\"\",\"publisher\":{\"@id\":\"https:\/\/luchonoticias.com\/editor\/#\/schema\/person\/7a7fd911f58561fd056dbac7b55af9cd\"},\"potentialAction\":[{\"@type\":\"SearchAction\",\"target\":{\"@type\":\"EntryPoint\",\"urlTemplate\":\"https:\/\/luchonoticias.com\/editor\/?s={search_term_string}\"},\"query-input\":{\"@type\":\"PropertyValueSpecification\",\"valueRequired\":true,\"valueName\":\"search_term_string\"}}],\"inLanguage\":\"es\"},{\"@type\":[\"Person\",\"Organization\"],\"@id\":\"https:\/\/luchonoticias.com\/editor\/#\/schema\/person\/7a7fd911f58561fd056dbac7b55af9cd\",\"name\":\"admin\",\"image\":{\"@type\":\"ImageObject\",\"inLanguage\":\"es\",\"@id\":\"https:\/\/luchonoticias.com\/editor\/#\/schema\/person\/image\/\",\"url\":\"https:\/\/luchonoticias.com\/editor\/wp-content\/uploads\/2024\/02\/cropped-cropped-logolu.webp\",\"contentUrl\":\"https:\/\/luchonoticias.com\/editor\/wp-content\/uploads\/2024\/02\/cropped-cropped-logolu.webp\",\"width\":382,\"height\":170,\"caption\":\"admin\"},\"logo\":{\"@id\":\"https:\/\/luchonoticias.com\/editor\/#\/schema\/person\/image\/\"},\"sameAs\":[\"https:\/\/www.facebook.com\/luchonoticiasneiva\"]},{\"@type\":\"Person\",\"@id\":\"https:\/\/luchonoticias.com\/editor\/#\/schema\/person\/29217990ddf6f14e35912b2866d591fb\",\"name\":\"Editor General\",\"image\":{\"@type\":\"ImageObject\",\"inLanguage\":\"es\",\"@id\":\"https:\/\/luchonoticias.com\/editor\/#\/schema\/person\/image\/\",\"url\":\"https:\/\/luchonoticias.com\/editor\/wp-content\/uploads\/2024\/02\/cropped-cropped-logolu-150x150.webp\",\"contentUrl\":\"https:\/\/luchonoticias.com\/editor\/wp-content\/uploads\/2024\/02\/cropped-cropped-logolu-150x150.webp\",\"caption\":\"Editor General\"},\"sameAs\":[\"https:\/\/luchonoticias.com\/\"],\"url\":\"https:\/\/luchonoticias.com\/editor\/author\/editor-general\/\"}]}<\/script>\n<!-- \/ Yoast SEO plugin. -->","yoast_head_json":{"title":"Listo protocolo para que autoridades locales regulen consumo de sustancias psicoactivas en espacio p\u00fablico -","robots":{"index":"index","follow":"follow","max-snippet":"max-snippet:-1","max-image-preview":"max-image-preview:large","max-video-preview":"max-video-preview:-1"},"canonical":"https:\/\/luchonoticias.com\/editor\/listo-protocolo-para-que-autoridades-locales-regulen-consumo-de-sustancias-psicoactivas-en-espacio-publico\/","og_locale":"es_ES","og_type":"article","og_title":"Listo protocolo para que autoridades locales regulen consumo de sustancias psicoactivas en espacio p\u00fablico -","og_url":"https:\/\/luchonoticias.com\/editor\/listo-protocolo-para-que-autoridades-locales-regulen-consumo-de-sustancias-psicoactivas-en-espacio-publico\/","article_publisher":"https:\/\/www.facebook.com\/luchonoticiasneiva","article_published_time":"2024-01-10T20:50:39+00:00","article_modified_time":"2024-01-10T20:50:40+00:00","author":"Editor General","twitter_card":"summary_large_image","twitter_misc":{"Escrito por":"Editor General","Tiempo de lectura":"2 minutos"},"schema":{"@context":"https:\/\/schema.org","@graph":[{"@type":"Article","@id":"https:\/\/luchonoticias.com\/editor\/listo-protocolo-para-que-autoridades-locales-regulen-consumo-de-sustancias-psicoactivas-en-espacio-publico\/#article","isPartOf":{"@id":"https:\/\/luchonoticias.com\/editor\/listo-protocolo-para-que-autoridades-locales-regulen-consumo-de-sustancias-psicoactivas-en-espacio-publico\/"},"author":{"name":"Editor General","@id":"https:\/\/luchonoticias.com\/editor\/#\/schema\/person\/29217990ddf6f14e35912b2866d591fb"},"headline":"Listo protocolo para que autoridades locales regulen consumo de sustancias psicoactivas en espacio p\u00fablico","datePublished":"2024-01-10T20:50:39+00:00","dateModified":"2024-01-10T20:50:40+00:00","mainEntityOfPage":{"@id":"https:\/\/luchonoticias.com\/editor\/listo-protocolo-para-que-autoridades-locales-regulen-consumo-de-sustancias-psicoactivas-en-espacio-publico\/"},"wordCount":500,"commentCount":0,"publisher":{"@id":"https:\/\/luchonoticias.com\/editor\/#\/schema\/person\/7a7fd911f58561fd056dbac7b55af9cd"},"articleSection":["Destacado","Nacional"],"inLanguage":"es","potentialAction":[{"@type":"CommentAction","name":"Comment","target":["https:\/\/luchonoticias.com\/editor\/listo-protocolo-para-que-autoridades-locales-regulen-consumo-de-sustancias-psicoactivas-en-espacio-publico\/#respond"]}]},{"@type":"WebPage","@id":"https:\/\/luchonoticias.com\/editor\/listo-protocolo-para-que-autoridades-locales-regulen-consumo-de-sustancias-psicoactivas-en-espacio-publico\/","url":"https:\/\/luchonoticias.com\/editor\/listo-protocolo-para-que-autoridades-locales-regulen-consumo-de-sustancias-psicoactivas-en-espacio-publico\/","name":"Listo protocolo para que autoridades locales regulen consumo de sustancias psicoactivas en espacio p\u00fablico -","isPartOf":{"@id":"https:\/\/luchonoticias.com\/editor\/#website"},"datePublished":"2024-01-10T20:50:39+00:00","dateModified":"2024-01-10T20:50:40+00:00","breadcrumb":{"@id":"https:\/\/luchonoticias.com\/editor\/listo-protocolo-para-que-autoridades-locales-regulen-consumo-de-sustancias-psicoactivas-en-espacio-publico\/#breadcrumb"},"inLanguage":"es","potentialAction":[{"@type":"ReadAction","target":["https:\/\/luchonoticias.com\/editor\/listo-protocolo-para-que-autoridades-locales-regulen-consumo-de-sustancias-psicoactivas-en-espacio-publico\/"]}]},{"@type":"BreadcrumbList","@id":"https:\/\/luchonoticias.com\/editor\/listo-protocolo-para-que-autoridades-locales-regulen-consumo-de-sustancias-psicoactivas-en-espacio-publico\/#breadcrumb","itemListElement":[{"@type":"ListItem","position":1,"name":"Portada","item":"https:\/\/luchonoticias.com\/editor\/"},{"@type":"ListItem","position":2,"name":"Listo protocolo para que autoridades locales regulen consumo de sustancias psicoactivas en espacio p\u00fablico"}]},{"@type":"WebSite","@id":"https:\/\/luchonoticias.com\/editor\/#website","url":"https:\/\/luchonoticias.com\/editor\/","name":"","description":"","publisher":{"@id":"https:\/\/luchonoticias.com\/editor\/#\/schema\/person\/7a7fd911f58561fd056dbac7b55af9cd"},"potentialAction":[{"@type":"SearchAction","target":{"@type":"EntryPoint","urlTemplate":"https:\/\/luchonoticias.com\/editor\/?s={search_term_string}"},"query-input":{"@type":"PropertyValueSpecification","valueRequired":true,"valueName":"search_term_string"}}],"inLanguage":"es"},{"@type":["Person","Organization"],"@id":"https:\/\/luchonoticias.com\/editor\/#\/schema\/person\/7a7fd911f58561fd056dbac7b55af9cd","name":"admin","image":{"@type":"ImageObject","inLanguage":"es","@id":"https:\/\/luchonoticias.com\/editor\/#\/schema\/person\/image\/","url":"https:\/\/luchonoticias.com\/editor\/wp-content\/uploads\/2024\/02\/cropped-cropped-logolu.webp","contentUrl":"https:\/\/luchonoticias.com\/editor\/wp-content\/uploads\/2024\/02\/cropped-cropped-logolu.webp","width":382,"height":170,"caption":"admin"},"logo":{"@id":"https:\/\/luchonoticias.com\/editor\/#\/schema\/person\/image\/"},"sameAs":["https:\/\/www.facebook.com\/luchonoticiasneiva"]},{"@type":"Person","@id":"https:\/\/luchonoticias.com\/editor\/#\/schema\/person\/29217990ddf6f14e35912b2866d591fb","name":"Editor General","image":{"@type":"ImageObject","inLanguage":"es","@id":"https:\/\/luchonoticias.com\/editor\/#\/schema\/person\/image\/","url":"https:\/\/luchonoticias.com\/editor\/wp-content\/uploads\/2024\/02\/cropped-cropped-logolu-150x150.webp","contentUrl":"https:\/\/luchonoticias.com\/editor\/wp-content\/uploads\/2024\/02\/cropped-cropped-logolu-150x150.webp","caption":"Editor General"},"sameAs":["https:\/\/luchonoticias.com\/"],"url":"https:\/\/luchonoticias.com\/editor\/author\/editor-general\/"}]}},"_links":{"self":[{"href":"https:\/\/luchonoticias.com\/editor\/wp-json\/wp\/v2\/posts\/66726","targetHints":{"allow":["GET"]}}],"collection":[{"href":"https:\/\/luchonoticias.com\/editor\/wp-json\/wp\/v2\/posts"}],"about":[{"href":"https:\/\/luchonoticias.com\/editor\/wp-json\/wp\/v2\/types\/post"}],"author":[{"embeddable":true,"href":"https:\/\/luchonoticias.com\/editor\/wp-json\/wp\/v2\/users\/2"}],"replies":[{"embeddable":true,"href":"https:\/\/luchonoticias.com\/editor\/wp-json\/wp\/v2\/comments?post=66726"}],"version-history":[{"count":0,"href":"https:\/\/luchonoticias.com\/editor\/wp-json\/wp\/v2\/posts\/66726\/revisions"}],"wp:attachment":[{"href":"https:\/\/luchonoticias.com\/editor\/wp-json\/wp\/v2\/media?parent=66726"}],"wp:term":[{"taxonomy":"category","embeddable":true,"href":"https:\/\/luchonoticias.com\/editor\/wp-json\/wp\/v2\/categories?post=66726"},{"taxonomy":"post_tag","embeddable":true,"href":"https:\/\/luchonoticias.com\/editor\/wp-json\/wp\/v2\/tags?post=66726"}],"curies":[{"name":"wp","href":"https:\/\/api.w.org\/{rel}","templated":true}]}}