{"id":66903,"date":"2024-01-14T16:02:29","date_gmt":"2024-01-14T21:02:29","guid":{"rendered":"https:\/\/luchonoticias.com\/?p=66903"},"modified":"2024-01-14T16:02:31","modified_gmt":"2024-01-14T21:02:31","slug":"brasil-venezuela-cuba-y-peru-expresan-solidaridad-a-colombia-por-la-tragedia-en-el-choco","status":"publish","type":"post","link":"https:\/\/luchonoticias.com\/editor\/brasil-venezuela-cuba-y-peru-expresan-solidaridad-a-colombia-por-la-tragedia-en-el-choco\/","title":{"rendered":"Brasil, Venezuela, Cuba y Per\u00fa expresan solidaridad a Colombia por la tragedia en el Choc\u00f3"},"content":{"rendered":"\n<p>Los gobiernos de Brasil, Cuba, Venezuela y Per\u00fa expresaron este s\u00e1bado su solidaridad y apoyo a Colombia con motivo de la tragedia causada por los derrumbes cerca de la localidad de Carmen de Atrato, en el departamento del Choc\u00f3.<\/p>\n\n\n\n<p>\u201cEl gobierno brasile\u00f1o expresa su solidaridad con las familias de las v\u00edctimas y expresa sus m\u00e1s sinceras condolencias al gobierno y pueblo de Colombia\u201d, se\u00f1al\u00f3 desde Brasilia el Ministerio de Relaciones Exteriores de ese pa\u00eds.<\/p>\n\n\n\n<p>Agreg\u00f3 que recibi\u00f3 \u201ccon profunda consternaci\u00f3n, los deslizamientos de tierra provocados por las fuertes lluvias en una comunidad ind\u00edgena del departamento de Choc\u00f3, en el noroeste de Colombia, que provocaron la muerte de al menos 23 personas, adem\u00e1s de heridos y desaparecidos\u201d.<\/p>\n\n\n\n<p>Tambi\u00e9n se solidariz\u00f3 con las familias de las v\u00edctimas el presidente de la Rep\u00fablica Bolivariana de Venezuela, Nicol\u00e1s Maduro.<\/p>\n\n\n\n<p>\u201cToda nuestra solidaridad con el pueblo colombiano y el presidente Gustavo Petro, ante las terribles consecuencias que han generado los deslizamientos de tierra a causa de las fuertes lluvias. Mis condolencias a los familiares de las personas fallecidas. \u00a1Colombia, estamos con ustedes!\u201d, se\u00f1al\u00f3 Maduro en su cuenta de X.<\/p>\n\n\n\n<p>Cuba, por medio del canciller Bruno Rodr\u00edguez, manifest\u00f3 sus sentimientos de pesar al Gobierno de Colombia y a los familiares de las v\u00edctimas.<\/p>\n\n\n\n<p>\u201cExpresamos nuestras m\u00e1s sentidas condolencias al pueblo y al Gobierno de Colombia por la p\u00e9rdida de vidas humanas y los da\u00f1os materiales a causa del alud de tierra en la regi\u00f3n del Choc\u00f3, al noroeste de ese pa\u00eds. Sean extensivas a familiares y allegados de las v\u00edctimas\u201d, sostuvo en la misma red social.<\/p>\n\n\n\n<p><strong>La Canciller\u00eda peruana tambi\u00e9n se sum\u00f3 a las voces de solidaridad.<\/strong><\/p>\n\n\n\n<p>\u201cEl Per\u00fa lamenta la p\u00e9rdida de vidas humanas en la localidad de Carmen de Atrato, en el departamento colombiano del Choc\u00f3, como consecuencia de los deslizamientos de tierra. Asimismo, expresa sus condolencias a los familiares de las v\u00edctimas y al pueblo de Colombia\u201d, manifest\u00f3 en su cuenta de X.<\/p>\n","protected":false},"excerpt":{"rendered":"<p>Los gobiernos de Brasil, Cuba, Venezuela y Per\u00fa expresaron este s\u00e1bado su solidaridad y apoyo a Colombia con motivo de la tragedia causada por los derrumbes cerca de la localidad de Carmen de Atrato, en el departamento del Choc\u00f3. \u201cEl gobierno brasile\u00f1o expresa su solidaridad con las familias de las v\u00edctimas y expresa sus m\u00e1s [&hellip;]<\/p>\n","protected":false},"author":2,"featured_media":0,"comment_status":"open","ping_status":"open","sticky":false,"template":"","format":"standard","meta":{"footnotes":""},"categories":[28,36],"tags":[],"class_list":["post-66903","post","type-post","status-publish","format-standard","hentry","category-actualidad","category-destacado"],"yoast_head":"<!-- This site is optimized with the Yoast SEO plugin v26.6 - https:\/\/yoast.com\/wordpress\/plugins\/seo\/ -->\n<title>Brasil, Venezuela, Cuba y Per\u00fa expresan solidaridad a Colombia por la tragedia en el Choc\u00f3 -<\/title>\n<meta name=\"robots\" content=\"index, follow, max-snippet:-1, max-image-preview:large, max-video-preview:-1\" \/>\n<link rel=\"canonical\" href=\"https:\/\/luchonoticias.com\/editor\/brasil-venezuela-cuba-y-peru-expresan-solidaridad-a-colombia-por-la-tragedia-en-el-choco\/\" \/>\n<meta property=\"og:locale\" content=\"es_ES\" \/>\n<meta property=\"og:type\" content=\"article\" \/>\n<meta property=\"og:title\" content=\"Brasil, Venezuela, Cuba y Per\u00fa expresan solidaridad a Colombia por la tragedia en el Choc\u00f3 -\" \/>\n<meta property=\"og:url\" content=\"https:\/\/luchonoticias.com\/editor\/brasil-venezuela-cuba-y-peru-expresan-solidaridad-a-colombia-por-la-tragedia-en-el-choco\/\" \/>\n<meta property=\"article:publisher\" content=\"https:\/\/www.facebook.com\/luchonoticiasneiva\" \/>\n<meta property=\"article:published_time\" content=\"2024-01-14T21:02:29+00:00\" \/>\n<meta property=\"article:modified_time\" content=\"2024-01-14T21:02:31+00:00\" \/>\n<meta name=\"author\" content=\"Editor General\" \/>\n<meta name=\"twitter:card\" content=\"summary_large_image\" \/>\n<meta name=\"twitter:label1\" content=\"Escrito por\" \/>\n\t<meta name=\"twitter:data1\" content=\"Editor General\" \/>\n\t<meta name=\"twitter:label2\" content=\"Tiempo de lectura\" \/>\n\t<meta name=\"twitter:data2\" content=\"2 minutos\" \/>\n<script type=\"application\/ld+json\" class=\"yoast-schema-graph\">{\"@context\":\"https:\/\/schema.org\",\"@graph\":[{\"@type\":\"Article\",\"@id\":\"https:\/\/luchonoticias.com\/editor\/brasil-venezuela-cuba-y-peru-expresan-solidaridad-a-colombia-por-la-tragedia-en-el-choco\/#article\",\"isPartOf\":{\"@id\":\"https:\/\/luchonoticias.com\/editor\/brasil-venezuela-cuba-y-peru-expresan-solidaridad-a-colombia-por-la-tragedia-en-el-choco\/\"},\"author\":{\"name\":\"Editor General\",\"@id\":\"https:\/\/luchonoticias.com\/editor\/#\/schema\/person\/29217990ddf6f14e35912b2866d591fb\"},\"headline\":\"Brasil, Venezuela, Cuba y Per\u00fa expresan solidaridad a Colombia por la tragedia en el Choc\u00f3\",\"datePublished\":\"2024-01-14T21:02:29+00:00\",\"dateModified\":\"2024-01-14T21:02:31+00:00\",\"mainEntityOfPage\":{\"@id\":\"https:\/\/luchonoticias.com\/editor\/brasil-venezuela-cuba-y-peru-expresan-solidaridad-a-colombia-por-la-tragedia-en-el-choco\/\"},\"wordCount\":360,\"commentCount\":0,\"publisher\":{\"@id\":\"https:\/\/luchonoticias.com\/editor\/#\/schema\/person\/7a7fd911f58561fd056dbac7b55af9cd\"},\"articleSection\":[\"Actualidad\",\"Destacado\"],\"inLanguage\":\"es\",\"potentialAction\":[{\"@type\":\"CommentAction\",\"name\":\"Comment\",\"target\":[\"https:\/\/luchonoticias.com\/editor\/brasil-venezuela-cuba-y-peru-expresan-solidaridad-a-colombia-por-la-tragedia-en-el-choco\/#respond\"]}]},{\"@type\":\"WebPage\",\"@id\":\"https:\/\/luchonoticias.com\/editor\/brasil-venezuela-cuba-y-peru-expresan-solidaridad-a-colombia-por-la-tragedia-en-el-choco\/\",\"url\":\"https:\/\/luchonoticias.com\/editor\/brasil-venezuela-cuba-y-peru-expresan-solidaridad-a-colombia-por-la-tragedia-en-el-choco\/\",\"name\":\"Brasil, Venezuela, Cuba y Per\u00fa expresan solidaridad a Colombia por la tragedia en el Choc\u00f3 -\",\"isPartOf\":{\"@id\":\"https:\/\/luchonoticias.com\/editor\/#website\"},\"datePublished\":\"2024-01-14T21:02:29+00:00\",\"dateModified\":\"2024-01-14T21:02:31+00:00\",\"breadcrumb\":{\"@id\":\"https:\/\/luchonoticias.com\/editor\/brasil-venezuela-cuba-y-peru-expresan-solidaridad-a-colombia-por-la-tragedia-en-el-choco\/#breadcrumb\"},\"inLanguage\":\"es\",\"potentialAction\":[{\"@type\":\"ReadAction\",\"target\":[\"https:\/\/luchonoticias.com\/editor\/brasil-venezuela-cuba-y-peru-expresan-solidaridad-a-colombia-por-la-tragedia-en-el-choco\/\"]}]},{\"@type\":\"BreadcrumbList\",\"@id\":\"https:\/\/luchonoticias.com\/editor\/brasil-venezuela-cuba-y-peru-expresan-solidaridad-a-colombia-por-la-tragedia-en-el-choco\/#breadcrumb\",\"itemListElement\":[{\"@type\":\"ListItem\",\"position\":1,\"name\":\"Portada\",\"item\":\"https:\/\/luchonoticias.com\/editor\/\"},{\"@type\":\"ListItem\",\"position\":2,\"name\":\"Brasil, Venezuela, Cuba y Per\u00fa expresan solidaridad a Colombia por la tragedia en el Choc\u00f3\"}]},{\"@type\":\"WebSite\",\"@id\":\"https:\/\/luchonoticias.com\/editor\/#website\",\"url\":\"https:\/\/luchonoticias.com\/editor\/\",\"name\":\"\",\"description\":\"\",\"publisher\":{\"@id\":\"https:\/\/luchonoticias.com\/editor\/#\/schema\/person\/7a7fd911f58561fd056dbac7b55af9cd\"},\"potentialAction\":[{\"@type\":\"SearchAction\",\"target\":{\"@type\":\"EntryPoint\",\"urlTemplate\":\"https:\/\/luchonoticias.com\/editor\/?s={search_term_string}\"},\"query-input\":{\"@type\":\"PropertyValueSpecification\",\"valueRequired\":true,\"valueName\":\"search_term_string\"}}],\"inLanguage\":\"es\"},{\"@type\":[\"Person\",\"Organization\"],\"@id\":\"https:\/\/luchonoticias.com\/editor\/#\/schema\/person\/7a7fd911f58561fd056dbac7b55af9cd\",\"name\":\"admin\",\"image\":{\"@type\":\"ImageObject\",\"inLanguage\":\"es\",\"@id\":\"https:\/\/luchonoticias.com\/editor\/#\/schema\/person\/image\/\",\"url\":\"https:\/\/luchonoticias.com\/editor\/wp-content\/uploads\/2024\/02\/cropped-cropped-logolu.webp\",\"contentUrl\":\"https:\/\/luchonoticias.com\/editor\/wp-content\/uploads\/2024\/02\/cropped-cropped-logolu.webp\",\"width\":382,\"height\":170,\"caption\":\"admin\"},\"logo\":{\"@id\":\"https:\/\/luchonoticias.com\/editor\/#\/schema\/person\/image\/\"},\"sameAs\":[\"https:\/\/www.facebook.com\/luchonoticiasneiva\"]},{\"@type\":\"Person\",\"@id\":\"https:\/\/luchonoticias.com\/editor\/#\/schema\/person\/29217990ddf6f14e35912b2866d591fb\",\"name\":\"Editor General\",\"image\":{\"@type\":\"ImageObject\",\"inLanguage\":\"es\",\"@id\":\"https:\/\/luchonoticias.com\/editor\/#\/schema\/person\/image\/\",\"url\":\"https:\/\/luchonoticias.com\/editor\/wp-content\/uploads\/2024\/02\/cropped-cropped-logolu-150x150.webp\",\"contentUrl\":\"https:\/\/luchonoticias.com\/editor\/wp-content\/uploads\/2024\/02\/cropped-cropped-logolu-150x150.webp\",\"caption\":\"Editor General\"},\"sameAs\":[\"https:\/\/luchonoticias.com\/\"],\"url\":\"https:\/\/luchonoticias.com\/editor\/author\/editor-general\/\"}]}<\/script>\n<!-- \/ Yoast SEO plugin. -->","yoast_head_json":{"title":"Brasil, Venezuela, Cuba y Per\u00fa expresan solidaridad a Colombia por la tragedia en el Choc\u00f3 -","robots":{"index":"index","follow":"follow","max-snippet":"max-snippet:-1","max-image-preview":"max-image-preview:large","max-video-preview":"max-video-preview:-1"},"canonical":"https:\/\/luchonoticias.com\/editor\/brasil-venezuela-cuba-y-peru-expresan-solidaridad-a-colombia-por-la-tragedia-en-el-choco\/","og_locale":"es_ES","og_type":"article","og_title":"Brasil, Venezuela, Cuba y Per\u00fa expresan solidaridad a Colombia por la tragedia en el Choc\u00f3 -","og_url":"https:\/\/luchonoticias.com\/editor\/brasil-venezuela-cuba-y-peru-expresan-solidaridad-a-colombia-por-la-tragedia-en-el-choco\/","article_publisher":"https:\/\/www.facebook.com\/luchonoticiasneiva","article_published_time":"2024-01-14T21:02:29+00:00","article_modified_time":"2024-01-14T21:02:31+00:00","author":"Editor General","twitter_card":"summary_large_image","twitter_misc":{"Escrito por":"Editor General","Tiempo de lectura":"2 minutos"},"schema":{"@context":"https:\/\/schema.org","@graph":[{"@type":"Article","@id":"https:\/\/luchonoticias.com\/editor\/brasil-venezuela-cuba-y-peru-expresan-solidaridad-a-colombia-por-la-tragedia-en-el-choco\/#article","isPartOf":{"@id":"https:\/\/luchonoticias.com\/editor\/brasil-venezuela-cuba-y-peru-expresan-solidaridad-a-colombia-por-la-tragedia-en-el-choco\/"},"author":{"name":"Editor General","@id":"https:\/\/luchonoticias.com\/editor\/#\/schema\/person\/29217990ddf6f14e35912b2866d591fb"},"headline":"Brasil, Venezuela, Cuba y Per\u00fa expresan solidaridad a Colombia por la tragedia en el Choc\u00f3","datePublished":"2024-01-14T21:02:29+00:00","dateModified":"2024-01-14T21:02:31+00:00","mainEntityOfPage":{"@id":"https:\/\/luchonoticias.com\/editor\/brasil-venezuela-cuba-y-peru-expresan-solidaridad-a-colombia-por-la-tragedia-en-el-choco\/"},"wordCount":360,"commentCount":0,"publisher":{"@id":"https:\/\/luchonoticias.com\/editor\/#\/schema\/person\/7a7fd911f58561fd056dbac7b55af9cd"},"articleSection":["Actualidad","Destacado"],"inLanguage":"es","potentialAction":[{"@type":"CommentAction","name":"Comment","target":["https:\/\/luchonoticias.com\/editor\/brasil-venezuela-cuba-y-peru-expresan-solidaridad-a-colombia-por-la-tragedia-en-el-choco\/#respond"]}]},{"@type":"WebPage","@id":"https:\/\/luchonoticias.com\/editor\/brasil-venezuela-cuba-y-peru-expresan-solidaridad-a-colombia-por-la-tragedia-en-el-choco\/","url":"https:\/\/luchonoticias.com\/editor\/brasil-venezuela-cuba-y-peru-expresan-solidaridad-a-colombia-por-la-tragedia-en-el-choco\/","name":"Brasil, Venezuela, Cuba y Per\u00fa expresan solidaridad a Colombia por la tragedia en el Choc\u00f3 -","isPartOf":{"@id":"https:\/\/luchonoticias.com\/editor\/#website"},"datePublished":"2024-01-14T21:02:29+00:00","dateModified":"2024-01-14T21:02:31+00:00","breadcrumb":{"@id":"https:\/\/luchonoticias.com\/editor\/brasil-venezuela-cuba-y-peru-expresan-solidaridad-a-colombia-por-la-tragedia-en-el-choco\/#breadcrumb"},"inLanguage":"es","potentialAction":[{"@type":"ReadAction","target":["https:\/\/luchonoticias.com\/editor\/brasil-venezuela-cuba-y-peru-expresan-solidaridad-a-colombia-por-la-tragedia-en-el-choco\/"]}]},{"@type":"BreadcrumbList","@id":"https:\/\/luchonoticias.com\/editor\/brasil-venezuela-cuba-y-peru-expresan-solidaridad-a-colombia-por-la-tragedia-en-el-choco\/#breadcrumb","itemListElement":[{"@type":"ListItem","position":1,"name":"Portada","item":"https:\/\/luchonoticias.com\/editor\/"},{"@type":"ListItem","position":2,"name":"Brasil, Venezuela, Cuba y Per\u00fa expresan solidaridad a Colombia por la tragedia en el Choc\u00f3"}]},{"@type":"WebSite","@id":"https:\/\/luchonoticias.com\/editor\/#website","url":"https:\/\/luchonoticias.com\/editor\/","name":"","description":"","publisher":{"@id":"https:\/\/luchonoticias.com\/editor\/#\/schema\/person\/7a7fd911f58561fd056dbac7b55af9cd"},"potentialAction":[{"@type":"SearchAction","target":{"@type":"EntryPoint","urlTemplate":"https:\/\/luchonoticias.com\/editor\/?s={search_term_string}"},"query-input":{"@type":"PropertyValueSpecification","valueRequired":true,"valueName":"search_term_string"}}],"inLanguage":"es"},{"@type":["Person","Organization"],"@id":"https:\/\/luchonoticias.com\/editor\/#\/schema\/person\/7a7fd911f58561fd056dbac7b55af9cd","name":"admin","image":{"@type":"ImageObject","inLanguage":"es","@id":"https:\/\/luchonoticias.com\/editor\/#\/schema\/person\/image\/","url":"https:\/\/luchonoticias.com\/editor\/wp-content\/uploads\/2024\/02\/cropped-cropped-logolu.webp","contentUrl":"https:\/\/luchonoticias.com\/editor\/wp-content\/uploads\/2024\/02\/cropped-cropped-logolu.webp","width":382,"height":170,"caption":"admin"},"logo":{"@id":"https:\/\/luchonoticias.com\/editor\/#\/schema\/person\/image\/"},"sameAs":["https:\/\/www.facebook.com\/luchonoticiasneiva"]},{"@type":"Person","@id":"https:\/\/luchonoticias.com\/editor\/#\/schema\/person\/29217990ddf6f14e35912b2866d591fb","name":"Editor General","image":{"@type":"ImageObject","inLanguage":"es","@id":"https:\/\/luchonoticias.com\/editor\/#\/schema\/person\/image\/","url":"https:\/\/luchonoticias.com\/editor\/wp-content\/uploads\/2024\/02\/cropped-cropped-logolu-150x150.webp","contentUrl":"https:\/\/luchonoticias.com\/editor\/wp-content\/uploads\/2024\/02\/cropped-cropped-logolu-150x150.webp","caption":"Editor General"},"sameAs":["https:\/\/luchonoticias.com\/"],"url":"https:\/\/luchonoticias.com\/editor\/author\/editor-general\/"}]}},"_links":{"self":[{"href":"https:\/\/luchonoticias.com\/editor\/wp-json\/wp\/v2\/posts\/66903","targetHints":{"allow":["GET"]}}],"collection":[{"href":"https:\/\/luchonoticias.com\/editor\/wp-json\/wp\/v2\/posts"}],"about":[{"href":"https:\/\/luchonoticias.com\/editor\/wp-json\/wp\/v2\/types\/post"}],"author":[{"embeddable":true,"href":"https:\/\/luchonoticias.com\/editor\/wp-json\/wp\/v2\/users\/2"}],"replies":[{"embeddable":true,"href":"https:\/\/luchonoticias.com\/editor\/wp-json\/wp\/v2\/comments?post=66903"}],"version-history":[{"count":0,"href":"https:\/\/luchonoticias.com\/editor\/wp-json\/wp\/v2\/posts\/66903\/revisions"}],"wp:attachment":[{"href":"https:\/\/luchonoticias.com\/editor\/wp-json\/wp\/v2\/media?parent=66903"}],"wp:term":[{"taxonomy":"category","embeddable":true,"href":"https:\/\/luchonoticias.com\/editor\/wp-json\/wp\/v2\/categories?post=66903"},{"taxonomy":"post_tag","embeddable":true,"href":"https:\/\/luchonoticias.com\/editor\/wp-json\/wp\/v2\/tags?post=66903"}],"curies":[{"name":"wp","href":"https:\/\/api.w.org\/{rel}","templated":true}]}}