{"id":67007,"date":"2024-01-17T07:51:27","date_gmt":"2024-01-17T12:51:27","guid":{"rendered":"https:\/\/luchonoticias.com\/?p=67007"},"modified":"2024-01-17T07:51:28","modified_gmt":"2024-01-17T12:51:28","slug":"definidas-tareas-al-recien-nombrado-presidente-de-la-nueva-eps-aldo-enrique-cadena","status":"publish","type":"post","link":"https:\/\/luchonoticias.com\/editor\/definidas-tareas-al-recien-nombrado-presidente-de-la-nueva-eps-aldo-enrique-cadena\/","title":{"rendered":"Definidas tareas al reci\u00e9n nombrado presidente de la Nueva EPS, Aldo Enrique Cadena"},"content":{"rendered":"\n<p>Priorizar la construcci\u00f3n del sistema preventivo de salud p\u00fablica en todo el territorio nacional, la tarea principal que el presidente Gustavo Petro Urrego le acaba de encomendar al reci\u00e9n nombrado presidente de la Nueva EPS, Aldo Enrique Cadena.<\/p>\n\n\n\n<p>\u201cHa sido nombrado presidente de la Nueva EPS, Aldo Cadena. Su objetivo es priorizar la construcci\u00f3n del sistema preventivo de la salud p\u00fablica en todo el territorio nacional\u201d, indic\u00f3 el jefe de Estado en su cuenta de la red social X.<\/p>\n\n\n\n<p>Aldo Cadena, un abogado cesarense, reconocido por su trabajo como Secretario de Salud de Bogot\u00e1 cuando el jefe de Estado fue Alcalde Mayor de la capital del pa\u00eds, fue nombrado presidente de la Nueva EPS por la Junta Directiva de la entidad, en reemplazo de Jos\u00e9 Fernando Cardona Uribe.<\/p>\n\n\n\n<p>Adem\u00e1s, en julio de 2014 fue nombrado director del Instituto Distrital de Recreaci\u00f3n y Deportes (IDRD).<\/p>\n\n\n\n<p>Cadena es abogado especializado en Derecho Laboral y Seguridad Social de la Universidad Libre y cuenta con una especializaci\u00f3n en Derecho Administrativo de la Universidad Nacional.<\/p>\n\n\n\n<p>Tambi\u00e9n tiene una maestr\u00eda en Derecho Administrativo de la Universidad Libre y ha dedicado gran parte de su vida a la defensa de los derechos de la salud de los colombianos y colombianas.<\/p>\n\n\n\n<p>Es reconocido por su vinculaci\u00f3n con la dirigencia sindical del pa\u00eds. De hecho, ha sido presidente del Sindicato Nacional de la Salud y la Seguridad Social (Sindess) y representante de las centrales obreras en el Consejo Nacional de Salud y Seguridad Social.<\/p>\n\n\n\n<p>Cadena asume el liderazgo de la Nueva EPS que cuenta con m\u00e1s de 10 millones de afiliados y hace presencia en los 32 departamentos del pa\u00eds.<\/p>\n","protected":false},"excerpt":{"rendered":"<p>Priorizar la construcci\u00f3n del sistema preventivo de salud p\u00fablica en todo el territorio nacional, la tarea principal que el presidente Gustavo Petro Urrego le acaba de encomendar al reci\u00e9n nombrado presidente de la Nueva EPS, Aldo Enrique Cadena. \u201cHa sido nombrado presidente de la Nueva EPS, Aldo Cadena. Su objetivo es priorizar la construcci\u00f3n del [&hellip;]<\/p>\n","protected":false},"author":2,"featured_media":0,"comment_status":"open","ping_status":"open","sticky":false,"template":"","format":"standard","meta":{"footnotes":""},"categories":[28,36],"tags":[],"class_list":["post-67007","post","type-post","status-publish","format-standard","hentry","category-actualidad","category-destacado"],"yoast_head":"<!-- This site is optimized with the Yoast SEO plugin v26.6 - https:\/\/yoast.com\/wordpress\/plugins\/seo\/ -->\n<title>Definidas tareas al reci\u00e9n nombrado presidente de la Nueva EPS, Aldo Enrique Cadena -<\/title>\n<meta name=\"robots\" content=\"index, follow, max-snippet:-1, max-image-preview:large, max-video-preview:-1\" \/>\n<link rel=\"canonical\" href=\"https:\/\/luchonoticias.com\/editor\/definidas-tareas-al-recien-nombrado-presidente-de-la-nueva-eps-aldo-enrique-cadena\/\" \/>\n<meta property=\"og:locale\" content=\"es_ES\" \/>\n<meta property=\"og:type\" content=\"article\" \/>\n<meta property=\"og:title\" content=\"Definidas tareas al reci\u00e9n nombrado presidente de la Nueva EPS, Aldo Enrique Cadena -\" \/>\n<meta property=\"og:url\" content=\"https:\/\/luchonoticias.com\/editor\/definidas-tareas-al-recien-nombrado-presidente-de-la-nueva-eps-aldo-enrique-cadena\/\" \/>\n<meta property=\"article:publisher\" content=\"https:\/\/www.facebook.com\/luchonoticiasneiva\" \/>\n<meta property=\"article:published_time\" content=\"2024-01-17T12:51:27+00:00\" \/>\n<meta property=\"article:modified_time\" content=\"2024-01-17T12:51:28+00:00\" \/>\n<meta name=\"author\" content=\"Editor General\" \/>\n<meta name=\"twitter:card\" content=\"summary_large_image\" \/>\n<meta name=\"twitter:label1\" content=\"Escrito por\" \/>\n\t<meta name=\"twitter:data1\" content=\"Editor General\" \/>\n\t<meta name=\"twitter:label2\" content=\"Tiempo de lectura\" \/>\n\t<meta name=\"twitter:data2\" content=\"1 minuto\" \/>\n<script type=\"application\/ld+json\" class=\"yoast-schema-graph\">{\"@context\":\"https:\/\/schema.org\",\"@graph\":[{\"@type\":\"Article\",\"@id\":\"https:\/\/luchonoticias.com\/editor\/definidas-tareas-al-recien-nombrado-presidente-de-la-nueva-eps-aldo-enrique-cadena\/#article\",\"isPartOf\":{\"@id\":\"https:\/\/luchonoticias.com\/editor\/definidas-tareas-al-recien-nombrado-presidente-de-la-nueva-eps-aldo-enrique-cadena\/\"},\"author\":{\"name\":\"Editor General\",\"@id\":\"https:\/\/luchonoticias.com\/editor\/#\/schema\/person\/29217990ddf6f14e35912b2866d591fb\"},\"headline\":\"Definidas tareas al reci\u00e9n nombrado presidente de la Nueva EPS, Aldo Enrique Cadena\",\"datePublished\":\"2024-01-17T12:51:27+00:00\",\"dateModified\":\"2024-01-17T12:51:28+00:00\",\"mainEntityOfPage\":{\"@id\":\"https:\/\/luchonoticias.com\/editor\/definidas-tareas-al-recien-nombrado-presidente-de-la-nueva-eps-aldo-enrique-cadena\/\"},\"wordCount\":297,\"commentCount\":0,\"publisher\":{\"@id\":\"https:\/\/luchonoticias.com\/editor\/#\/schema\/person\/7a7fd911f58561fd056dbac7b55af9cd\"},\"articleSection\":[\"Actualidad\",\"Destacado\"],\"inLanguage\":\"es\",\"potentialAction\":[{\"@type\":\"CommentAction\",\"name\":\"Comment\",\"target\":[\"https:\/\/luchonoticias.com\/editor\/definidas-tareas-al-recien-nombrado-presidente-de-la-nueva-eps-aldo-enrique-cadena\/#respond\"]}]},{\"@type\":\"WebPage\",\"@id\":\"https:\/\/luchonoticias.com\/editor\/definidas-tareas-al-recien-nombrado-presidente-de-la-nueva-eps-aldo-enrique-cadena\/\",\"url\":\"https:\/\/luchonoticias.com\/editor\/definidas-tareas-al-recien-nombrado-presidente-de-la-nueva-eps-aldo-enrique-cadena\/\",\"name\":\"Definidas tareas al reci\u00e9n nombrado presidente de la Nueva EPS, Aldo Enrique Cadena -\",\"isPartOf\":{\"@id\":\"https:\/\/luchonoticias.com\/editor\/#website\"},\"datePublished\":\"2024-01-17T12:51:27+00:00\",\"dateModified\":\"2024-01-17T12:51:28+00:00\",\"breadcrumb\":{\"@id\":\"https:\/\/luchonoticias.com\/editor\/definidas-tareas-al-recien-nombrado-presidente-de-la-nueva-eps-aldo-enrique-cadena\/#breadcrumb\"},\"inLanguage\":\"es\",\"potentialAction\":[{\"@type\":\"ReadAction\",\"target\":[\"https:\/\/luchonoticias.com\/editor\/definidas-tareas-al-recien-nombrado-presidente-de-la-nueva-eps-aldo-enrique-cadena\/\"]}]},{\"@type\":\"BreadcrumbList\",\"@id\":\"https:\/\/luchonoticias.com\/editor\/definidas-tareas-al-recien-nombrado-presidente-de-la-nueva-eps-aldo-enrique-cadena\/#breadcrumb\",\"itemListElement\":[{\"@type\":\"ListItem\",\"position\":1,\"name\":\"Portada\",\"item\":\"https:\/\/luchonoticias.com\/editor\/\"},{\"@type\":\"ListItem\",\"position\":2,\"name\":\"Definidas tareas al reci\u00e9n nombrado presidente de la Nueva EPS, Aldo Enrique Cadena\"}]},{\"@type\":\"WebSite\",\"@id\":\"https:\/\/luchonoticias.com\/editor\/#website\",\"url\":\"https:\/\/luchonoticias.com\/editor\/\",\"name\":\"\",\"description\":\"\",\"publisher\":{\"@id\":\"https:\/\/luchonoticias.com\/editor\/#\/schema\/person\/7a7fd911f58561fd056dbac7b55af9cd\"},\"potentialAction\":[{\"@type\":\"SearchAction\",\"target\":{\"@type\":\"EntryPoint\",\"urlTemplate\":\"https:\/\/luchonoticias.com\/editor\/?s={search_term_string}\"},\"query-input\":{\"@type\":\"PropertyValueSpecification\",\"valueRequired\":true,\"valueName\":\"search_term_string\"}}],\"inLanguage\":\"es\"},{\"@type\":[\"Person\",\"Organization\"],\"@id\":\"https:\/\/luchonoticias.com\/editor\/#\/schema\/person\/7a7fd911f58561fd056dbac7b55af9cd\",\"name\":\"admin\",\"image\":{\"@type\":\"ImageObject\",\"inLanguage\":\"es\",\"@id\":\"https:\/\/luchonoticias.com\/editor\/#\/schema\/person\/image\/\",\"url\":\"https:\/\/luchonoticias.com\/editor\/wp-content\/uploads\/2024\/02\/cropped-cropped-logolu.webp\",\"contentUrl\":\"https:\/\/luchonoticias.com\/editor\/wp-content\/uploads\/2024\/02\/cropped-cropped-logolu.webp\",\"width\":382,\"height\":170,\"caption\":\"admin\"},\"logo\":{\"@id\":\"https:\/\/luchonoticias.com\/editor\/#\/schema\/person\/image\/\"},\"sameAs\":[\"https:\/\/www.facebook.com\/luchonoticiasneiva\"]},{\"@type\":\"Person\",\"@id\":\"https:\/\/luchonoticias.com\/editor\/#\/schema\/person\/29217990ddf6f14e35912b2866d591fb\",\"name\":\"Editor General\",\"image\":{\"@type\":\"ImageObject\",\"inLanguage\":\"es\",\"@id\":\"https:\/\/luchonoticias.com\/editor\/#\/schema\/person\/image\/\",\"url\":\"https:\/\/luchonoticias.com\/editor\/wp-content\/uploads\/2024\/02\/cropped-cropped-logolu-150x150.webp\",\"contentUrl\":\"https:\/\/luchonoticias.com\/editor\/wp-content\/uploads\/2024\/02\/cropped-cropped-logolu-150x150.webp\",\"caption\":\"Editor General\"},\"sameAs\":[\"https:\/\/luchonoticias.com\/\"],\"url\":\"https:\/\/luchonoticias.com\/editor\/author\/editor-general\/\"}]}<\/script>\n<!-- \/ Yoast SEO plugin. -->","yoast_head_json":{"title":"Definidas tareas al reci\u00e9n nombrado presidente de la Nueva EPS, Aldo Enrique Cadena -","robots":{"index":"index","follow":"follow","max-snippet":"max-snippet:-1","max-image-preview":"max-image-preview:large","max-video-preview":"max-video-preview:-1"},"canonical":"https:\/\/luchonoticias.com\/editor\/definidas-tareas-al-recien-nombrado-presidente-de-la-nueva-eps-aldo-enrique-cadena\/","og_locale":"es_ES","og_type":"article","og_title":"Definidas tareas al reci\u00e9n nombrado presidente de la Nueva EPS, Aldo Enrique Cadena -","og_url":"https:\/\/luchonoticias.com\/editor\/definidas-tareas-al-recien-nombrado-presidente-de-la-nueva-eps-aldo-enrique-cadena\/","article_publisher":"https:\/\/www.facebook.com\/luchonoticiasneiva","article_published_time":"2024-01-17T12:51:27+00:00","article_modified_time":"2024-01-17T12:51:28+00:00","author":"Editor General","twitter_card":"summary_large_image","twitter_misc":{"Escrito por":"Editor General","Tiempo de lectura":"1 minuto"},"schema":{"@context":"https:\/\/schema.org","@graph":[{"@type":"Article","@id":"https:\/\/luchonoticias.com\/editor\/definidas-tareas-al-recien-nombrado-presidente-de-la-nueva-eps-aldo-enrique-cadena\/#article","isPartOf":{"@id":"https:\/\/luchonoticias.com\/editor\/definidas-tareas-al-recien-nombrado-presidente-de-la-nueva-eps-aldo-enrique-cadena\/"},"author":{"name":"Editor General","@id":"https:\/\/luchonoticias.com\/editor\/#\/schema\/person\/29217990ddf6f14e35912b2866d591fb"},"headline":"Definidas tareas al reci\u00e9n nombrado presidente de la Nueva EPS, Aldo Enrique Cadena","datePublished":"2024-01-17T12:51:27+00:00","dateModified":"2024-01-17T12:51:28+00:00","mainEntityOfPage":{"@id":"https:\/\/luchonoticias.com\/editor\/definidas-tareas-al-recien-nombrado-presidente-de-la-nueva-eps-aldo-enrique-cadena\/"},"wordCount":297,"commentCount":0,"publisher":{"@id":"https:\/\/luchonoticias.com\/editor\/#\/schema\/person\/7a7fd911f58561fd056dbac7b55af9cd"},"articleSection":["Actualidad","Destacado"],"inLanguage":"es","potentialAction":[{"@type":"CommentAction","name":"Comment","target":["https:\/\/luchonoticias.com\/editor\/definidas-tareas-al-recien-nombrado-presidente-de-la-nueva-eps-aldo-enrique-cadena\/#respond"]}]},{"@type":"WebPage","@id":"https:\/\/luchonoticias.com\/editor\/definidas-tareas-al-recien-nombrado-presidente-de-la-nueva-eps-aldo-enrique-cadena\/","url":"https:\/\/luchonoticias.com\/editor\/definidas-tareas-al-recien-nombrado-presidente-de-la-nueva-eps-aldo-enrique-cadena\/","name":"Definidas tareas al reci\u00e9n nombrado presidente de la Nueva EPS, Aldo Enrique Cadena -","isPartOf":{"@id":"https:\/\/luchonoticias.com\/editor\/#website"},"datePublished":"2024-01-17T12:51:27+00:00","dateModified":"2024-01-17T12:51:28+00:00","breadcrumb":{"@id":"https:\/\/luchonoticias.com\/editor\/definidas-tareas-al-recien-nombrado-presidente-de-la-nueva-eps-aldo-enrique-cadena\/#breadcrumb"},"inLanguage":"es","potentialAction":[{"@type":"ReadAction","target":["https:\/\/luchonoticias.com\/editor\/definidas-tareas-al-recien-nombrado-presidente-de-la-nueva-eps-aldo-enrique-cadena\/"]}]},{"@type":"BreadcrumbList","@id":"https:\/\/luchonoticias.com\/editor\/definidas-tareas-al-recien-nombrado-presidente-de-la-nueva-eps-aldo-enrique-cadena\/#breadcrumb","itemListElement":[{"@type":"ListItem","position":1,"name":"Portada","item":"https:\/\/luchonoticias.com\/editor\/"},{"@type":"ListItem","position":2,"name":"Definidas tareas al reci\u00e9n nombrado presidente de la Nueva EPS, Aldo Enrique Cadena"}]},{"@type":"WebSite","@id":"https:\/\/luchonoticias.com\/editor\/#website","url":"https:\/\/luchonoticias.com\/editor\/","name":"","description":"","publisher":{"@id":"https:\/\/luchonoticias.com\/editor\/#\/schema\/person\/7a7fd911f58561fd056dbac7b55af9cd"},"potentialAction":[{"@type":"SearchAction","target":{"@type":"EntryPoint","urlTemplate":"https:\/\/luchonoticias.com\/editor\/?s={search_term_string}"},"query-input":{"@type":"PropertyValueSpecification","valueRequired":true,"valueName":"search_term_string"}}],"inLanguage":"es"},{"@type":["Person","Organization"],"@id":"https:\/\/luchonoticias.com\/editor\/#\/schema\/person\/7a7fd911f58561fd056dbac7b55af9cd","name":"admin","image":{"@type":"ImageObject","inLanguage":"es","@id":"https:\/\/luchonoticias.com\/editor\/#\/schema\/person\/image\/","url":"https:\/\/luchonoticias.com\/editor\/wp-content\/uploads\/2024\/02\/cropped-cropped-logolu.webp","contentUrl":"https:\/\/luchonoticias.com\/editor\/wp-content\/uploads\/2024\/02\/cropped-cropped-logolu.webp","width":382,"height":170,"caption":"admin"},"logo":{"@id":"https:\/\/luchonoticias.com\/editor\/#\/schema\/person\/image\/"},"sameAs":["https:\/\/www.facebook.com\/luchonoticiasneiva"]},{"@type":"Person","@id":"https:\/\/luchonoticias.com\/editor\/#\/schema\/person\/29217990ddf6f14e35912b2866d591fb","name":"Editor General","image":{"@type":"ImageObject","inLanguage":"es","@id":"https:\/\/luchonoticias.com\/editor\/#\/schema\/person\/image\/","url":"https:\/\/luchonoticias.com\/editor\/wp-content\/uploads\/2024\/02\/cropped-cropped-logolu-150x150.webp","contentUrl":"https:\/\/luchonoticias.com\/editor\/wp-content\/uploads\/2024\/02\/cropped-cropped-logolu-150x150.webp","caption":"Editor General"},"sameAs":["https:\/\/luchonoticias.com\/"],"url":"https:\/\/luchonoticias.com\/editor\/author\/editor-general\/"}]}},"_links":{"self":[{"href":"https:\/\/luchonoticias.com\/editor\/wp-json\/wp\/v2\/posts\/67007","targetHints":{"allow":["GET"]}}],"collection":[{"href":"https:\/\/luchonoticias.com\/editor\/wp-json\/wp\/v2\/posts"}],"about":[{"href":"https:\/\/luchonoticias.com\/editor\/wp-json\/wp\/v2\/types\/post"}],"author":[{"embeddable":true,"href":"https:\/\/luchonoticias.com\/editor\/wp-json\/wp\/v2\/users\/2"}],"replies":[{"embeddable":true,"href":"https:\/\/luchonoticias.com\/editor\/wp-json\/wp\/v2\/comments?post=67007"}],"version-history":[{"count":0,"href":"https:\/\/luchonoticias.com\/editor\/wp-json\/wp\/v2\/posts\/67007\/revisions"}],"wp:attachment":[{"href":"https:\/\/luchonoticias.com\/editor\/wp-json\/wp\/v2\/media?parent=67007"}],"wp:term":[{"taxonomy":"category","embeddable":true,"href":"https:\/\/luchonoticias.com\/editor\/wp-json\/wp\/v2\/categories?post=67007"},{"taxonomy":"post_tag","embeddable":true,"href":"https:\/\/luchonoticias.com\/editor\/wp-json\/wp\/v2\/tags?post=67007"}],"curies":[{"name":"wp","href":"https:\/\/api.w.org\/{rel}","templated":true}]}}