{"id":67174,"date":"2024-01-20T08:31:01","date_gmt":"2024-01-20T13:31:01","guid":{"rendered":"https:\/\/luchonoticias.com\/?p=67174"},"modified":"2024-01-20T08:31:02","modified_gmt":"2024-01-20T13:31:02","slug":"con-exito-se-realizo-el-primer-encuentro-de-gestoras-y-gestores-sociales-del-huila","status":"publish","type":"post","link":"https:\/\/luchonoticias.com\/editor\/con-exito-se-realizo-el-primer-encuentro-de-gestoras-y-gestores-sociales-del-huila\/","title":{"rendered":"Con \u00e9xito se realiz\u00f3 el Primer Encuentro de Gestoras y Gestores Sociales del Huila"},"content":{"rendered":"\n<p>Este viernes se llev\u00f3 a cabo el Primer Encuentro de Gestoras y Gestores Sociales del departamento del Huila, liderado por la esposa del gobernador Rodrigo Villalba Mosquera, \u00c1ngela Parra, quien convoc\u00f3 al trabajo articulado en pro del bienestar social, el empoderamiento y defensa de las mujeres.<\/p>\n\n\n\n<p>A esta reuni\u00f3n asistieron gestoras y gestores sociales de los 37 municipios y cont\u00f3 con el acompa\u00f1amiento de la Directora de Asodamas de Colombia, Martha Alonso Gonz\u00e1lez, la representante a la C\u00e1mara por el Huila, Florita Perdomo, la secretaria de la Mujer, Familia e Inclusi\u00f3n Social, Madeleine Pantoja, la directora de Infihuila Adriana Valencia Cardona y el secretario de Desarrollo Econ\u00f3mico y Turismo, Ricardo Vera.<\/p>\n\n\n\n<p>El mandatario de los huilenses, Rodrigo Villalba, en su intervenci\u00f3n, manifest\u00f3 su prop\u00f3sito de fortalecer las organizaciones de mujeres en todo el territorio \u201cvamos a trabajar de la mano para lograr autonom\u00eda econ\u00f3mica, con proyectos de emprendimiento, de capital semilla, con liderazgo\u201d expres\u00f3.<\/p>\n\n\n\n<figure class=\"wp-block-gallery has-nested-images columns-default is-cropped wp-block-gallery-1 is-layout-flex wp-block-gallery-is-layout-flex\">\n<figure class=\"wp-block-image size-large\"><img decoding=\"async\" data-id=\"67176\" src=\"https:\/\/luchonoticias.com\/wp-content\/uploads\/2024\/01\/WhatsApp-Image-2024-01-19-at-4.49.51-PM-1024x678.jpeg\" alt=\"\" class=\"wp-image-67176\"\/><\/figure>\n\n\n\n<figure class=\"wp-block-image size-large\"><img decoding=\"async\" data-id=\"67177\" src=\"https:\/\/luchonoticias.com\/wp-content\/uploads\/2024\/01\/WhatsApp-Image-2024-01-19-at-4.49.50-PM-1024x657.jpeg\" alt=\"\" class=\"wp-image-67177\"\/><\/figure>\n<\/figure>\n\n\n\n<p>Por su parte, la Gestora Social del Huila, \u00c1ngela Parra, indic\u00f3 que \u201ceste encuentro evidencia que el esfuerzo de las voluntades es trabajar juntos por el bienestar de los huilenses, promoviendo la inclusi\u00f3n social y la solidaridad\u201d.<\/p>\n\n\n\n<p>As\u00ed mismo, expres\u00f3 su preocupaci\u00f3n por las elevadas cifras en casos de violencia de g\u00e9nero, abuso y maltrato, sensibilizando con su mensaje sobre la necesidad de abordar la violencia de g\u00e9nero con enfoque inclusivo.<\/p>\n\n\n\n<p>\u201cUna de nuestras metas es lograr el empoderamiento comunitario, y lo haremos a trav\u00e9s de la casa social de la mujer, buscando fortalecer las capacidades de las mujeres, mediante la identificaci\u00f3n y resoluci\u00f3n propia de sus necesidades, promoviendo la autonom\u00eda econ\u00f3mica y de esta manera contribuir a la erradicaci\u00f3n de la violencia de g\u00e9nero\u201d afirm\u00f3.<\/p>\n\n\n\n<p>El encuentro concluy\u00f3 con un taller orientado por la Psic\u00f3loga Mar\u00eda Susana Moya y la socializaci\u00f3n de la oferta institucional desde las secretar\u00edas de la Mujer, Familia e Inclusi\u00f3n Social, Desarrollo Econ\u00f3mico y Turismo e Infihuila.<\/p>\n","protected":false},"excerpt":{"rendered":"<p>Este viernes se llev\u00f3 a cabo el Primer Encuentro de Gestoras y Gestores Sociales del departamento del Huila, liderado por la esposa del gobernador Rodrigo Villalba Mosquera, \u00c1ngela Parra, quien convoc\u00f3 al trabajo articulado en pro del bienestar social, el empoderamiento y defensa de las mujeres. A esta reuni\u00f3n asistieron gestoras y gestores sociales de [&hellip;]<\/p>\n","protected":false},"author":2,"featured_media":0,"comment_status":"open","ping_status":"open","sticky":false,"template":"","format":"standard","meta":{"footnotes":""},"categories":[36,35],"tags":[],"class_list":["post-67174","post","type-post","status-publish","format-standard","hentry","category-destacado","category-regional"],"yoast_head":"<!-- This site is optimized with the Yoast SEO plugin v26.6 - https:\/\/yoast.com\/wordpress\/plugins\/seo\/ -->\n<title>Con \u00e9xito se realiz\u00f3 el Primer Encuentro de Gestoras y Gestores Sociales del Huila -<\/title>\n<meta name=\"robots\" content=\"index, follow, max-snippet:-1, max-image-preview:large, max-video-preview:-1\" \/>\n<link rel=\"canonical\" href=\"https:\/\/luchonoticias.com\/editor\/con-exito-se-realizo-el-primer-encuentro-de-gestoras-y-gestores-sociales-del-huila\/\" \/>\n<meta property=\"og:locale\" content=\"es_ES\" \/>\n<meta property=\"og:type\" content=\"article\" \/>\n<meta property=\"og:title\" content=\"Con \u00e9xito se realiz\u00f3 el Primer Encuentro de Gestoras y Gestores Sociales del Huila -\" \/>\n<meta property=\"og:url\" content=\"https:\/\/luchonoticias.com\/editor\/con-exito-se-realizo-el-primer-encuentro-de-gestoras-y-gestores-sociales-del-huila\/\" \/>\n<meta property=\"article:publisher\" content=\"https:\/\/www.facebook.com\/luchonoticiasneiva\" \/>\n<meta property=\"article:published_time\" content=\"2024-01-20T13:31:01+00:00\" \/>\n<meta property=\"article:modified_time\" content=\"2024-01-20T13:31:02+00:00\" \/>\n<meta property=\"og:image\" content=\"https:\/\/luchonoticias.com\/wp-content\/uploads\/2024\/01\/WhatsApp-Image-2024-01-19-at-4.49.51-PM-1024x678.jpeg\" \/>\n<meta name=\"author\" content=\"Editor General\" \/>\n<meta name=\"twitter:card\" content=\"summary_large_image\" \/>\n<meta name=\"twitter:label1\" content=\"Escrito por\" \/>\n\t<meta name=\"twitter:data1\" content=\"Editor General\" \/>\n\t<meta name=\"twitter:label2\" content=\"Tiempo de lectura\" \/>\n\t<meta name=\"twitter:data2\" content=\"2 minutos\" \/>\n<script type=\"application\/ld+json\" class=\"yoast-schema-graph\">{\"@context\":\"https:\/\/schema.org\",\"@graph\":[{\"@type\":\"Article\",\"@id\":\"https:\/\/luchonoticias.com\/editor\/con-exito-se-realizo-el-primer-encuentro-de-gestoras-y-gestores-sociales-del-huila\/#article\",\"isPartOf\":{\"@id\":\"https:\/\/luchonoticias.com\/editor\/con-exito-se-realizo-el-primer-encuentro-de-gestoras-y-gestores-sociales-del-huila\/\"},\"author\":{\"name\":\"Editor General\",\"@id\":\"https:\/\/luchonoticias.com\/editor\/#\/schema\/person\/29217990ddf6f14e35912b2866d591fb\"},\"headline\":\"Con \u00e9xito se realiz\u00f3 el Primer Encuentro de Gestoras y Gestores Sociales del Huila\",\"datePublished\":\"2024-01-20T13:31:01+00:00\",\"dateModified\":\"2024-01-20T13:31:02+00:00\",\"mainEntityOfPage\":{\"@id\":\"https:\/\/luchonoticias.com\/editor\/con-exito-se-realizo-el-primer-encuentro-de-gestoras-y-gestores-sociales-del-huila\/\"},\"wordCount\":356,\"commentCount\":0,\"publisher\":{\"@id\":\"https:\/\/luchonoticias.com\/editor\/#\/schema\/person\/7a7fd911f58561fd056dbac7b55af9cd\"},\"image\":{\"@id\":\"https:\/\/luchonoticias.com\/editor\/con-exito-se-realizo-el-primer-encuentro-de-gestoras-y-gestores-sociales-del-huila\/#primaryimage\"},\"thumbnailUrl\":\"https:\/\/luchonoticias.com\/wp-content\/uploads\/2024\/01\/WhatsApp-Image-2024-01-19-at-4.49.51-PM-1024x678.jpeg\",\"articleSection\":[\"Destacado\",\"Regional\"],\"inLanguage\":\"es\",\"potentialAction\":[{\"@type\":\"CommentAction\",\"name\":\"Comment\",\"target\":[\"https:\/\/luchonoticias.com\/editor\/con-exito-se-realizo-el-primer-encuentro-de-gestoras-y-gestores-sociales-del-huila\/#respond\"]}]},{\"@type\":\"WebPage\",\"@id\":\"https:\/\/luchonoticias.com\/editor\/con-exito-se-realizo-el-primer-encuentro-de-gestoras-y-gestores-sociales-del-huila\/\",\"url\":\"https:\/\/luchonoticias.com\/editor\/con-exito-se-realizo-el-primer-encuentro-de-gestoras-y-gestores-sociales-del-huila\/\",\"name\":\"Con \u00e9xito se realiz\u00f3 el Primer Encuentro de Gestoras y Gestores Sociales del Huila -\",\"isPartOf\":{\"@id\":\"https:\/\/luchonoticias.com\/editor\/#website\"},\"primaryImageOfPage\":{\"@id\":\"https:\/\/luchonoticias.com\/editor\/con-exito-se-realizo-el-primer-encuentro-de-gestoras-y-gestores-sociales-del-huila\/#primaryimage\"},\"image\":{\"@id\":\"https:\/\/luchonoticias.com\/editor\/con-exito-se-realizo-el-primer-encuentro-de-gestoras-y-gestores-sociales-del-huila\/#primaryimage\"},\"thumbnailUrl\":\"https:\/\/luchonoticias.com\/wp-content\/uploads\/2024\/01\/WhatsApp-Image-2024-01-19-at-4.49.51-PM-1024x678.jpeg\",\"datePublished\":\"2024-01-20T13:31:01+00:00\",\"dateModified\":\"2024-01-20T13:31:02+00:00\",\"breadcrumb\":{\"@id\":\"https:\/\/luchonoticias.com\/editor\/con-exito-se-realizo-el-primer-encuentro-de-gestoras-y-gestores-sociales-del-huila\/#breadcrumb\"},\"inLanguage\":\"es\",\"potentialAction\":[{\"@type\":\"ReadAction\",\"target\":[\"https:\/\/luchonoticias.com\/editor\/con-exito-se-realizo-el-primer-encuentro-de-gestoras-y-gestores-sociales-del-huila\/\"]}]},{\"@type\":\"ImageObject\",\"inLanguage\":\"es\",\"@id\":\"https:\/\/luchonoticias.com\/editor\/con-exito-se-realizo-el-primer-encuentro-de-gestoras-y-gestores-sociales-del-huila\/#primaryimage\",\"url\":\"https:\/\/luchonoticias.com\/wp-content\/uploads\/2024\/01\/WhatsApp-Image-2024-01-19-at-4.49.51-PM-1024x678.jpeg\",\"contentUrl\":\"https:\/\/luchonoticias.com\/wp-content\/uploads\/2024\/01\/WhatsApp-Image-2024-01-19-at-4.49.51-PM-1024x678.jpeg\"},{\"@type\":\"BreadcrumbList\",\"@id\":\"https:\/\/luchonoticias.com\/editor\/con-exito-se-realizo-el-primer-encuentro-de-gestoras-y-gestores-sociales-del-huila\/#breadcrumb\",\"itemListElement\":[{\"@type\":\"ListItem\",\"position\":1,\"name\":\"Portada\",\"item\":\"https:\/\/luchonoticias.com\/editor\/\"},{\"@type\":\"ListItem\",\"position\":2,\"name\":\"Con \u00e9xito se realiz\u00f3 el Primer Encuentro de Gestoras y Gestores Sociales del Huila\"}]},{\"@type\":\"WebSite\",\"@id\":\"https:\/\/luchonoticias.com\/editor\/#website\",\"url\":\"https:\/\/luchonoticias.com\/editor\/\",\"name\":\"\",\"description\":\"\",\"publisher\":{\"@id\":\"https:\/\/luchonoticias.com\/editor\/#\/schema\/person\/7a7fd911f58561fd056dbac7b55af9cd\"},\"potentialAction\":[{\"@type\":\"SearchAction\",\"target\":{\"@type\":\"EntryPoint\",\"urlTemplate\":\"https:\/\/luchonoticias.com\/editor\/?s={search_term_string}\"},\"query-input\":{\"@type\":\"PropertyValueSpecification\",\"valueRequired\":true,\"valueName\":\"search_term_string\"}}],\"inLanguage\":\"es\"},{\"@type\":[\"Person\",\"Organization\"],\"@id\":\"https:\/\/luchonoticias.com\/editor\/#\/schema\/person\/7a7fd911f58561fd056dbac7b55af9cd\",\"name\":\"admin\",\"image\":{\"@type\":\"ImageObject\",\"inLanguage\":\"es\",\"@id\":\"https:\/\/luchonoticias.com\/editor\/#\/schema\/person\/image\/\",\"url\":\"https:\/\/luchonoticias.com\/editor\/wp-content\/uploads\/2024\/02\/cropped-cropped-logolu.webp\",\"contentUrl\":\"https:\/\/luchonoticias.com\/editor\/wp-content\/uploads\/2024\/02\/cropped-cropped-logolu.webp\",\"width\":382,\"height\":170,\"caption\":\"admin\"},\"logo\":{\"@id\":\"https:\/\/luchonoticias.com\/editor\/#\/schema\/person\/image\/\"},\"sameAs\":[\"https:\/\/www.facebook.com\/luchonoticiasneiva\"]},{\"@type\":\"Person\",\"@id\":\"https:\/\/luchonoticias.com\/editor\/#\/schema\/person\/29217990ddf6f14e35912b2866d591fb\",\"name\":\"Editor General\",\"image\":{\"@type\":\"ImageObject\",\"inLanguage\":\"es\",\"@id\":\"https:\/\/luchonoticias.com\/editor\/#\/schema\/person\/image\/\",\"url\":\"https:\/\/luchonoticias.com\/editor\/wp-content\/uploads\/2024\/02\/cropped-cropped-logolu-150x150.webp\",\"contentUrl\":\"https:\/\/luchonoticias.com\/editor\/wp-content\/uploads\/2024\/02\/cropped-cropped-logolu-150x150.webp\",\"caption\":\"Editor General\"},\"sameAs\":[\"https:\/\/luchonoticias.com\/\"],\"url\":\"https:\/\/luchonoticias.com\/editor\/author\/editor-general\/\"}]}<\/script>\n<!-- \/ Yoast SEO plugin. -->","yoast_head_json":{"title":"Con \u00e9xito se realiz\u00f3 el Primer Encuentro de Gestoras y Gestores Sociales del Huila -","robots":{"index":"index","follow":"follow","max-snippet":"max-snippet:-1","max-image-preview":"max-image-preview:large","max-video-preview":"max-video-preview:-1"},"canonical":"https:\/\/luchonoticias.com\/editor\/con-exito-se-realizo-el-primer-encuentro-de-gestoras-y-gestores-sociales-del-huila\/","og_locale":"es_ES","og_type":"article","og_title":"Con \u00e9xito se realiz\u00f3 el Primer Encuentro de Gestoras y Gestores Sociales del Huila -","og_url":"https:\/\/luchonoticias.com\/editor\/con-exito-se-realizo-el-primer-encuentro-de-gestoras-y-gestores-sociales-del-huila\/","article_publisher":"https:\/\/www.facebook.com\/luchonoticiasneiva","article_published_time":"2024-01-20T13:31:01+00:00","article_modified_time":"2024-01-20T13:31:02+00:00","og_image":[{"url":"https:\/\/luchonoticias.com\/wp-content\/uploads\/2024\/01\/WhatsApp-Image-2024-01-19-at-4.49.51-PM-1024x678.jpeg","type":"","width":"","height":""}],"author":"Editor General","twitter_card":"summary_large_image","twitter_misc":{"Escrito por":"Editor General","Tiempo de lectura":"2 minutos"},"schema":{"@context":"https:\/\/schema.org","@graph":[{"@type":"Article","@id":"https:\/\/luchonoticias.com\/editor\/con-exito-se-realizo-el-primer-encuentro-de-gestoras-y-gestores-sociales-del-huila\/#article","isPartOf":{"@id":"https:\/\/luchonoticias.com\/editor\/con-exito-se-realizo-el-primer-encuentro-de-gestoras-y-gestores-sociales-del-huila\/"},"author":{"name":"Editor General","@id":"https:\/\/luchonoticias.com\/editor\/#\/schema\/person\/29217990ddf6f14e35912b2866d591fb"},"headline":"Con \u00e9xito se realiz\u00f3 el Primer Encuentro de Gestoras y Gestores Sociales del Huila","datePublished":"2024-01-20T13:31:01+00:00","dateModified":"2024-01-20T13:31:02+00:00","mainEntityOfPage":{"@id":"https:\/\/luchonoticias.com\/editor\/con-exito-se-realizo-el-primer-encuentro-de-gestoras-y-gestores-sociales-del-huila\/"},"wordCount":356,"commentCount":0,"publisher":{"@id":"https:\/\/luchonoticias.com\/editor\/#\/schema\/person\/7a7fd911f58561fd056dbac7b55af9cd"},"image":{"@id":"https:\/\/luchonoticias.com\/editor\/con-exito-se-realizo-el-primer-encuentro-de-gestoras-y-gestores-sociales-del-huila\/#primaryimage"},"thumbnailUrl":"https:\/\/luchonoticias.com\/wp-content\/uploads\/2024\/01\/WhatsApp-Image-2024-01-19-at-4.49.51-PM-1024x678.jpeg","articleSection":["Destacado","Regional"],"inLanguage":"es","potentialAction":[{"@type":"CommentAction","name":"Comment","target":["https:\/\/luchonoticias.com\/editor\/con-exito-se-realizo-el-primer-encuentro-de-gestoras-y-gestores-sociales-del-huila\/#respond"]}]},{"@type":"WebPage","@id":"https:\/\/luchonoticias.com\/editor\/con-exito-se-realizo-el-primer-encuentro-de-gestoras-y-gestores-sociales-del-huila\/","url":"https:\/\/luchonoticias.com\/editor\/con-exito-se-realizo-el-primer-encuentro-de-gestoras-y-gestores-sociales-del-huila\/","name":"Con \u00e9xito se realiz\u00f3 el Primer Encuentro de Gestoras y Gestores Sociales del Huila -","isPartOf":{"@id":"https:\/\/luchonoticias.com\/editor\/#website"},"primaryImageOfPage":{"@id":"https:\/\/luchonoticias.com\/editor\/con-exito-se-realizo-el-primer-encuentro-de-gestoras-y-gestores-sociales-del-huila\/#primaryimage"},"image":{"@id":"https:\/\/luchonoticias.com\/editor\/con-exito-se-realizo-el-primer-encuentro-de-gestoras-y-gestores-sociales-del-huila\/#primaryimage"},"thumbnailUrl":"https:\/\/luchonoticias.com\/wp-content\/uploads\/2024\/01\/WhatsApp-Image-2024-01-19-at-4.49.51-PM-1024x678.jpeg","datePublished":"2024-01-20T13:31:01+00:00","dateModified":"2024-01-20T13:31:02+00:00","breadcrumb":{"@id":"https:\/\/luchonoticias.com\/editor\/con-exito-se-realizo-el-primer-encuentro-de-gestoras-y-gestores-sociales-del-huila\/#breadcrumb"},"inLanguage":"es","potentialAction":[{"@type":"ReadAction","target":["https:\/\/luchonoticias.com\/editor\/con-exito-se-realizo-el-primer-encuentro-de-gestoras-y-gestores-sociales-del-huila\/"]}]},{"@type":"ImageObject","inLanguage":"es","@id":"https:\/\/luchonoticias.com\/editor\/con-exito-se-realizo-el-primer-encuentro-de-gestoras-y-gestores-sociales-del-huila\/#primaryimage","url":"https:\/\/luchonoticias.com\/wp-content\/uploads\/2024\/01\/WhatsApp-Image-2024-01-19-at-4.49.51-PM-1024x678.jpeg","contentUrl":"https:\/\/luchonoticias.com\/wp-content\/uploads\/2024\/01\/WhatsApp-Image-2024-01-19-at-4.49.51-PM-1024x678.jpeg"},{"@type":"BreadcrumbList","@id":"https:\/\/luchonoticias.com\/editor\/con-exito-se-realizo-el-primer-encuentro-de-gestoras-y-gestores-sociales-del-huila\/#breadcrumb","itemListElement":[{"@type":"ListItem","position":1,"name":"Portada","item":"https:\/\/luchonoticias.com\/editor\/"},{"@type":"ListItem","position":2,"name":"Con \u00e9xito se realiz\u00f3 el Primer Encuentro de Gestoras y Gestores Sociales del Huila"}]},{"@type":"WebSite","@id":"https:\/\/luchonoticias.com\/editor\/#website","url":"https:\/\/luchonoticias.com\/editor\/","name":"","description":"","publisher":{"@id":"https:\/\/luchonoticias.com\/editor\/#\/schema\/person\/7a7fd911f58561fd056dbac7b55af9cd"},"potentialAction":[{"@type":"SearchAction","target":{"@type":"EntryPoint","urlTemplate":"https:\/\/luchonoticias.com\/editor\/?s={search_term_string}"},"query-input":{"@type":"PropertyValueSpecification","valueRequired":true,"valueName":"search_term_string"}}],"inLanguage":"es"},{"@type":["Person","Organization"],"@id":"https:\/\/luchonoticias.com\/editor\/#\/schema\/person\/7a7fd911f58561fd056dbac7b55af9cd","name":"admin","image":{"@type":"ImageObject","inLanguage":"es","@id":"https:\/\/luchonoticias.com\/editor\/#\/schema\/person\/image\/","url":"https:\/\/luchonoticias.com\/editor\/wp-content\/uploads\/2024\/02\/cropped-cropped-logolu.webp","contentUrl":"https:\/\/luchonoticias.com\/editor\/wp-content\/uploads\/2024\/02\/cropped-cropped-logolu.webp","width":382,"height":170,"caption":"admin"},"logo":{"@id":"https:\/\/luchonoticias.com\/editor\/#\/schema\/person\/image\/"},"sameAs":["https:\/\/www.facebook.com\/luchonoticiasneiva"]},{"@type":"Person","@id":"https:\/\/luchonoticias.com\/editor\/#\/schema\/person\/29217990ddf6f14e35912b2866d591fb","name":"Editor General","image":{"@type":"ImageObject","inLanguage":"es","@id":"https:\/\/luchonoticias.com\/editor\/#\/schema\/person\/image\/","url":"https:\/\/luchonoticias.com\/editor\/wp-content\/uploads\/2024\/02\/cropped-cropped-logolu-150x150.webp","contentUrl":"https:\/\/luchonoticias.com\/editor\/wp-content\/uploads\/2024\/02\/cropped-cropped-logolu-150x150.webp","caption":"Editor General"},"sameAs":["https:\/\/luchonoticias.com\/"],"url":"https:\/\/luchonoticias.com\/editor\/author\/editor-general\/"}]}},"_links":{"self":[{"href":"https:\/\/luchonoticias.com\/editor\/wp-json\/wp\/v2\/posts\/67174","targetHints":{"allow":["GET"]}}],"collection":[{"href":"https:\/\/luchonoticias.com\/editor\/wp-json\/wp\/v2\/posts"}],"about":[{"href":"https:\/\/luchonoticias.com\/editor\/wp-json\/wp\/v2\/types\/post"}],"author":[{"embeddable":true,"href":"https:\/\/luchonoticias.com\/editor\/wp-json\/wp\/v2\/users\/2"}],"replies":[{"embeddable":true,"href":"https:\/\/luchonoticias.com\/editor\/wp-json\/wp\/v2\/comments?post=67174"}],"version-history":[{"count":0,"href":"https:\/\/luchonoticias.com\/editor\/wp-json\/wp\/v2\/posts\/67174\/revisions"}],"wp:attachment":[{"href":"https:\/\/luchonoticias.com\/editor\/wp-json\/wp\/v2\/media?parent=67174"}],"wp:term":[{"taxonomy":"category","embeddable":true,"href":"https:\/\/luchonoticias.com\/editor\/wp-json\/wp\/v2\/categories?post=67174"},{"taxonomy":"post_tag","embeddable":true,"href":"https:\/\/luchonoticias.com\/editor\/wp-json\/wp\/v2\/tags?post=67174"}],"curies":[{"name":"wp","href":"https:\/\/api.w.org\/{rel}","templated":true}]}}