{"id":67210,"date":"2024-01-20T15:08:28","date_gmt":"2024-01-20T20:08:28","guid":{"rendered":"https:\/\/luchonoticias.com\/?p=67210"},"modified":"2024-01-20T15:08:29","modified_gmt":"2024-01-20T20:08:29","slug":"huila-sera-piloto-nacional-en-implementar-reglamento-para-exportar-cafe-a-la-union-europea-libre-de-deforestacion","status":"publish","type":"post","link":"https:\/\/luchonoticias.com\/editor\/huila-sera-piloto-nacional-en-implementar-reglamento-para-exportar-cafe-a-la-union-europea-libre-de-deforestacion\/","title":{"rendered":"Huila ser\u00e1 piloto nacional en implementar reglamento para exportar caf\u00e9 a la Uni\u00f3n Europea libre de deforestaci\u00f3n"},"content":{"rendered":"\n<p>El departamento del Huila ser\u00e1 piloto nacional en la estrategia para implementar y dar cumplimiento al Reglamento 1115\/2023, que entrar\u00e1 a exigirse a partir de enero de 2025, seg\u00fan el cual, se proh\u00edbe la comercializaci\u00f3n en el mercado de la Uni\u00f3n Europea (UE) de materias primas y productos que hayan sido obtenidos en \u00e1reas objeto de deforestaci\u00f3n y\/o degradaci\u00f3n forestal despu\u00e9s del a\u00f1o 2020.<\/p>\n\n\n\n<p>Este piloto constituye un gran logro para toda la cadena de producci\u00f3n cafetera y cacaotera del Huila, pues permitir\u00e1 estar a la vanguardia en la definici\u00f3n de estrategias de implementaci\u00f3n, monitoreo, seguimiento, reporte y acceso a informaci\u00f3n, en materia productiva, comercial y ambiental, para que el departamento garantice el acceso al mercado europeo luego de la implementaci\u00f3n del nuevo reglamento.<\/p>\n\n\n\n<p>El proyecto fue anunciado este jueves en la embajada de la Uni\u00f3n Europea en Bogot\u00e1 tras un encuentro que estuvo protagonizado por Alberto Menghini,&nbsp; Jefe de Cooperaci\u00f3n de la Uni\u00f3n Europea, agencias de cooperaci\u00f3n europea, representantes de los Ministerios de Comercio Industria y Turismo, y Agricultura, la Federaci\u00f3n Nacional de Cafeteros, el Ideam, la Gobernaci\u00f3n del Huila, la Secretar\u00eda de Agricultura del Huila y la Corporaci\u00f3n Aut\u00f3noma Regional del Alto Magdalena-CAM.<\/p>\n\n\n\n<p>El Gobernador,&nbsp; Rodrigo Villalba Mosquera, ha sido enf\u00e1tico en expresar desde su campa\u00f1a, que uno de los pilares de su Plan de Desarrollo es precisamente trabajar por un Huila rural m\u00e1s productivo y sostenible, es decir, fortalecer el principal rengl\u00f3n de la econom\u00eda del departamento, asociado a la sostenibilidad.<\/p>\n\n\n\n<p>De acuerdo con Carlos Alberto Cu\u00e9llar Medina, secretario de Agricultura y Miner\u00eda del Departamento, este piloto permitir\u00e1 al Huila liderar a nivel nacional, el cumplimiento de las exigencias a las que deber\u00e1n acogerse los productores y comercializadores a la hora de llegar a los mercados de la Uni\u00f3n Europea.<\/p>\n\n\n\n<p>\u201cLograr que el Huila se convierta en el primer departamento en definir los mecanismos para implementar el reglamento que estableci\u00f3 la Uni\u00f3n Europea, nos permitir\u00e1 proteger la cadena de exportaci\u00f3n y la capacidad exportadora como departamento. Ahora, lo que viene es concretar los protocolos y crear la estrategia para dar cumplimiento al reglamento\u201d, expres\u00f3 Cu\u00e9llar Medina.<\/p>\n\n\n\n<p>Para el secretario de Agricultura del Huila, esta labor har\u00e1 posible trabajar de la mano con productores, comercializadores, adem\u00e1s de los gremios y la institucionalidad para definir la hoja de ruta y dar cumplimiento al reglamento.<\/p>\n\n\n\n<p><strong>El reglamento<\/strong><\/p>\n\n\n\n<p>El reglamento europeo&nbsp; 1115\/2023 tiene como objetivo reducir al m\u00ednimo la contribuci\u00f3n de la Uni\u00f3n Europea a la deforestaci\u00f3n y degradaci\u00f3n mundial de los bosques; por eso establece como obligaciones que los productos que entran o salen del mercado europeo a partir del 2025 est\u00e9n libres de deforestaci\u00f3n, lo cual ser\u00e1 verificable mediante el cumplimiento de normativas seg\u00fan las leyes del pa\u00eds productor, la trazabilidad del lugar espec\u00edfico donde fue producido el caf\u00e9 y que est\u00e9n cubiertos por una Declaraci\u00f3n de Debida Diligencia (DD) por los operadores.<\/p>\n\n\n\n<p>Los productos que acoge este reglamento son la carne, leche, cacao, caf\u00e9, palma, soya, madera, caucho y sus productos derivados (por ejemplo, chocolate, cuero) lista que ser\u00e1 actualizada peri\u00f3dicamente. En el caso del Huila se iniciar\u00e1 el piloto con el caf\u00e9 y el cacao.<\/p>\n\n\n\n<p>\u201cDesde ya la invitaci\u00f3n a los productores y dem\u00e1s eslabones de la cadena de producci\u00f3n es a trabajar articuladamente para lograr el cumplimiento de los requisitos de este nuevo reglamento europeo\u201d, enfatiz\u00f3 el representante de la cartera de agricultura.<\/p>\n\n\n\n<p><strong>Huila protegido<\/strong><\/p>\n\n\n\n<p>Vale la pena mencionar que el Huila cuenta con 735 mil hect\u00e1reas de bosques (40% de su territorio), de los cuales 612 mil hect\u00e1reas se encuentran declaradas bajo alguna figura de conservaci\u00f3n por parte de Parques Nacionales y la CAM. Adem\u00e1s, el Huila se ubic\u00f3 entre los departamentos de Colombia con los m\u00e1s bajos \u00edndices de deforestaci\u00f3n reportados en los \u00faltimos a\u00f1os seg\u00fan el Ideam.<\/p>\n\n\n\n<p>\u201cContar con un sistema regional de \u00e1reas protegidas consolidado, sumado al proceso de planificaci\u00f3n del ordenamiento productivo y social de la producci\u00f3n agropecuaria con el que cuenta el departamento, se constituye en una de las principales fortalezas del Huila de cara a lograr el cumplimiento de las exigencias del nuevo reglamento que iniciar\u00e1 a operar para la Uni\u00f3n Europea a partir del pr\u00f3ximo a\u00f1o, y que muy posiblemente otros pa\u00edses compradores del grano tambi\u00e9n adopten m\u00e1s adelante\u201d, destac\u00f3 el ingeniero agr\u00f3nomo Carlos Cu\u00e9llar.<\/p>\n","protected":false},"excerpt":{"rendered":"<p>El departamento del Huila ser\u00e1 piloto nacional en la estrategia para implementar y dar cumplimiento al Reglamento 1115\/2023, que entrar\u00e1 a exigirse a partir de enero de 2025, seg\u00fan el cual, se proh\u00edbe la comercializaci\u00f3n en el mercado de la Uni\u00f3n Europea (UE) de materias primas y productos que hayan sido obtenidos en \u00e1reas objeto [&hellip;]<\/p>\n","protected":false},"author":2,"featured_media":0,"comment_status":"open","ping_status":"open","sticky":false,"template":"","format":"standard","meta":{"footnotes":""},"categories":[36,35],"tags":[],"class_list":["post-67210","post","type-post","status-publish","format-standard","hentry","category-destacado","category-regional"],"yoast_head":"<!-- This site is optimized with the Yoast SEO plugin v26.6 - https:\/\/yoast.com\/wordpress\/plugins\/seo\/ -->\n<title>Huila ser\u00e1 piloto nacional en implementar reglamento para exportar caf\u00e9 a la Uni\u00f3n Europea libre de deforestaci\u00f3n -<\/title>\n<meta name=\"robots\" content=\"index, follow, max-snippet:-1, max-image-preview:large, max-video-preview:-1\" \/>\n<link rel=\"canonical\" href=\"https:\/\/luchonoticias.com\/editor\/huila-sera-piloto-nacional-en-implementar-reglamento-para-exportar-cafe-a-la-union-europea-libre-de-deforestacion\/\" \/>\n<meta property=\"og:locale\" content=\"es_ES\" \/>\n<meta property=\"og:type\" content=\"article\" \/>\n<meta property=\"og:title\" content=\"Huila ser\u00e1 piloto nacional en implementar reglamento para exportar caf\u00e9 a la Uni\u00f3n Europea libre de deforestaci\u00f3n -\" \/>\n<meta property=\"og:url\" content=\"https:\/\/luchonoticias.com\/editor\/huila-sera-piloto-nacional-en-implementar-reglamento-para-exportar-cafe-a-la-union-europea-libre-de-deforestacion\/\" \/>\n<meta property=\"article:publisher\" content=\"https:\/\/www.facebook.com\/luchonoticiasneiva\" \/>\n<meta property=\"article:published_time\" content=\"2024-01-20T20:08:28+00:00\" \/>\n<meta property=\"article:modified_time\" content=\"2024-01-20T20:08:29+00:00\" \/>\n<meta name=\"author\" content=\"Editor General\" \/>\n<meta name=\"twitter:card\" content=\"summary_large_image\" \/>\n<meta name=\"twitter:label1\" content=\"Escrito por\" \/>\n\t<meta name=\"twitter:data1\" content=\"Editor General\" \/>\n\t<meta name=\"twitter:label2\" content=\"Tiempo de lectura\" \/>\n\t<meta name=\"twitter:data2\" content=\"4 minutos\" \/>\n<script type=\"application\/ld+json\" class=\"yoast-schema-graph\">{\"@context\":\"https:\/\/schema.org\",\"@graph\":[{\"@type\":\"Article\",\"@id\":\"https:\/\/luchonoticias.com\/editor\/huila-sera-piloto-nacional-en-implementar-reglamento-para-exportar-cafe-a-la-union-europea-libre-de-deforestacion\/#article\",\"isPartOf\":{\"@id\":\"https:\/\/luchonoticias.com\/editor\/huila-sera-piloto-nacional-en-implementar-reglamento-para-exportar-cafe-a-la-union-europea-libre-de-deforestacion\/\"},\"author\":{\"name\":\"Editor General\",\"@id\":\"https:\/\/luchonoticias.com\/editor\/#\/schema\/person\/29217990ddf6f14e35912b2866d591fb\"},\"headline\":\"Huila ser\u00e1 piloto nacional en implementar reglamento para exportar caf\u00e9 a la Uni\u00f3n Europea libre de deforestaci\u00f3n\",\"datePublished\":\"2024-01-20T20:08:28+00:00\",\"dateModified\":\"2024-01-20T20:08:29+00:00\",\"mainEntityOfPage\":{\"@id\":\"https:\/\/luchonoticias.com\/editor\/huila-sera-piloto-nacional-en-implementar-reglamento-para-exportar-cafe-a-la-union-europea-libre-de-deforestacion\/\"},\"wordCount\":791,\"commentCount\":0,\"publisher\":{\"@id\":\"https:\/\/luchonoticias.com\/editor\/#\/schema\/person\/7a7fd911f58561fd056dbac7b55af9cd\"},\"articleSection\":[\"Destacado\",\"Regional\"],\"inLanguage\":\"es\",\"potentialAction\":[{\"@type\":\"CommentAction\",\"name\":\"Comment\",\"target\":[\"https:\/\/luchonoticias.com\/editor\/huila-sera-piloto-nacional-en-implementar-reglamento-para-exportar-cafe-a-la-union-europea-libre-de-deforestacion\/#respond\"]}]},{\"@type\":\"WebPage\",\"@id\":\"https:\/\/luchonoticias.com\/editor\/huila-sera-piloto-nacional-en-implementar-reglamento-para-exportar-cafe-a-la-union-europea-libre-de-deforestacion\/\",\"url\":\"https:\/\/luchonoticias.com\/editor\/huila-sera-piloto-nacional-en-implementar-reglamento-para-exportar-cafe-a-la-union-europea-libre-de-deforestacion\/\",\"name\":\"Huila ser\u00e1 piloto nacional en implementar reglamento para exportar caf\u00e9 a la Uni\u00f3n Europea libre de deforestaci\u00f3n -\",\"isPartOf\":{\"@id\":\"https:\/\/luchonoticias.com\/editor\/#website\"},\"datePublished\":\"2024-01-20T20:08:28+00:00\",\"dateModified\":\"2024-01-20T20:08:29+00:00\",\"breadcrumb\":{\"@id\":\"https:\/\/luchonoticias.com\/editor\/huila-sera-piloto-nacional-en-implementar-reglamento-para-exportar-cafe-a-la-union-europea-libre-de-deforestacion\/#breadcrumb\"},\"inLanguage\":\"es\",\"potentialAction\":[{\"@type\":\"ReadAction\",\"target\":[\"https:\/\/luchonoticias.com\/editor\/huila-sera-piloto-nacional-en-implementar-reglamento-para-exportar-cafe-a-la-union-europea-libre-de-deforestacion\/\"]}]},{\"@type\":\"BreadcrumbList\",\"@id\":\"https:\/\/luchonoticias.com\/editor\/huila-sera-piloto-nacional-en-implementar-reglamento-para-exportar-cafe-a-la-union-europea-libre-de-deforestacion\/#breadcrumb\",\"itemListElement\":[{\"@type\":\"ListItem\",\"position\":1,\"name\":\"Portada\",\"item\":\"https:\/\/luchonoticias.com\/editor\/\"},{\"@type\":\"ListItem\",\"position\":2,\"name\":\"Huila ser\u00e1 piloto nacional en implementar reglamento para exportar caf\u00e9 a la Uni\u00f3n Europea libre de deforestaci\u00f3n\"}]},{\"@type\":\"WebSite\",\"@id\":\"https:\/\/luchonoticias.com\/editor\/#website\",\"url\":\"https:\/\/luchonoticias.com\/editor\/\",\"name\":\"\",\"description\":\"\",\"publisher\":{\"@id\":\"https:\/\/luchonoticias.com\/editor\/#\/schema\/person\/7a7fd911f58561fd056dbac7b55af9cd\"},\"potentialAction\":[{\"@type\":\"SearchAction\",\"target\":{\"@type\":\"EntryPoint\",\"urlTemplate\":\"https:\/\/luchonoticias.com\/editor\/?s={search_term_string}\"},\"query-input\":{\"@type\":\"PropertyValueSpecification\",\"valueRequired\":true,\"valueName\":\"search_term_string\"}}],\"inLanguage\":\"es\"},{\"@type\":[\"Person\",\"Organization\"],\"@id\":\"https:\/\/luchonoticias.com\/editor\/#\/schema\/person\/7a7fd911f58561fd056dbac7b55af9cd\",\"name\":\"admin\",\"image\":{\"@type\":\"ImageObject\",\"inLanguage\":\"es\",\"@id\":\"https:\/\/luchonoticias.com\/editor\/#\/schema\/person\/image\/\",\"url\":\"https:\/\/luchonoticias.com\/editor\/wp-content\/uploads\/2024\/02\/cropped-cropped-logolu.webp\",\"contentUrl\":\"https:\/\/luchonoticias.com\/editor\/wp-content\/uploads\/2024\/02\/cropped-cropped-logolu.webp\",\"width\":382,\"height\":170,\"caption\":\"admin\"},\"logo\":{\"@id\":\"https:\/\/luchonoticias.com\/editor\/#\/schema\/person\/image\/\"},\"sameAs\":[\"https:\/\/www.facebook.com\/luchonoticiasneiva\"]},{\"@type\":\"Person\",\"@id\":\"https:\/\/luchonoticias.com\/editor\/#\/schema\/person\/29217990ddf6f14e35912b2866d591fb\",\"name\":\"Editor General\",\"image\":{\"@type\":\"ImageObject\",\"inLanguage\":\"es\",\"@id\":\"https:\/\/luchonoticias.com\/editor\/#\/schema\/person\/image\/\",\"url\":\"https:\/\/luchonoticias.com\/editor\/wp-content\/uploads\/2024\/02\/cropped-cropped-logolu-150x150.webp\",\"contentUrl\":\"https:\/\/luchonoticias.com\/editor\/wp-content\/uploads\/2024\/02\/cropped-cropped-logolu-150x150.webp\",\"caption\":\"Editor General\"},\"sameAs\":[\"https:\/\/luchonoticias.com\/\"],\"url\":\"https:\/\/luchonoticias.com\/editor\/author\/editor-general\/\"}]}<\/script>\n<!-- \/ Yoast SEO plugin. -->","yoast_head_json":{"title":"Huila ser\u00e1 piloto nacional en implementar reglamento para exportar caf\u00e9 a la Uni\u00f3n Europea libre de deforestaci\u00f3n -","robots":{"index":"index","follow":"follow","max-snippet":"max-snippet:-1","max-image-preview":"max-image-preview:large","max-video-preview":"max-video-preview:-1"},"canonical":"https:\/\/luchonoticias.com\/editor\/huila-sera-piloto-nacional-en-implementar-reglamento-para-exportar-cafe-a-la-union-europea-libre-de-deforestacion\/","og_locale":"es_ES","og_type":"article","og_title":"Huila ser\u00e1 piloto nacional en implementar reglamento para exportar caf\u00e9 a la Uni\u00f3n Europea libre de deforestaci\u00f3n -","og_url":"https:\/\/luchonoticias.com\/editor\/huila-sera-piloto-nacional-en-implementar-reglamento-para-exportar-cafe-a-la-union-europea-libre-de-deforestacion\/","article_publisher":"https:\/\/www.facebook.com\/luchonoticiasneiva","article_published_time":"2024-01-20T20:08:28+00:00","article_modified_time":"2024-01-20T20:08:29+00:00","author":"Editor General","twitter_card":"summary_large_image","twitter_misc":{"Escrito por":"Editor General","Tiempo de lectura":"4 minutos"},"schema":{"@context":"https:\/\/schema.org","@graph":[{"@type":"Article","@id":"https:\/\/luchonoticias.com\/editor\/huila-sera-piloto-nacional-en-implementar-reglamento-para-exportar-cafe-a-la-union-europea-libre-de-deforestacion\/#article","isPartOf":{"@id":"https:\/\/luchonoticias.com\/editor\/huila-sera-piloto-nacional-en-implementar-reglamento-para-exportar-cafe-a-la-union-europea-libre-de-deforestacion\/"},"author":{"name":"Editor General","@id":"https:\/\/luchonoticias.com\/editor\/#\/schema\/person\/29217990ddf6f14e35912b2866d591fb"},"headline":"Huila ser\u00e1 piloto nacional en implementar reglamento para exportar caf\u00e9 a la Uni\u00f3n Europea libre de deforestaci\u00f3n","datePublished":"2024-01-20T20:08:28+00:00","dateModified":"2024-01-20T20:08:29+00:00","mainEntityOfPage":{"@id":"https:\/\/luchonoticias.com\/editor\/huila-sera-piloto-nacional-en-implementar-reglamento-para-exportar-cafe-a-la-union-europea-libre-de-deforestacion\/"},"wordCount":791,"commentCount":0,"publisher":{"@id":"https:\/\/luchonoticias.com\/editor\/#\/schema\/person\/7a7fd911f58561fd056dbac7b55af9cd"},"articleSection":["Destacado","Regional"],"inLanguage":"es","potentialAction":[{"@type":"CommentAction","name":"Comment","target":["https:\/\/luchonoticias.com\/editor\/huila-sera-piloto-nacional-en-implementar-reglamento-para-exportar-cafe-a-la-union-europea-libre-de-deforestacion\/#respond"]}]},{"@type":"WebPage","@id":"https:\/\/luchonoticias.com\/editor\/huila-sera-piloto-nacional-en-implementar-reglamento-para-exportar-cafe-a-la-union-europea-libre-de-deforestacion\/","url":"https:\/\/luchonoticias.com\/editor\/huila-sera-piloto-nacional-en-implementar-reglamento-para-exportar-cafe-a-la-union-europea-libre-de-deforestacion\/","name":"Huila ser\u00e1 piloto nacional en implementar reglamento para exportar caf\u00e9 a la Uni\u00f3n Europea libre de deforestaci\u00f3n -","isPartOf":{"@id":"https:\/\/luchonoticias.com\/editor\/#website"},"datePublished":"2024-01-20T20:08:28+00:00","dateModified":"2024-01-20T20:08:29+00:00","breadcrumb":{"@id":"https:\/\/luchonoticias.com\/editor\/huila-sera-piloto-nacional-en-implementar-reglamento-para-exportar-cafe-a-la-union-europea-libre-de-deforestacion\/#breadcrumb"},"inLanguage":"es","potentialAction":[{"@type":"ReadAction","target":["https:\/\/luchonoticias.com\/editor\/huila-sera-piloto-nacional-en-implementar-reglamento-para-exportar-cafe-a-la-union-europea-libre-de-deforestacion\/"]}]},{"@type":"BreadcrumbList","@id":"https:\/\/luchonoticias.com\/editor\/huila-sera-piloto-nacional-en-implementar-reglamento-para-exportar-cafe-a-la-union-europea-libre-de-deforestacion\/#breadcrumb","itemListElement":[{"@type":"ListItem","position":1,"name":"Portada","item":"https:\/\/luchonoticias.com\/editor\/"},{"@type":"ListItem","position":2,"name":"Huila ser\u00e1 piloto nacional en implementar reglamento para exportar caf\u00e9 a la Uni\u00f3n Europea libre de deforestaci\u00f3n"}]},{"@type":"WebSite","@id":"https:\/\/luchonoticias.com\/editor\/#website","url":"https:\/\/luchonoticias.com\/editor\/","name":"","description":"","publisher":{"@id":"https:\/\/luchonoticias.com\/editor\/#\/schema\/person\/7a7fd911f58561fd056dbac7b55af9cd"},"potentialAction":[{"@type":"SearchAction","target":{"@type":"EntryPoint","urlTemplate":"https:\/\/luchonoticias.com\/editor\/?s={search_term_string}"},"query-input":{"@type":"PropertyValueSpecification","valueRequired":true,"valueName":"search_term_string"}}],"inLanguage":"es"},{"@type":["Person","Organization"],"@id":"https:\/\/luchonoticias.com\/editor\/#\/schema\/person\/7a7fd911f58561fd056dbac7b55af9cd","name":"admin","image":{"@type":"ImageObject","inLanguage":"es","@id":"https:\/\/luchonoticias.com\/editor\/#\/schema\/person\/image\/","url":"https:\/\/luchonoticias.com\/editor\/wp-content\/uploads\/2024\/02\/cropped-cropped-logolu.webp","contentUrl":"https:\/\/luchonoticias.com\/editor\/wp-content\/uploads\/2024\/02\/cropped-cropped-logolu.webp","width":382,"height":170,"caption":"admin"},"logo":{"@id":"https:\/\/luchonoticias.com\/editor\/#\/schema\/person\/image\/"},"sameAs":["https:\/\/www.facebook.com\/luchonoticiasneiva"]},{"@type":"Person","@id":"https:\/\/luchonoticias.com\/editor\/#\/schema\/person\/29217990ddf6f14e35912b2866d591fb","name":"Editor General","image":{"@type":"ImageObject","inLanguage":"es","@id":"https:\/\/luchonoticias.com\/editor\/#\/schema\/person\/image\/","url":"https:\/\/luchonoticias.com\/editor\/wp-content\/uploads\/2024\/02\/cropped-cropped-logolu-150x150.webp","contentUrl":"https:\/\/luchonoticias.com\/editor\/wp-content\/uploads\/2024\/02\/cropped-cropped-logolu-150x150.webp","caption":"Editor General"},"sameAs":["https:\/\/luchonoticias.com\/"],"url":"https:\/\/luchonoticias.com\/editor\/author\/editor-general\/"}]}},"_links":{"self":[{"href":"https:\/\/luchonoticias.com\/editor\/wp-json\/wp\/v2\/posts\/67210","targetHints":{"allow":["GET"]}}],"collection":[{"href":"https:\/\/luchonoticias.com\/editor\/wp-json\/wp\/v2\/posts"}],"about":[{"href":"https:\/\/luchonoticias.com\/editor\/wp-json\/wp\/v2\/types\/post"}],"author":[{"embeddable":true,"href":"https:\/\/luchonoticias.com\/editor\/wp-json\/wp\/v2\/users\/2"}],"replies":[{"embeddable":true,"href":"https:\/\/luchonoticias.com\/editor\/wp-json\/wp\/v2\/comments?post=67210"}],"version-history":[{"count":0,"href":"https:\/\/luchonoticias.com\/editor\/wp-json\/wp\/v2\/posts\/67210\/revisions"}],"wp:attachment":[{"href":"https:\/\/luchonoticias.com\/editor\/wp-json\/wp\/v2\/media?parent=67210"}],"wp:term":[{"taxonomy":"category","embeddable":true,"href":"https:\/\/luchonoticias.com\/editor\/wp-json\/wp\/v2\/categories?post=67210"},{"taxonomy":"post_tag","embeddable":true,"href":"https:\/\/luchonoticias.com\/editor\/wp-json\/wp\/v2\/tags?post=67210"}],"curies":[{"name":"wp","href":"https:\/\/api.w.org\/{rel}","templated":true}]}}