{"id":67251,"date":"2024-01-21T06:28:14","date_gmt":"2024-01-21T11:28:14","guid":{"rendered":"https:\/\/luchonoticias.com\/?p=67251"},"modified":"2024-01-21T06:28:15","modified_gmt":"2024-01-21T11:28:15","slug":"herdulfo-fue-capturado-por-el-delito-de-porte-ilegal-de-armas-de-fuego-en-neiva","status":"publish","type":"post","link":"https:\/\/luchonoticias.com\/editor\/herdulfo-fue-capturado-por-el-delito-de-porte-ilegal-de-armas-de-fuego-en-neiva\/","title":{"rendered":"\u2018Herdulfo\u2019 fue capturado por el delito de Porte Ilegal de Armas de fuego en Neiva"},"content":{"rendered":"\n<p>Esta acci\u00f3n policial la desarrollaron los uniformados adscritos a la Seccional de Investigaci\u00f3n Criminal SIJIN, quienes mediante planes de prevenci\u00f3n y control en la calle 2 C con carrera 38, barrio Rafael Azuero de la comuna 8, logran la captura de un hombre conocido como \u00abHerdulfo\u201d de 54 a\u00f1os de edad, quien al practicarle un registro se le encuentra en su poder un arma de fuego tipo pistola traum\u00e1tica, dos cargadores con municiones y 40 cartuchos calibre 9 mil\u00edmetros.<\/p>\n\n\n\n<p>\u00abHerdulfo\u00bb a quien le figuran anotaciones judiciales por los delitos de Porte Ilegal de armas, Extorsi\u00f3n, secuestro extorsivo, hurto calificado y amenazas, fue dejado a disposici\u00f3n de la autoridad competente por el delito de tr\u00e1fico, fabricaci\u00f3n, porte o tenencia de armas de fuego, partes o municiones, ante un juez de control y garant\u00eda, quien decidir\u00e1 su situaci\u00f3n jur\u00eddica.<\/p>\n\n\n\n<p>La Polic\u00eda Nacional seguir\u00e1 realizando estos controles, por lo que invita a la ciudadan\u00eda para que denuncie cualquier situaci\u00f3n a trav\u00e9s de la l\u00ednea de emergencia 123 o con la patrulla del cuadrante m\u00e1s cercano.<\/p>\n","protected":false},"excerpt":{"rendered":"<p>Esta acci\u00f3n policial la desarrollaron los uniformados adscritos a la Seccional de Investigaci\u00f3n Criminal SIJIN, quienes mediante planes de prevenci\u00f3n y control en la calle 2 C con carrera 38, barrio Rafael Azuero de la comuna 8, logran la captura de un hombre conocido como \u00abHerdulfo\u201d de 54 a\u00f1os de edad, quien al practicarle un [&hellip;]<\/p>\n","protected":false},"author":2,"featured_media":0,"comment_status":"open","ping_status":"open","sticky":false,"template":"","format":"standard","meta":{"footnotes":""},"categories":[36,29],"tags":[],"class_list":["post-67251","post","type-post","status-publish","format-standard","hentry","category-destacado","category-judicial"],"yoast_head":"<!-- This site is optimized with the Yoast SEO plugin v26.6 - https:\/\/yoast.com\/wordpress\/plugins\/seo\/ -->\n<title>\u2018Herdulfo\u2019 fue capturado por el delito de Porte Ilegal de Armas de fuego en Neiva -<\/title>\n<meta name=\"robots\" content=\"index, follow, max-snippet:-1, max-image-preview:large, max-video-preview:-1\" \/>\n<link rel=\"canonical\" href=\"https:\/\/luchonoticias.com\/editor\/herdulfo-fue-capturado-por-el-delito-de-porte-ilegal-de-armas-de-fuego-en-neiva\/\" \/>\n<meta property=\"og:locale\" content=\"es_ES\" \/>\n<meta property=\"og:type\" content=\"article\" \/>\n<meta property=\"og:title\" content=\"\u2018Herdulfo\u2019 fue capturado por el delito de Porte Ilegal de Armas de fuego en Neiva -\" \/>\n<meta property=\"og:url\" content=\"https:\/\/luchonoticias.com\/editor\/herdulfo-fue-capturado-por-el-delito-de-porte-ilegal-de-armas-de-fuego-en-neiva\/\" \/>\n<meta property=\"article:publisher\" content=\"https:\/\/www.facebook.com\/luchonoticiasneiva\" \/>\n<meta property=\"article:published_time\" content=\"2024-01-21T11:28:14+00:00\" \/>\n<meta property=\"article:modified_time\" content=\"2024-01-21T11:28:15+00:00\" \/>\n<meta name=\"author\" content=\"Editor General\" \/>\n<meta name=\"twitter:card\" content=\"summary_large_image\" \/>\n<meta name=\"twitter:label1\" content=\"Escrito por\" \/>\n\t<meta name=\"twitter:data1\" content=\"Editor General\" \/>\n\t<meta name=\"twitter:label2\" content=\"Tiempo de lectura\" \/>\n\t<meta name=\"twitter:data2\" content=\"1 minuto\" \/>\n<script type=\"application\/ld+json\" class=\"yoast-schema-graph\">{\"@context\":\"https:\/\/schema.org\",\"@graph\":[{\"@type\":\"Article\",\"@id\":\"https:\/\/luchonoticias.com\/editor\/herdulfo-fue-capturado-por-el-delito-de-porte-ilegal-de-armas-de-fuego-en-neiva\/#article\",\"isPartOf\":{\"@id\":\"https:\/\/luchonoticias.com\/editor\/herdulfo-fue-capturado-por-el-delito-de-porte-ilegal-de-armas-de-fuego-en-neiva\/\"},\"author\":{\"name\":\"Editor General\",\"@id\":\"https:\/\/luchonoticias.com\/editor\/#\/schema\/person\/29217990ddf6f14e35912b2866d591fb\"},\"headline\":\"\u2018Herdulfo\u2019 fue capturado por el delito de Porte Ilegal de Armas de fuego en Neiva\",\"datePublished\":\"2024-01-21T11:28:14+00:00\",\"dateModified\":\"2024-01-21T11:28:15+00:00\",\"mainEntityOfPage\":{\"@id\":\"https:\/\/luchonoticias.com\/editor\/herdulfo-fue-capturado-por-el-delito-de-porte-ilegal-de-armas-de-fuego-en-neiva\/\"},\"wordCount\":199,\"commentCount\":0,\"publisher\":{\"@id\":\"https:\/\/luchonoticias.com\/editor\/#\/schema\/person\/7a7fd911f58561fd056dbac7b55af9cd\"},\"articleSection\":[\"Destacado\",\"Judicial\"],\"inLanguage\":\"es\",\"potentialAction\":[{\"@type\":\"CommentAction\",\"name\":\"Comment\",\"target\":[\"https:\/\/luchonoticias.com\/editor\/herdulfo-fue-capturado-por-el-delito-de-porte-ilegal-de-armas-de-fuego-en-neiva\/#respond\"]}]},{\"@type\":\"WebPage\",\"@id\":\"https:\/\/luchonoticias.com\/editor\/herdulfo-fue-capturado-por-el-delito-de-porte-ilegal-de-armas-de-fuego-en-neiva\/\",\"url\":\"https:\/\/luchonoticias.com\/editor\/herdulfo-fue-capturado-por-el-delito-de-porte-ilegal-de-armas-de-fuego-en-neiva\/\",\"name\":\"\u2018Herdulfo\u2019 fue capturado por el delito de Porte Ilegal de Armas de fuego en Neiva -\",\"isPartOf\":{\"@id\":\"https:\/\/luchonoticias.com\/editor\/#website\"},\"datePublished\":\"2024-01-21T11:28:14+00:00\",\"dateModified\":\"2024-01-21T11:28:15+00:00\",\"breadcrumb\":{\"@id\":\"https:\/\/luchonoticias.com\/editor\/herdulfo-fue-capturado-por-el-delito-de-porte-ilegal-de-armas-de-fuego-en-neiva\/#breadcrumb\"},\"inLanguage\":\"es\",\"potentialAction\":[{\"@type\":\"ReadAction\",\"target\":[\"https:\/\/luchonoticias.com\/editor\/herdulfo-fue-capturado-por-el-delito-de-porte-ilegal-de-armas-de-fuego-en-neiva\/\"]}]},{\"@type\":\"BreadcrumbList\",\"@id\":\"https:\/\/luchonoticias.com\/editor\/herdulfo-fue-capturado-por-el-delito-de-porte-ilegal-de-armas-de-fuego-en-neiva\/#breadcrumb\",\"itemListElement\":[{\"@type\":\"ListItem\",\"position\":1,\"name\":\"Portada\",\"item\":\"https:\/\/luchonoticias.com\/editor\/\"},{\"@type\":\"ListItem\",\"position\":2,\"name\":\"\u2018Herdulfo\u2019 fue capturado por el delito de Porte Ilegal de Armas de fuego en Neiva\"}]},{\"@type\":\"WebSite\",\"@id\":\"https:\/\/luchonoticias.com\/editor\/#website\",\"url\":\"https:\/\/luchonoticias.com\/editor\/\",\"name\":\"\",\"description\":\"\",\"publisher\":{\"@id\":\"https:\/\/luchonoticias.com\/editor\/#\/schema\/person\/7a7fd911f58561fd056dbac7b55af9cd\"},\"potentialAction\":[{\"@type\":\"SearchAction\",\"target\":{\"@type\":\"EntryPoint\",\"urlTemplate\":\"https:\/\/luchonoticias.com\/editor\/?s={search_term_string}\"},\"query-input\":{\"@type\":\"PropertyValueSpecification\",\"valueRequired\":true,\"valueName\":\"search_term_string\"}}],\"inLanguage\":\"es\"},{\"@type\":[\"Person\",\"Organization\"],\"@id\":\"https:\/\/luchonoticias.com\/editor\/#\/schema\/person\/7a7fd911f58561fd056dbac7b55af9cd\",\"name\":\"admin\",\"image\":{\"@type\":\"ImageObject\",\"inLanguage\":\"es\",\"@id\":\"https:\/\/luchonoticias.com\/editor\/#\/schema\/person\/image\/\",\"url\":\"https:\/\/luchonoticias.com\/editor\/wp-content\/uploads\/2024\/02\/cropped-cropped-logolu.webp\",\"contentUrl\":\"https:\/\/luchonoticias.com\/editor\/wp-content\/uploads\/2024\/02\/cropped-cropped-logolu.webp\",\"width\":382,\"height\":170,\"caption\":\"admin\"},\"logo\":{\"@id\":\"https:\/\/luchonoticias.com\/editor\/#\/schema\/person\/image\/\"},\"sameAs\":[\"https:\/\/www.facebook.com\/luchonoticiasneiva\"]},{\"@type\":\"Person\",\"@id\":\"https:\/\/luchonoticias.com\/editor\/#\/schema\/person\/29217990ddf6f14e35912b2866d591fb\",\"name\":\"Editor General\",\"image\":{\"@type\":\"ImageObject\",\"inLanguage\":\"es\",\"@id\":\"https:\/\/luchonoticias.com\/editor\/#\/schema\/person\/image\/\",\"url\":\"https:\/\/luchonoticias.com\/editor\/wp-content\/uploads\/2024\/02\/cropped-cropped-logolu-150x150.webp\",\"contentUrl\":\"https:\/\/luchonoticias.com\/editor\/wp-content\/uploads\/2024\/02\/cropped-cropped-logolu-150x150.webp\",\"caption\":\"Editor General\"},\"sameAs\":[\"https:\/\/luchonoticias.com\/\"],\"url\":\"https:\/\/luchonoticias.com\/editor\/author\/editor-general\/\"}]}<\/script>\n<!-- \/ Yoast SEO plugin. -->","yoast_head_json":{"title":"\u2018Herdulfo\u2019 fue capturado por el delito de Porte Ilegal de Armas de fuego en Neiva -","robots":{"index":"index","follow":"follow","max-snippet":"max-snippet:-1","max-image-preview":"max-image-preview:large","max-video-preview":"max-video-preview:-1"},"canonical":"https:\/\/luchonoticias.com\/editor\/herdulfo-fue-capturado-por-el-delito-de-porte-ilegal-de-armas-de-fuego-en-neiva\/","og_locale":"es_ES","og_type":"article","og_title":"\u2018Herdulfo\u2019 fue capturado por el delito de Porte Ilegal de Armas de fuego en Neiva -","og_url":"https:\/\/luchonoticias.com\/editor\/herdulfo-fue-capturado-por-el-delito-de-porte-ilegal-de-armas-de-fuego-en-neiva\/","article_publisher":"https:\/\/www.facebook.com\/luchonoticiasneiva","article_published_time":"2024-01-21T11:28:14+00:00","article_modified_time":"2024-01-21T11:28:15+00:00","author":"Editor General","twitter_card":"summary_large_image","twitter_misc":{"Escrito por":"Editor General","Tiempo de lectura":"1 minuto"},"schema":{"@context":"https:\/\/schema.org","@graph":[{"@type":"Article","@id":"https:\/\/luchonoticias.com\/editor\/herdulfo-fue-capturado-por-el-delito-de-porte-ilegal-de-armas-de-fuego-en-neiva\/#article","isPartOf":{"@id":"https:\/\/luchonoticias.com\/editor\/herdulfo-fue-capturado-por-el-delito-de-porte-ilegal-de-armas-de-fuego-en-neiva\/"},"author":{"name":"Editor General","@id":"https:\/\/luchonoticias.com\/editor\/#\/schema\/person\/29217990ddf6f14e35912b2866d591fb"},"headline":"\u2018Herdulfo\u2019 fue capturado por el delito de Porte Ilegal de Armas de fuego en Neiva","datePublished":"2024-01-21T11:28:14+00:00","dateModified":"2024-01-21T11:28:15+00:00","mainEntityOfPage":{"@id":"https:\/\/luchonoticias.com\/editor\/herdulfo-fue-capturado-por-el-delito-de-porte-ilegal-de-armas-de-fuego-en-neiva\/"},"wordCount":199,"commentCount":0,"publisher":{"@id":"https:\/\/luchonoticias.com\/editor\/#\/schema\/person\/7a7fd911f58561fd056dbac7b55af9cd"},"articleSection":["Destacado","Judicial"],"inLanguage":"es","potentialAction":[{"@type":"CommentAction","name":"Comment","target":["https:\/\/luchonoticias.com\/editor\/herdulfo-fue-capturado-por-el-delito-de-porte-ilegal-de-armas-de-fuego-en-neiva\/#respond"]}]},{"@type":"WebPage","@id":"https:\/\/luchonoticias.com\/editor\/herdulfo-fue-capturado-por-el-delito-de-porte-ilegal-de-armas-de-fuego-en-neiva\/","url":"https:\/\/luchonoticias.com\/editor\/herdulfo-fue-capturado-por-el-delito-de-porte-ilegal-de-armas-de-fuego-en-neiva\/","name":"\u2018Herdulfo\u2019 fue capturado por el delito de Porte Ilegal de Armas de fuego en Neiva -","isPartOf":{"@id":"https:\/\/luchonoticias.com\/editor\/#website"},"datePublished":"2024-01-21T11:28:14+00:00","dateModified":"2024-01-21T11:28:15+00:00","breadcrumb":{"@id":"https:\/\/luchonoticias.com\/editor\/herdulfo-fue-capturado-por-el-delito-de-porte-ilegal-de-armas-de-fuego-en-neiva\/#breadcrumb"},"inLanguage":"es","potentialAction":[{"@type":"ReadAction","target":["https:\/\/luchonoticias.com\/editor\/herdulfo-fue-capturado-por-el-delito-de-porte-ilegal-de-armas-de-fuego-en-neiva\/"]}]},{"@type":"BreadcrumbList","@id":"https:\/\/luchonoticias.com\/editor\/herdulfo-fue-capturado-por-el-delito-de-porte-ilegal-de-armas-de-fuego-en-neiva\/#breadcrumb","itemListElement":[{"@type":"ListItem","position":1,"name":"Portada","item":"https:\/\/luchonoticias.com\/editor\/"},{"@type":"ListItem","position":2,"name":"\u2018Herdulfo\u2019 fue capturado por el delito de Porte Ilegal de Armas de fuego en Neiva"}]},{"@type":"WebSite","@id":"https:\/\/luchonoticias.com\/editor\/#website","url":"https:\/\/luchonoticias.com\/editor\/","name":"","description":"","publisher":{"@id":"https:\/\/luchonoticias.com\/editor\/#\/schema\/person\/7a7fd911f58561fd056dbac7b55af9cd"},"potentialAction":[{"@type":"SearchAction","target":{"@type":"EntryPoint","urlTemplate":"https:\/\/luchonoticias.com\/editor\/?s={search_term_string}"},"query-input":{"@type":"PropertyValueSpecification","valueRequired":true,"valueName":"search_term_string"}}],"inLanguage":"es"},{"@type":["Person","Organization"],"@id":"https:\/\/luchonoticias.com\/editor\/#\/schema\/person\/7a7fd911f58561fd056dbac7b55af9cd","name":"admin","image":{"@type":"ImageObject","inLanguage":"es","@id":"https:\/\/luchonoticias.com\/editor\/#\/schema\/person\/image\/","url":"https:\/\/luchonoticias.com\/editor\/wp-content\/uploads\/2024\/02\/cropped-cropped-logolu.webp","contentUrl":"https:\/\/luchonoticias.com\/editor\/wp-content\/uploads\/2024\/02\/cropped-cropped-logolu.webp","width":382,"height":170,"caption":"admin"},"logo":{"@id":"https:\/\/luchonoticias.com\/editor\/#\/schema\/person\/image\/"},"sameAs":["https:\/\/www.facebook.com\/luchonoticiasneiva"]},{"@type":"Person","@id":"https:\/\/luchonoticias.com\/editor\/#\/schema\/person\/29217990ddf6f14e35912b2866d591fb","name":"Editor General","image":{"@type":"ImageObject","inLanguage":"es","@id":"https:\/\/luchonoticias.com\/editor\/#\/schema\/person\/image\/","url":"https:\/\/luchonoticias.com\/editor\/wp-content\/uploads\/2024\/02\/cropped-cropped-logolu-150x150.webp","contentUrl":"https:\/\/luchonoticias.com\/editor\/wp-content\/uploads\/2024\/02\/cropped-cropped-logolu-150x150.webp","caption":"Editor General"},"sameAs":["https:\/\/luchonoticias.com\/"],"url":"https:\/\/luchonoticias.com\/editor\/author\/editor-general\/"}]}},"_links":{"self":[{"href":"https:\/\/luchonoticias.com\/editor\/wp-json\/wp\/v2\/posts\/67251","targetHints":{"allow":["GET"]}}],"collection":[{"href":"https:\/\/luchonoticias.com\/editor\/wp-json\/wp\/v2\/posts"}],"about":[{"href":"https:\/\/luchonoticias.com\/editor\/wp-json\/wp\/v2\/types\/post"}],"author":[{"embeddable":true,"href":"https:\/\/luchonoticias.com\/editor\/wp-json\/wp\/v2\/users\/2"}],"replies":[{"embeddable":true,"href":"https:\/\/luchonoticias.com\/editor\/wp-json\/wp\/v2\/comments?post=67251"}],"version-history":[{"count":0,"href":"https:\/\/luchonoticias.com\/editor\/wp-json\/wp\/v2\/posts\/67251\/revisions"}],"wp:attachment":[{"href":"https:\/\/luchonoticias.com\/editor\/wp-json\/wp\/v2\/media?parent=67251"}],"wp:term":[{"taxonomy":"category","embeddable":true,"href":"https:\/\/luchonoticias.com\/editor\/wp-json\/wp\/v2\/categories?post=67251"},{"taxonomy":"post_tag","embeddable":true,"href":"https:\/\/luchonoticias.com\/editor\/wp-json\/wp\/v2\/tags?post=67251"}],"curies":[{"name":"wp","href":"https:\/\/api.w.org\/{rel}","templated":true}]}}