{"id":67290,"date":"2024-01-22T07:31:15","date_gmt":"2024-01-22T12:31:15","guid":{"rendered":"https:\/\/luchonoticias.com\/?p=67290"},"modified":"2024-01-22T07:31:16","modified_gmt":"2024-01-22T12:31:16","slug":"capturadas-en-campoalegre-vendiendo-dos-motocicletas-hurtadas-en-neiva","status":"publish","type":"post","link":"https:\/\/luchonoticias.com\/editor\/capturadas-en-campoalegre-vendiendo-dos-motocicletas-hurtadas-en-neiva\/","title":{"rendered":"Capturadas en Campoalegre vendiendo dos motocicletas hurtadas en Neiva"},"content":{"rendered":"\n<p>Hace pocas horas fueron capturados dos sujetos quienes ofrec\u00edan en el barrio San Francisco de la Capital Arrocera del Huila, dos motocicletas que en d\u00edas anteriores hab\u00edan sido hurtadas a un ciudadano en el municipio de Neiva.<\/p>\n\n\n\n<p>La patrulla del cuadrante logr\u00f3 la captura de los dos sujetos en flagrancia en el momento en que se encontraban vendiendo las motocicletas, la capturas fueron posibles gracias a la informaci\u00f3n aportada por una fuente humana.<\/p>\n\n\n\n<p>Durante el \u00faltimo fin de semana en el municipio de Campoalegre se presentaron importantes capturas, as\u00ed como la incautaci\u00f3n de gran cantidad de estupefacientes y otros resultados operativos que fueron posibles gracias al comando situacional que se adelanta en el municipio.<\/p>\n\n\n\n<p>El coronel William Javier Lara Avenda\u00f1o, comandante del departamento de Polic\u00eda Huila indic\u00f3 que el comando situacional que se realiza en el municipio de campoalegre es una estrategia de seguridad con el fin de evitar la comisi\u00f3n de delitos y dar captura a actores criminales que delinquen en el municipio.<\/p>\n","protected":false},"excerpt":{"rendered":"<p>Hace pocas horas fueron capturados dos sujetos quienes ofrec\u00edan en el barrio San Francisco de la Capital Arrocera del Huila, dos motocicletas que en d\u00edas anteriores hab\u00edan sido hurtadas a un ciudadano en el municipio de Neiva. La patrulla del cuadrante logr\u00f3 la captura de los dos sujetos en flagrancia en el momento en que [&hellip;]<\/p>\n","protected":false},"author":2,"featured_media":0,"comment_status":"open","ping_status":"open","sticky":false,"template":"","format":"standard","meta":{"footnotes":""},"categories":[36,29],"tags":[],"class_list":["post-67290","post","type-post","status-publish","format-standard","hentry","category-destacado","category-judicial"],"yoast_head":"<!-- This site is optimized with the Yoast SEO plugin v26.6 - https:\/\/yoast.com\/wordpress\/plugins\/seo\/ -->\n<title>Capturadas en Campoalegre vendiendo dos motocicletas hurtadas en Neiva -<\/title>\n<meta name=\"robots\" content=\"index, follow, max-snippet:-1, max-image-preview:large, max-video-preview:-1\" \/>\n<link rel=\"canonical\" href=\"https:\/\/luchonoticias.com\/editor\/capturadas-en-campoalegre-vendiendo-dos-motocicletas-hurtadas-en-neiva\/\" \/>\n<meta property=\"og:locale\" content=\"es_ES\" \/>\n<meta property=\"og:type\" content=\"article\" \/>\n<meta property=\"og:title\" content=\"Capturadas en Campoalegre vendiendo dos motocicletas hurtadas en Neiva -\" \/>\n<meta property=\"og:url\" content=\"https:\/\/luchonoticias.com\/editor\/capturadas-en-campoalegre-vendiendo-dos-motocicletas-hurtadas-en-neiva\/\" \/>\n<meta property=\"article:publisher\" content=\"https:\/\/www.facebook.com\/luchonoticiasneiva\" \/>\n<meta property=\"article:published_time\" content=\"2024-01-22T12:31:15+00:00\" \/>\n<meta property=\"article:modified_time\" content=\"2024-01-22T12:31:16+00:00\" \/>\n<meta name=\"author\" content=\"Editor General\" \/>\n<meta name=\"twitter:card\" content=\"summary_large_image\" \/>\n<meta name=\"twitter:label1\" content=\"Escrito por\" \/>\n\t<meta name=\"twitter:data1\" content=\"Editor General\" \/>\n\t<meta name=\"twitter:label2\" content=\"Tiempo de lectura\" \/>\n\t<meta name=\"twitter:data2\" content=\"1 minuto\" \/>\n<script type=\"application\/ld+json\" class=\"yoast-schema-graph\">{\"@context\":\"https:\/\/schema.org\",\"@graph\":[{\"@type\":\"Article\",\"@id\":\"https:\/\/luchonoticias.com\/editor\/capturadas-en-campoalegre-vendiendo-dos-motocicletas-hurtadas-en-neiva\/#article\",\"isPartOf\":{\"@id\":\"https:\/\/luchonoticias.com\/editor\/capturadas-en-campoalegre-vendiendo-dos-motocicletas-hurtadas-en-neiva\/\"},\"author\":{\"name\":\"Editor General\",\"@id\":\"https:\/\/luchonoticias.com\/editor\/#\/schema\/person\/29217990ddf6f14e35912b2866d591fb\"},\"headline\":\"Capturadas en Campoalegre vendiendo dos motocicletas hurtadas en Neiva\",\"datePublished\":\"2024-01-22T12:31:15+00:00\",\"dateModified\":\"2024-01-22T12:31:16+00:00\",\"mainEntityOfPage\":{\"@id\":\"https:\/\/luchonoticias.com\/editor\/capturadas-en-campoalegre-vendiendo-dos-motocicletas-hurtadas-en-neiva\/\"},\"wordCount\":181,\"commentCount\":0,\"publisher\":{\"@id\":\"https:\/\/luchonoticias.com\/editor\/#\/schema\/person\/7a7fd911f58561fd056dbac7b55af9cd\"},\"articleSection\":[\"Destacado\",\"Judicial\"],\"inLanguage\":\"es\",\"potentialAction\":[{\"@type\":\"CommentAction\",\"name\":\"Comment\",\"target\":[\"https:\/\/luchonoticias.com\/editor\/capturadas-en-campoalegre-vendiendo-dos-motocicletas-hurtadas-en-neiva\/#respond\"]}]},{\"@type\":\"WebPage\",\"@id\":\"https:\/\/luchonoticias.com\/editor\/capturadas-en-campoalegre-vendiendo-dos-motocicletas-hurtadas-en-neiva\/\",\"url\":\"https:\/\/luchonoticias.com\/editor\/capturadas-en-campoalegre-vendiendo-dos-motocicletas-hurtadas-en-neiva\/\",\"name\":\"Capturadas en Campoalegre vendiendo dos motocicletas hurtadas en Neiva -\",\"isPartOf\":{\"@id\":\"https:\/\/luchonoticias.com\/editor\/#website\"},\"datePublished\":\"2024-01-22T12:31:15+00:00\",\"dateModified\":\"2024-01-22T12:31:16+00:00\",\"breadcrumb\":{\"@id\":\"https:\/\/luchonoticias.com\/editor\/capturadas-en-campoalegre-vendiendo-dos-motocicletas-hurtadas-en-neiva\/#breadcrumb\"},\"inLanguage\":\"es\",\"potentialAction\":[{\"@type\":\"ReadAction\",\"target\":[\"https:\/\/luchonoticias.com\/editor\/capturadas-en-campoalegre-vendiendo-dos-motocicletas-hurtadas-en-neiva\/\"]}]},{\"@type\":\"BreadcrumbList\",\"@id\":\"https:\/\/luchonoticias.com\/editor\/capturadas-en-campoalegre-vendiendo-dos-motocicletas-hurtadas-en-neiva\/#breadcrumb\",\"itemListElement\":[{\"@type\":\"ListItem\",\"position\":1,\"name\":\"Portada\",\"item\":\"https:\/\/luchonoticias.com\/editor\/\"},{\"@type\":\"ListItem\",\"position\":2,\"name\":\"Capturadas en Campoalegre vendiendo dos motocicletas hurtadas en Neiva\"}]},{\"@type\":\"WebSite\",\"@id\":\"https:\/\/luchonoticias.com\/editor\/#website\",\"url\":\"https:\/\/luchonoticias.com\/editor\/\",\"name\":\"\",\"description\":\"\",\"publisher\":{\"@id\":\"https:\/\/luchonoticias.com\/editor\/#\/schema\/person\/7a7fd911f58561fd056dbac7b55af9cd\"},\"potentialAction\":[{\"@type\":\"SearchAction\",\"target\":{\"@type\":\"EntryPoint\",\"urlTemplate\":\"https:\/\/luchonoticias.com\/editor\/?s={search_term_string}\"},\"query-input\":{\"@type\":\"PropertyValueSpecification\",\"valueRequired\":true,\"valueName\":\"search_term_string\"}}],\"inLanguage\":\"es\"},{\"@type\":[\"Person\",\"Organization\"],\"@id\":\"https:\/\/luchonoticias.com\/editor\/#\/schema\/person\/7a7fd911f58561fd056dbac7b55af9cd\",\"name\":\"admin\",\"image\":{\"@type\":\"ImageObject\",\"inLanguage\":\"es\",\"@id\":\"https:\/\/luchonoticias.com\/editor\/#\/schema\/person\/image\/\",\"url\":\"https:\/\/luchonoticias.com\/editor\/wp-content\/uploads\/2024\/02\/cropped-cropped-logolu.webp\",\"contentUrl\":\"https:\/\/luchonoticias.com\/editor\/wp-content\/uploads\/2024\/02\/cropped-cropped-logolu.webp\",\"width\":382,\"height\":170,\"caption\":\"admin\"},\"logo\":{\"@id\":\"https:\/\/luchonoticias.com\/editor\/#\/schema\/person\/image\/\"},\"sameAs\":[\"https:\/\/www.facebook.com\/luchonoticiasneiva\"]},{\"@type\":\"Person\",\"@id\":\"https:\/\/luchonoticias.com\/editor\/#\/schema\/person\/29217990ddf6f14e35912b2866d591fb\",\"name\":\"Editor General\",\"image\":{\"@type\":\"ImageObject\",\"inLanguage\":\"es\",\"@id\":\"https:\/\/luchonoticias.com\/editor\/#\/schema\/person\/image\/\",\"url\":\"https:\/\/luchonoticias.com\/editor\/wp-content\/uploads\/2024\/02\/cropped-cropped-logolu-150x150.webp\",\"contentUrl\":\"https:\/\/luchonoticias.com\/editor\/wp-content\/uploads\/2024\/02\/cropped-cropped-logolu-150x150.webp\",\"caption\":\"Editor General\"},\"sameAs\":[\"https:\/\/luchonoticias.com\/\"],\"url\":\"https:\/\/luchonoticias.com\/editor\/author\/editor-general\/\"}]}<\/script>\n<!-- \/ Yoast SEO plugin. -->","yoast_head_json":{"title":"Capturadas en Campoalegre vendiendo dos motocicletas hurtadas en Neiva -","robots":{"index":"index","follow":"follow","max-snippet":"max-snippet:-1","max-image-preview":"max-image-preview:large","max-video-preview":"max-video-preview:-1"},"canonical":"https:\/\/luchonoticias.com\/editor\/capturadas-en-campoalegre-vendiendo-dos-motocicletas-hurtadas-en-neiva\/","og_locale":"es_ES","og_type":"article","og_title":"Capturadas en Campoalegre vendiendo dos motocicletas hurtadas en Neiva -","og_url":"https:\/\/luchonoticias.com\/editor\/capturadas-en-campoalegre-vendiendo-dos-motocicletas-hurtadas-en-neiva\/","article_publisher":"https:\/\/www.facebook.com\/luchonoticiasneiva","article_published_time":"2024-01-22T12:31:15+00:00","article_modified_time":"2024-01-22T12:31:16+00:00","author":"Editor General","twitter_card":"summary_large_image","twitter_misc":{"Escrito por":"Editor General","Tiempo de lectura":"1 minuto"},"schema":{"@context":"https:\/\/schema.org","@graph":[{"@type":"Article","@id":"https:\/\/luchonoticias.com\/editor\/capturadas-en-campoalegre-vendiendo-dos-motocicletas-hurtadas-en-neiva\/#article","isPartOf":{"@id":"https:\/\/luchonoticias.com\/editor\/capturadas-en-campoalegre-vendiendo-dos-motocicletas-hurtadas-en-neiva\/"},"author":{"name":"Editor General","@id":"https:\/\/luchonoticias.com\/editor\/#\/schema\/person\/29217990ddf6f14e35912b2866d591fb"},"headline":"Capturadas en Campoalegre vendiendo dos motocicletas hurtadas en Neiva","datePublished":"2024-01-22T12:31:15+00:00","dateModified":"2024-01-22T12:31:16+00:00","mainEntityOfPage":{"@id":"https:\/\/luchonoticias.com\/editor\/capturadas-en-campoalegre-vendiendo-dos-motocicletas-hurtadas-en-neiva\/"},"wordCount":181,"commentCount":0,"publisher":{"@id":"https:\/\/luchonoticias.com\/editor\/#\/schema\/person\/7a7fd911f58561fd056dbac7b55af9cd"},"articleSection":["Destacado","Judicial"],"inLanguage":"es","potentialAction":[{"@type":"CommentAction","name":"Comment","target":["https:\/\/luchonoticias.com\/editor\/capturadas-en-campoalegre-vendiendo-dos-motocicletas-hurtadas-en-neiva\/#respond"]}]},{"@type":"WebPage","@id":"https:\/\/luchonoticias.com\/editor\/capturadas-en-campoalegre-vendiendo-dos-motocicletas-hurtadas-en-neiva\/","url":"https:\/\/luchonoticias.com\/editor\/capturadas-en-campoalegre-vendiendo-dos-motocicletas-hurtadas-en-neiva\/","name":"Capturadas en Campoalegre vendiendo dos motocicletas hurtadas en Neiva -","isPartOf":{"@id":"https:\/\/luchonoticias.com\/editor\/#website"},"datePublished":"2024-01-22T12:31:15+00:00","dateModified":"2024-01-22T12:31:16+00:00","breadcrumb":{"@id":"https:\/\/luchonoticias.com\/editor\/capturadas-en-campoalegre-vendiendo-dos-motocicletas-hurtadas-en-neiva\/#breadcrumb"},"inLanguage":"es","potentialAction":[{"@type":"ReadAction","target":["https:\/\/luchonoticias.com\/editor\/capturadas-en-campoalegre-vendiendo-dos-motocicletas-hurtadas-en-neiva\/"]}]},{"@type":"BreadcrumbList","@id":"https:\/\/luchonoticias.com\/editor\/capturadas-en-campoalegre-vendiendo-dos-motocicletas-hurtadas-en-neiva\/#breadcrumb","itemListElement":[{"@type":"ListItem","position":1,"name":"Portada","item":"https:\/\/luchonoticias.com\/editor\/"},{"@type":"ListItem","position":2,"name":"Capturadas en Campoalegre vendiendo dos motocicletas hurtadas en Neiva"}]},{"@type":"WebSite","@id":"https:\/\/luchonoticias.com\/editor\/#website","url":"https:\/\/luchonoticias.com\/editor\/","name":"","description":"","publisher":{"@id":"https:\/\/luchonoticias.com\/editor\/#\/schema\/person\/7a7fd911f58561fd056dbac7b55af9cd"},"potentialAction":[{"@type":"SearchAction","target":{"@type":"EntryPoint","urlTemplate":"https:\/\/luchonoticias.com\/editor\/?s={search_term_string}"},"query-input":{"@type":"PropertyValueSpecification","valueRequired":true,"valueName":"search_term_string"}}],"inLanguage":"es"},{"@type":["Person","Organization"],"@id":"https:\/\/luchonoticias.com\/editor\/#\/schema\/person\/7a7fd911f58561fd056dbac7b55af9cd","name":"admin","image":{"@type":"ImageObject","inLanguage":"es","@id":"https:\/\/luchonoticias.com\/editor\/#\/schema\/person\/image\/","url":"https:\/\/luchonoticias.com\/editor\/wp-content\/uploads\/2024\/02\/cropped-cropped-logolu.webp","contentUrl":"https:\/\/luchonoticias.com\/editor\/wp-content\/uploads\/2024\/02\/cropped-cropped-logolu.webp","width":382,"height":170,"caption":"admin"},"logo":{"@id":"https:\/\/luchonoticias.com\/editor\/#\/schema\/person\/image\/"},"sameAs":["https:\/\/www.facebook.com\/luchonoticiasneiva"]},{"@type":"Person","@id":"https:\/\/luchonoticias.com\/editor\/#\/schema\/person\/29217990ddf6f14e35912b2866d591fb","name":"Editor General","image":{"@type":"ImageObject","inLanguage":"es","@id":"https:\/\/luchonoticias.com\/editor\/#\/schema\/person\/image\/","url":"https:\/\/luchonoticias.com\/editor\/wp-content\/uploads\/2024\/02\/cropped-cropped-logolu-150x150.webp","contentUrl":"https:\/\/luchonoticias.com\/editor\/wp-content\/uploads\/2024\/02\/cropped-cropped-logolu-150x150.webp","caption":"Editor General"},"sameAs":["https:\/\/luchonoticias.com\/"],"url":"https:\/\/luchonoticias.com\/editor\/author\/editor-general\/"}]}},"_links":{"self":[{"href":"https:\/\/luchonoticias.com\/editor\/wp-json\/wp\/v2\/posts\/67290","targetHints":{"allow":["GET"]}}],"collection":[{"href":"https:\/\/luchonoticias.com\/editor\/wp-json\/wp\/v2\/posts"}],"about":[{"href":"https:\/\/luchonoticias.com\/editor\/wp-json\/wp\/v2\/types\/post"}],"author":[{"embeddable":true,"href":"https:\/\/luchonoticias.com\/editor\/wp-json\/wp\/v2\/users\/2"}],"replies":[{"embeddable":true,"href":"https:\/\/luchonoticias.com\/editor\/wp-json\/wp\/v2\/comments?post=67290"}],"version-history":[{"count":0,"href":"https:\/\/luchonoticias.com\/editor\/wp-json\/wp\/v2\/posts\/67290\/revisions"}],"wp:attachment":[{"href":"https:\/\/luchonoticias.com\/editor\/wp-json\/wp\/v2\/media?parent=67290"}],"wp:term":[{"taxonomy":"category","embeddable":true,"href":"https:\/\/luchonoticias.com\/editor\/wp-json\/wp\/v2\/categories?post=67290"},{"taxonomy":"post_tag","embeddable":true,"href":"https:\/\/luchonoticias.com\/editor\/wp-json\/wp\/v2\/tags?post=67290"}],"curies":[{"name":"wp","href":"https:\/\/api.w.org\/{rel}","templated":true}]}}