{"id":67443,"date":"2024-01-24T07:39:57","date_gmt":"2024-01-24T12:39:57","guid":{"rendered":"https:\/\/luchonoticias.com\/?p=67443"},"modified":"2024-01-24T07:39:58","modified_gmt":"2024-01-24T12:39:58","slug":"tasa-de-mortalidad-infantil-por-desnutricion-bajo-un-30-en-todo-el-pais-presidente-petro","status":"publish","type":"post","link":"https:\/\/luchonoticias.com\/editor\/tasa-de-mortalidad-infantil-por-desnutricion-bajo-un-30-en-todo-el-pais-presidente-petro\/","title":{"rendered":"Tasa de mortalidad infantil por desnutrici\u00f3n bajo un 30 % en todo el pa\u00eds: Presidente Petro"},"content":{"rendered":"\n<p>\u201cRecibimos una estad\u00edstica hoy, logramos bajar la tasa de mortalidad infantil por desnutrici\u00f3n en todo el pa\u00eds un 30 % el a\u00f1o pasado\u201d, revel\u00f3 el presidente Gustavo Petro en un encuentro con las comunidades ind\u00edgenas del Piedemonte y la Costa Pac\u00edfica de Nari\u00f1o, en el marco del Gobierno con el pueblo que se desarrolla en esa regi\u00f3n del pa\u00eds.<\/p>\n\n\n\n<p>\u201cEso no sale mucho en los medios. Son los \u00e9xitos del gobierno, son \u00e9xitos de vida de ni\u00f1os y ni\u00f1as que, pudiendo morir, no fallecen hoy\u201d, manifest\u00f3 el jefe de Estado, quien atribuy\u00f3 este logro con \u201clo pol\u00edtica de prevenci\u00f3n en salud que tiene unos determinantes sociales\u201d que ha implementado su administraci\u00f3n.<\/p>\n\n\n\n<p>\u201cA\u00fan falta mucho, porque el 30 % significa que sigue habiendo desnutrici\u00f3n infantil y mortalidad. Pero disminuimos, que era el objetivo\u201d, a\u00f1adi\u00f3.<\/p>\n\n\n\n<p>El determinante social al que se refiri\u00f3 el mandatario, el cual permiti\u00f3 ese menor \u00edndice de desnutrici\u00f3n infantil es el agua potable.<\/p>\n\n\n\n<p>\u201cSi no queremos que los ni\u00f1os mueran por causas asociadas a la desnutrici\u00f3n, uno de los temas fundamentales es que haya agua potable de calidad en las regiones pobres de Colombia\u201d, recalc\u00f3.<\/p>\n\n\n\n<p>Por eso, indic\u00f3 a los representantes de ocho organizaciones de las etnias que acudieron a la convocatoria lanzada por el Gobierno del Cambio que es necesario revisar \u201cel mapa de las inversiones de agua potable en el litoral Pac\u00edfico\u201d para replicar esa misma pol\u00edtica en la regi\u00f3n.<\/p>\n\n\n\n<p>\u201cEsto es lo que tenemos que mover, la energ\u00eda, el agua, la potencialidad popular, lo proyectos que nos permitan producir otras cosas con \u00e9xito\u201d, advirti\u00f3.<\/p>\n","protected":false},"excerpt":{"rendered":"<p>\u201cRecibimos una estad\u00edstica hoy, logramos bajar la tasa de mortalidad infantil por desnutrici\u00f3n en todo el pa\u00eds un 30 % el a\u00f1o pasado\u201d, revel\u00f3 el presidente Gustavo Petro en un encuentro con las comunidades ind\u00edgenas del Piedemonte y la Costa Pac\u00edfica de Nari\u00f1o, en el marco del Gobierno con el pueblo que se desarrolla en [&hellip;]<\/p>\n","protected":false},"author":2,"featured_media":0,"comment_status":"open","ping_status":"open","sticky":false,"template":"","format":"standard","meta":{"footnotes":""},"categories":[36,32],"tags":[],"class_list":["post-67443","post","type-post","status-publish","format-standard","hentry","category-destacado","category-nacional"],"yoast_head":"<!-- This site is optimized with the Yoast SEO plugin v26.6 - https:\/\/yoast.com\/wordpress\/plugins\/seo\/ -->\n<title>Tasa de mortalidad infantil por desnutrici\u00f3n bajo un 30 % en todo el pa\u00eds: Presidente Petro -<\/title>\n<meta name=\"robots\" content=\"index, follow, max-snippet:-1, max-image-preview:large, max-video-preview:-1\" \/>\n<link rel=\"canonical\" href=\"https:\/\/luchonoticias.com\/editor\/tasa-de-mortalidad-infantil-por-desnutricion-bajo-un-30-en-todo-el-pais-presidente-petro\/\" \/>\n<meta property=\"og:locale\" content=\"es_ES\" \/>\n<meta property=\"og:type\" content=\"article\" \/>\n<meta property=\"og:title\" content=\"Tasa de mortalidad infantil por desnutrici\u00f3n bajo un 30 % en todo el pa\u00eds: Presidente Petro -\" \/>\n<meta property=\"og:url\" content=\"https:\/\/luchonoticias.com\/editor\/tasa-de-mortalidad-infantil-por-desnutricion-bajo-un-30-en-todo-el-pais-presidente-petro\/\" \/>\n<meta property=\"article:publisher\" content=\"https:\/\/www.facebook.com\/luchonoticiasneiva\" \/>\n<meta property=\"article:published_time\" content=\"2024-01-24T12:39:57+00:00\" \/>\n<meta property=\"article:modified_time\" content=\"2024-01-24T12:39:58+00:00\" \/>\n<meta name=\"author\" content=\"Editor General\" \/>\n<meta name=\"twitter:card\" content=\"summary_large_image\" \/>\n<meta name=\"twitter:label1\" content=\"Escrito por\" \/>\n\t<meta name=\"twitter:data1\" content=\"Editor General\" \/>\n\t<meta name=\"twitter:label2\" content=\"Tiempo de lectura\" \/>\n\t<meta name=\"twitter:data2\" content=\"1 minuto\" \/>\n<script type=\"application\/ld+json\" class=\"yoast-schema-graph\">{\"@context\":\"https:\/\/schema.org\",\"@graph\":[{\"@type\":\"Article\",\"@id\":\"https:\/\/luchonoticias.com\/editor\/tasa-de-mortalidad-infantil-por-desnutricion-bajo-un-30-en-todo-el-pais-presidente-petro\/#article\",\"isPartOf\":{\"@id\":\"https:\/\/luchonoticias.com\/editor\/tasa-de-mortalidad-infantil-por-desnutricion-bajo-un-30-en-todo-el-pais-presidente-petro\/\"},\"author\":{\"name\":\"Editor General\",\"@id\":\"https:\/\/luchonoticias.com\/editor\/#\/schema\/person\/29217990ddf6f14e35912b2866d591fb\"},\"headline\":\"Tasa de mortalidad infantil por desnutrici\u00f3n bajo un 30 % en todo el pa\u00eds: Presidente Petro\",\"datePublished\":\"2024-01-24T12:39:57+00:00\",\"dateModified\":\"2024-01-24T12:39:58+00:00\",\"mainEntityOfPage\":{\"@id\":\"https:\/\/luchonoticias.com\/editor\/tasa-de-mortalidad-infantil-por-desnutricion-bajo-un-30-en-todo-el-pais-presidente-petro\/\"},\"wordCount\":295,\"commentCount\":0,\"publisher\":{\"@id\":\"https:\/\/luchonoticias.com\/editor\/#\/schema\/person\/7a7fd911f58561fd056dbac7b55af9cd\"},\"articleSection\":[\"Destacado\",\"Nacional\"],\"inLanguage\":\"es\",\"potentialAction\":[{\"@type\":\"CommentAction\",\"name\":\"Comment\",\"target\":[\"https:\/\/luchonoticias.com\/editor\/tasa-de-mortalidad-infantil-por-desnutricion-bajo-un-30-en-todo-el-pais-presidente-petro\/#respond\"]}]},{\"@type\":\"WebPage\",\"@id\":\"https:\/\/luchonoticias.com\/editor\/tasa-de-mortalidad-infantil-por-desnutricion-bajo-un-30-en-todo-el-pais-presidente-petro\/\",\"url\":\"https:\/\/luchonoticias.com\/editor\/tasa-de-mortalidad-infantil-por-desnutricion-bajo-un-30-en-todo-el-pais-presidente-petro\/\",\"name\":\"Tasa de mortalidad infantil por desnutrici\u00f3n bajo un 30 % en todo el pa\u00eds: Presidente Petro -\",\"isPartOf\":{\"@id\":\"https:\/\/luchonoticias.com\/editor\/#website\"},\"datePublished\":\"2024-01-24T12:39:57+00:00\",\"dateModified\":\"2024-01-24T12:39:58+00:00\",\"breadcrumb\":{\"@id\":\"https:\/\/luchonoticias.com\/editor\/tasa-de-mortalidad-infantil-por-desnutricion-bajo-un-30-en-todo-el-pais-presidente-petro\/#breadcrumb\"},\"inLanguage\":\"es\",\"potentialAction\":[{\"@type\":\"ReadAction\",\"target\":[\"https:\/\/luchonoticias.com\/editor\/tasa-de-mortalidad-infantil-por-desnutricion-bajo-un-30-en-todo-el-pais-presidente-petro\/\"]}]},{\"@type\":\"BreadcrumbList\",\"@id\":\"https:\/\/luchonoticias.com\/editor\/tasa-de-mortalidad-infantil-por-desnutricion-bajo-un-30-en-todo-el-pais-presidente-petro\/#breadcrumb\",\"itemListElement\":[{\"@type\":\"ListItem\",\"position\":1,\"name\":\"Portada\",\"item\":\"https:\/\/luchonoticias.com\/editor\/\"},{\"@type\":\"ListItem\",\"position\":2,\"name\":\"Tasa de mortalidad infantil por desnutrici\u00f3n bajo un 30 % en todo el pa\u00eds: Presidente Petro\"}]},{\"@type\":\"WebSite\",\"@id\":\"https:\/\/luchonoticias.com\/editor\/#website\",\"url\":\"https:\/\/luchonoticias.com\/editor\/\",\"name\":\"\",\"description\":\"\",\"publisher\":{\"@id\":\"https:\/\/luchonoticias.com\/editor\/#\/schema\/person\/7a7fd911f58561fd056dbac7b55af9cd\"},\"potentialAction\":[{\"@type\":\"SearchAction\",\"target\":{\"@type\":\"EntryPoint\",\"urlTemplate\":\"https:\/\/luchonoticias.com\/editor\/?s={search_term_string}\"},\"query-input\":{\"@type\":\"PropertyValueSpecification\",\"valueRequired\":true,\"valueName\":\"search_term_string\"}}],\"inLanguage\":\"es\"},{\"@type\":[\"Person\",\"Organization\"],\"@id\":\"https:\/\/luchonoticias.com\/editor\/#\/schema\/person\/7a7fd911f58561fd056dbac7b55af9cd\",\"name\":\"admin\",\"image\":{\"@type\":\"ImageObject\",\"inLanguage\":\"es\",\"@id\":\"https:\/\/luchonoticias.com\/editor\/#\/schema\/person\/image\/\",\"url\":\"https:\/\/luchonoticias.com\/editor\/wp-content\/uploads\/2024\/02\/cropped-cropped-logolu.webp\",\"contentUrl\":\"https:\/\/luchonoticias.com\/editor\/wp-content\/uploads\/2024\/02\/cropped-cropped-logolu.webp\",\"width\":382,\"height\":170,\"caption\":\"admin\"},\"logo\":{\"@id\":\"https:\/\/luchonoticias.com\/editor\/#\/schema\/person\/image\/\"},\"sameAs\":[\"https:\/\/www.facebook.com\/luchonoticiasneiva\"]},{\"@type\":\"Person\",\"@id\":\"https:\/\/luchonoticias.com\/editor\/#\/schema\/person\/29217990ddf6f14e35912b2866d591fb\",\"name\":\"Editor General\",\"image\":{\"@type\":\"ImageObject\",\"inLanguage\":\"es\",\"@id\":\"https:\/\/luchonoticias.com\/editor\/#\/schema\/person\/image\/\",\"url\":\"https:\/\/luchonoticias.com\/editor\/wp-content\/uploads\/2024\/02\/cropped-cropped-logolu-150x150.webp\",\"contentUrl\":\"https:\/\/luchonoticias.com\/editor\/wp-content\/uploads\/2024\/02\/cropped-cropped-logolu-150x150.webp\",\"caption\":\"Editor General\"},\"sameAs\":[\"https:\/\/luchonoticias.com\/\"],\"url\":\"https:\/\/luchonoticias.com\/editor\/author\/editor-general\/\"}]}<\/script>\n<!-- \/ Yoast SEO plugin. -->","yoast_head_json":{"title":"Tasa de mortalidad infantil por desnutrici\u00f3n bajo un 30 % en todo el pa\u00eds: Presidente Petro -","robots":{"index":"index","follow":"follow","max-snippet":"max-snippet:-1","max-image-preview":"max-image-preview:large","max-video-preview":"max-video-preview:-1"},"canonical":"https:\/\/luchonoticias.com\/editor\/tasa-de-mortalidad-infantil-por-desnutricion-bajo-un-30-en-todo-el-pais-presidente-petro\/","og_locale":"es_ES","og_type":"article","og_title":"Tasa de mortalidad infantil por desnutrici\u00f3n bajo un 30 % en todo el pa\u00eds: Presidente Petro -","og_url":"https:\/\/luchonoticias.com\/editor\/tasa-de-mortalidad-infantil-por-desnutricion-bajo-un-30-en-todo-el-pais-presidente-petro\/","article_publisher":"https:\/\/www.facebook.com\/luchonoticiasneiva","article_published_time":"2024-01-24T12:39:57+00:00","article_modified_time":"2024-01-24T12:39:58+00:00","author":"Editor General","twitter_card":"summary_large_image","twitter_misc":{"Escrito por":"Editor General","Tiempo de lectura":"1 minuto"},"schema":{"@context":"https:\/\/schema.org","@graph":[{"@type":"Article","@id":"https:\/\/luchonoticias.com\/editor\/tasa-de-mortalidad-infantil-por-desnutricion-bajo-un-30-en-todo-el-pais-presidente-petro\/#article","isPartOf":{"@id":"https:\/\/luchonoticias.com\/editor\/tasa-de-mortalidad-infantil-por-desnutricion-bajo-un-30-en-todo-el-pais-presidente-petro\/"},"author":{"name":"Editor General","@id":"https:\/\/luchonoticias.com\/editor\/#\/schema\/person\/29217990ddf6f14e35912b2866d591fb"},"headline":"Tasa de mortalidad infantil por desnutrici\u00f3n bajo un 30 % en todo el pa\u00eds: Presidente Petro","datePublished":"2024-01-24T12:39:57+00:00","dateModified":"2024-01-24T12:39:58+00:00","mainEntityOfPage":{"@id":"https:\/\/luchonoticias.com\/editor\/tasa-de-mortalidad-infantil-por-desnutricion-bajo-un-30-en-todo-el-pais-presidente-petro\/"},"wordCount":295,"commentCount":0,"publisher":{"@id":"https:\/\/luchonoticias.com\/editor\/#\/schema\/person\/7a7fd911f58561fd056dbac7b55af9cd"},"articleSection":["Destacado","Nacional"],"inLanguage":"es","potentialAction":[{"@type":"CommentAction","name":"Comment","target":["https:\/\/luchonoticias.com\/editor\/tasa-de-mortalidad-infantil-por-desnutricion-bajo-un-30-en-todo-el-pais-presidente-petro\/#respond"]}]},{"@type":"WebPage","@id":"https:\/\/luchonoticias.com\/editor\/tasa-de-mortalidad-infantil-por-desnutricion-bajo-un-30-en-todo-el-pais-presidente-petro\/","url":"https:\/\/luchonoticias.com\/editor\/tasa-de-mortalidad-infantil-por-desnutricion-bajo-un-30-en-todo-el-pais-presidente-petro\/","name":"Tasa de mortalidad infantil por desnutrici\u00f3n bajo un 30 % en todo el pa\u00eds: Presidente Petro -","isPartOf":{"@id":"https:\/\/luchonoticias.com\/editor\/#website"},"datePublished":"2024-01-24T12:39:57+00:00","dateModified":"2024-01-24T12:39:58+00:00","breadcrumb":{"@id":"https:\/\/luchonoticias.com\/editor\/tasa-de-mortalidad-infantil-por-desnutricion-bajo-un-30-en-todo-el-pais-presidente-petro\/#breadcrumb"},"inLanguage":"es","potentialAction":[{"@type":"ReadAction","target":["https:\/\/luchonoticias.com\/editor\/tasa-de-mortalidad-infantil-por-desnutricion-bajo-un-30-en-todo-el-pais-presidente-petro\/"]}]},{"@type":"BreadcrumbList","@id":"https:\/\/luchonoticias.com\/editor\/tasa-de-mortalidad-infantil-por-desnutricion-bajo-un-30-en-todo-el-pais-presidente-petro\/#breadcrumb","itemListElement":[{"@type":"ListItem","position":1,"name":"Portada","item":"https:\/\/luchonoticias.com\/editor\/"},{"@type":"ListItem","position":2,"name":"Tasa de mortalidad infantil por desnutrici\u00f3n bajo un 30 % en todo el pa\u00eds: Presidente Petro"}]},{"@type":"WebSite","@id":"https:\/\/luchonoticias.com\/editor\/#website","url":"https:\/\/luchonoticias.com\/editor\/","name":"","description":"","publisher":{"@id":"https:\/\/luchonoticias.com\/editor\/#\/schema\/person\/7a7fd911f58561fd056dbac7b55af9cd"},"potentialAction":[{"@type":"SearchAction","target":{"@type":"EntryPoint","urlTemplate":"https:\/\/luchonoticias.com\/editor\/?s={search_term_string}"},"query-input":{"@type":"PropertyValueSpecification","valueRequired":true,"valueName":"search_term_string"}}],"inLanguage":"es"},{"@type":["Person","Organization"],"@id":"https:\/\/luchonoticias.com\/editor\/#\/schema\/person\/7a7fd911f58561fd056dbac7b55af9cd","name":"admin","image":{"@type":"ImageObject","inLanguage":"es","@id":"https:\/\/luchonoticias.com\/editor\/#\/schema\/person\/image\/","url":"https:\/\/luchonoticias.com\/editor\/wp-content\/uploads\/2024\/02\/cropped-cropped-logolu.webp","contentUrl":"https:\/\/luchonoticias.com\/editor\/wp-content\/uploads\/2024\/02\/cropped-cropped-logolu.webp","width":382,"height":170,"caption":"admin"},"logo":{"@id":"https:\/\/luchonoticias.com\/editor\/#\/schema\/person\/image\/"},"sameAs":["https:\/\/www.facebook.com\/luchonoticiasneiva"]},{"@type":"Person","@id":"https:\/\/luchonoticias.com\/editor\/#\/schema\/person\/29217990ddf6f14e35912b2866d591fb","name":"Editor General","image":{"@type":"ImageObject","inLanguage":"es","@id":"https:\/\/luchonoticias.com\/editor\/#\/schema\/person\/image\/","url":"https:\/\/luchonoticias.com\/editor\/wp-content\/uploads\/2024\/02\/cropped-cropped-logolu-150x150.webp","contentUrl":"https:\/\/luchonoticias.com\/editor\/wp-content\/uploads\/2024\/02\/cropped-cropped-logolu-150x150.webp","caption":"Editor General"},"sameAs":["https:\/\/luchonoticias.com\/"],"url":"https:\/\/luchonoticias.com\/editor\/author\/editor-general\/"}]}},"_links":{"self":[{"href":"https:\/\/luchonoticias.com\/editor\/wp-json\/wp\/v2\/posts\/67443","targetHints":{"allow":["GET"]}}],"collection":[{"href":"https:\/\/luchonoticias.com\/editor\/wp-json\/wp\/v2\/posts"}],"about":[{"href":"https:\/\/luchonoticias.com\/editor\/wp-json\/wp\/v2\/types\/post"}],"author":[{"embeddable":true,"href":"https:\/\/luchonoticias.com\/editor\/wp-json\/wp\/v2\/users\/2"}],"replies":[{"embeddable":true,"href":"https:\/\/luchonoticias.com\/editor\/wp-json\/wp\/v2\/comments?post=67443"}],"version-history":[{"count":0,"href":"https:\/\/luchonoticias.com\/editor\/wp-json\/wp\/v2\/posts\/67443\/revisions"}],"wp:attachment":[{"href":"https:\/\/luchonoticias.com\/editor\/wp-json\/wp\/v2\/media?parent=67443"}],"wp:term":[{"taxonomy":"category","embeddable":true,"href":"https:\/\/luchonoticias.com\/editor\/wp-json\/wp\/v2\/categories?post=67443"},{"taxonomy":"post_tag","embeddable":true,"href":"https:\/\/luchonoticias.com\/editor\/wp-json\/wp\/v2\/tags?post=67443"}],"curies":[{"name":"wp","href":"https:\/\/api.w.org\/{rel}","templated":true}]}}