{"id":67446,"date":"2024-01-24T07:42:17","date_gmt":"2024-01-24T12:42:17","guid":{"rendered":"https:\/\/luchonoticias.com\/?p=67446"},"modified":"2024-01-24T07:42:19","modified_gmt":"2024-01-24T12:42:19","slug":"capturado-sujeto-con-mas-de-7-kilos-de-base-de-coca","status":"publish","type":"post","link":"https:\/\/luchonoticias.com\/editor\/capturado-sujeto-con-mas-de-7-kilos-de-base-de-coca\/","title":{"rendered":"Capturado sujeto con m\u00e1s de 7 kilos de base de coca"},"content":{"rendered":"\n<p>La Novena Brigada, a trav\u00e9s del Batall\u00f3n de Infanter\u00eda N.\u00b0 27 Magdalena, en un trabajo interinstitucional con el CTI, sigue custodiando las carreteras del Huila para enfrentar delitos como el narcotr\u00e1fico. En este caso, las operaciones de interdicci\u00f3n permitieron la captura de un hombre y la incautaci\u00f3n de pasta base de coca.<\/p>\n\n\n\n<p>Fue as\u00ed como&nbsp; en la vereda El Cedro, en Pitalito, Huila, soldados del Ej\u00e9rcito, mediante operaciones militares terrestres unificadas, incautaron 7,24 kilos de pasta base de coca. El estupefaciente era transportado por un hombre que se movilizaba en motocicleta.<\/p>\n\n\n\n<p>La sustancia il\u00edcita hab\u00eda sido acondicionada en las llantas y en el tablero de la moto, con el prop\u00f3sito de evadir el accionar de las tropas; sin embargo, la experiencia de los soldados sigue permitiendo ser contundentes contra el tr\u00e1fico, fabricaci\u00f3n y porte de estupefacientes.<\/p>\n","protected":false},"excerpt":{"rendered":"<p>La Novena Brigada, a trav\u00e9s del Batall\u00f3n de Infanter\u00eda N.\u00b0 27 Magdalena, en un trabajo interinstitucional con el CTI, sigue custodiando las carreteras del Huila para enfrentar delitos como el narcotr\u00e1fico. En este caso, las operaciones de interdicci\u00f3n permitieron la captura de un hombre y la incautaci\u00f3n de pasta base de coca. Fue as\u00ed como&nbsp; [&hellip;]<\/p>\n","protected":false},"author":2,"featured_media":0,"comment_status":"open","ping_status":"open","sticky":false,"template":"","format":"standard","meta":{"footnotes":""},"categories":[36,29],"tags":[],"class_list":["post-67446","post","type-post","status-publish","format-standard","hentry","category-destacado","category-judicial"],"yoast_head":"<!-- This site is optimized with the Yoast SEO plugin v26.6 - https:\/\/yoast.com\/wordpress\/plugins\/seo\/ -->\n<title>Capturado sujeto con m\u00e1s de 7 kilos de base de coca -<\/title>\n<meta name=\"robots\" content=\"index, follow, max-snippet:-1, max-image-preview:large, max-video-preview:-1\" \/>\n<link rel=\"canonical\" href=\"https:\/\/luchonoticias.com\/editor\/capturado-sujeto-con-mas-de-7-kilos-de-base-de-coca\/\" \/>\n<meta property=\"og:locale\" content=\"es_ES\" \/>\n<meta property=\"og:type\" content=\"article\" \/>\n<meta property=\"og:title\" content=\"Capturado sujeto con m\u00e1s de 7 kilos de base de coca -\" \/>\n<meta property=\"og:url\" content=\"https:\/\/luchonoticias.com\/editor\/capturado-sujeto-con-mas-de-7-kilos-de-base-de-coca\/\" \/>\n<meta property=\"article:publisher\" content=\"https:\/\/www.facebook.com\/luchonoticiasneiva\" \/>\n<meta property=\"article:published_time\" content=\"2024-01-24T12:42:17+00:00\" \/>\n<meta property=\"article:modified_time\" content=\"2024-01-24T12:42:19+00:00\" \/>\n<meta name=\"author\" content=\"Editor General\" \/>\n<meta name=\"twitter:card\" content=\"summary_large_image\" \/>\n<meta name=\"twitter:label1\" content=\"Escrito por\" \/>\n\t<meta name=\"twitter:data1\" content=\"Editor General\" \/>\n\t<meta name=\"twitter:label2\" content=\"Tiempo de lectura\" \/>\n\t<meta name=\"twitter:data2\" content=\"1 minuto\" \/>\n<script type=\"application\/ld+json\" class=\"yoast-schema-graph\">{\"@context\":\"https:\/\/schema.org\",\"@graph\":[{\"@type\":\"Article\",\"@id\":\"https:\/\/luchonoticias.com\/editor\/capturado-sujeto-con-mas-de-7-kilos-de-base-de-coca\/#article\",\"isPartOf\":{\"@id\":\"https:\/\/luchonoticias.com\/editor\/capturado-sujeto-con-mas-de-7-kilos-de-base-de-coca\/\"},\"author\":{\"name\":\"Editor General\",\"@id\":\"https:\/\/luchonoticias.com\/editor\/#\/schema\/person\/29217990ddf6f14e35912b2866d591fb\"},\"headline\":\"Capturado sujeto con m\u00e1s de 7 kilos de base de coca\",\"datePublished\":\"2024-01-24T12:42:17+00:00\",\"dateModified\":\"2024-01-24T12:42:19+00:00\",\"mainEntityOfPage\":{\"@id\":\"https:\/\/luchonoticias.com\/editor\/capturado-sujeto-con-mas-de-7-kilos-de-base-de-coca\/\"},\"wordCount\":158,\"commentCount\":0,\"publisher\":{\"@id\":\"https:\/\/luchonoticias.com\/editor\/#\/schema\/person\/7a7fd911f58561fd056dbac7b55af9cd\"},\"articleSection\":[\"Destacado\",\"Judicial\"],\"inLanguage\":\"es\",\"potentialAction\":[{\"@type\":\"CommentAction\",\"name\":\"Comment\",\"target\":[\"https:\/\/luchonoticias.com\/editor\/capturado-sujeto-con-mas-de-7-kilos-de-base-de-coca\/#respond\"]}]},{\"@type\":\"WebPage\",\"@id\":\"https:\/\/luchonoticias.com\/editor\/capturado-sujeto-con-mas-de-7-kilos-de-base-de-coca\/\",\"url\":\"https:\/\/luchonoticias.com\/editor\/capturado-sujeto-con-mas-de-7-kilos-de-base-de-coca\/\",\"name\":\"Capturado sujeto con m\u00e1s de 7 kilos de base de coca -\",\"isPartOf\":{\"@id\":\"https:\/\/luchonoticias.com\/editor\/#website\"},\"datePublished\":\"2024-01-24T12:42:17+00:00\",\"dateModified\":\"2024-01-24T12:42:19+00:00\",\"breadcrumb\":{\"@id\":\"https:\/\/luchonoticias.com\/editor\/capturado-sujeto-con-mas-de-7-kilos-de-base-de-coca\/#breadcrumb\"},\"inLanguage\":\"es\",\"potentialAction\":[{\"@type\":\"ReadAction\",\"target\":[\"https:\/\/luchonoticias.com\/editor\/capturado-sujeto-con-mas-de-7-kilos-de-base-de-coca\/\"]}]},{\"@type\":\"BreadcrumbList\",\"@id\":\"https:\/\/luchonoticias.com\/editor\/capturado-sujeto-con-mas-de-7-kilos-de-base-de-coca\/#breadcrumb\",\"itemListElement\":[{\"@type\":\"ListItem\",\"position\":1,\"name\":\"Portada\",\"item\":\"https:\/\/luchonoticias.com\/editor\/\"},{\"@type\":\"ListItem\",\"position\":2,\"name\":\"Capturado sujeto con m\u00e1s de 7 kilos de base de coca\"}]},{\"@type\":\"WebSite\",\"@id\":\"https:\/\/luchonoticias.com\/editor\/#website\",\"url\":\"https:\/\/luchonoticias.com\/editor\/\",\"name\":\"\",\"description\":\"\",\"publisher\":{\"@id\":\"https:\/\/luchonoticias.com\/editor\/#\/schema\/person\/7a7fd911f58561fd056dbac7b55af9cd\"},\"potentialAction\":[{\"@type\":\"SearchAction\",\"target\":{\"@type\":\"EntryPoint\",\"urlTemplate\":\"https:\/\/luchonoticias.com\/editor\/?s={search_term_string}\"},\"query-input\":{\"@type\":\"PropertyValueSpecification\",\"valueRequired\":true,\"valueName\":\"search_term_string\"}}],\"inLanguage\":\"es\"},{\"@type\":[\"Person\",\"Organization\"],\"@id\":\"https:\/\/luchonoticias.com\/editor\/#\/schema\/person\/7a7fd911f58561fd056dbac7b55af9cd\",\"name\":\"admin\",\"image\":{\"@type\":\"ImageObject\",\"inLanguage\":\"es\",\"@id\":\"https:\/\/luchonoticias.com\/editor\/#\/schema\/person\/image\/\",\"url\":\"https:\/\/luchonoticias.com\/editor\/wp-content\/uploads\/2024\/02\/cropped-cropped-logolu.webp\",\"contentUrl\":\"https:\/\/luchonoticias.com\/editor\/wp-content\/uploads\/2024\/02\/cropped-cropped-logolu.webp\",\"width\":382,\"height\":170,\"caption\":\"admin\"},\"logo\":{\"@id\":\"https:\/\/luchonoticias.com\/editor\/#\/schema\/person\/image\/\"},\"sameAs\":[\"https:\/\/www.facebook.com\/luchonoticiasneiva\"]},{\"@type\":\"Person\",\"@id\":\"https:\/\/luchonoticias.com\/editor\/#\/schema\/person\/29217990ddf6f14e35912b2866d591fb\",\"name\":\"Editor General\",\"image\":{\"@type\":\"ImageObject\",\"inLanguage\":\"es\",\"@id\":\"https:\/\/luchonoticias.com\/editor\/#\/schema\/person\/image\/\",\"url\":\"https:\/\/luchonoticias.com\/editor\/wp-content\/uploads\/2024\/02\/cropped-cropped-logolu-150x150.webp\",\"contentUrl\":\"https:\/\/luchonoticias.com\/editor\/wp-content\/uploads\/2024\/02\/cropped-cropped-logolu-150x150.webp\",\"caption\":\"Editor General\"},\"sameAs\":[\"https:\/\/luchonoticias.com\/\"],\"url\":\"https:\/\/luchonoticias.com\/editor\/author\/editor-general\/\"}]}<\/script>\n<!-- \/ Yoast SEO plugin. -->","yoast_head_json":{"title":"Capturado sujeto con m\u00e1s de 7 kilos de base de coca -","robots":{"index":"index","follow":"follow","max-snippet":"max-snippet:-1","max-image-preview":"max-image-preview:large","max-video-preview":"max-video-preview:-1"},"canonical":"https:\/\/luchonoticias.com\/editor\/capturado-sujeto-con-mas-de-7-kilos-de-base-de-coca\/","og_locale":"es_ES","og_type":"article","og_title":"Capturado sujeto con m\u00e1s de 7 kilos de base de coca -","og_url":"https:\/\/luchonoticias.com\/editor\/capturado-sujeto-con-mas-de-7-kilos-de-base-de-coca\/","article_publisher":"https:\/\/www.facebook.com\/luchonoticiasneiva","article_published_time":"2024-01-24T12:42:17+00:00","article_modified_time":"2024-01-24T12:42:19+00:00","author":"Editor General","twitter_card":"summary_large_image","twitter_misc":{"Escrito por":"Editor General","Tiempo de lectura":"1 minuto"},"schema":{"@context":"https:\/\/schema.org","@graph":[{"@type":"Article","@id":"https:\/\/luchonoticias.com\/editor\/capturado-sujeto-con-mas-de-7-kilos-de-base-de-coca\/#article","isPartOf":{"@id":"https:\/\/luchonoticias.com\/editor\/capturado-sujeto-con-mas-de-7-kilos-de-base-de-coca\/"},"author":{"name":"Editor General","@id":"https:\/\/luchonoticias.com\/editor\/#\/schema\/person\/29217990ddf6f14e35912b2866d591fb"},"headline":"Capturado sujeto con m\u00e1s de 7 kilos de base de coca","datePublished":"2024-01-24T12:42:17+00:00","dateModified":"2024-01-24T12:42:19+00:00","mainEntityOfPage":{"@id":"https:\/\/luchonoticias.com\/editor\/capturado-sujeto-con-mas-de-7-kilos-de-base-de-coca\/"},"wordCount":158,"commentCount":0,"publisher":{"@id":"https:\/\/luchonoticias.com\/editor\/#\/schema\/person\/7a7fd911f58561fd056dbac7b55af9cd"},"articleSection":["Destacado","Judicial"],"inLanguage":"es","potentialAction":[{"@type":"CommentAction","name":"Comment","target":["https:\/\/luchonoticias.com\/editor\/capturado-sujeto-con-mas-de-7-kilos-de-base-de-coca\/#respond"]}]},{"@type":"WebPage","@id":"https:\/\/luchonoticias.com\/editor\/capturado-sujeto-con-mas-de-7-kilos-de-base-de-coca\/","url":"https:\/\/luchonoticias.com\/editor\/capturado-sujeto-con-mas-de-7-kilos-de-base-de-coca\/","name":"Capturado sujeto con m\u00e1s de 7 kilos de base de coca -","isPartOf":{"@id":"https:\/\/luchonoticias.com\/editor\/#website"},"datePublished":"2024-01-24T12:42:17+00:00","dateModified":"2024-01-24T12:42:19+00:00","breadcrumb":{"@id":"https:\/\/luchonoticias.com\/editor\/capturado-sujeto-con-mas-de-7-kilos-de-base-de-coca\/#breadcrumb"},"inLanguage":"es","potentialAction":[{"@type":"ReadAction","target":["https:\/\/luchonoticias.com\/editor\/capturado-sujeto-con-mas-de-7-kilos-de-base-de-coca\/"]}]},{"@type":"BreadcrumbList","@id":"https:\/\/luchonoticias.com\/editor\/capturado-sujeto-con-mas-de-7-kilos-de-base-de-coca\/#breadcrumb","itemListElement":[{"@type":"ListItem","position":1,"name":"Portada","item":"https:\/\/luchonoticias.com\/editor\/"},{"@type":"ListItem","position":2,"name":"Capturado sujeto con m\u00e1s de 7 kilos de base de coca"}]},{"@type":"WebSite","@id":"https:\/\/luchonoticias.com\/editor\/#website","url":"https:\/\/luchonoticias.com\/editor\/","name":"","description":"","publisher":{"@id":"https:\/\/luchonoticias.com\/editor\/#\/schema\/person\/7a7fd911f58561fd056dbac7b55af9cd"},"potentialAction":[{"@type":"SearchAction","target":{"@type":"EntryPoint","urlTemplate":"https:\/\/luchonoticias.com\/editor\/?s={search_term_string}"},"query-input":{"@type":"PropertyValueSpecification","valueRequired":true,"valueName":"search_term_string"}}],"inLanguage":"es"},{"@type":["Person","Organization"],"@id":"https:\/\/luchonoticias.com\/editor\/#\/schema\/person\/7a7fd911f58561fd056dbac7b55af9cd","name":"admin","image":{"@type":"ImageObject","inLanguage":"es","@id":"https:\/\/luchonoticias.com\/editor\/#\/schema\/person\/image\/","url":"https:\/\/luchonoticias.com\/editor\/wp-content\/uploads\/2024\/02\/cropped-cropped-logolu.webp","contentUrl":"https:\/\/luchonoticias.com\/editor\/wp-content\/uploads\/2024\/02\/cropped-cropped-logolu.webp","width":382,"height":170,"caption":"admin"},"logo":{"@id":"https:\/\/luchonoticias.com\/editor\/#\/schema\/person\/image\/"},"sameAs":["https:\/\/www.facebook.com\/luchonoticiasneiva"]},{"@type":"Person","@id":"https:\/\/luchonoticias.com\/editor\/#\/schema\/person\/29217990ddf6f14e35912b2866d591fb","name":"Editor General","image":{"@type":"ImageObject","inLanguage":"es","@id":"https:\/\/luchonoticias.com\/editor\/#\/schema\/person\/image\/","url":"https:\/\/luchonoticias.com\/editor\/wp-content\/uploads\/2024\/02\/cropped-cropped-logolu-150x150.webp","contentUrl":"https:\/\/luchonoticias.com\/editor\/wp-content\/uploads\/2024\/02\/cropped-cropped-logolu-150x150.webp","caption":"Editor General"},"sameAs":["https:\/\/luchonoticias.com\/"],"url":"https:\/\/luchonoticias.com\/editor\/author\/editor-general\/"}]}},"_links":{"self":[{"href":"https:\/\/luchonoticias.com\/editor\/wp-json\/wp\/v2\/posts\/67446","targetHints":{"allow":["GET"]}}],"collection":[{"href":"https:\/\/luchonoticias.com\/editor\/wp-json\/wp\/v2\/posts"}],"about":[{"href":"https:\/\/luchonoticias.com\/editor\/wp-json\/wp\/v2\/types\/post"}],"author":[{"embeddable":true,"href":"https:\/\/luchonoticias.com\/editor\/wp-json\/wp\/v2\/users\/2"}],"replies":[{"embeddable":true,"href":"https:\/\/luchonoticias.com\/editor\/wp-json\/wp\/v2\/comments?post=67446"}],"version-history":[{"count":0,"href":"https:\/\/luchonoticias.com\/editor\/wp-json\/wp\/v2\/posts\/67446\/revisions"}],"wp:attachment":[{"href":"https:\/\/luchonoticias.com\/editor\/wp-json\/wp\/v2\/media?parent=67446"}],"wp:term":[{"taxonomy":"category","embeddable":true,"href":"https:\/\/luchonoticias.com\/editor\/wp-json\/wp\/v2\/categories?post=67446"},{"taxonomy":"post_tag","embeddable":true,"href":"https:\/\/luchonoticias.com\/editor\/wp-json\/wp\/v2\/tags?post=67446"}],"curies":[{"name":"wp","href":"https:\/\/api.w.org\/{rel}","templated":true}]}}