{"id":67449,"date":"2024-01-24T07:49:05","date_gmt":"2024-01-24T12:49:05","guid":{"rendered":"https:\/\/luchonoticias.com\/?p=67449"},"modified":"2024-01-24T07:49:05","modified_gmt":"2024-01-24T12:49:05","slug":"manana-25-de-enero-se-realizara-en-bucaramanga-un-nuevo-foro-sobre-regiones-autonomicas","status":"publish","type":"post","link":"https:\/\/luchonoticias.com\/editor\/manana-25-de-enero-se-realizara-en-bucaramanga-un-nuevo-foro-sobre-regiones-autonomicas\/","title":{"rendered":"Ma\u00f1ana 25 de enero se realizar\u00e1 en Bucaramanga un nuevo foro sobre regiones auton\u00f3micas"},"content":{"rendered":"\n<p>El presidente del&nbsp;Congreso Iv\u00e1n Name&nbsp;(Alianza Verde),&nbsp;es impulsor de un nuevo modelo geopol\u00edtico para Colombia, donde las regiones tengan m\u00e1s autonom\u00eda administrativa y econ\u00f3mica, para Name la centralizaci\u00f3n de los recursos&nbsp;tienea varios departamentos y cientos de municipios&nbsp;del pa\u00eds en&nbsp;estado cr\u00edtico, algunos&nbsp;hundidos&nbsp;en pobreza y guerra.<\/p>\n\n\n\n<p>Expres\u00f3&nbsp;\u201cLas regiones auton\u00f3micas&nbsp;es una propuesta casi desesperada frente a momentos de crisis que tiene ya nuestro sistema centralista, que ha&nbsp;asfixiado el desarrollo de las regiones y por eso lo que tenemos hoy es una ecuaci\u00f3n de atraso, pobreza y guerra\u201d.<\/p>\n\n\n\n<p>La propuesta del presidente del&nbsp;Congreso sobre regiones auton\u00f3micas no es una iniciativa en solitario, son varias las voces en Colombia que tienen diferentes propuestas para un cambio de modelo de organizaci\u00f3n&nbsp;de&nbsp;Estado.<\/p>\n\n\n\n<p>El presidente Name tambi\u00e9n dijo \u201cmuchas voces y sectores del pa\u00eds, nos encontramos en la necesidad de un replanteamiento del modelo de&nbsp;Estado que tenemos, incluido el tema de las insurgencias debemos vincularlas y darles una manera para que tambi\u00e9n entren bajo un proyecto pol\u00edtico, para constituir un nuevo tipo de pa\u00eds\u201d.<\/p>\n\n\n\n<p>Para avanzar en la discusi\u00f3n de las regiones auton\u00f3micas el presidente Iv\u00e1n Name, seguir\u00e1 realizando audiencias por todo el pa\u00eds para escucha a expertos acad\u00e9micos, l\u00edderes sociales y pol\u00edticos, sobre la mejor manera de avanzar en desarrollo y riqueza.<\/p>\n","protected":false},"excerpt":{"rendered":"<p>El presidente del&nbsp;Congreso Iv\u00e1n Name&nbsp;(Alianza Verde),&nbsp;es impulsor de un nuevo modelo geopol\u00edtico para Colombia, donde las regiones tengan m\u00e1s autonom\u00eda administrativa y econ\u00f3mica, para Name la centralizaci\u00f3n de los recursos&nbsp;tienea varios departamentos y cientos de municipios&nbsp;del pa\u00eds en&nbsp;estado cr\u00edtico, algunos&nbsp;hundidos&nbsp;en pobreza y guerra. Expres\u00f3&nbsp;\u201cLas regiones auton\u00f3micas&nbsp;es una propuesta casi desesperada frente a momentos de crisis [&hellip;]<\/p>\n","protected":false},"author":2,"featured_media":0,"comment_status":"open","ping_status":"open","sticky":false,"template":"","format":"standard","meta":{"footnotes":""},"categories":[36,617],"tags":[],"class_list":["post-67449","post","type-post","status-publish","format-standard","hentry","category-destacado","category-politica"],"yoast_head":"<!-- This site is optimized with the Yoast SEO plugin v26.6 - https:\/\/yoast.com\/wordpress\/plugins\/seo\/ -->\n<title>Ma\u00f1ana 25 de enero se realizar\u00e1 en Bucaramanga un nuevo foro sobre regiones auton\u00f3micas -<\/title>\n<meta name=\"robots\" content=\"index, follow, max-snippet:-1, max-image-preview:large, max-video-preview:-1\" \/>\n<link rel=\"canonical\" href=\"https:\/\/luchonoticias.com\/editor\/manana-25-de-enero-se-realizara-en-bucaramanga-un-nuevo-foro-sobre-regiones-autonomicas\/\" \/>\n<meta property=\"og:locale\" content=\"es_ES\" \/>\n<meta property=\"og:type\" content=\"article\" \/>\n<meta property=\"og:title\" content=\"Ma\u00f1ana 25 de enero se realizar\u00e1 en Bucaramanga un nuevo foro sobre regiones auton\u00f3micas -\" \/>\n<meta property=\"og:url\" content=\"https:\/\/luchonoticias.com\/editor\/manana-25-de-enero-se-realizara-en-bucaramanga-un-nuevo-foro-sobre-regiones-autonomicas\/\" \/>\n<meta property=\"article:publisher\" content=\"https:\/\/www.facebook.com\/luchonoticiasneiva\" \/>\n<meta property=\"article:published_time\" content=\"2024-01-24T12:49:05+00:00\" \/>\n<meta name=\"author\" content=\"Editor General\" \/>\n<meta name=\"twitter:card\" content=\"summary_large_image\" \/>\n<meta name=\"twitter:label1\" content=\"Escrito por\" \/>\n\t<meta name=\"twitter:data1\" content=\"Editor General\" \/>\n\t<meta name=\"twitter:label2\" content=\"Tiempo de lectura\" \/>\n\t<meta name=\"twitter:data2\" content=\"1 minuto\" \/>\n<script type=\"application\/ld+json\" class=\"yoast-schema-graph\">{\"@context\":\"https:\/\/schema.org\",\"@graph\":[{\"@type\":\"Article\",\"@id\":\"https:\/\/luchonoticias.com\/editor\/manana-25-de-enero-se-realizara-en-bucaramanga-un-nuevo-foro-sobre-regiones-autonomicas\/#article\",\"isPartOf\":{\"@id\":\"https:\/\/luchonoticias.com\/editor\/manana-25-de-enero-se-realizara-en-bucaramanga-un-nuevo-foro-sobre-regiones-autonomicas\/\"},\"author\":{\"name\":\"Editor General\",\"@id\":\"https:\/\/luchonoticias.com\/editor\/#\/schema\/person\/29217990ddf6f14e35912b2866d591fb\"},\"headline\":\"Ma\u00f1ana 25 de enero se realizar\u00e1 en Bucaramanga un nuevo foro sobre regiones auton\u00f3micas\",\"datePublished\":\"2024-01-24T12:49:05+00:00\",\"mainEntityOfPage\":{\"@id\":\"https:\/\/luchonoticias.com\/editor\/manana-25-de-enero-se-realizara-en-bucaramanga-un-nuevo-foro-sobre-regiones-autonomicas\/\"},\"wordCount\":273,\"commentCount\":0,\"publisher\":{\"@id\":\"https:\/\/luchonoticias.com\/editor\/#\/schema\/person\/7a7fd911f58561fd056dbac7b55af9cd\"},\"articleSection\":[\"Destacado\",\"Pol\u00edtica\"],\"inLanguage\":\"es\",\"potentialAction\":[{\"@type\":\"CommentAction\",\"name\":\"Comment\",\"target\":[\"https:\/\/luchonoticias.com\/editor\/manana-25-de-enero-se-realizara-en-bucaramanga-un-nuevo-foro-sobre-regiones-autonomicas\/#respond\"]}]},{\"@type\":\"WebPage\",\"@id\":\"https:\/\/luchonoticias.com\/editor\/manana-25-de-enero-se-realizara-en-bucaramanga-un-nuevo-foro-sobre-regiones-autonomicas\/\",\"url\":\"https:\/\/luchonoticias.com\/editor\/manana-25-de-enero-se-realizara-en-bucaramanga-un-nuevo-foro-sobre-regiones-autonomicas\/\",\"name\":\"Ma\u00f1ana 25 de enero se realizar\u00e1 en Bucaramanga un nuevo foro sobre regiones auton\u00f3micas -\",\"isPartOf\":{\"@id\":\"https:\/\/luchonoticias.com\/editor\/#website\"},\"datePublished\":\"2024-01-24T12:49:05+00:00\",\"breadcrumb\":{\"@id\":\"https:\/\/luchonoticias.com\/editor\/manana-25-de-enero-se-realizara-en-bucaramanga-un-nuevo-foro-sobre-regiones-autonomicas\/#breadcrumb\"},\"inLanguage\":\"es\",\"potentialAction\":[{\"@type\":\"ReadAction\",\"target\":[\"https:\/\/luchonoticias.com\/editor\/manana-25-de-enero-se-realizara-en-bucaramanga-un-nuevo-foro-sobre-regiones-autonomicas\/\"]}]},{\"@type\":\"BreadcrumbList\",\"@id\":\"https:\/\/luchonoticias.com\/editor\/manana-25-de-enero-se-realizara-en-bucaramanga-un-nuevo-foro-sobre-regiones-autonomicas\/#breadcrumb\",\"itemListElement\":[{\"@type\":\"ListItem\",\"position\":1,\"name\":\"Portada\",\"item\":\"https:\/\/luchonoticias.com\/editor\/\"},{\"@type\":\"ListItem\",\"position\":2,\"name\":\"Ma\u00f1ana 25 de enero se realizar\u00e1 en Bucaramanga un nuevo foro sobre regiones auton\u00f3micas\"}]},{\"@type\":\"WebSite\",\"@id\":\"https:\/\/luchonoticias.com\/editor\/#website\",\"url\":\"https:\/\/luchonoticias.com\/editor\/\",\"name\":\"\",\"description\":\"\",\"publisher\":{\"@id\":\"https:\/\/luchonoticias.com\/editor\/#\/schema\/person\/7a7fd911f58561fd056dbac7b55af9cd\"},\"potentialAction\":[{\"@type\":\"SearchAction\",\"target\":{\"@type\":\"EntryPoint\",\"urlTemplate\":\"https:\/\/luchonoticias.com\/editor\/?s={search_term_string}\"},\"query-input\":{\"@type\":\"PropertyValueSpecification\",\"valueRequired\":true,\"valueName\":\"search_term_string\"}}],\"inLanguage\":\"es\"},{\"@type\":[\"Person\",\"Organization\"],\"@id\":\"https:\/\/luchonoticias.com\/editor\/#\/schema\/person\/7a7fd911f58561fd056dbac7b55af9cd\",\"name\":\"admin\",\"image\":{\"@type\":\"ImageObject\",\"inLanguage\":\"es\",\"@id\":\"https:\/\/luchonoticias.com\/editor\/#\/schema\/person\/image\/\",\"url\":\"https:\/\/luchonoticias.com\/editor\/wp-content\/uploads\/2024\/02\/cropped-cropped-logolu.webp\",\"contentUrl\":\"https:\/\/luchonoticias.com\/editor\/wp-content\/uploads\/2024\/02\/cropped-cropped-logolu.webp\",\"width\":382,\"height\":170,\"caption\":\"admin\"},\"logo\":{\"@id\":\"https:\/\/luchonoticias.com\/editor\/#\/schema\/person\/image\/\"},\"sameAs\":[\"https:\/\/www.facebook.com\/luchonoticiasneiva\"]},{\"@type\":\"Person\",\"@id\":\"https:\/\/luchonoticias.com\/editor\/#\/schema\/person\/29217990ddf6f14e35912b2866d591fb\",\"name\":\"Editor General\",\"image\":{\"@type\":\"ImageObject\",\"inLanguage\":\"es\",\"@id\":\"https:\/\/luchonoticias.com\/editor\/#\/schema\/person\/image\/\",\"url\":\"https:\/\/luchonoticias.com\/editor\/wp-content\/uploads\/2024\/02\/cropped-cropped-logolu-150x150.webp\",\"contentUrl\":\"https:\/\/luchonoticias.com\/editor\/wp-content\/uploads\/2024\/02\/cropped-cropped-logolu-150x150.webp\",\"caption\":\"Editor General\"},\"sameAs\":[\"https:\/\/luchonoticias.com\/\"],\"url\":\"https:\/\/luchonoticias.com\/editor\/author\/editor-general\/\"}]}<\/script>\n<!-- \/ Yoast SEO plugin. -->","yoast_head_json":{"title":"Ma\u00f1ana 25 de enero se realizar\u00e1 en Bucaramanga un nuevo foro sobre regiones auton\u00f3micas -","robots":{"index":"index","follow":"follow","max-snippet":"max-snippet:-1","max-image-preview":"max-image-preview:large","max-video-preview":"max-video-preview:-1"},"canonical":"https:\/\/luchonoticias.com\/editor\/manana-25-de-enero-se-realizara-en-bucaramanga-un-nuevo-foro-sobre-regiones-autonomicas\/","og_locale":"es_ES","og_type":"article","og_title":"Ma\u00f1ana 25 de enero se realizar\u00e1 en Bucaramanga un nuevo foro sobre regiones auton\u00f3micas -","og_url":"https:\/\/luchonoticias.com\/editor\/manana-25-de-enero-se-realizara-en-bucaramanga-un-nuevo-foro-sobre-regiones-autonomicas\/","article_publisher":"https:\/\/www.facebook.com\/luchonoticiasneiva","article_published_time":"2024-01-24T12:49:05+00:00","author":"Editor General","twitter_card":"summary_large_image","twitter_misc":{"Escrito por":"Editor General","Tiempo de lectura":"1 minuto"},"schema":{"@context":"https:\/\/schema.org","@graph":[{"@type":"Article","@id":"https:\/\/luchonoticias.com\/editor\/manana-25-de-enero-se-realizara-en-bucaramanga-un-nuevo-foro-sobre-regiones-autonomicas\/#article","isPartOf":{"@id":"https:\/\/luchonoticias.com\/editor\/manana-25-de-enero-se-realizara-en-bucaramanga-un-nuevo-foro-sobre-regiones-autonomicas\/"},"author":{"name":"Editor General","@id":"https:\/\/luchonoticias.com\/editor\/#\/schema\/person\/29217990ddf6f14e35912b2866d591fb"},"headline":"Ma\u00f1ana 25 de enero se realizar\u00e1 en Bucaramanga un nuevo foro sobre regiones auton\u00f3micas","datePublished":"2024-01-24T12:49:05+00:00","mainEntityOfPage":{"@id":"https:\/\/luchonoticias.com\/editor\/manana-25-de-enero-se-realizara-en-bucaramanga-un-nuevo-foro-sobre-regiones-autonomicas\/"},"wordCount":273,"commentCount":0,"publisher":{"@id":"https:\/\/luchonoticias.com\/editor\/#\/schema\/person\/7a7fd911f58561fd056dbac7b55af9cd"},"articleSection":["Destacado","Pol\u00edtica"],"inLanguage":"es","potentialAction":[{"@type":"CommentAction","name":"Comment","target":["https:\/\/luchonoticias.com\/editor\/manana-25-de-enero-se-realizara-en-bucaramanga-un-nuevo-foro-sobre-regiones-autonomicas\/#respond"]}]},{"@type":"WebPage","@id":"https:\/\/luchonoticias.com\/editor\/manana-25-de-enero-se-realizara-en-bucaramanga-un-nuevo-foro-sobre-regiones-autonomicas\/","url":"https:\/\/luchonoticias.com\/editor\/manana-25-de-enero-se-realizara-en-bucaramanga-un-nuevo-foro-sobre-regiones-autonomicas\/","name":"Ma\u00f1ana 25 de enero se realizar\u00e1 en Bucaramanga un nuevo foro sobre regiones auton\u00f3micas -","isPartOf":{"@id":"https:\/\/luchonoticias.com\/editor\/#website"},"datePublished":"2024-01-24T12:49:05+00:00","breadcrumb":{"@id":"https:\/\/luchonoticias.com\/editor\/manana-25-de-enero-se-realizara-en-bucaramanga-un-nuevo-foro-sobre-regiones-autonomicas\/#breadcrumb"},"inLanguage":"es","potentialAction":[{"@type":"ReadAction","target":["https:\/\/luchonoticias.com\/editor\/manana-25-de-enero-se-realizara-en-bucaramanga-un-nuevo-foro-sobre-regiones-autonomicas\/"]}]},{"@type":"BreadcrumbList","@id":"https:\/\/luchonoticias.com\/editor\/manana-25-de-enero-se-realizara-en-bucaramanga-un-nuevo-foro-sobre-regiones-autonomicas\/#breadcrumb","itemListElement":[{"@type":"ListItem","position":1,"name":"Portada","item":"https:\/\/luchonoticias.com\/editor\/"},{"@type":"ListItem","position":2,"name":"Ma\u00f1ana 25 de enero se realizar\u00e1 en Bucaramanga un nuevo foro sobre regiones auton\u00f3micas"}]},{"@type":"WebSite","@id":"https:\/\/luchonoticias.com\/editor\/#website","url":"https:\/\/luchonoticias.com\/editor\/","name":"","description":"","publisher":{"@id":"https:\/\/luchonoticias.com\/editor\/#\/schema\/person\/7a7fd911f58561fd056dbac7b55af9cd"},"potentialAction":[{"@type":"SearchAction","target":{"@type":"EntryPoint","urlTemplate":"https:\/\/luchonoticias.com\/editor\/?s={search_term_string}"},"query-input":{"@type":"PropertyValueSpecification","valueRequired":true,"valueName":"search_term_string"}}],"inLanguage":"es"},{"@type":["Person","Organization"],"@id":"https:\/\/luchonoticias.com\/editor\/#\/schema\/person\/7a7fd911f58561fd056dbac7b55af9cd","name":"admin","image":{"@type":"ImageObject","inLanguage":"es","@id":"https:\/\/luchonoticias.com\/editor\/#\/schema\/person\/image\/","url":"https:\/\/luchonoticias.com\/editor\/wp-content\/uploads\/2024\/02\/cropped-cropped-logolu.webp","contentUrl":"https:\/\/luchonoticias.com\/editor\/wp-content\/uploads\/2024\/02\/cropped-cropped-logolu.webp","width":382,"height":170,"caption":"admin"},"logo":{"@id":"https:\/\/luchonoticias.com\/editor\/#\/schema\/person\/image\/"},"sameAs":["https:\/\/www.facebook.com\/luchonoticiasneiva"]},{"@type":"Person","@id":"https:\/\/luchonoticias.com\/editor\/#\/schema\/person\/29217990ddf6f14e35912b2866d591fb","name":"Editor General","image":{"@type":"ImageObject","inLanguage":"es","@id":"https:\/\/luchonoticias.com\/editor\/#\/schema\/person\/image\/","url":"https:\/\/luchonoticias.com\/editor\/wp-content\/uploads\/2024\/02\/cropped-cropped-logolu-150x150.webp","contentUrl":"https:\/\/luchonoticias.com\/editor\/wp-content\/uploads\/2024\/02\/cropped-cropped-logolu-150x150.webp","caption":"Editor General"},"sameAs":["https:\/\/luchonoticias.com\/"],"url":"https:\/\/luchonoticias.com\/editor\/author\/editor-general\/"}]}},"_links":{"self":[{"href":"https:\/\/luchonoticias.com\/editor\/wp-json\/wp\/v2\/posts\/67449","targetHints":{"allow":["GET"]}}],"collection":[{"href":"https:\/\/luchonoticias.com\/editor\/wp-json\/wp\/v2\/posts"}],"about":[{"href":"https:\/\/luchonoticias.com\/editor\/wp-json\/wp\/v2\/types\/post"}],"author":[{"embeddable":true,"href":"https:\/\/luchonoticias.com\/editor\/wp-json\/wp\/v2\/users\/2"}],"replies":[{"embeddable":true,"href":"https:\/\/luchonoticias.com\/editor\/wp-json\/wp\/v2\/comments?post=67449"}],"version-history":[{"count":0,"href":"https:\/\/luchonoticias.com\/editor\/wp-json\/wp\/v2\/posts\/67449\/revisions"}],"wp:attachment":[{"href":"https:\/\/luchonoticias.com\/editor\/wp-json\/wp\/v2\/media?parent=67449"}],"wp:term":[{"taxonomy":"category","embeddable":true,"href":"https:\/\/luchonoticias.com\/editor\/wp-json\/wp\/v2\/categories?post=67449"},{"taxonomy":"post_tag","embeddable":true,"href":"https:\/\/luchonoticias.com\/editor\/wp-json\/wp\/v2\/tags?post=67449"}],"curies":[{"name":"wp","href":"https:\/\/api.w.org\/{rel}","templated":true}]}}