{"id":67452,"date":"2024-01-24T07:50:48","date_gmt":"2024-01-24T12:50:48","guid":{"rendered":"https:\/\/luchonoticias.com\/?p=67452"},"modified":"2024-01-24T07:50:49","modified_gmt":"2024-01-24T12:50:49","slug":"arranca-estrategia-de-la-asamblea-para-fortalecer-el-turismo-en-el-huila","status":"publish","type":"post","link":"https:\/\/luchonoticias.com\/editor\/arranca-estrategia-de-la-asamblea-para-fortalecer-el-turismo-en-el-huila\/","title":{"rendered":"Arranca estrategia de la Asamblea, para fortalecer el turismo en el Huila"},"content":{"rendered":"\n<p>La presidenta de la Asamblea Departamental, Victoria Castro, anunci\u00f3 el inicio de sesiones descentralizadas, llevando la Asamblea a distintas zonas del departamento del Huila. Este movimiento responde al compromiso de velar por los intereses y el bienestar de toda la regi\u00f3n desde el d\u00eda de la posesi\u00f3n.<\/p>\n\n\n\n<p>La primera sesi\u00f3n descentralizada se llevar\u00e1 a cabo en Gigante, un municipio clave para el turismo social y comunitario. La iniciativa en cabeza del diputado N\u00e9stor Rodr\u00edguez Andrade, cuenta con el respaldo del gremio tur\u00edstico; el dirigente del partido de La U,&nbsp; destaca la importancia de construir una pol\u00edtica p\u00fablica de turismo para impulsar la econom\u00eda y generar riqueza en cada familia del Huila.<\/p>\n\n\n\n<p>Rodr\u00edguez Andrade, propone respaldar la solicitud de la Corporaci\u00f3n de Empresarios del Turismo del Huila (SETLUR), para realizar una sesi\u00f3n descentralizada, enfoc\u00e1ndose en construir una pol\u00edtica p\u00fablica que priorice el turismo como un pilar econ\u00f3mico.<\/p>\n\n\n\n<p>Se debe incluir en la agenda al Secretario Departamental de V\u00edas e Infraestructura, as\u00ed como la participaci\u00f3n del Director de Planeaci\u00f3n y representantes de la fuerza p\u00fablica.<\/p>\n\n\n\n<p>En un momento en que el turismo social y comunitario se vislumbra como una oportunidad para el Huila, la Asamblea Departamental se compromete a consolidar esfuerzos para impulsar el desarrollo sostenible y econ\u00f3mico en toda la regi\u00f3n.<\/p>\n\n\n\n<p>En la sesi\u00f3n se abordar\u00e1 la tem\u00e1tica del turismo para el pr\u00f3ximo cuatrienio, buscando ideas importantes y claros conceptos sobre el desarrollo tur\u00edstico. La presidenta de la Asamblea del Huila, Victoria Castro Silva, subraya la voluntad de escuchar a quienes han contribuido con esfuerzo al turismo en el departamento, comprometi\u00e9ndose a destinar los recursos necesarios para materializar metas y planes.<\/p>\n\n\n\n<p>En ese sentido, se plantea la necesidad de trabajar en la obtenci\u00f3n de recursos para apoyar a emprendedores del sector tur\u00edstico. La presidenta menciona la convocatoria a diversas figuras, como el Secretario de Agricultura, el Secretario de Desarrollo Social, el Secretario de Gobierno y la participaci\u00f3n de las fuerzas militares y de polic\u00eda.<\/p>\n","protected":false},"excerpt":{"rendered":"<p>La presidenta de la Asamblea Departamental, Victoria Castro, anunci\u00f3 el inicio de sesiones descentralizadas, llevando la Asamblea a distintas zonas del departamento del Huila. Este movimiento responde al compromiso de velar por los intereses y el bienestar de toda la regi\u00f3n desde el d\u00eda de la posesi\u00f3n. La primera sesi\u00f3n descentralizada se llevar\u00e1 a cabo [&hellip;]<\/p>\n","protected":false},"author":2,"featured_media":0,"comment_status":"open","ping_status":"open","sticky":false,"template":"","format":"standard","meta":{"footnotes":""},"categories":[36,617],"tags":[],"class_list":["post-67452","post","type-post","status-publish","format-standard","hentry","category-destacado","category-politica"],"yoast_head":"<!-- This site is optimized with the Yoast SEO plugin v26.6 - https:\/\/yoast.com\/wordpress\/plugins\/seo\/ -->\n<title>Arranca estrategia de la Asamblea, para fortalecer el turismo en el Huila -<\/title>\n<meta name=\"robots\" content=\"index, follow, max-snippet:-1, max-image-preview:large, max-video-preview:-1\" \/>\n<link rel=\"canonical\" href=\"https:\/\/luchonoticias.com\/editor\/arranca-estrategia-de-la-asamblea-para-fortalecer-el-turismo-en-el-huila\/\" \/>\n<meta property=\"og:locale\" content=\"es_ES\" \/>\n<meta property=\"og:type\" content=\"article\" \/>\n<meta property=\"og:title\" content=\"Arranca estrategia de la Asamblea, para fortalecer el turismo en el Huila -\" \/>\n<meta property=\"og:url\" content=\"https:\/\/luchonoticias.com\/editor\/arranca-estrategia-de-la-asamblea-para-fortalecer-el-turismo-en-el-huila\/\" \/>\n<meta property=\"article:publisher\" content=\"https:\/\/www.facebook.com\/luchonoticiasneiva\" \/>\n<meta property=\"article:published_time\" content=\"2024-01-24T12:50:48+00:00\" \/>\n<meta property=\"article:modified_time\" content=\"2024-01-24T12:50:49+00:00\" \/>\n<meta name=\"author\" content=\"Editor General\" \/>\n<meta name=\"twitter:card\" content=\"summary_large_image\" \/>\n<meta name=\"twitter:label1\" content=\"Escrito por\" \/>\n\t<meta name=\"twitter:data1\" content=\"Editor General\" \/>\n\t<meta name=\"twitter:label2\" content=\"Tiempo de lectura\" \/>\n\t<meta name=\"twitter:data2\" content=\"2 minutos\" \/>\n<script type=\"application\/ld+json\" class=\"yoast-schema-graph\">{\"@context\":\"https:\/\/schema.org\",\"@graph\":[{\"@type\":\"Article\",\"@id\":\"https:\/\/luchonoticias.com\/editor\/arranca-estrategia-de-la-asamblea-para-fortalecer-el-turismo-en-el-huila\/#article\",\"isPartOf\":{\"@id\":\"https:\/\/luchonoticias.com\/editor\/arranca-estrategia-de-la-asamblea-para-fortalecer-el-turismo-en-el-huila\/\"},\"author\":{\"name\":\"Editor General\",\"@id\":\"https:\/\/luchonoticias.com\/editor\/#\/schema\/person\/29217990ddf6f14e35912b2866d591fb\"},\"headline\":\"Arranca estrategia de la Asamblea, para fortalecer el turismo en el Huila\",\"datePublished\":\"2024-01-24T12:50:48+00:00\",\"dateModified\":\"2024-01-24T12:50:49+00:00\",\"mainEntityOfPage\":{\"@id\":\"https:\/\/luchonoticias.com\/editor\/arranca-estrategia-de-la-asamblea-para-fortalecer-el-turismo-en-el-huila\/\"},\"wordCount\":368,\"commentCount\":0,\"publisher\":{\"@id\":\"https:\/\/luchonoticias.com\/editor\/#\/schema\/person\/7a7fd911f58561fd056dbac7b55af9cd\"},\"articleSection\":[\"Destacado\",\"Pol\u00edtica\"],\"inLanguage\":\"es\",\"potentialAction\":[{\"@type\":\"CommentAction\",\"name\":\"Comment\",\"target\":[\"https:\/\/luchonoticias.com\/editor\/arranca-estrategia-de-la-asamblea-para-fortalecer-el-turismo-en-el-huila\/#respond\"]}]},{\"@type\":\"WebPage\",\"@id\":\"https:\/\/luchonoticias.com\/editor\/arranca-estrategia-de-la-asamblea-para-fortalecer-el-turismo-en-el-huila\/\",\"url\":\"https:\/\/luchonoticias.com\/editor\/arranca-estrategia-de-la-asamblea-para-fortalecer-el-turismo-en-el-huila\/\",\"name\":\"Arranca estrategia de la Asamblea, para fortalecer el turismo en el Huila -\",\"isPartOf\":{\"@id\":\"https:\/\/luchonoticias.com\/editor\/#website\"},\"datePublished\":\"2024-01-24T12:50:48+00:00\",\"dateModified\":\"2024-01-24T12:50:49+00:00\",\"breadcrumb\":{\"@id\":\"https:\/\/luchonoticias.com\/editor\/arranca-estrategia-de-la-asamblea-para-fortalecer-el-turismo-en-el-huila\/#breadcrumb\"},\"inLanguage\":\"es\",\"potentialAction\":[{\"@type\":\"ReadAction\",\"target\":[\"https:\/\/luchonoticias.com\/editor\/arranca-estrategia-de-la-asamblea-para-fortalecer-el-turismo-en-el-huila\/\"]}]},{\"@type\":\"BreadcrumbList\",\"@id\":\"https:\/\/luchonoticias.com\/editor\/arranca-estrategia-de-la-asamblea-para-fortalecer-el-turismo-en-el-huila\/#breadcrumb\",\"itemListElement\":[{\"@type\":\"ListItem\",\"position\":1,\"name\":\"Portada\",\"item\":\"https:\/\/luchonoticias.com\/editor\/\"},{\"@type\":\"ListItem\",\"position\":2,\"name\":\"Arranca estrategia de la Asamblea, para fortalecer el turismo en el Huila\"}]},{\"@type\":\"WebSite\",\"@id\":\"https:\/\/luchonoticias.com\/editor\/#website\",\"url\":\"https:\/\/luchonoticias.com\/editor\/\",\"name\":\"\",\"description\":\"\",\"publisher\":{\"@id\":\"https:\/\/luchonoticias.com\/editor\/#\/schema\/person\/7a7fd911f58561fd056dbac7b55af9cd\"},\"potentialAction\":[{\"@type\":\"SearchAction\",\"target\":{\"@type\":\"EntryPoint\",\"urlTemplate\":\"https:\/\/luchonoticias.com\/editor\/?s={search_term_string}\"},\"query-input\":{\"@type\":\"PropertyValueSpecification\",\"valueRequired\":true,\"valueName\":\"search_term_string\"}}],\"inLanguage\":\"es\"},{\"@type\":[\"Person\",\"Organization\"],\"@id\":\"https:\/\/luchonoticias.com\/editor\/#\/schema\/person\/7a7fd911f58561fd056dbac7b55af9cd\",\"name\":\"admin\",\"image\":{\"@type\":\"ImageObject\",\"inLanguage\":\"es\",\"@id\":\"https:\/\/luchonoticias.com\/editor\/#\/schema\/person\/image\/\",\"url\":\"https:\/\/luchonoticias.com\/editor\/wp-content\/uploads\/2024\/02\/cropped-cropped-logolu.webp\",\"contentUrl\":\"https:\/\/luchonoticias.com\/editor\/wp-content\/uploads\/2024\/02\/cropped-cropped-logolu.webp\",\"width\":382,\"height\":170,\"caption\":\"admin\"},\"logo\":{\"@id\":\"https:\/\/luchonoticias.com\/editor\/#\/schema\/person\/image\/\"},\"sameAs\":[\"https:\/\/www.facebook.com\/luchonoticiasneiva\"]},{\"@type\":\"Person\",\"@id\":\"https:\/\/luchonoticias.com\/editor\/#\/schema\/person\/29217990ddf6f14e35912b2866d591fb\",\"name\":\"Editor General\",\"image\":{\"@type\":\"ImageObject\",\"inLanguage\":\"es\",\"@id\":\"https:\/\/luchonoticias.com\/editor\/#\/schema\/person\/image\/\",\"url\":\"https:\/\/luchonoticias.com\/editor\/wp-content\/uploads\/2024\/02\/cropped-cropped-logolu-150x150.webp\",\"contentUrl\":\"https:\/\/luchonoticias.com\/editor\/wp-content\/uploads\/2024\/02\/cropped-cropped-logolu-150x150.webp\",\"caption\":\"Editor General\"},\"sameAs\":[\"https:\/\/luchonoticias.com\/\"],\"url\":\"https:\/\/luchonoticias.com\/editor\/author\/editor-general\/\"}]}<\/script>\n<!-- \/ Yoast SEO plugin. -->","yoast_head_json":{"title":"Arranca estrategia de la Asamblea, para fortalecer el turismo en el Huila -","robots":{"index":"index","follow":"follow","max-snippet":"max-snippet:-1","max-image-preview":"max-image-preview:large","max-video-preview":"max-video-preview:-1"},"canonical":"https:\/\/luchonoticias.com\/editor\/arranca-estrategia-de-la-asamblea-para-fortalecer-el-turismo-en-el-huila\/","og_locale":"es_ES","og_type":"article","og_title":"Arranca estrategia de la Asamblea, para fortalecer el turismo en el Huila -","og_url":"https:\/\/luchonoticias.com\/editor\/arranca-estrategia-de-la-asamblea-para-fortalecer-el-turismo-en-el-huila\/","article_publisher":"https:\/\/www.facebook.com\/luchonoticiasneiva","article_published_time":"2024-01-24T12:50:48+00:00","article_modified_time":"2024-01-24T12:50:49+00:00","author":"Editor General","twitter_card":"summary_large_image","twitter_misc":{"Escrito por":"Editor General","Tiempo de lectura":"2 minutos"},"schema":{"@context":"https:\/\/schema.org","@graph":[{"@type":"Article","@id":"https:\/\/luchonoticias.com\/editor\/arranca-estrategia-de-la-asamblea-para-fortalecer-el-turismo-en-el-huila\/#article","isPartOf":{"@id":"https:\/\/luchonoticias.com\/editor\/arranca-estrategia-de-la-asamblea-para-fortalecer-el-turismo-en-el-huila\/"},"author":{"name":"Editor General","@id":"https:\/\/luchonoticias.com\/editor\/#\/schema\/person\/29217990ddf6f14e35912b2866d591fb"},"headline":"Arranca estrategia de la Asamblea, para fortalecer el turismo en el Huila","datePublished":"2024-01-24T12:50:48+00:00","dateModified":"2024-01-24T12:50:49+00:00","mainEntityOfPage":{"@id":"https:\/\/luchonoticias.com\/editor\/arranca-estrategia-de-la-asamblea-para-fortalecer-el-turismo-en-el-huila\/"},"wordCount":368,"commentCount":0,"publisher":{"@id":"https:\/\/luchonoticias.com\/editor\/#\/schema\/person\/7a7fd911f58561fd056dbac7b55af9cd"},"articleSection":["Destacado","Pol\u00edtica"],"inLanguage":"es","potentialAction":[{"@type":"CommentAction","name":"Comment","target":["https:\/\/luchonoticias.com\/editor\/arranca-estrategia-de-la-asamblea-para-fortalecer-el-turismo-en-el-huila\/#respond"]}]},{"@type":"WebPage","@id":"https:\/\/luchonoticias.com\/editor\/arranca-estrategia-de-la-asamblea-para-fortalecer-el-turismo-en-el-huila\/","url":"https:\/\/luchonoticias.com\/editor\/arranca-estrategia-de-la-asamblea-para-fortalecer-el-turismo-en-el-huila\/","name":"Arranca estrategia de la Asamblea, para fortalecer el turismo en el Huila -","isPartOf":{"@id":"https:\/\/luchonoticias.com\/editor\/#website"},"datePublished":"2024-01-24T12:50:48+00:00","dateModified":"2024-01-24T12:50:49+00:00","breadcrumb":{"@id":"https:\/\/luchonoticias.com\/editor\/arranca-estrategia-de-la-asamblea-para-fortalecer-el-turismo-en-el-huila\/#breadcrumb"},"inLanguage":"es","potentialAction":[{"@type":"ReadAction","target":["https:\/\/luchonoticias.com\/editor\/arranca-estrategia-de-la-asamblea-para-fortalecer-el-turismo-en-el-huila\/"]}]},{"@type":"BreadcrumbList","@id":"https:\/\/luchonoticias.com\/editor\/arranca-estrategia-de-la-asamblea-para-fortalecer-el-turismo-en-el-huila\/#breadcrumb","itemListElement":[{"@type":"ListItem","position":1,"name":"Portada","item":"https:\/\/luchonoticias.com\/editor\/"},{"@type":"ListItem","position":2,"name":"Arranca estrategia de la Asamblea, para fortalecer el turismo en el Huila"}]},{"@type":"WebSite","@id":"https:\/\/luchonoticias.com\/editor\/#website","url":"https:\/\/luchonoticias.com\/editor\/","name":"","description":"","publisher":{"@id":"https:\/\/luchonoticias.com\/editor\/#\/schema\/person\/7a7fd911f58561fd056dbac7b55af9cd"},"potentialAction":[{"@type":"SearchAction","target":{"@type":"EntryPoint","urlTemplate":"https:\/\/luchonoticias.com\/editor\/?s={search_term_string}"},"query-input":{"@type":"PropertyValueSpecification","valueRequired":true,"valueName":"search_term_string"}}],"inLanguage":"es"},{"@type":["Person","Organization"],"@id":"https:\/\/luchonoticias.com\/editor\/#\/schema\/person\/7a7fd911f58561fd056dbac7b55af9cd","name":"admin","image":{"@type":"ImageObject","inLanguage":"es","@id":"https:\/\/luchonoticias.com\/editor\/#\/schema\/person\/image\/","url":"https:\/\/luchonoticias.com\/editor\/wp-content\/uploads\/2024\/02\/cropped-cropped-logolu.webp","contentUrl":"https:\/\/luchonoticias.com\/editor\/wp-content\/uploads\/2024\/02\/cropped-cropped-logolu.webp","width":382,"height":170,"caption":"admin"},"logo":{"@id":"https:\/\/luchonoticias.com\/editor\/#\/schema\/person\/image\/"},"sameAs":["https:\/\/www.facebook.com\/luchonoticiasneiva"]},{"@type":"Person","@id":"https:\/\/luchonoticias.com\/editor\/#\/schema\/person\/29217990ddf6f14e35912b2866d591fb","name":"Editor General","image":{"@type":"ImageObject","inLanguage":"es","@id":"https:\/\/luchonoticias.com\/editor\/#\/schema\/person\/image\/","url":"https:\/\/luchonoticias.com\/editor\/wp-content\/uploads\/2024\/02\/cropped-cropped-logolu-150x150.webp","contentUrl":"https:\/\/luchonoticias.com\/editor\/wp-content\/uploads\/2024\/02\/cropped-cropped-logolu-150x150.webp","caption":"Editor General"},"sameAs":["https:\/\/luchonoticias.com\/"],"url":"https:\/\/luchonoticias.com\/editor\/author\/editor-general\/"}]}},"_links":{"self":[{"href":"https:\/\/luchonoticias.com\/editor\/wp-json\/wp\/v2\/posts\/67452","targetHints":{"allow":["GET"]}}],"collection":[{"href":"https:\/\/luchonoticias.com\/editor\/wp-json\/wp\/v2\/posts"}],"about":[{"href":"https:\/\/luchonoticias.com\/editor\/wp-json\/wp\/v2\/types\/post"}],"author":[{"embeddable":true,"href":"https:\/\/luchonoticias.com\/editor\/wp-json\/wp\/v2\/users\/2"}],"replies":[{"embeddable":true,"href":"https:\/\/luchonoticias.com\/editor\/wp-json\/wp\/v2\/comments?post=67452"}],"version-history":[{"count":0,"href":"https:\/\/luchonoticias.com\/editor\/wp-json\/wp\/v2\/posts\/67452\/revisions"}],"wp:attachment":[{"href":"https:\/\/luchonoticias.com\/editor\/wp-json\/wp\/v2\/media?parent=67452"}],"wp:term":[{"taxonomy":"category","embeddable":true,"href":"https:\/\/luchonoticias.com\/editor\/wp-json\/wp\/v2\/categories?post=67452"},{"taxonomy":"post_tag","embeddable":true,"href":"https:\/\/luchonoticias.com\/editor\/wp-json\/wp\/v2\/tags?post=67452"}],"curies":[{"name":"wp","href":"https:\/\/api.w.org\/{rel}","templated":true}]}}