{"id":67463,"date":"2024-01-24T08:00:56","date_gmt":"2024-01-24T13:00:56","guid":{"rendered":"https:\/\/luchonoticias.com\/?p=67463"},"modified":"2024-01-24T08:00:57","modified_gmt":"2024-01-24T13:00:57","slug":"ex-alcalde-de-timana-marco-adrian-artunduaga-gomez-es-exonerado-de-sancion-por-desacato-a-una-tutela","status":"publish","type":"post","link":"https:\/\/luchonoticias.com\/editor\/ex-alcalde-de-timana-marco-adrian-artunduaga-gomez-es-exonerado-de-sancion-por-desacato-a-una-tutela\/","title":{"rendered":"Ex alcalde de Timana, Marco Adri\u00e1n Artunduaga G\u00f3mez, es exonerado de sanci\u00f3n por desacato a una tutela"},"content":{"rendered":"\n<p>En un inesperado giro, el Juzgado \u00danico Promiscuo Municipal de Timan\u00e1 ha revocado la sanci\u00f3n de cinco d\u00edas de arresto y multa impuesta al ex alcalde Marco Adri\u00e1n Artunduaga G\u00f3mez. La sanci\u00f3n se derivaba de una acci\u00f3n de tutela presentada por el Personero Cort\u00e9s, en representaci\u00f3n del ciudadano Germ\u00e1n Andr\u00e9s Pe\u00f1a Manzanares, quien buscaba el reintegro al cargo.<\/p>\n\n\n\n<p>El juez argumenta que el incumplimiento al fallo de tutela, que motiv\u00f3 la sanci\u00f3n, se encuentra justificado debido a la vigencia del Decreto 095 de 2023, el cual establece requisitos espec\u00edficos para ocupar cargos en la administraci\u00f3n municipal.<\/p>\n\n\n\n<p>En consecuencia, se revoca la sanci\u00f3n y se dispone el archivo definitivo del caso. Este sorprendente fallo ha generado bienestar en el c\u00edrculo del ex alcalde, mientras que sus contradictores, quienes anticiparon celebraciones por un presunto arresto, se encuentran sin motivo para festejar.<\/p>\n\n\n\n<p>Cabe destacar que este desenlace tambi\u00e9n pone en entredicho las acciones presentadas por el apoderado del se\u00f1or Pe\u00f1a, el Personero Municipal Jan Marcos Cort\u00e9s, demostrando la falta de veracidad y argumentaci\u00f3n en sus demandas<\/p>\n","protected":false},"excerpt":{"rendered":"<p>En un inesperado giro, el Juzgado \u00danico Promiscuo Municipal de Timan\u00e1 ha revocado la sanci\u00f3n de cinco d\u00edas de arresto y multa impuesta al ex alcalde Marco Adri\u00e1n Artunduaga G\u00f3mez. La sanci\u00f3n se derivaba de una acci\u00f3n de tutela presentada por el Personero Cort\u00e9s, en representaci\u00f3n del ciudadano Germ\u00e1n Andr\u00e9s Pe\u00f1a Manzanares, quien buscaba el [&hellip;]<\/p>\n","protected":false},"author":2,"featured_media":0,"comment_status":"open","ping_status":"open","sticky":false,"template":"","format":"standard","meta":{"footnotes":""},"categories":[36,29],"tags":[],"class_list":["post-67463","post","type-post","status-publish","format-standard","hentry","category-destacado","category-judicial"],"yoast_head":"<!-- This site is optimized with the Yoast SEO plugin v26.6 - https:\/\/yoast.com\/wordpress\/plugins\/seo\/ -->\n<title>Ex alcalde de Timana, Marco Adri\u00e1n Artunduaga G\u00f3mez, es exonerado de sanci\u00f3n por desacato a una tutela -<\/title>\n<meta name=\"robots\" content=\"index, follow, max-snippet:-1, max-image-preview:large, max-video-preview:-1\" \/>\n<link rel=\"canonical\" href=\"https:\/\/luchonoticias.com\/editor\/ex-alcalde-de-timana-marco-adrian-artunduaga-gomez-es-exonerado-de-sancion-por-desacato-a-una-tutela\/\" \/>\n<meta property=\"og:locale\" content=\"es_ES\" \/>\n<meta property=\"og:type\" content=\"article\" \/>\n<meta property=\"og:title\" content=\"Ex alcalde de Timana, Marco Adri\u00e1n Artunduaga G\u00f3mez, es exonerado de sanci\u00f3n por desacato a una tutela -\" \/>\n<meta property=\"og:url\" content=\"https:\/\/luchonoticias.com\/editor\/ex-alcalde-de-timana-marco-adrian-artunduaga-gomez-es-exonerado-de-sancion-por-desacato-a-una-tutela\/\" \/>\n<meta property=\"article:publisher\" content=\"https:\/\/www.facebook.com\/luchonoticiasneiva\" \/>\n<meta property=\"article:published_time\" content=\"2024-01-24T13:00:56+00:00\" \/>\n<meta property=\"article:modified_time\" content=\"2024-01-24T13:00:57+00:00\" \/>\n<meta name=\"author\" content=\"Editor General\" \/>\n<meta name=\"twitter:card\" content=\"summary_large_image\" \/>\n<meta name=\"twitter:label1\" content=\"Escrito por\" \/>\n\t<meta name=\"twitter:data1\" content=\"Editor General\" \/>\n\t<meta name=\"twitter:label2\" content=\"Tiempo de lectura\" \/>\n\t<meta name=\"twitter:data2\" content=\"1 minuto\" \/>\n<script type=\"application\/ld+json\" class=\"yoast-schema-graph\">{\"@context\":\"https:\/\/schema.org\",\"@graph\":[{\"@type\":\"Article\",\"@id\":\"https:\/\/luchonoticias.com\/editor\/ex-alcalde-de-timana-marco-adrian-artunduaga-gomez-es-exonerado-de-sancion-por-desacato-a-una-tutela\/#article\",\"isPartOf\":{\"@id\":\"https:\/\/luchonoticias.com\/editor\/ex-alcalde-de-timana-marco-adrian-artunduaga-gomez-es-exonerado-de-sancion-por-desacato-a-una-tutela\/\"},\"author\":{\"name\":\"Editor General\",\"@id\":\"https:\/\/luchonoticias.com\/editor\/#\/schema\/person\/29217990ddf6f14e35912b2866d591fb\"},\"headline\":\"Ex alcalde de Timana, Marco Adri\u00e1n Artunduaga G\u00f3mez, es exonerado de sanci\u00f3n por desacato a una tutela\",\"datePublished\":\"2024-01-24T13:00:56+00:00\",\"dateModified\":\"2024-01-24T13:00:57+00:00\",\"mainEntityOfPage\":{\"@id\":\"https:\/\/luchonoticias.com\/editor\/ex-alcalde-de-timana-marco-adrian-artunduaga-gomez-es-exonerado-de-sancion-por-desacato-a-una-tutela\/\"},\"wordCount\":212,\"commentCount\":0,\"publisher\":{\"@id\":\"https:\/\/luchonoticias.com\/editor\/#\/schema\/person\/7a7fd911f58561fd056dbac7b55af9cd\"},\"articleSection\":[\"Destacado\",\"Judicial\"],\"inLanguage\":\"es\",\"potentialAction\":[{\"@type\":\"CommentAction\",\"name\":\"Comment\",\"target\":[\"https:\/\/luchonoticias.com\/editor\/ex-alcalde-de-timana-marco-adrian-artunduaga-gomez-es-exonerado-de-sancion-por-desacato-a-una-tutela\/#respond\"]}]},{\"@type\":\"WebPage\",\"@id\":\"https:\/\/luchonoticias.com\/editor\/ex-alcalde-de-timana-marco-adrian-artunduaga-gomez-es-exonerado-de-sancion-por-desacato-a-una-tutela\/\",\"url\":\"https:\/\/luchonoticias.com\/editor\/ex-alcalde-de-timana-marco-adrian-artunduaga-gomez-es-exonerado-de-sancion-por-desacato-a-una-tutela\/\",\"name\":\"Ex alcalde de Timana, Marco Adri\u00e1n Artunduaga G\u00f3mez, es exonerado de sanci\u00f3n por desacato a una tutela -\",\"isPartOf\":{\"@id\":\"https:\/\/luchonoticias.com\/editor\/#website\"},\"datePublished\":\"2024-01-24T13:00:56+00:00\",\"dateModified\":\"2024-01-24T13:00:57+00:00\",\"breadcrumb\":{\"@id\":\"https:\/\/luchonoticias.com\/editor\/ex-alcalde-de-timana-marco-adrian-artunduaga-gomez-es-exonerado-de-sancion-por-desacato-a-una-tutela\/#breadcrumb\"},\"inLanguage\":\"es\",\"potentialAction\":[{\"@type\":\"ReadAction\",\"target\":[\"https:\/\/luchonoticias.com\/editor\/ex-alcalde-de-timana-marco-adrian-artunduaga-gomez-es-exonerado-de-sancion-por-desacato-a-una-tutela\/\"]}]},{\"@type\":\"BreadcrumbList\",\"@id\":\"https:\/\/luchonoticias.com\/editor\/ex-alcalde-de-timana-marco-adrian-artunduaga-gomez-es-exonerado-de-sancion-por-desacato-a-una-tutela\/#breadcrumb\",\"itemListElement\":[{\"@type\":\"ListItem\",\"position\":1,\"name\":\"Portada\",\"item\":\"https:\/\/luchonoticias.com\/editor\/\"},{\"@type\":\"ListItem\",\"position\":2,\"name\":\"Ex alcalde de Timana, Marco Adri\u00e1n Artunduaga G\u00f3mez, es exonerado de sanci\u00f3n por desacato a una tutela\"}]},{\"@type\":\"WebSite\",\"@id\":\"https:\/\/luchonoticias.com\/editor\/#website\",\"url\":\"https:\/\/luchonoticias.com\/editor\/\",\"name\":\"\",\"description\":\"\",\"publisher\":{\"@id\":\"https:\/\/luchonoticias.com\/editor\/#\/schema\/person\/7a7fd911f58561fd056dbac7b55af9cd\"},\"potentialAction\":[{\"@type\":\"SearchAction\",\"target\":{\"@type\":\"EntryPoint\",\"urlTemplate\":\"https:\/\/luchonoticias.com\/editor\/?s={search_term_string}\"},\"query-input\":{\"@type\":\"PropertyValueSpecification\",\"valueRequired\":true,\"valueName\":\"search_term_string\"}}],\"inLanguage\":\"es\"},{\"@type\":[\"Person\",\"Organization\"],\"@id\":\"https:\/\/luchonoticias.com\/editor\/#\/schema\/person\/7a7fd911f58561fd056dbac7b55af9cd\",\"name\":\"admin\",\"image\":{\"@type\":\"ImageObject\",\"inLanguage\":\"es\",\"@id\":\"https:\/\/luchonoticias.com\/editor\/#\/schema\/person\/image\/\",\"url\":\"https:\/\/luchonoticias.com\/editor\/wp-content\/uploads\/2024\/02\/cropped-cropped-logolu.webp\",\"contentUrl\":\"https:\/\/luchonoticias.com\/editor\/wp-content\/uploads\/2024\/02\/cropped-cropped-logolu.webp\",\"width\":382,\"height\":170,\"caption\":\"admin\"},\"logo\":{\"@id\":\"https:\/\/luchonoticias.com\/editor\/#\/schema\/person\/image\/\"},\"sameAs\":[\"https:\/\/www.facebook.com\/luchonoticiasneiva\"]},{\"@type\":\"Person\",\"@id\":\"https:\/\/luchonoticias.com\/editor\/#\/schema\/person\/29217990ddf6f14e35912b2866d591fb\",\"name\":\"Editor General\",\"image\":{\"@type\":\"ImageObject\",\"inLanguage\":\"es\",\"@id\":\"https:\/\/luchonoticias.com\/editor\/#\/schema\/person\/image\/\",\"url\":\"https:\/\/luchonoticias.com\/editor\/wp-content\/uploads\/2024\/02\/cropped-cropped-logolu-150x150.webp\",\"contentUrl\":\"https:\/\/luchonoticias.com\/editor\/wp-content\/uploads\/2024\/02\/cropped-cropped-logolu-150x150.webp\",\"caption\":\"Editor General\"},\"sameAs\":[\"https:\/\/luchonoticias.com\/\"],\"url\":\"https:\/\/luchonoticias.com\/editor\/author\/editor-general\/\"}]}<\/script>\n<!-- \/ Yoast SEO plugin. -->","yoast_head_json":{"title":"Ex alcalde de Timana, Marco Adri\u00e1n Artunduaga G\u00f3mez, es exonerado de sanci\u00f3n por desacato a una tutela -","robots":{"index":"index","follow":"follow","max-snippet":"max-snippet:-1","max-image-preview":"max-image-preview:large","max-video-preview":"max-video-preview:-1"},"canonical":"https:\/\/luchonoticias.com\/editor\/ex-alcalde-de-timana-marco-adrian-artunduaga-gomez-es-exonerado-de-sancion-por-desacato-a-una-tutela\/","og_locale":"es_ES","og_type":"article","og_title":"Ex alcalde de Timana, Marco Adri\u00e1n Artunduaga G\u00f3mez, es exonerado de sanci\u00f3n por desacato a una tutela -","og_url":"https:\/\/luchonoticias.com\/editor\/ex-alcalde-de-timana-marco-adrian-artunduaga-gomez-es-exonerado-de-sancion-por-desacato-a-una-tutela\/","article_publisher":"https:\/\/www.facebook.com\/luchonoticiasneiva","article_published_time":"2024-01-24T13:00:56+00:00","article_modified_time":"2024-01-24T13:00:57+00:00","author":"Editor General","twitter_card":"summary_large_image","twitter_misc":{"Escrito por":"Editor General","Tiempo de lectura":"1 minuto"},"schema":{"@context":"https:\/\/schema.org","@graph":[{"@type":"Article","@id":"https:\/\/luchonoticias.com\/editor\/ex-alcalde-de-timana-marco-adrian-artunduaga-gomez-es-exonerado-de-sancion-por-desacato-a-una-tutela\/#article","isPartOf":{"@id":"https:\/\/luchonoticias.com\/editor\/ex-alcalde-de-timana-marco-adrian-artunduaga-gomez-es-exonerado-de-sancion-por-desacato-a-una-tutela\/"},"author":{"name":"Editor General","@id":"https:\/\/luchonoticias.com\/editor\/#\/schema\/person\/29217990ddf6f14e35912b2866d591fb"},"headline":"Ex alcalde de Timana, Marco Adri\u00e1n Artunduaga G\u00f3mez, es exonerado de sanci\u00f3n por desacato a una tutela","datePublished":"2024-01-24T13:00:56+00:00","dateModified":"2024-01-24T13:00:57+00:00","mainEntityOfPage":{"@id":"https:\/\/luchonoticias.com\/editor\/ex-alcalde-de-timana-marco-adrian-artunduaga-gomez-es-exonerado-de-sancion-por-desacato-a-una-tutela\/"},"wordCount":212,"commentCount":0,"publisher":{"@id":"https:\/\/luchonoticias.com\/editor\/#\/schema\/person\/7a7fd911f58561fd056dbac7b55af9cd"},"articleSection":["Destacado","Judicial"],"inLanguage":"es","potentialAction":[{"@type":"CommentAction","name":"Comment","target":["https:\/\/luchonoticias.com\/editor\/ex-alcalde-de-timana-marco-adrian-artunduaga-gomez-es-exonerado-de-sancion-por-desacato-a-una-tutela\/#respond"]}]},{"@type":"WebPage","@id":"https:\/\/luchonoticias.com\/editor\/ex-alcalde-de-timana-marco-adrian-artunduaga-gomez-es-exonerado-de-sancion-por-desacato-a-una-tutela\/","url":"https:\/\/luchonoticias.com\/editor\/ex-alcalde-de-timana-marco-adrian-artunduaga-gomez-es-exonerado-de-sancion-por-desacato-a-una-tutela\/","name":"Ex alcalde de Timana, Marco Adri\u00e1n Artunduaga G\u00f3mez, es exonerado de sanci\u00f3n por desacato a una tutela -","isPartOf":{"@id":"https:\/\/luchonoticias.com\/editor\/#website"},"datePublished":"2024-01-24T13:00:56+00:00","dateModified":"2024-01-24T13:00:57+00:00","breadcrumb":{"@id":"https:\/\/luchonoticias.com\/editor\/ex-alcalde-de-timana-marco-adrian-artunduaga-gomez-es-exonerado-de-sancion-por-desacato-a-una-tutela\/#breadcrumb"},"inLanguage":"es","potentialAction":[{"@type":"ReadAction","target":["https:\/\/luchonoticias.com\/editor\/ex-alcalde-de-timana-marco-adrian-artunduaga-gomez-es-exonerado-de-sancion-por-desacato-a-una-tutela\/"]}]},{"@type":"BreadcrumbList","@id":"https:\/\/luchonoticias.com\/editor\/ex-alcalde-de-timana-marco-adrian-artunduaga-gomez-es-exonerado-de-sancion-por-desacato-a-una-tutela\/#breadcrumb","itemListElement":[{"@type":"ListItem","position":1,"name":"Portada","item":"https:\/\/luchonoticias.com\/editor\/"},{"@type":"ListItem","position":2,"name":"Ex alcalde de Timana, Marco Adri\u00e1n Artunduaga G\u00f3mez, es exonerado de sanci\u00f3n por desacato a una tutela"}]},{"@type":"WebSite","@id":"https:\/\/luchonoticias.com\/editor\/#website","url":"https:\/\/luchonoticias.com\/editor\/","name":"","description":"","publisher":{"@id":"https:\/\/luchonoticias.com\/editor\/#\/schema\/person\/7a7fd911f58561fd056dbac7b55af9cd"},"potentialAction":[{"@type":"SearchAction","target":{"@type":"EntryPoint","urlTemplate":"https:\/\/luchonoticias.com\/editor\/?s={search_term_string}"},"query-input":{"@type":"PropertyValueSpecification","valueRequired":true,"valueName":"search_term_string"}}],"inLanguage":"es"},{"@type":["Person","Organization"],"@id":"https:\/\/luchonoticias.com\/editor\/#\/schema\/person\/7a7fd911f58561fd056dbac7b55af9cd","name":"admin","image":{"@type":"ImageObject","inLanguage":"es","@id":"https:\/\/luchonoticias.com\/editor\/#\/schema\/person\/image\/","url":"https:\/\/luchonoticias.com\/editor\/wp-content\/uploads\/2024\/02\/cropped-cropped-logolu.webp","contentUrl":"https:\/\/luchonoticias.com\/editor\/wp-content\/uploads\/2024\/02\/cropped-cropped-logolu.webp","width":382,"height":170,"caption":"admin"},"logo":{"@id":"https:\/\/luchonoticias.com\/editor\/#\/schema\/person\/image\/"},"sameAs":["https:\/\/www.facebook.com\/luchonoticiasneiva"]},{"@type":"Person","@id":"https:\/\/luchonoticias.com\/editor\/#\/schema\/person\/29217990ddf6f14e35912b2866d591fb","name":"Editor General","image":{"@type":"ImageObject","inLanguage":"es","@id":"https:\/\/luchonoticias.com\/editor\/#\/schema\/person\/image\/","url":"https:\/\/luchonoticias.com\/editor\/wp-content\/uploads\/2024\/02\/cropped-cropped-logolu-150x150.webp","contentUrl":"https:\/\/luchonoticias.com\/editor\/wp-content\/uploads\/2024\/02\/cropped-cropped-logolu-150x150.webp","caption":"Editor General"},"sameAs":["https:\/\/luchonoticias.com\/"],"url":"https:\/\/luchonoticias.com\/editor\/author\/editor-general\/"}]}},"_links":{"self":[{"href":"https:\/\/luchonoticias.com\/editor\/wp-json\/wp\/v2\/posts\/67463","targetHints":{"allow":["GET"]}}],"collection":[{"href":"https:\/\/luchonoticias.com\/editor\/wp-json\/wp\/v2\/posts"}],"about":[{"href":"https:\/\/luchonoticias.com\/editor\/wp-json\/wp\/v2\/types\/post"}],"author":[{"embeddable":true,"href":"https:\/\/luchonoticias.com\/editor\/wp-json\/wp\/v2\/users\/2"}],"replies":[{"embeddable":true,"href":"https:\/\/luchonoticias.com\/editor\/wp-json\/wp\/v2\/comments?post=67463"}],"version-history":[{"count":0,"href":"https:\/\/luchonoticias.com\/editor\/wp-json\/wp\/v2\/posts\/67463\/revisions"}],"wp:attachment":[{"href":"https:\/\/luchonoticias.com\/editor\/wp-json\/wp\/v2\/media?parent=67463"}],"wp:term":[{"taxonomy":"category","embeddable":true,"href":"https:\/\/luchonoticias.com\/editor\/wp-json\/wp\/v2\/categories?post=67463"},{"taxonomy":"post_tag","embeddable":true,"href":"https:\/\/luchonoticias.com\/editor\/wp-json\/wp\/v2\/tags?post=67463"}],"curies":[{"name":"wp","href":"https:\/\/api.w.org\/{rel}","templated":true}]}}