{"id":67466,"date":"2024-01-24T08:03:44","date_gmt":"2024-01-24T13:03:44","guid":{"rendered":"https:\/\/luchonoticias.com\/?p=67466"},"modified":"2024-01-24T08:03:45","modified_gmt":"2024-01-24T13:03:45","slug":"consejos-para-afrontar-el-retorno-al-trabajo","status":"publish","type":"post","link":"https:\/\/luchonoticias.com\/editor\/consejos-para-afrontar-el-retorno-al-trabajo\/","title":{"rendered":"Consejos para afrontar el retorno al trabajo"},"content":{"rendered":"\n<p>Luego del regreso al trabajo despu\u00e9s del periodo de vacaciones de fin de a\u00f1o, es inevitable sentir cambios en el estado de \u00e1nimo. Es aqu\u00ed donde las estrategias para afrontar el retorno laboral se vuelven esenciales para evitar una llegada con complicaciones emocionales.&nbsp;<\/p>\n\n\n\n<p>\u201cEl s\u00edndrome postvacacional se refiere a la sensaci\u00f3n de agotamiento o malestar que algunas personas experimentan al regresar al trabajo despu\u00e9s de un per\u00edodo de vacaciones\u201d, explica Sandy P\u00e9rez, psiquiatra de la Decanatura del Medio Universitario de la Universidad del Rosario y de la Cl\u00ednica San Rafael.<\/p>\n\n\n\n<p>Seg\u00fan la experta, este fen\u00f3meno puede tener un impacto tanto a nivel f\u00edsico como emocional, manifest\u00e1ndose por medio de diversos s\u00edntomas. Entre estos se incluyen la desmotivaci\u00f3n y los cambios en el estado de \u00e1nimo con ansiedad, tristeza, irritabilidad o estr\u00e9s. Sin embargo, estas emociones tienden a disminuir progresivamente a medida que la persona se reincorpora a su rutina diaria.<\/p>\n\n\n\n<p>Juan Gabriel Ocampo, profesor y director del Programa de Psicolog\u00eda de la Universidad del Rosario, agrega que en esta coyuntura es crucial adoptar maniobras efectivas que faciliten una reintegraci\u00f3n exitosa, que van desde la gesti\u00f3n de las emociones hasta la b\u00fasqueda del bienestar.<\/p>\n\n\n\n<p>Para el experto, los trabajadores puedan enfrentar el regreso al trabajo con confianza siguiendo estas estrategias:<\/p>\n\n\n\n<p>&#8211; Planeaci\u00f3n para volver a la rutina.&nbsp; Organizar una planeaci\u00f3n y establecer estrategias, las cuales se traducir\u00e1n en tareas para realizar durante la semana. Igualmente, organizar el tiempo y las actividades para hacer mucho m\u00e1s efectivo el retorno y tener el control sobre el mismo.&nbsp;<\/p>\n\n\n\n<p>&#8211; Establecer metas. La motivaci\u00f3n es lo que va a ayudar a orientar los comportamientos, a dirigirlos hacia un lugar y pueden ser a corto, mediano o, incluso, largo plazo.&nbsp;<\/p>\n\n\n\n<p>\u201cEs importante establecer esas metas enfocadas a lo que queremos trazarnos, para que las estrategias puedan ser desarrolladas y llevadas a buen t\u00e9rmino\u201d, indic\u00f3 el director del Programa de Psicolog\u00eda de la Universidad del Rosario.<\/p>\n\n\n\n<p>Sandy P\u00e9rez a\u00f1adi\u00f3 que, \u201cuna vez se reintegre a la rutina laboral, no se deben olvidar los espacios de ocio y de actividad l\u00fadica, que permitan un adecuado autocuidado emocional\u201d.<\/p>\n\n\n\n<p>Manejar un enfoque reflexivo y positivo, de agradecimiento sobre las experiencias en el tiempo de vacaciones, puede contrarrestar las emociones negativas asociadas al retorno de las rutinas, coment\u00f3 la psiquiatra de la Universidad del Rosario.<\/p>\n\n\n\n<p><strong>Sugerencias para el equilibrio entre la vida laboral y personal<\/strong><\/p>\n\n\n\n<p>A continuaci\u00f3n, algunas sugerencias de autocuidado para fortalecer el bienestar y el equilibrio entre la vida laboral y personal:<\/p>\n\n\n\n<p>&#8211; Un ambiente agradable y organizado en el lugar de trabajo se traslada tambi\u00e9n al bienestar emocional. Decorar, organizar y ambientar el espacio de forma tal que mejore la motivaci\u00f3n y la salud emocional.<\/p>\n\n\n\n<p>&#8211; Desconectarse permite conectarse con otros espacios y actividades personales que beneficien el equilibrio y\u202faumenten la calidad de vida.<\/p>\n\n\n\n<p>&#8211; Mantener relaciones interpersonales en el trabajo de manera cordial y emp\u00e1tica. Tratar al otro como me gustar\u00eda que me trataran puede ser un buen paso. Es clave recordar que son las personas con las que se convive diariamente.<\/p>\n\n\n\n<p>&#8211; Enfocarse en lo que m\u00e1s se disfruta del trabajo. Llevar la atenci\u00f3n a lo que es valioso e interesante nos puede mantener motivados en los momentos dif\u00edciles.\u202f<\/p>\n\n\n\n<p>&#8211; Identificar aquellas actividades que aumentan el bienestar emocional para recurrir a ellas en momentos en que se requiera. Dedicar tiempo al autocuidado es fundamental para la salud emocional.\u202f<\/p>\n\n\n\n<p>Poner en pr\u00e1ctica estas pautas puede generar reflexiones y compromisos que hagan de este a\u00f1o una grata experiencia en el \u00e1mbito laboral.\u202f<\/p>\n\n\n\n<p>Esta informaci\u00f3n, as\u00ed como otros contenidos institucionales, est\u00e1n disponibles en las redes sociales de la Universidad del Rosario: X, Facebook, Instagram y TikTok: @urosario. Linkedin: Universidad del Rosario.<\/p>\n","protected":false},"excerpt":{"rendered":"<p>Luego del regreso al trabajo despu\u00e9s del periodo de vacaciones de fin de a\u00f1o, es inevitable sentir cambios en el estado de \u00e1nimo. Es aqu\u00ed donde las estrategias para afrontar el retorno laboral se vuelven esenciales para evitar una llegada con complicaciones emocionales.&nbsp; \u201cEl s\u00edndrome postvacacional se refiere a la sensaci\u00f3n de agotamiento o malestar [&hellip;]<\/p>\n","protected":false},"author":2,"featured_media":0,"comment_status":"open","ping_status":"open","sticky":false,"template":"","format":"standard","meta":{"footnotes":""},"categories":[28,36],"tags":[],"class_list":["post-67466","post","type-post","status-publish","format-standard","hentry","category-actualidad","category-destacado"],"yoast_head":"<!-- This site is optimized with the Yoast SEO plugin v26.6 - https:\/\/yoast.com\/wordpress\/plugins\/seo\/ -->\n<title>Consejos para afrontar el retorno al trabajo -<\/title>\n<meta name=\"robots\" content=\"index, follow, max-snippet:-1, max-image-preview:large, max-video-preview:-1\" \/>\n<link rel=\"canonical\" href=\"https:\/\/luchonoticias.com\/editor\/consejos-para-afrontar-el-retorno-al-trabajo\/\" \/>\n<meta property=\"og:locale\" content=\"es_ES\" \/>\n<meta property=\"og:type\" content=\"article\" \/>\n<meta property=\"og:title\" content=\"Consejos para afrontar el retorno al trabajo -\" \/>\n<meta property=\"og:url\" content=\"https:\/\/luchonoticias.com\/editor\/consejos-para-afrontar-el-retorno-al-trabajo\/\" \/>\n<meta property=\"article:publisher\" content=\"https:\/\/www.facebook.com\/luchonoticiasneiva\" \/>\n<meta property=\"article:published_time\" content=\"2024-01-24T13:03:44+00:00\" \/>\n<meta property=\"article:modified_time\" content=\"2024-01-24T13:03:45+00:00\" \/>\n<meta name=\"author\" content=\"Editor General\" \/>\n<meta name=\"twitter:card\" content=\"summary_large_image\" \/>\n<meta name=\"twitter:label1\" content=\"Escrito por\" \/>\n\t<meta name=\"twitter:data1\" content=\"Editor General\" \/>\n\t<meta name=\"twitter:label2\" content=\"Tiempo de lectura\" \/>\n\t<meta name=\"twitter:data2\" content=\"3 minutos\" \/>\n<script type=\"application\/ld+json\" class=\"yoast-schema-graph\">{\"@context\":\"https:\/\/schema.org\",\"@graph\":[{\"@type\":\"Article\",\"@id\":\"https:\/\/luchonoticias.com\/editor\/consejos-para-afrontar-el-retorno-al-trabajo\/#article\",\"isPartOf\":{\"@id\":\"https:\/\/luchonoticias.com\/editor\/consejos-para-afrontar-el-retorno-al-trabajo\/\"},\"author\":{\"name\":\"Editor General\",\"@id\":\"https:\/\/luchonoticias.com\/editor\/#\/schema\/person\/29217990ddf6f14e35912b2866d591fb\"},\"headline\":\"Consejos para afrontar el retorno al trabajo\",\"datePublished\":\"2024-01-24T13:03:44+00:00\",\"dateModified\":\"2024-01-24T13:03:45+00:00\",\"mainEntityOfPage\":{\"@id\":\"https:\/\/luchonoticias.com\/editor\/consejos-para-afrontar-el-retorno-al-trabajo\/\"},\"wordCount\":665,\"commentCount\":0,\"publisher\":{\"@id\":\"https:\/\/luchonoticias.com\/editor\/#\/schema\/person\/7a7fd911f58561fd056dbac7b55af9cd\"},\"articleSection\":[\"Actualidad\",\"Destacado\"],\"inLanguage\":\"es\",\"potentialAction\":[{\"@type\":\"CommentAction\",\"name\":\"Comment\",\"target\":[\"https:\/\/luchonoticias.com\/editor\/consejos-para-afrontar-el-retorno-al-trabajo\/#respond\"]}]},{\"@type\":\"WebPage\",\"@id\":\"https:\/\/luchonoticias.com\/editor\/consejos-para-afrontar-el-retorno-al-trabajo\/\",\"url\":\"https:\/\/luchonoticias.com\/editor\/consejos-para-afrontar-el-retorno-al-trabajo\/\",\"name\":\"Consejos para afrontar el retorno al trabajo -\",\"isPartOf\":{\"@id\":\"https:\/\/luchonoticias.com\/editor\/#website\"},\"datePublished\":\"2024-01-24T13:03:44+00:00\",\"dateModified\":\"2024-01-24T13:03:45+00:00\",\"breadcrumb\":{\"@id\":\"https:\/\/luchonoticias.com\/editor\/consejos-para-afrontar-el-retorno-al-trabajo\/#breadcrumb\"},\"inLanguage\":\"es\",\"potentialAction\":[{\"@type\":\"ReadAction\",\"target\":[\"https:\/\/luchonoticias.com\/editor\/consejos-para-afrontar-el-retorno-al-trabajo\/\"]}]},{\"@type\":\"BreadcrumbList\",\"@id\":\"https:\/\/luchonoticias.com\/editor\/consejos-para-afrontar-el-retorno-al-trabajo\/#breadcrumb\",\"itemListElement\":[{\"@type\":\"ListItem\",\"position\":1,\"name\":\"Portada\",\"item\":\"https:\/\/luchonoticias.com\/editor\/\"},{\"@type\":\"ListItem\",\"position\":2,\"name\":\"Consejos para afrontar el retorno al trabajo\"}]},{\"@type\":\"WebSite\",\"@id\":\"https:\/\/luchonoticias.com\/editor\/#website\",\"url\":\"https:\/\/luchonoticias.com\/editor\/\",\"name\":\"\",\"description\":\"\",\"publisher\":{\"@id\":\"https:\/\/luchonoticias.com\/editor\/#\/schema\/person\/7a7fd911f58561fd056dbac7b55af9cd\"},\"potentialAction\":[{\"@type\":\"SearchAction\",\"target\":{\"@type\":\"EntryPoint\",\"urlTemplate\":\"https:\/\/luchonoticias.com\/editor\/?s={search_term_string}\"},\"query-input\":{\"@type\":\"PropertyValueSpecification\",\"valueRequired\":true,\"valueName\":\"search_term_string\"}}],\"inLanguage\":\"es\"},{\"@type\":[\"Person\",\"Organization\"],\"@id\":\"https:\/\/luchonoticias.com\/editor\/#\/schema\/person\/7a7fd911f58561fd056dbac7b55af9cd\",\"name\":\"admin\",\"image\":{\"@type\":\"ImageObject\",\"inLanguage\":\"es\",\"@id\":\"https:\/\/luchonoticias.com\/editor\/#\/schema\/person\/image\/\",\"url\":\"https:\/\/luchonoticias.com\/editor\/wp-content\/uploads\/2024\/02\/cropped-cropped-logolu.webp\",\"contentUrl\":\"https:\/\/luchonoticias.com\/editor\/wp-content\/uploads\/2024\/02\/cropped-cropped-logolu.webp\",\"width\":382,\"height\":170,\"caption\":\"admin\"},\"logo\":{\"@id\":\"https:\/\/luchonoticias.com\/editor\/#\/schema\/person\/image\/\"},\"sameAs\":[\"https:\/\/www.facebook.com\/luchonoticiasneiva\"]},{\"@type\":\"Person\",\"@id\":\"https:\/\/luchonoticias.com\/editor\/#\/schema\/person\/29217990ddf6f14e35912b2866d591fb\",\"name\":\"Editor General\",\"image\":{\"@type\":\"ImageObject\",\"inLanguage\":\"es\",\"@id\":\"https:\/\/luchonoticias.com\/editor\/#\/schema\/person\/image\/\",\"url\":\"https:\/\/luchonoticias.com\/editor\/wp-content\/uploads\/2024\/02\/cropped-cropped-logolu-150x150.webp\",\"contentUrl\":\"https:\/\/luchonoticias.com\/editor\/wp-content\/uploads\/2024\/02\/cropped-cropped-logolu-150x150.webp\",\"caption\":\"Editor General\"},\"sameAs\":[\"https:\/\/luchonoticias.com\/\"],\"url\":\"https:\/\/luchonoticias.com\/editor\/author\/editor-general\/\"}]}<\/script>\n<!-- \/ Yoast SEO plugin. -->","yoast_head_json":{"title":"Consejos para afrontar el retorno al trabajo -","robots":{"index":"index","follow":"follow","max-snippet":"max-snippet:-1","max-image-preview":"max-image-preview:large","max-video-preview":"max-video-preview:-1"},"canonical":"https:\/\/luchonoticias.com\/editor\/consejos-para-afrontar-el-retorno-al-trabajo\/","og_locale":"es_ES","og_type":"article","og_title":"Consejos para afrontar el retorno al trabajo -","og_url":"https:\/\/luchonoticias.com\/editor\/consejos-para-afrontar-el-retorno-al-trabajo\/","article_publisher":"https:\/\/www.facebook.com\/luchonoticiasneiva","article_published_time":"2024-01-24T13:03:44+00:00","article_modified_time":"2024-01-24T13:03:45+00:00","author":"Editor General","twitter_card":"summary_large_image","twitter_misc":{"Escrito por":"Editor General","Tiempo de lectura":"3 minutos"},"schema":{"@context":"https:\/\/schema.org","@graph":[{"@type":"Article","@id":"https:\/\/luchonoticias.com\/editor\/consejos-para-afrontar-el-retorno-al-trabajo\/#article","isPartOf":{"@id":"https:\/\/luchonoticias.com\/editor\/consejos-para-afrontar-el-retorno-al-trabajo\/"},"author":{"name":"Editor General","@id":"https:\/\/luchonoticias.com\/editor\/#\/schema\/person\/29217990ddf6f14e35912b2866d591fb"},"headline":"Consejos para afrontar el retorno al trabajo","datePublished":"2024-01-24T13:03:44+00:00","dateModified":"2024-01-24T13:03:45+00:00","mainEntityOfPage":{"@id":"https:\/\/luchonoticias.com\/editor\/consejos-para-afrontar-el-retorno-al-trabajo\/"},"wordCount":665,"commentCount":0,"publisher":{"@id":"https:\/\/luchonoticias.com\/editor\/#\/schema\/person\/7a7fd911f58561fd056dbac7b55af9cd"},"articleSection":["Actualidad","Destacado"],"inLanguage":"es","potentialAction":[{"@type":"CommentAction","name":"Comment","target":["https:\/\/luchonoticias.com\/editor\/consejos-para-afrontar-el-retorno-al-trabajo\/#respond"]}]},{"@type":"WebPage","@id":"https:\/\/luchonoticias.com\/editor\/consejos-para-afrontar-el-retorno-al-trabajo\/","url":"https:\/\/luchonoticias.com\/editor\/consejos-para-afrontar-el-retorno-al-trabajo\/","name":"Consejos para afrontar el retorno al trabajo -","isPartOf":{"@id":"https:\/\/luchonoticias.com\/editor\/#website"},"datePublished":"2024-01-24T13:03:44+00:00","dateModified":"2024-01-24T13:03:45+00:00","breadcrumb":{"@id":"https:\/\/luchonoticias.com\/editor\/consejos-para-afrontar-el-retorno-al-trabajo\/#breadcrumb"},"inLanguage":"es","potentialAction":[{"@type":"ReadAction","target":["https:\/\/luchonoticias.com\/editor\/consejos-para-afrontar-el-retorno-al-trabajo\/"]}]},{"@type":"BreadcrumbList","@id":"https:\/\/luchonoticias.com\/editor\/consejos-para-afrontar-el-retorno-al-trabajo\/#breadcrumb","itemListElement":[{"@type":"ListItem","position":1,"name":"Portada","item":"https:\/\/luchonoticias.com\/editor\/"},{"@type":"ListItem","position":2,"name":"Consejos para afrontar el retorno al trabajo"}]},{"@type":"WebSite","@id":"https:\/\/luchonoticias.com\/editor\/#website","url":"https:\/\/luchonoticias.com\/editor\/","name":"","description":"","publisher":{"@id":"https:\/\/luchonoticias.com\/editor\/#\/schema\/person\/7a7fd911f58561fd056dbac7b55af9cd"},"potentialAction":[{"@type":"SearchAction","target":{"@type":"EntryPoint","urlTemplate":"https:\/\/luchonoticias.com\/editor\/?s={search_term_string}"},"query-input":{"@type":"PropertyValueSpecification","valueRequired":true,"valueName":"search_term_string"}}],"inLanguage":"es"},{"@type":["Person","Organization"],"@id":"https:\/\/luchonoticias.com\/editor\/#\/schema\/person\/7a7fd911f58561fd056dbac7b55af9cd","name":"admin","image":{"@type":"ImageObject","inLanguage":"es","@id":"https:\/\/luchonoticias.com\/editor\/#\/schema\/person\/image\/","url":"https:\/\/luchonoticias.com\/editor\/wp-content\/uploads\/2024\/02\/cropped-cropped-logolu.webp","contentUrl":"https:\/\/luchonoticias.com\/editor\/wp-content\/uploads\/2024\/02\/cropped-cropped-logolu.webp","width":382,"height":170,"caption":"admin"},"logo":{"@id":"https:\/\/luchonoticias.com\/editor\/#\/schema\/person\/image\/"},"sameAs":["https:\/\/www.facebook.com\/luchonoticiasneiva"]},{"@type":"Person","@id":"https:\/\/luchonoticias.com\/editor\/#\/schema\/person\/29217990ddf6f14e35912b2866d591fb","name":"Editor General","image":{"@type":"ImageObject","inLanguage":"es","@id":"https:\/\/luchonoticias.com\/editor\/#\/schema\/person\/image\/","url":"https:\/\/luchonoticias.com\/editor\/wp-content\/uploads\/2024\/02\/cropped-cropped-logolu-150x150.webp","contentUrl":"https:\/\/luchonoticias.com\/editor\/wp-content\/uploads\/2024\/02\/cropped-cropped-logolu-150x150.webp","caption":"Editor General"},"sameAs":["https:\/\/luchonoticias.com\/"],"url":"https:\/\/luchonoticias.com\/editor\/author\/editor-general\/"}]}},"_links":{"self":[{"href":"https:\/\/luchonoticias.com\/editor\/wp-json\/wp\/v2\/posts\/67466","targetHints":{"allow":["GET"]}}],"collection":[{"href":"https:\/\/luchonoticias.com\/editor\/wp-json\/wp\/v2\/posts"}],"about":[{"href":"https:\/\/luchonoticias.com\/editor\/wp-json\/wp\/v2\/types\/post"}],"author":[{"embeddable":true,"href":"https:\/\/luchonoticias.com\/editor\/wp-json\/wp\/v2\/users\/2"}],"replies":[{"embeddable":true,"href":"https:\/\/luchonoticias.com\/editor\/wp-json\/wp\/v2\/comments?post=67466"}],"version-history":[{"count":0,"href":"https:\/\/luchonoticias.com\/editor\/wp-json\/wp\/v2\/posts\/67466\/revisions"}],"wp:attachment":[{"href":"https:\/\/luchonoticias.com\/editor\/wp-json\/wp\/v2\/media?parent=67466"}],"wp:term":[{"taxonomy":"category","embeddable":true,"href":"https:\/\/luchonoticias.com\/editor\/wp-json\/wp\/v2\/categories?post=67466"},{"taxonomy":"post_tag","embeddable":true,"href":"https:\/\/luchonoticias.com\/editor\/wp-json\/wp\/v2\/tags?post=67466"}],"curies":[{"name":"wp","href":"https:\/\/api.w.org\/{rel}","templated":true}]}}