{"id":67474,"date":"2024-01-24T12:45:26","date_gmt":"2024-01-24T17:45:26","guid":{"rendered":"https:\/\/luchonoticias.com\/?p=67474"},"modified":"2024-01-24T12:45:27","modified_gmt":"2024-01-24T17:45:27","slug":"ejercito-nacional-realizo-primera-reunion-estrategica-de-comandantes-de-la-quinta-division","status":"publish","type":"post","link":"https:\/\/luchonoticias.com\/editor\/ejercito-nacional-realizo-primera-reunion-estrategica-de-comandantes-de-la-quinta-division\/","title":{"rendered":"Ej\u00e9rcito Nacional realiz\u00f3 primera reuni\u00f3n estrat\u00e9gica de comandantes de la Quinta Divisi\u00f3n"},"content":{"rendered":"\n<p>Dise\u00f1ar estrategias de seguridad, cumplimiento y acompa\u00f1amiento de labor social, as\u00ed como desarrollar proyectos que permitan contribuir en el mejoramiento del medio ambiente, fue la finalidad de esta primera reuni\u00f3n estrat\u00e9gica de la Quinta Divisi\u00f3n, donde los comandantes de Unidades Territoriales que se encuentran desplegados en los siete departamentos ( Boyaca, Caldas , Cundinamarca, Huila, Quind\u00edo y Tolima ), que componen la jurisdicci\u00f3n del centro estrat\u00e9gico del poder, se comprometieron a cumplir a cabalidad los lineamientos direccionados por el comandante de la Quinta Divisi\u00f3n el Brigadier General Jos\u00e9 Bertulfo Soto S\u00e1nchez.<\/p>\n\n\n\n<p>La agenda inici\u00f3 con un saludo de bienvenida por parte del se\u00f1or Brigadier General, Jos\u00e9 Bertulfo Soto S\u00e1nchez, comandante de la Quinta Divisi\u00f3n del Ej\u00e9rcito Nacional, dando inicio a la primera reuni\u00f3n estrat\u00e9gica; en donde se cont\u00f3 con la participaci\u00f3n de los se\u00f1ores comandantes de Brigada, con el fin de socializar las pol\u00edticas de comando, presentando los lineamientos a nivel estrat\u00e9gico que se encuentran en el Plan de Campa\u00f1a Ayacucho, que permitir\u00e1n contrarrestar los fen\u00f3menos de criminalidad y bajo los cuales se continuar\u00e1 trabajando para garantizar la seguridad, tranquilidad y progreso en los siete departamentos que componen la jurisdicci\u00f3n.<\/p>\n\n\n\n<p>En el encuentro se establecieron las acciones operacionales a desplegar frente a la lucha frontal contra los grupos armados organizados residuales, las econom\u00edas il\u00edcitas, el narcotr\u00e1fico, el contrabando y los fen\u00f3menos que amenazan la riqueza natural de la que goza la regi\u00f3n andina, como lo son:&nbsp; bosques, selvas, afluentes h\u00eddricos y p\u00e1ramos.<\/p>\n\n\n\n<p>Durante la reuni\u00f3n, el nuevo comandante de la Quinta Divisi\u00f3n, exalto la gran labor desarrollada por las unidades en el 2023, un trabajo que se ve reflejado en la seguridad vial, el incremento de turistas y la gobernabilidad, adem\u00e1s de hacer un llamado, para que en el 2024, se contin\u00fae con el mismo \u00edmpetu, gallard\u00eda, nobleza y abnegaci\u00f3n, siendo garantes del respeto por los Derechos Humanos, trabajando siempre de manera articulada con las instituciones, en aras de beneficiar a la poblaci\u00f3n civil y generando ambientes de confianza y acercamiento donde vean en sus soldados, una mano amiga que est\u00e1 dispuesta siempre a servir.&nbsp;&nbsp;&nbsp;<\/p>\n\n\n\n<p>Finalmente, las estrategias que regir\u00e1n el destino de la Quinta Divisi\u00f3n, bajo el mando del se\u00f1or Brigadier General, Jos\u00e9 Bertulfo Soto S\u00e1nchez, estar\u00e1n direccionadas a proteger y salvaguardar a las comunidades que integran los siete departamentos de nuestra jurisdicci\u00f3n, siendo custodios de la flora y fauna, permitiendo que el desarrollo social y econ\u00f3mico contin\u00fae proyectando a esta hermosa regi\u00f3n.<\/p>\n","protected":false},"excerpt":{"rendered":"<p>Dise\u00f1ar estrategias de seguridad, cumplimiento y acompa\u00f1amiento de labor social, as\u00ed como desarrollar proyectos que permitan contribuir en el mejoramiento del medio ambiente, fue la finalidad de esta primera reuni\u00f3n estrat\u00e9gica de la Quinta Divisi\u00f3n, donde los comandantes de Unidades Territoriales que se encuentran desplegados en los siete departamentos ( Boyaca, Caldas , Cundinamarca, Huila, [&hellip;]<\/p>\n","protected":false},"author":2,"featured_media":0,"comment_status":"open","ping_status":"open","sticky":false,"template":"","format":"standard","meta":{"footnotes":""},"categories":[36,35],"tags":[],"class_list":["post-67474","post","type-post","status-publish","format-standard","hentry","category-destacado","category-regional"],"yoast_head":"<!-- This site is optimized with the Yoast SEO plugin v26.6 - https:\/\/yoast.com\/wordpress\/plugins\/seo\/ -->\n<title>Ej\u00e9rcito Nacional realiz\u00f3 primera reuni\u00f3n estrat\u00e9gica de comandantes de la Quinta Divisi\u00f3n -<\/title>\n<meta name=\"robots\" content=\"index, follow, max-snippet:-1, max-image-preview:large, max-video-preview:-1\" \/>\n<link rel=\"canonical\" href=\"https:\/\/luchonoticias.com\/editor\/ejercito-nacional-realizo-primera-reunion-estrategica-de-comandantes-de-la-quinta-division\/\" \/>\n<meta property=\"og:locale\" content=\"es_ES\" \/>\n<meta property=\"og:type\" content=\"article\" \/>\n<meta property=\"og:title\" content=\"Ej\u00e9rcito Nacional realiz\u00f3 primera reuni\u00f3n estrat\u00e9gica de comandantes de la Quinta Divisi\u00f3n -\" \/>\n<meta property=\"og:url\" content=\"https:\/\/luchonoticias.com\/editor\/ejercito-nacional-realizo-primera-reunion-estrategica-de-comandantes-de-la-quinta-division\/\" \/>\n<meta property=\"article:publisher\" content=\"https:\/\/www.facebook.com\/luchonoticiasneiva\" \/>\n<meta property=\"article:published_time\" content=\"2024-01-24T17:45:26+00:00\" \/>\n<meta property=\"article:modified_time\" content=\"2024-01-24T17:45:27+00:00\" \/>\n<meta name=\"author\" content=\"Editor General\" \/>\n<meta name=\"twitter:card\" content=\"summary_large_image\" \/>\n<meta name=\"twitter:label1\" content=\"Escrito por\" \/>\n\t<meta name=\"twitter:data1\" content=\"Editor General\" \/>\n\t<meta name=\"twitter:label2\" content=\"Tiempo de lectura\" \/>\n\t<meta name=\"twitter:data2\" content=\"2 minutos\" \/>\n<script type=\"application\/ld+json\" class=\"yoast-schema-graph\">{\"@context\":\"https:\/\/schema.org\",\"@graph\":[{\"@type\":\"Article\",\"@id\":\"https:\/\/luchonoticias.com\/editor\/ejercito-nacional-realizo-primera-reunion-estrategica-de-comandantes-de-la-quinta-division\/#article\",\"isPartOf\":{\"@id\":\"https:\/\/luchonoticias.com\/editor\/ejercito-nacional-realizo-primera-reunion-estrategica-de-comandantes-de-la-quinta-division\/\"},\"author\":{\"name\":\"Editor General\",\"@id\":\"https:\/\/luchonoticias.com\/editor\/#\/schema\/person\/29217990ddf6f14e35912b2866d591fb\"},\"headline\":\"Ej\u00e9rcito Nacional realiz\u00f3 primera reuni\u00f3n estrat\u00e9gica de comandantes de la Quinta Divisi\u00f3n\",\"datePublished\":\"2024-01-24T17:45:26+00:00\",\"dateModified\":\"2024-01-24T17:45:27+00:00\",\"mainEntityOfPage\":{\"@id\":\"https:\/\/luchonoticias.com\/editor\/ejercito-nacional-realizo-primera-reunion-estrategica-de-comandantes-de-la-quinta-division\/\"},\"wordCount\":466,\"commentCount\":0,\"publisher\":{\"@id\":\"https:\/\/luchonoticias.com\/editor\/#\/schema\/person\/7a7fd911f58561fd056dbac7b55af9cd\"},\"articleSection\":[\"Destacado\",\"Regional\"],\"inLanguage\":\"es\",\"potentialAction\":[{\"@type\":\"CommentAction\",\"name\":\"Comment\",\"target\":[\"https:\/\/luchonoticias.com\/editor\/ejercito-nacional-realizo-primera-reunion-estrategica-de-comandantes-de-la-quinta-division\/#respond\"]}]},{\"@type\":\"WebPage\",\"@id\":\"https:\/\/luchonoticias.com\/editor\/ejercito-nacional-realizo-primera-reunion-estrategica-de-comandantes-de-la-quinta-division\/\",\"url\":\"https:\/\/luchonoticias.com\/editor\/ejercito-nacional-realizo-primera-reunion-estrategica-de-comandantes-de-la-quinta-division\/\",\"name\":\"Ej\u00e9rcito Nacional realiz\u00f3 primera reuni\u00f3n estrat\u00e9gica de comandantes de la Quinta Divisi\u00f3n -\",\"isPartOf\":{\"@id\":\"https:\/\/luchonoticias.com\/editor\/#website\"},\"datePublished\":\"2024-01-24T17:45:26+00:00\",\"dateModified\":\"2024-01-24T17:45:27+00:00\",\"breadcrumb\":{\"@id\":\"https:\/\/luchonoticias.com\/editor\/ejercito-nacional-realizo-primera-reunion-estrategica-de-comandantes-de-la-quinta-division\/#breadcrumb\"},\"inLanguage\":\"es\",\"potentialAction\":[{\"@type\":\"ReadAction\",\"target\":[\"https:\/\/luchonoticias.com\/editor\/ejercito-nacional-realizo-primera-reunion-estrategica-de-comandantes-de-la-quinta-division\/\"]}]},{\"@type\":\"BreadcrumbList\",\"@id\":\"https:\/\/luchonoticias.com\/editor\/ejercito-nacional-realizo-primera-reunion-estrategica-de-comandantes-de-la-quinta-division\/#breadcrumb\",\"itemListElement\":[{\"@type\":\"ListItem\",\"position\":1,\"name\":\"Portada\",\"item\":\"https:\/\/luchonoticias.com\/editor\/\"},{\"@type\":\"ListItem\",\"position\":2,\"name\":\"Ej\u00e9rcito Nacional realiz\u00f3 primera reuni\u00f3n estrat\u00e9gica de comandantes de la Quinta Divisi\u00f3n\"}]},{\"@type\":\"WebSite\",\"@id\":\"https:\/\/luchonoticias.com\/editor\/#website\",\"url\":\"https:\/\/luchonoticias.com\/editor\/\",\"name\":\"\",\"description\":\"\",\"publisher\":{\"@id\":\"https:\/\/luchonoticias.com\/editor\/#\/schema\/person\/7a7fd911f58561fd056dbac7b55af9cd\"},\"potentialAction\":[{\"@type\":\"SearchAction\",\"target\":{\"@type\":\"EntryPoint\",\"urlTemplate\":\"https:\/\/luchonoticias.com\/editor\/?s={search_term_string}\"},\"query-input\":{\"@type\":\"PropertyValueSpecification\",\"valueRequired\":true,\"valueName\":\"search_term_string\"}}],\"inLanguage\":\"es\"},{\"@type\":[\"Person\",\"Organization\"],\"@id\":\"https:\/\/luchonoticias.com\/editor\/#\/schema\/person\/7a7fd911f58561fd056dbac7b55af9cd\",\"name\":\"admin\",\"image\":{\"@type\":\"ImageObject\",\"inLanguage\":\"es\",\"@id\":\"https:\/\/luchonoticias.com\/editor\/#\/schema\/person\/image\/\",\"url\":\"https:\/\/luchonoticias.com\/editor\/wp-content\/uploads\/2024\/02\/cropped-cropped-logolu.webp\",\"contentUrl\":\"https:\/\/luchonoticias.com\/editor\/wp-content\/uploads\/2024\/02\/cropped-cropped-logolu.webp\",\"width\":382,\"height\":170,\"caption\":\"admin\"},\"logo\":{\"@id\":\"https:\/\/luchonoticias.com\/editor\/#\/schema\/person\/image\/\"},\"sameAs\":[\"https:\/\/www.facebook.com\/luchonoticiasneiva\"]},{\"@type\":\"Person\",\"@id\":\"https:\/\/luchonoticias.com\/editor\/#\/schema\/person\/29217990ddf6f14e35912b2866d591fb\",\"name\":\"Editor General\",\"image\":{\"@type\":\"ImageObject\",\"inLanguage\":\"es\",\"@id\":\"https:\/\/luchonoticias.com\/editor\/#\/schema\/person\/image\/\",\"url\":\"https:\/\/luchonoticias.com\/editor\/wp-content\/uploads\/2024\/02\/cropped-cropped-logolu-150x150.webp\",\"contentUrl\":\"https:\/\/luchonoticias.com\/editor\/wp-content\/uploads\/2024\/02\/cropped-cropped-logolu-150x150.webp\",\"caption\":\"Editor General\"},\"sameAs\":[\"https:\/\/luchonoticias.com\/\"],\"url\":\"https:\/\/luchonoticias.com\/editor\/author\/editor-general\/\"}]}<\/script>\n<!-- \/ Yoast SEO plugin. -->","yoast_head_json":{"title":"Ej\u00e9rcito Nacional realiz\u00f3 primera reuni\u00f3n estrat\u00e9gica de comandantes de la Quinta Divisi\u00f3n -","robots":{"index":"index","follow":"follow","max-snippet":"max-snippet:-1","max-image-preview":"max-image-preview:large","max-video-preview":"max-video-preview:-1"},"canonical":"https:\/\/luchonoticias.com\/editor\/ejercito-nacional-realizo-primera-reunion-estrategica-de-comandantes-de-la-quinta-division\/","og_locale":"es_ES","og_type":"article","og_title":"Ej\u00e9rcito Nacional realiz\u00f3 primera reuni\u00f3n estrat\u00e9gica de comandantes de la Quinta Divisi\u00f3n -","og_url":"https:\/\/luchonoticias.com\/editor\/ejercito-nacional-realizo-primera-reunion-estrategica-de-comandantes-de-la-quinta-division\/","article_publisher":"https:\/\/www.facebook.com\/luchonoticiasneiva","article_published_time":"2024-01-24T17:45:26+00:00","article_modified_time":"2024-01-24T17:45:27+00:00","author":"Editor General","twitter_card":"summary_large_image","twitter_misc":{"Escrito por":"Editor General","Tiempo de lectura":"2 minutos"},"schema":{"@context":"https:\/\/schema.org","@graph":[{"@type":"Article","@id":"https:\/\/luchonoticias.com\/editor\/ejercito-nacional-realizo-primera-reunion-estrategica-de-comandantes-de-la-quinta-division\/#article","isPartOf":{"@id":"https:\/\/luchonoticias.com\/editor\/ejercito-nacional-realizo-primera-reunion-estrategica-de-comandantes-de-la-quinta-division\/"},"author":{"name":"Editor General","@id":"https:\/\/luchonoticias.com\/editor\/#\/schema\/person\/29217990ddf6f14e35912b2866d591fb"},"headline":"Ej\u00e9rcito Nacional realiz\u00f3 primera reuni\u00f3n estrat\u00e9gica de comandantes de la Quinta Divisi\u00f3n","datePublished":"2024-01-24T17:45:26+00:00","dateModified":"2024-01-24T17:45:27+00:00","mainEntityOfPage":{"@id":"https:\/\/luchonoticias.com\/editor\/ejercito-nacional-realizo-primera-reunion-estrategica-de-comandantes-de-la-quinta-division\/"},"wordCount":466,"commentCount":0,"publisher":{"@id":"https:\/\/luchonoticias.com\/editor\/#\/schema\/person\/7a7fd911f58561fd056dbac7b55af9cd"},"articleSection":["Destacado","Regional"],"inLanguage":"es","potentialAction":[{"@type":"CommentAction","name":"Comment","target":["https:\/\/luchonoticias.com\/editor\/ejercito-nacional-realizo-primera-reunion-estrategica-de-comandantes-de-la-quinta-division\/#respond"]}]},{"@type":"WebPage","@id":"https:\/\/luchonoticias.com\/editor\/ejercito-nacional-realizo-primera-reunion-estrategica-de-comandantes-de-la-quinta-division\/","url":"https:\/\/luchonoticias.com\/editor\/ejercito-nacional-realizo-primera-reunion-estrategica-de-comandantes-de-la-quinta-division\/","name":"Ej\u00e9rcito Nacional realiz\u00f3 primera reuni\u00f3n estrat\u00e9gica de comandantes de la Quinta Divisi\u00f3n -","isPartOf":{"@id":"https:\/\/luchonoticias.com\/editor\/#website"},"datePublished":"2024-01-24T17:45:26+00:00","dateModified":"2024-01-24T17:45:27+00:00","breadcrumb":{"@id":"https:\/\/luchonoticias.com\/editor\/ejercito-nacional-realizo-primera-reunion-estrategica-de-comandantes-de-la-quinta-division\/#breadcrumb"},"inLanguage":"es","potentialAction":[{"@type":"ReadAction","target":["https:\/\/luchonoticias.com\/editor\/ejercito-nacional-realizo-primera-reunion-estrategica-de-comandantes-de-la-quinta-division\/"]}]},{"@type":"BreadcrumbList","@id":"https:\/\/luchonoticias.com\/editor\/ejercito-nacional-realizo-primera-reunion-estrategica-de-comandantes-de-la-quinta-division\/#breadcrumb","itemListElement":[{"@type":"ListItem","position":1,"name":"Portada","item":"https:\/\/luchonoticias.com\/editor\/"},{"@type":"ListItem","position":2,"name":"Ej\u00e9rcito Nacional realiz\u00f3 primera reuni\u00f3n estrat\u00e9gica de comandantes de la Quinta Divisi\u00f3n"}]},{"@type":"WebSite","@id":"https:\/\/luchonoticias.com\/editor\/#website","url":"https:\/\/luchonoticias.com\/editor\/","name":"","description":"","publisher":{"@id":"https:\/\/luchonoticias.com\/editor\/#\/schema\/person\/7a7fd911f58561fd056dbac7b55af9cd"},"potentialAction":[{"@type":"SearchAction","target":{"@type":"EntryPoint","urlTemplate":"https:\/\/luchonoticias.com\/editor\/?s={search_term_string}"},"query-input":{"@type":"PropertyValueSpecification","valueRequired":true,"valueName":"search_term_string"}}],"inLanguage":"es"},{"@type":["Person","Organization"],"@id":"https:\/\/luchonoticias.com\/editor\/#\/schema\/person\/7a7fd911f58561fd056dbac7b55af9cd","name":"admin","image":{"@type":"ImageObject","inLanguage":"es","@id":"https:\/\/luchonoticias.com\/editor\/#\/schema\/person\/image\/","url":"https:\/\/luchonoticias.com\/editor\/wp-content\/uploads\/2024\/02\/cropped-cropped-logolu.webp","contentUrl":"https:\/\/luchonoticias.com\/editor\/wp-content\/uploads\/2024\/02\/cropped-cropped-logolu.webp","width":382,"height":170,"caption":"admin"},"logo":{"@id":"https:\/\/luchonoticias.com\/editor\/#\/schema\/person\/image\/"},"sameAs":["https:\/\/www.facebook.com\/luchonoticiasneiva"]},{"@type":"Person","@id":"https:\/\/luchonoticias.com\/editor\/#\/schema\/person\/29217990ddf6f14e35912b2866d591fb","name":"Editor General","image":{"@type":"ImageObject","inLanguage":"es","@id":"https:\/\/luchonoticias.com\/editor\/#\/schema\/person\/image\/","url":"https:\/\/luchonoticias.com\/editor\/wp-content\/uploads\/2024\/02\/cropped-cropped-logolu-150x150.webp","contentUrl":"https:\/\/luchonoticias.com\/editor\/wp-content\/uploads\/2024\/02\/cropped-cropped-logolu-150x150.webp","caption":"Editor General"},"sameAs":["https:\/\/luchonoticias.com\/"],"url":"https:\/\/luchonoticias.com\/editor\/author\/editor-general\/"}]}},"_links":{"self":[{"href":"https:\/\/luchonoticias.com\/editor\/wp-json\/wp\/v2\/posts\/67474","targetHints":{"allow":["GET"]}}],"collection":[{"href":"https:\/\/luchonoticias.com\/editor\/wp-json\/wp\/v2\/posts"}],"about":[{"href":"https:\/\/luchonoticias.com\/editor\/wp-json\/wp\/v2\/types\/post"}],"author":[{"embeddable":true,"href":"https:\/\/luchonoticias.com\/editor\/wp-json\/wp\/v2\/users\/2"}],"replies":[{"embeddable":true,"href":"https:\/\/luchonoticias.com\/editor\/wp-json\/wp\/v2\/comments?post=67474"}],"version-history":[{"count":0,"href":"https:\/\/luchonoticias.com\/editor\/wp-json\/wp\/v2\/posts\/67474\/revisions"}],"wp:attachment":[{"href":"https:\/\/luchonoticias.com\/editor\/wp-json\/wp\/v2\/media?parent=67474"}],"wp:term":[{"taxonomy":"category","embeddable":true,"href":"https:\/\/luchonoticias.com\/editor\/wp-json\/wp\/v2\/categories?post=67474"},{"taxonomy":"post_tag","embeddable":true,"href":"https:\/\/luchonoticias.com\/editor\/wp-json\/wp\/v2\/tags?post=67474"}],"curies":[{"name":"wp","href":"https:\/\/api.w.org\/{rel}","templated":true}]}}