{"id":67477,"date":"2024-01-24T12:51:22","date_gmt":"2024-01-24T17:51:22","guid":{"rendered":"https:\/\/luchonoticias.com\/?p=67477"},"modified":"2024-01-24T12:51:23","modified_gmt":"2024-01-24T17:51:23","slug":"el-sur-del-huila-no-esta-solo-vamos-a-enfrentar-este-problema-de-seguridad-entre-todos-gobernador-del-huila","status":"publish","type":"post","link":"https:\/\/luchonoticias.com\/editor\/el-sur-del-huila-no-esta-solo-vamos-a-enfrentar-este-problema-de-seguridad-entre-todos-gobernador-del-huila\/","title":{"rendered":"El sur del Huila no est\u00e1 solo, vamos a enfrentar este problema de seguridad entre todos: Gobernador del Huila"},"content":{"rendered":"\n<p>Durante el transcurso de la ma\u00f1ana de hoy, se lleva a cabo la Mesa Ampliada de Seguridad en el municipio de Pitalito con altos mandos de la Polic\u00eda, Ej\u00e9rcito, Fiscal\u00eda, Procuradur\u00eda, Personer\u00eda y Migraci\u00f3n Colombia.<\/p>\n\n\n\n<p>Durante la jornada tambi\u00e9n se hicieron participes los alcaldes: Yider luna Joven , de Pitalito, como anfitri\u00f3n; Helman Ricaurte Vargas, de El\u00edas; Edgar Javier Bambagu\u00e9, de Saladoblanco; Francisco Cu\u00e9llar, de Suaza; Jos\u00e9 Alfredo Mu\u00f1oz Mu\u00f1oz, de Isnos; Edwin Andr\u00e9s C\u00e1rdenas, de Timan\u00e1; Marcos Molina, de Oporapa; la presidenta de la Asamblea Departamental del Huila, Victoria Castro y delegados de los gobiernos municipales de Acevedo y San Agust\u00edn.<\/p>\n\n\n\n<figure class=\"wp-block-gallery has-nested-images columns-default is-cropped wp-block-gallery-1 is-layout-flex wp-block-gallery-is-layout-flex\">\n<figure class=\"wp-block-image size-large\"><img decoding=\"async\" data-id=\"67479\" src=\"https:\/\/luchonoticias.com\/wp-content\/uploads\/2024\/01\/WhatsApp-Image-2024-01-24-at-11.44.03-AM-1-1024x678.jpeg\" alt=\"\" class=\"wp-image-67479\"\/><\/figure>\n\n\n\n<figure class=\"wp-block-image size-large\"><img decoding=\"async\" data-id=\"67480\" src=\"https:\/\/luchonoticias.com\/wp-content\/uploads\/2024\/01\/WhatsApp-Image-2024-01-24-at-11.44.04-AM-1024x678.jpeg\" alt=\"\" class=\"wp-image-67480\"\/><\/figure>\n<\/figure>\n\n\n\n<p>\u00abEl sur del Huila no est\u00e1 solo, vamos a enfrentar este problema de seguridad entre todos. En buena hora se ha programado esta Mesa Ampliada de Seguridad en el Valle de Laboyos con altos mandos de las autoridades\u201d, indic\u00f3 el Gobernador del Huila, Rodrigo Villalba Mosquera.<\/p>\n","protected":false},"excerpt":{"rendered":"<p>Durante el transcurso de la ma\u00f1ana de hoy, se lleva a cabo la Mesa Ampliada de Seguridad en el municipio de Pitalito con altos mandos de la Polic\u00eda, Ej\u00e9rcito, Fiscal\u00eda, Procuradur\u00eda, Personer\u00eda y Migraci\u00f3n Colombia. Durante la jornada tambi\u00e9n se hicieron participes los alcaldes: Yider luna Joven , de Pitalito, como anfitri\u00f3n; Helman Ricaurte Vargas, [&hellip;]<\/p>\n","protected":false},"author":2,"featured_media":0,"comment_status":"open","ping_status":"open","sticky":false,"template":"","format":"standard","meta":{"footnotes":""},"categories":[36,33],"tags":[],"class_list":["post-67477","post","type-post","status-publish","format-standard","hentry","category-destacado","category-huila"],"yoast_head":"<!-- This site is optimized with the Yoast SEO plugin v26.6 - https:\/\/yoast.com\/wordpress\/plugins\/seo\/ -->\n<title>El sur del Huila no est\u00e1 solo, vamos a enfrentar este problema de seguridad entre todos: Gobernador del Huila -<\/title>\n<meta name=\"robots\" content=\"index, follow, max-snippet:-1, max-image-preview:large, max-video-preview:-1\" \/>\n<link rel=\"canonical\" href=\"https:\/\/luchonoticias.com\/editor\/el-sur-del-huila-no-esta-solo-vamos-a-enfrentar-este-problema-de-seguridad-entre-todos-gobernador-del-huila\/\" \/>\n<meta property=\"og:locale\" content=\"es_ES\" \/>\n<meta property=\"og:type\" content=\"article\" \/>\n<meta property=\"og:title\" content=\"El sur del Huila no est\u00e1 solo, vamos a enfrentar este problema de seguridad entre todos: Gobernador del Huila -\" \/>\n<meta property=\"og:url\" content=\"https:\/\/luchonoticias.com\/editor\/el-sur-del-huila-no-esta-solo-vamos-a-enfrentar-este-problema-de-seguridad-entre-todos-gobernador-del-huila\/\" \/>\n<meta property=\"article:publisher\" content=\"https:\/\/www.facebook.com\/luchonoticiasneiva\" \/>\n<meta property=\"article:published_time\" content=\"2024-01-24T17:51:22+00:00\" \/>\n<meta property=\"article:modified_time\" content=\"2024-01-24T17:51:23+00:00\" \/>\n<meta property=\"og:image\" content=\"https:\/\/luchonoticias.com\/wp-content\/uploads\/2024\/01\/WhatsApp-Image-2024-01-24-at-11.44.03-AM-1-1024x678.jpeg\" \/>\n<meta name=\"author\" content=\"Editor General\" \/>\n<meta name=\"twitter:card\" content=\"summary_large_image\" \/>\n<meta name=\"twitter:label1\" content=\"Escrito por\" \/>\n\t<meta name=\"twitter:data1\" content=\"Editor General\" \/>\n\t<meta name=\"twitter:label2\" content=\"Tiempo de lectura\" \/>\n\t<meta name=\"twitter:data2\" content=\"1 minuto\" \/>\n<script type=\"application\/ld+json\" class=\"yoast-schema-graph\">{\"@context\":\"https:\/\/schema.org\",\"@graph\":[{\"@type\":\"Article\",\"@id\":\"https:\/\/luchonoticias.com\/editor\/el-sur-del-huila-no-esta-solo-vamos-a-enfrentar-este-problema-de-seguridad-entre-todos-gobernador-del-huila\/#article\",\"isPartOf\":{\"@id\":\"https:\/\/luchonoticias.com\/editor\/el-sur-del-huila-no-esta-solo-vamos-a-enfrentar-este-problema-de-seguridad-entre-todos-gobernador-del-huila\/\"},\"author\":{\"name\":\"Editor General\",\"@id\":\"https:\/\/luchonoticias.com\/editor\/#\/schema\/person\/29217990ddf6f14e35912b2866d591fb\"},\"headline\":\"El sur del Huila no est\u00e1 solo, vamos a enfrentar este problema de seguridad entre todos: Gobernador del Huila\",\"datePublished\":\"2024-01-24T17:51:22+00:00\",\"dateModified\":\"2024-01-24T17:51:23+00:00\",\"mainEntityOfPage\":{\"@id\":\"https:\/\/luchonoticias.com\/editor\/el-sur-del-huila-no-esta-solo-vamos-a-enfrentar-este-problema-de-seguridad-entre-todos-gobernador-del-huila\/\"},\"wordCount\":182,\"commentCount\":0,\"publisher\":{\"@id\":\"https:\/\/luchonoticias.com\/editor\/#\/schema\/person\/7a7fd911f58561fd056dbac7b55af9cd\"},\"image\":{\"@id\":\"https:\/\/luchonoticias.com\/editor\/el-sur-del-huila-no-esta-solo-vamos-a-enfrentar-este-problema-de-seguridad-entre-todos-gobernador-del-huila\/#primaryimage\"},\"thumbnailUrl\":\"https:\/\/luchonoticias.com\/wp-content\/uploads\/2024\/01\/WhatsApp-Image-2024-01-24-at-11.44.03-AM-1-1024x678.jpeg\",\"articleSection\":[\"Destacado\",\"Huila\"],\"inLanguage\":\"es\",\"potentialAction\":[{\"@type\":\"CommentAction\",\"name\":\"Comment\",\"target\":[\"https:\/\/luchonoticias.com\/editor\/el-sur-del-huila-no-esta-solo-vamos-a-enfrentar-este-problema-de-seguridad-entre-todos-gobernador-del-huila\/#respond\"]}]},{\"@type\":\"WebPage\",\"@id\":\"https:\/\/luchonoticias.com\/editor\/el-sur-del-huila-no-esta-solo-vamos-a-enfrentar-este-problema-de-seguridad-entre-todos-gobernador-del-huila\/\",\"url\":\"https:\/\/luchonoticias.com\/editor\/el-sur-del-huila-no-esta-solo-vamos-a-enfrentar-este-problema-de-seguridad-entre-todos-gobernador-del-huila\/\",\"name\":\"El sur del Huila no est\u00e1 solo, vamos a enfrentar este problema de seguridad entre todos: Gobernador del Huila -\",\"isPartOf\":{\"@id\":\"https:\/\/luchonoticias.com\/editor\/#website\"},\"primaryImageOfPage\":{\"@id\":\"https:\/\/luchonoticias.com\/editor\/el-sur-del-huila-no-esta-solo-vamos-a-enfrentar-este-problema-de-seguridad-entre-todos-gobernador-del-huila\/#primaryimage\"},\"image\":{\"@id\":\"https:\/\/luchonoticias.com\/editor\/el-sur-del-huila-no-esta-solo-vamos-a-enfrentar-este-problema-de-seguridad-entre-todos-gobernador-del-huila\/#primaryimage\"},\"thumbnailUrl\":\"https:\/\/luchonoticias.com\/wp-content\/uploads\/2024\/01\/WhatsApp-Image-2024-01-24-at-11.44.03-AM-1-1024x678.jpeg\",\"datePublished\":\"2024-01-24T17:51:22+00:00\",\"dateModified\":\"2024-01-24T17:51:23+00:00\",\"breadcrumb\":{\"@id\":\"https:\/\/luchonoticias.com\/editor\/el-sur-del-huila-no-esta-solo-vamos-a-enfrentar-este-problema-de-seguridad-entre-todos-gobernador-del-huila\/#breadcrumb\"},\"inLanguage\":\"es\",\"potentialAction\":[{\"@type\":\"ReadAction\",\"target\":[\"https:\/\/luchonoticias.com\/editor\/el-sur-del-huila-no-esta-solo-vamos-a-enfrentar-este-problema-de-seguridad-entre-todos-gobernador-del-huila\/\"]}]},{\"@type\":\"ImageObject\",\"inLanguage\":\"es\",\"@id\":\"https:\/\/luchonoticias.com\/editor\/el-sur-del-huila-no-esta-solo-vamos-a-enfrentar-este-problema-de-seguridad-entre-todos-gobernador-del-huila\/#primaryimage\",\"url\":\"https:\/\/luchonoticias.com\/wp-content\/uploads\/2024\/01\/WhatsApp-Image-2024-01-24-at-11.44.03-AM-1-1024x678.jpeg\",\"contentUrl\":\"https:\/\/luchonoticias.com\/wp-content\/uploads\/2024\/01\/WhatsApp-Image-2024-01-24-at-11.44.03-AM-1-1024x678.jpeg\"},{\"@type\":\"BreadcrumbList\",\"@id\":\"https:\/\/luchonoticias.com\/editor\/el-sur-del-huila-no-esta-solo-vamos-a-enfrentar-este-problema-de-seguridad-entre-todos-gobernador-del-huila\/#breadcrumb\",\"itemListElement\":[{\"@type\":\"ListItem\",\"position\":1,\"name\":\"Portada\",\"item\":\"https:\/\/luchonoticias.com\/editor\/\"},{\"@type\":\"ListItem\",\"position\":2,\"name\":\"El sur del Huila no est\u00e1 solo, vamos a enfrentar este problema de seguridad entre todos: Gobernador del Huila\"}]},{\"@type\":\"WebSite\",\"@id\":\"https:\/\/luchonoticias.com\/editor\/#website\",\"url\":\"https:\/\/luchonoticias.com\/editor\/\",\"name\":\"\",\"description\":\"\",\"publisher\":{\"@id\":\"https:\/\/luchonoticias.com\/editor\/#\/schema\/person\/7a7fd911f58561fd056dbac7b55af9cd\"},\"potentialAction\":[{\"@type\":\"SearchAction\",\"target\":{\"@type\":\"EntryPoint\",\"urlTemplate\":\"https:\/\/luchonoticias.com\/editor\/?s={search_term_string}\"},\"query-input\":{\"@type\":\"PropertyValueSpecification\",\"valueRequired\":true,\"valueName\":\"search_term_string\"}}],\"inLanguage\":\"es\"},{\"@type\":[\"Person\",\"Organization\"],\"@id\":\"https:\/\/luchonoticias.com\/editor\/#\/schema\/person\/7a7fd911f58561fd056dbac7b55af9cd\",\"name\":\"admin\",\"image\":{\"@type\":\"ImageObject\",\"inLanguage\":\"es\",\"@id\":\"https:\/\/luchonoticias.com\/editor\/#\/schema\/person\/image\/\",\"url\":\"https:\/\/luchonoticias.com\/editor\/wp-content\/uploads\/2024\/02\/cropped-cropped-logolu.webp\",\"contentUrl\":\"https:\/\/luchonoticias.com\/editor\/wp-content\/uploads\/2024\/02\/cropped-cropped-logolu.webp\",\"width\":382,\"height\":170,\"caption\":\"admin\"},\"logo\":{\"@id\":\"https:\/\/luchonoticias.com\/editor\/#\/schema\/person\/image\/\"},\"sameAs\":[\"https:\/\/www.facebook.com\/luchonoticiasneiva\"]},{\"@type\":\"Person\",\"@id\":\"https:\/\/luchonoticias.com\/editor\/#\/schema\/person\/29217990ddf6f14e35912b2866d591fb\",\"name\":\"Editor General\",\"image\":{\"@type\":\"ImageObject\",\"inLanguage\":\"es\",\"@id\":\"https:\/\/luchonoticias.com\/editor\/#\/schema\/person\/image\/\",\"url\":\"https:\/\/luchonoticias.com\/editor\/wp-content\/uploads\/2024\/02\/cropped-cropped-logolu-150x150.webp\",\"contentUrl\":\"https:\/\/luchonoticias.com\/editor\/wp-content\/uploads\/2024\/02\/cropped-cropped-logolu-150x150.webp\",\"caption\":\"Editor General\"},\"sameAs\":[\"https:\/\/luchonoticias.com\/\"],\"url\":\"https:\/\/luchonoticias.com\/editor\/author\/editor-general\/\"}]}<\/script>\n<!-- \/ Yoast SEO plugin. -->","yoast_head_json":{"title":"El sur del Huila no est\u00e1 solo, vamos a enfrentar este problema de seguridad entre todos: Gobernador del Huila -","robots":{"index":"index","follow":"follow","max-snippet":"max-snippet:-1","max-image-preview":"max-image-preview:large","max-video-preview":"max-video-preview:-1"},"canonical":"https:\/\/luchonoticias.com\/editor\/el-sur-del-huila-no-esta-solo-vamos-a-enfrentar-este-problema-de-seguridad-entre-todos-gobernador-del-huila\/","og_locale":"es_ES","og_type":"article","og_title":"El sur del Huila no est\u00e1 solo, vamos a enfrentar este problema de seguridad entre todos: Gobernador del Huila -","og_url":"https:\/\/luchonoticias.com\/editor\/el-sur-del-huila-no-esta-solo-vamos-a-enfrentar-este-problema-de-seguridad-entre-todos-gobernador-del-huila\/","article_publisher":"https:\/\/www.facebook.com\/luchonoticiasneiva","article_published_time":"2024-01-24T17:51:22+00:00","article_modified_time":"2024-01-24T17:51:23+00:00","og_image":[{"url":"https:\/\/luchonoticias.com\/wp-content\/uploads\/2024\/01\/WhatsApp-Image-2024-01-24-at-11.44.03-AM-1-1024x678.jpeg","type":"","width":"","height":""}],"author":"Editor General","twitter_card":"summary_large_image","twitter_misc":{"Escrito por":"Editor General","Tiempo de lectura":"1 minuto"},"schema":{"@context":"https:\/\/schema.org","@graph":[{"@type":"Article","@id":"https:\/\/luchonoticias.com\/editor\/el-sur-del-huila-no-esta-solo-vamos-a-enfrentar-este-problema-de-seguridad-entre-todos-gobernador-del-huila\/#article","isPartOf":{"@id":"https:\/\/luchonoticias.com\/editor\/el-sur-del-huila-no-esta-solo-vamos-a-enfrentar-este-problema-de-seguridad-entre-todos-gobernador-del-huila\/"},"author":{"name":"Editor General","@id":"https:\/\/luchonoticias.com\/editor\/#\/schema\/person\/29217990ddf6f14e35912b2866d591fb"},"headline":"El sur del Huila no est\u00e1 solo, vamos a enfrentar este problema de seguridad entre todos: Gobernador del Huila","datePublished":"2024-01-24T17:51:22+00:00","dateModified":"2024-01-24T17:51:23+00:00","mainEntityOfPage":{"@id":"https:\/\/luchonoticias.com\/editor\/el-sur-del-huila-no-esta-solo-vamos-a-enfrentar-este-problema-de-seguridad-entre-todos-gobernador-del-huila\/"},"wordCount":182,"commentCount":0,"publisher":{"@id":"https:\/\/luchonoticias.com\/editor\/#\/schema\/person\/7a7fd911f58561fd056dbac7b55af9cd"},"image":{"@id":"https:\/\/luchonoticias.com\/editor\/el-sur-del-huila-no-esta-solo-vamos-a-enfrentar-este-problema-de-seguridad-entre-todos-gobernador-del-huila\/#primaryimage"},"thumbnailUrl":"https:\/\/luchonoticias.com\/wp-content\/uploads\/2024\/01\/WhatsApp-Image-2024-01-24-at-11.44.03-AM-1-1024x678.jpeg","articleSection":["Destacado","Huila"],"inLanguage":"es","potentialAction":[{"@type":"CommentAction","name":"Comment","target":["https:\/\/luchonoticias.com\/editor\/el-sur-del-huila-no-esta-solo-vamos-a-enfrentar-este-problema-de-seguridad-entre-todos-gobernador-del-huila\/#respond"]}]},{"@type":"WebPage","@id":"https:\/\/luchonoticias.com\/editor\/el-sur-del-huila-no-esta-solo-vamos-a-enfrentar-este-problema-de-seguridad-entre-todos-gobernador-del-huila\/","url":"https:\/\/luchonoticias.com\/editor\/el-sur-del-huila-no-esta-solo-vamos-a-enfrentar-este-problema-de-seguridad-entre-todos-gobernador-del-huila\/","name":"El sur del Huila no est\u00e1 solo, vamos a enfrentar este problema de seguridad entre todos: Gobernador del Huila -","isPartOf":{"@id":"https:\/\/luchonoticias.com\/editor\/#website"},"primaryImageOfPage":{"@id":"https:\/\/luchonoticias.com\/editor\/el-sur-del-huila-no-esta-solo-vamos-a-enfrentar-este-problema-de-seguridad-entre-todos-gobernador-del-huila\/#primaryimage"},"image":{"@id":"https:\/\/luchonoticias.com\/editor\/el-sur-del-huila-no-esta-solo-vamos-a-enfrentar-este-problema-de-seguridad-entre-todos-gobernador-del-huila\/#primaryimage"},"thumbnailUrl":"https:\/\/luchonoticias.com\/wp-content\/uploads\/2024\/01\/WhatsApp-Image-2024-01-24-at-11.44.03-AM-1-1024x678.jpeg","datePublished":"2024-01-24T17:51:22+00:00","dateModified":"2024-01-24T17:51:23+00:00","breadcrumb":{"@id":"https:\/\/luchonoticias.com\/editor\/el-sur-del-huila-no-esta-solo-vamos-a-enfrentar-este-problema-de-seguridad-entre-todos-gobernador-del-huila\/#breadcrumb"},"inLanguage":"es","potentialAction":[{"@type":"ReadAction","target":["https:\/\/luchonoticias.com\/editor\/el-sur-del-huila-no-esta-solo-vamos-a-enfrentar-este-problema-de-seguridad-entre-todos-gobernador-del-huila\/"]}]},{"@type":"ImageObject","inLanguage":"es","@id":"https:\/\/luchonoticias.com\/editor\/el-sur-del-huila-no-esta-solo-vamos-a-enfrentar-este-problema-de-seguridad-entre-todos-gobernador-del-huila\/#primaryimage","url":"https:\/\/luchonoticias.com\/wp-content\/uploads\/2024\/01\/WhatsApp-Image-2024-01-24-at-11.44.03-AM-1-1024x678.jpeg","contentUrl":"https:\/\/luchonoticias.com\/wp-content\/uploads\/2024\/01\/WhatsApp-Image-2024-01-24-at-11.44.03-AM-1-1024x678.jpeg"},{"@type":"BreadcrumbList","@id":"https:\/\/luchonoticias.com\/editor\/el-sur-del-huila-no-esta-solo-vamos-a-enfrentar-este-problema-de-seguridad-entre-todos-gobernador-del-huila\/#breadcrumb","itemListElement":[{"@type":"ListItem","position":1,"name":"Portada","item":"https:\/\/luchonoticias.com\/editor\/"},{"@type":"ListItem","position":2,"name":"El sur del Huila no est\u00e1 solo, vamos a enfrentar este problema de seguridad entre todos: Gobernador del Huila"}]},{"@type":"WebSite","@id":"https:\/\/luchonoticias.com\/editor\/#website","url":"https:\/\/luchonoticias.com\/editor\/","name":"","description":"","publisher":{"@id":"https:\/\/luchonoticias.com\/editor\/#\/schema\/person\/7a7fd911f58561fd056dbac7b55af9cd"},"potentialAction":[{"@type":"SearchAction","target":{"@type":"EntryPoint","urlTemplate":"https:\/\/luchonoticias.com\/editor\/?s={search_term_string}"},"query-input":{"@type":"PropertyValueSpecification","valueRequired":true,"valueName":"search_term_string"}}],"inLanguage":"es"},{"@type":["Person","Organization"],"@id":"https:\/\/luchonoticias.com\/editor\/#\/schema\/person\/7a7fd911f58561fd056dbac7b55af9cd","name":"admin","image":{"@type":"ImageObject","inLanguage":"es","@id":"https:\/\/luchonoticias.com\/editor\/#\/schema\/person\/image\/","url":"https:\/\/luchonoticias.com\/editor\/wp-content\/uploads\/2024\/02\/cropped-cropped-logolu.webp","contentUrl":"https:\/\/luchonoticias.com\/editor\/wp-content\/uploads\/2024\/02\/cropped-cropped-logolu.webp","width":382,"height":170,"caption":"admin"},"logo":{"@id":"https:\/\/luchonoticias.com\/editor\/#\/schema\/person\/image\/"},"sameAs":["https:\/\/www.facebook.com\/luchonoticiasneiva"]},{"@type":"Person","@id":"https:\/\/luchonoticias.com\/editor\/#\/schema\/person\/29217990ddf6f14e35912b2866d591fb","name":"Editor General","image":{"@type":"ImageObject","inLanguage":"es","@id":"https:\/\/luchonoticias.com\/editor\/#\/schema\/person\/image\/","url":"https:\/\/luchonoticias.com\/editor\/wp-content\/uploads\/2024\/02\/cropped-cropped-logolu-150x150.webp","contentUrl":"https:\/\/luchonoticias.com\/editor\/wp-content\/uploads\/2024\/02\/cropped-cropped-logolu-150x150.webp","caption":"Editor General"},"sameAs":["https:\/\/luchonoticias.com\/"],"url":"https:\/\/luchonoticias.com\/editor\/author\/editor-general\/"}]}},"_links":{"self":[{"href":"https:\/\/luchonoticias.com\/editor\/wp-json\/wp\/v2\/posts\/67477","targetHints":{"allow":["GET"]}}],"collection":[{"href":"https:\/\/luchonoticias.com\/editor\/wp-json\/wp\/v2\/posts"}],"about":[{"href":"https:\/\/luchonoticias.com\/editor\/wp-json\/wp\/v2\/types\/post"}],"author":[{"embeddable":true,"href":"https:\/\/luchonoticias.com\/editor\/wp-json\/wp\/v2\/users\/2"}],"replies":[{"embeddable":true,"href":"https:\/\/luchonoticias.com\/editor\/wp-json\/wp\/v2\/comments?post=67477"}],"version-history":[{"count":0,"href":"https:\/\/luchonoticias.com\/editor\/wp-json\/wp\/v2\/posts\/67477\/revisions"}],"wp:attachment":[{"href":"https:\/\/luchonoticias.com\/editor\/wp-json\/wp\/v2\/media?parent=67477"}],"wp:term":[{"taxonomy":"category","embeddable":true,"href":"https:\/\/luchonoticias.com\/editor\/wp-json\/wp\/v2\/categories?post=67477"},{"taxonomy":"post_tag","embeddable":true,"href":"https:\/\/luchonoticias.com\/editor\/wp-json\/wp\/v2\/tags?post=67477"}],"curies":[{"name":"wp","href":"https:\/\/api.w.org\/{rel}","templated":true}]}}