{"id":67485,"date":"2024-01-24T13:09:12","date_gmt":"2024-01-24T18:09:12","guid":{"rendered":"https:\/\/luchonoticias.com\/?p=67485"},"modified":"2024-01-24T13:09:12","modified_gmt":"2024-01-24T18:09:12","slug":"procuraduria-profirio-cargos-y-suspendio-provisionalmente-al-ministro-de-relaciones-exteriores-alvaro-leyva-duran","status":"publish","type":"post","link":"https:\/\/luchonoticias.com\/editor\/procuraduria-profirio-cargos-y-suspendio-provisionalmente-al-ministro-de-relaciones-exteriores-alvaro-leyva-duran\/","title":{"rendered":"Procuradur\u00eda profiri\u00f3 cargos y suspendi\u00f3 provisionalmente al Ministro de Relaciones Exteriores, \u00c1lvaro Leyva Dur\u00e1n"},"content":{"rendered":"\n<p>La Procuradur\u00eda General de la Naci\u00f3n llam\u00f3 a juicio disciplinario y&nbsp;<strong>suspendi\u00f3 provisionalmente por tres meses al ministro de Relaciones Exteriores, \u00c1lvaro Leyva Dur\u00e1n<\/strong>, por las posibles irregularidades que se presentaron durante el proceso para la licitaci\u00f3n de pasaportes.&nbsp;<\/p>\n\n\n\n<p>La Sala Disciplinaria de Instrucci\u00f3n se\u00f1al\u00f3 que el canciller habr\u00eda incurrido en<strong>&nbsp;dos faltas disciplinarias<\/strong>, calificadas de manera provisional como grav\u00edsimas cometidas a t\u00edtulo de dolo, la primera al declarar desierta la licitaci\u00f3n 001 de 2023 sin tener los fundamentos f\u00e1cticos, jur\u00eddicos y t\u00e9cnicos, con lo que pudo transgredir los principios que rigen la contrataci\u00f3n estatal.<\/p>\n\n\n\n<p>En segundo lugar, el organismo de control profiri\u00f3 cargos al ministro por supuestamente<strong>&nbsp;decretar la urgencia manifiesta durante el desarrollo del tr\u00e1mite contractual<\/strong>&nbsp;sin que, al parecer, existieran causales para adoptar esa determinaci\u00f3n.&nbsp;<\/p>\n\n\n\n<p>Sobre la decisi\u00f3n de la suspensi\u00f3n provisional la Sala Disciplinaria sostuvo que la medida se tom\u00f3 en aras de evitar la posible reiteraci\u00f3n de las faltas disciplinarias que se le atribuyen, teniendo en cuenta su rol como ordenador del gasto de la Canciller\u00eda y el que funge como director del nuevo proceso contractual que se adelanta para la gesti\u00f3n de pasaportes.<\/p>\n\n\n\n<p>Finalmente, la Entidad dispuso el archivo de la investigaci\u00f3n a favor del secretario del Ministerio de Relaciones Exteriores, Jos\u00e9 Antonio Salazar Ram\u00edrez.&nbsp;<\/p>\n","protected":false},"excerpt":{"rendered":"<p>La Procuradur\u00eda General de la Naci\u00f3n llam\u00f3 a juicio disciplinario y&nbsp;suspendi\u00f3 provisionalmente por tres meses al ministro de Relaciones Exteriores, \u00c1lvaro Leyva Dur\u00e1n, por las posibles irregularidades que se presentaron durante el proceso para la licitaci\u00f3n de pasaportes.&nbsp; La Sala Disciplinaria de Instrucci\u00f3n se\u00f1al\u00f3 que el canciller habr\u00eda incurrido en&nbsp;dos faltas disciplinarias, calificadas de manera [&hellip;]<\/p>\n","protected":false},"author":2,"featured_media":0,"comment_status":"open","ping_status":"open","sticky":false,"template":"","format":"standard","meta":{"footnotes":""},"categories":[36,32],"tags":[],"class_list":["post-67485","post","type-post","status-publish","format-standard","hentry","category-destacado","category-nacional"],"yoast_head":"<!-- This site is optimized with the Yoast SEO plugin v26.6 - https:\/\/yoast.com\/wordpress\/plugins\/seo\/ -->\n<title>Procuradur\u00eda profiri\u00f3 cargos y suspendi\u00f3 provisionalmente al Ministro de Relaciones Exteriores, \u00c1lvaro Leyva Dur\u00e1n -<\/title>\n<meta name=\"robots\" content=\"index, follow, max-snippet:-1, max-image-preview:large, max-video-preview:-1\" \/>\n<link rel=\"canonical\" href=\"https:\/\/luchonoticias.com\/editor\/procuraduria-profirio-cargos-y-suspendio-provisionalmente-al-ministro-de-relaciones-exteriores-alvaro-leyva-duran\/\" \/>\n<meta property=\"og:locale\" content=\"es_ES\" \/>\n<meta property=\"og:type\" content=\"article\" \/>\n<meta property=\"og:title\" content=\"Procuradur\u00eda profiri\u00f3 cargos y suspendi\u00f3 provisionalmente al Ministro de Relaciones Exteriores, \u00c1lvaro Leyva Dur\u00e1n -\" \/>\n<meta property=\"og:url\" content=\"https:\/\/luchonoticias.com\/editor\/procuraduria-profirio-cargos-y-suspendio-provisionalmente-al-ministro-de-relaciones-exteriores-alvaro-leyva-duran\/\" \/>\n<meta property=\"article:publisher\" content=\"https:\/\/www.facebook.com\/luchonoticiasneiva\" \/>\n<meta property=\"article:published_time\" content=\"2024-01-24T18:09:12+00:00\" \/>\n<meta name=\"author\" content=\"Editor General\" \/>\n<meta name=\"twitter:card\" content=\"summary_large_image\" \/>\n<meta name=\"twitter:label1\" content=\"Escrito por\" \/>\n\t<meta name=\"twitter:data1\" content=\"Editor General\" \/>\n\t<meta name=\"twitter:label2\" content=\"Tiempo de lectura\" \/>\n\t<meta name=\"twitter:data2\" content=\"1 minuto\" \/>\n<script type=\"application\/ld+json\" class=\"yoast-schema-graph\">{\"@context\":\"https:\/\/schema.org\",\"@graph\":[{\"@type\":\"Article\",\"@id\":\"https:\/\/luchonoticias.com\/editor\/procuraduria-profirio-cargos-y-suspendio-provisionalmente-al-ministro-de-relaciones-exteriores-alvaro-leyva-duran\/#article\",\"isPartOf\":{\"@id\":\"https:\/\/luchonoticias.com\/editor\/procuraduria-profirio-cargos-y-suspendio-provisionalmente-al-ministro-de-relaciones-exteriores-alvaro-leyva-duran\/\"},\"author\":{\"name\":\"Editor General\",\"@id\":\"https:\/\/luchonoticias.com\/editor\/#\/schema\/person\/29217990ddf6f14e35912b2866d591fb\"},\"headline\":\"Procuradur\u00eda profiri\u00f3 cargos y suspendi\u00f3 provisionalmente al Ministro de Relaciones Exteriores, \u00c1lvaro Leyva Dur\u00e1n\",\"datePublished\":\"2024-01-24T18:09:12+00:00\",\"mainEntityOfPage\":{\"@id\":\"https:\/\/luchonoticias.com\/editor\/procuraduria-profirio-cargos-y-suspendio-provisionalmente-al-ministro-de-relaciones-exteriores-alvaro-leyva-duran\/\"},\"wordCount\":255,\"commentCount\":0,\"publisher\":{\"@id\":\"https:\/\/luchonoticias.com\/editor\/#\/schema\/person\/7a7fd911f58561fd056dbac7b55af9cd\"},\"articleSection\":[\"Destacado\",\"Nacional\"],\"inLanguage\":\"es\",\"potentialAction\":[{\"@type\":\"CommentAction\",\"name\":\"Comment\",\"target\":[\"https:\/\/luchonoticias.com\/editor\/procuraduria-profirio-cargos-y-suspendio-provisionalmente-al-ministro-de-relaciones-exteriores-alvaro-leyva-duran\/#respond\"]}]},{\"@type\":\"WebPage\",\"@id\":\"https:\/\/luchonoticias.com\/editor\/procuraduria-profirio-cargos-y-suspendio-provisionalmente-al-ministro-de-relaciones-exteriores-alvaro-leyva-duran\/\",\"url\":\"https:\/\/luchonoticias.com\/editor\/procuraduria-profirio-cargos-y-suspendio-provisionalmente-al-ministro-de-relaciones-exteriores-alvaro-leyva-duran\/\",\"name\":\"Procuradur\u00eda profiri\u00f3 cargos y suspendi\u00f3 provisionalmente al Ministro de Relaciones Exteriores, \u00c1lvaro Leyva Dur\u00e1n -\",\"isPartOf\":{\"@id\":\"https:\/\/luchonoticias.com\/editor\/#website\"},\"datePublished\":\"2024-01-24T18:09:12+00:00\",\"breadcrumb\":{\"@id\":\"https:\/\/luchonoticias.com\/editor\/procuraduria-profirio-cargos-y-suspendio-provisionalmente-al-ministro-de-relaciones-exteriores-alvaro-leyva-duran\/#breadcrumb\"},\"inLanguage\":\"es\",\"potentialAction\":[{\"@type\":\"ReadAction\",\"target\":[\"https:\/\/luchonoticias.com\/editor\/procuraduria-profirio-cargos-y-suspendio-provisionalmente-al-ministro-de-relaciones-exteriores-alvaro-leyva-duran\/\"]}]},{\"@type\":\"BreadcrumbList\",\"@id\":\"https:\/\/luchonoticias.com\/editor\/procuraduria-profirio-cargos-y-suspendio-provisionalmente-al-ministro-de-relaciones-exteriores-alvaro-leyva-duran\/#breadcrumb\",\"itemListElement\":[{\"@type\":\"ListItem\",\"position\":1,\"name\":\"Portada\",\"item\":\"https:\/\/luchonoticias.com\/editor\/\"},{\"@type\":\"ListItem\",\"position\":2,\"name\":\"Procuradur\u00eda profiri\u00f3 cargos y suspendi\u00f3 provisionalmente al Ministro de Relaciones Exteriores, \u00c1lvaro Leyva Dur\u00e1n\"}]},{\"@type\":\"WebSite\",\"@id\":\"https:\/\/luchonoticias.com\/editor\/#website\",\"url\":\"https:\/\/luchonoticias.com\/editor\/\",\"name\":\"\",\"description\":\"\",\"publisher\":{\"@id\":\"https:\/\/luchonoticias.com\/editor\/#\/schema\/person\/7a7fd911f58561fd056dbac7b55af9cd\"},\"potentialAction\":[{\"@type\":\"SearchAction\",\"target\":{\"@type\":\"EntryPoint\",\"urlTemplate\":\"https:\/\/luchonoticias.com\/editor\/?s={search_term_string}\"},\"query-input\":{\"@type\":\"PropertyValueSpecification\",\"valueRequired\":true,\"valueName\":\"search_term_string\"}}],\"inLanguage\":\"es\"},{\"@type\":[\"Person\",\"Organization\"],\"@id\":\"https:\/\/luchonoticias.com\/editor\/#\/schema\/person\/7a7fd911f58561fd056dbac7b55af9cd\",\"name\":\"admin\",\"image\":{\"@type\":\"ImageObject\",\"inLanguage\":\"es\",\"@id\":\"https:\/\/luchonoticias.com\/editor\/#\/schema\/person\/image\/\",\"url\":\"https:\/\/luchonoticias.com\/editor\/wp-content\/uploads\/2024\/02\/cropped-cropped-logolu.webp\",\"contentUrl\":\"https:\/\/luchonoticias.com\/editor\/wp-content\/uploads\/2024\/02\/cropped-cropped-logolu.webp\",\"width\":382,\"height\":170,\"caption\":\"admin\"},\"logo\":{\"@id\":\"https:\/\/luchonoticias.com\/editor\/#\/schema\/person\/image\/\"},\"sameAs\":[\"https:\/\/www.facebook.com\/luchonoticiasneiva\"]},{\"@type\":\"Person\",\"@id\":\"https:\/\/luchonoticias.com\/editor\/#\/schema\/person\/29217990ddf6f14e35912b2866d591fb\",\"name\":\"Editor General\",\"image\":{\"@type\":\"ImageObject\",\"inLanguage\":\"es\",\"@id\":\"https:\/\/luchonoticias.com\/editor\/#\/schema\/person\/image\/\",\"url\":\"https:\/\/luchonoticias.com\/editor\/wp-content\/uploads\/2024\/02\/cropped-cropped-logolu-150x150.webp\",\"contentUrl\":\"https:\/\/luchonoticias.com\/editor\/wp-content\/uploads\/2024\/02\/cropped-cropped-logolu-150x150.webp\",\"caption\":\"Editor General\"},\"sameAs\":[\"https:\/\/luchonoticias.com\/\"],\"url\":\"https:\/\/luchonoticias.com\/editor\/author\/editor-general\/\"}]}<\/script>\n<!-- \/ Yoast SEO plugin. -->","yoast_head_json":{"title":"Procuradur\u00eda profiri\u00f3 cargos y suspendi\u00f3 provisionalmente al Ministro de Relaciones Exteriores, \u00c1lvaro Leyva Dur\u00e1n -","robots":{"index":"index","follow":"follow","max-snippet":"max-snippet:-1","max-image-preview":"max-image-preview:large","max-video-preview":"max-video-preview:-1"},"canonical":"https:\/\/luchonoticias.com\/editor\/procuraduria-profirio-cargos-y-suspendio-provisionalmente-al-ministro-de-relaciones-exteriores-alvaro-leyva-duran\/","og_locale":"es_ES","og_type":"article","og_title":"Procuradur\u00eda profiri\u00f3 cargos y suspendi\u00f3 provisionalmente al Ministro de Relaciones Exteriores, \u00c1lvaro Leyva Dur\u00e1n -","og_url":"https:\/\/luchonoticias.com\/editor\/procuraduria-profirio-cargos-y-suspendio-provisionalmente-al-ministro-de-relaciones-exteriores-alvaro-leyva-duran\/","article_publisher":"https:\/\/www.facebook.com\/luchonoticiasneiva","article_published_time":"2024-01-24T18:09:12+00:00","author":"Editor General","twitter_card":"summary_large_image","twitter_misc":{"Escrito por":"Editor General","Tiempo de lectura":"1 minuto"},"schema":{"@context":"https:\/\/schema.org","@graph":[{"@type":"Article","@id":"https:\/\/luchonoticias.com\/editor\/procuraduria-profirio-cargos-y-suspendio-provisionalmente-al-ministro-de-relaciones-exteriores-alvaro-leyva-duran\/#article","isPartOf":{"@id":"https:\/\/luchonoticias.com\/editor\/procuraduria-profirio-cargos-y-suspendio-provisionalmente-al-ministro-de-relaciones-exteriores-alvaro-leyva-duran\/"},"author":{"name":"Editor General","@id":"https:\/\/luchonoticias.com\/editor\/#\/schema\/person\/29217990ddf6f14e35912b2866d591fb"},"headline":"Procuradur\u00eda profiri\u00f3 cargos y suspendi\u00f3 provisionalmente al Ministro de Relaciones Exteriores, \u00c1lvaro Leyva Dur\u00e1n","datePublished":"2024-01-24T18:09:12+00:00","mainEntityOfPage":{"@id":"https:\/\/luchonoticias.com\/editor\/procuraduria-profirio-cargos-y-suspendio-provisionalmente-al-ministro-de-relaciones-exteriores-alvaro-leyva-duran\/"},"wordCount":255,"commentCount":0,"publisher":{"@id":"https:\/\/luchonoticias.com\/editor\/#\/schema\/person\/7a7fd911f58561fd056dbac7b55af9cd"},"articleSection":["Destacado","Nacional"],"inLanguage":"es","potentialAction":[{"@type":"CommentAction","name":"Comment","target":["https:\/\/luchonoticias.com\/editor\/procuraduria-profirio-cargos-y-suspendio-provisionalmente-al-ministro-de-relaciones-exteriores-alvaro-leyva-duran\/#respond"]}]},{"@type":"WebPage","@id":"https:\/\/luchonoticias.com\/editor\/procuraduria-profirio-cargos-y-suspendio-provisionalmente-al-ministro-de-relaciones-exteriores-alvaro-leyva-duran\/","url":"https:\/\/luchonoticias.com\/editor\/procuraduria-profirio-cargos-y-suspendio-provisionalmente-al-ministro-de-relaciones-exteriores-alvaro-leyva-duran\/","name":"Procuradur\u00eda profiri\u00f3 cargos y suspendi\u00f3 provisionalmente al Ministro de Relaciones Exteriores, \u00c1lvaro Leyva Dur\u00e1n -","isPartOf":{"@id":"https:\/\/luchonoticias.com\/editor\/#website"},"datePublished":"2024-01-24T18:09:12+00:00","breadcrumb":{"@id":"https:\/\/luchonoticias.com\/editor\/procuraduria-profirio-cargos-y-suspendio-provisionalmente-al-ministro-de-relaciones-exteriores-alvaro-leyva-duran\/#breadcrumb"},"inLanguage":"es","potentialAction":[{"@type":"ReadAction","target":["https:\/\/luchonoticias.com\/editor\/procuraduria-profirio-cargos-y-suspendio-provisionalmente-al-ministro-de-relaciones-exteriores-alvaro-leyva-duran\/"]}]},{"@type":"BreadcrumbList","@id":"https:\/\/luchonoticias.com\/editor\/procuraduria-profirio-cargos-y-suspendio-provisionalmente-al-ministro-de-relaciones-exteriores-alvaro-leyva-duran\/#breadcrumb","itemListElement":[{"@type":"ListItem","position":1,"name":"Portada","item":"https:\/\/luchonoticias.com\/editor\/"},{"@type":"ListItem","position":2,"name":"Procuradur\u00eda profiri\u00f3 cargos y suspendi\u00f3 provisionalmente al Ministro de Relaciones Exteriores, \u00c1lvaro Leyva Dur\u00e1n"}]},{"@type":"WebSite","@id":"https:\/\/luchonoticias.com\/editor\/#website","url":"https:\/\/luchonoticias.com\/editor\/","name":"","description":"","publisher":{"@id":"https:\/\/luchonoticias.com\/editor\/#\/schema\/person\/7a7fd911f58561fd056dbac7b55af9cd"},"potentialAction":[{"@type":"SearchAction","target":{"@type":"EntryPoint","urlTemplate":"https:\/\/luchonoticias.com\/editor\/?s={search_term_string}"},"query-input":{"@type":"PropertyValueSpecification","valueRequired":true,"valueName":"search_term_string"}}],"inLanguage":"es"},{"@type":["Person","Organization"],"@id":"https:\/\/luchonoticias.com\/editor\/#\/schema\/person\/7a7fd911f58561fd056dbac7b55af9cd","name":"admin","image":{"@type":"ImageObject","inLanguage":"es","@id":"https:\/\/luchonoticias.com\/editor\/#\/schema\/person\/image\/","url":"https:\/\/luchonoticias.com\/editor\/wp-content\/uploads\/2024\/02\/cropped-cropped-logolu.webp","contentUrl":"https:\/\/luchonoticias.com\/editor\/wp-content\/uploads\/2024\/02\/cropped-cropped-logolu.webp","width":382,"height":170,"caption":"admin"},"logo":{"@id":"https:\/\/luchonoticias.com\/editor\/#\/schema\/person\/image\/"},"sameAs":["https:\/\/www.facebook.com\/luchonoticiasneiva"]},{"@type":"Person","@id":"https:\/\/luchonoticias.com\/editor\/#\/schema\/person\/29217990ddf6f14e35912b2866d591fb","name":"Editor General","image":{"@type":"ImageObject","inLanguage":"es","@id":"https:\/\/luchonoticias.com\/editor\/#\/schema\/person\/image\/","url":"https:\/\/luchonoticias.com\/editor\/wp-content\/uploads\/2024\/02\/cropped-cropped-logolu-150x150.webp","contentUrl":"https:\/\/luchonoticias.com\/editor\/wp-content\/uploads\/2024\/02\/cropped-cropped-logolu-150x150.webp","caption":"Editor General"},"sameAs":["https:\/\/luchonoticias.com\/"],"url":"https:\/\/luchonoticias.com\/editor\/author\/editor-general\/"}]}},"_links":{"self":[{"href":"https:\/\/luchonoticias.com\/editor\/wp-json\/wp\/v2\/posts\/67485","targetHints":{"allow":["GET"]}}],"collection":[{"href":"https:\/\/luchonoticias.com\/editor\/wp-json\/wp\/v2\/posts"}],"about":[{"href":"https:\/\/luchonoticias.com\/editor\/wp-json\/wp\/v2\/types\/post"}],"author":[{"embeddable":true,"href":"https:\/\/luchonoticias.com\/editor\/wp-json\/wp\/v2\/users\/2"}],"replies":[{"embeddable":true,"href":"https:\/\/luchonoticias.com\/editor\/wp-json\/wp\/v2\/comments?post=67485"}],"version-history":[{"count":0,"href":"https:\/\/luchonoticias.com\/editor\/wp-json\/wp\/v2\/posts\/67485\/revisions"}],"wp:attachment":[{"href":"https:\/\/luchonoticias.com\/editor\/wp-json\/wp\/v2\/media?parent=67485"}],"wp:term":[{"taxonomy":"category","embeddable":true,"href":"https:\/\/luchonoticias.com\/editor\/wp-json\/wp\/v2\/categories?post=67485"},{"taxonomy":"post_tag","embeddable":true,"href":"https:\/\/luchonoticias.com\/editor\/wp-json\/wp\/v2\/tags?post=67485"}],"curies":[{"name":"wp","href":"https:\/\/api.w.org\/{rel}","templated":true}]}}