{"id":67499,"date":"2024-01-25T07:32:14","date_gmt":"2024-01-25T12:32:14","guid":{"rendered":"https:\/\/luchonoticias.com\/?p=67499"},"modified":"2024-01-25T07:32:15","modified_gmt":"2024-01-25T12:32:15","slug":"gobernador-villalba-refuerza-alianza-con-fuerza-publica-para-proteger-el-sur-del-huila","status":"publish","type":"post","link":"https:\/\/luchonoticias.com\/editor\/gobernador-villalba-refuerza-alianza-con-fuerza-publica-para-proteger-el-sur-del-huila\/","title":{"rendered":"Gobernador Villalba refuerza alianza con Fuerza P\u00fablica para proteger el sur del Huila"},"content":{"rendered":"\n<p>En el Terminal de Transporte de Pitalito se llev\u00f3 a cabo la Mesa Ampliada de Seguridad con altos mandos de la Polic\u00eda, Ej\u00e9rcito, Fiscal\u00eda, Procuradur\u00eda, Personer\u00eda, Migraci\u00f3n Colombia, adem\u00e1s de los alcaldes: Yider luna Joven , de Pitalito, como anfitri\u00f3n; Helman Ricaurte Vargas, de El\u00edas; Edgar Javier Bambagu\u00e9, de Saladoblanco; Francisco Cu\u00e9llar, de Suaza; Jos\u00e9 Alfredo Mu\u00f1oz Mu\u00f1oz, de Isnos; Edwin Andr\u00e9s C\u00e1rdenas, de Timan\u00e1; Marcos Molina, de Oporapa; la presidenta de la Asamblea Departamental del Huila, Victoria Castro y delegados de los gobiernos municipales de Acevedo y San Agust\u00edn.<\/p>\n\n\n\n<p>El espacio, que fue liderado por el gobernador Rodrigo Villalba Mosquera, \u201caqu\u00ed acudimos a escucharlos a todos, mandatarios locales y representantes de la sociedad civil, sobre seguridad. Este tema debe ser el primero en la agenda p\u00fablica departamental. As\u00ed lo vamos a contemplar en los planes de desarrollo. Cabe destacar que observamos con satisfacci\u00f3n que hay una coordinaci\u00f3n interinstitucional en todos los que tenemos responsabilidad aqu\u00ed. Hay acciones conjuntas entre Ej\u00e9rcito y Polic\u00eda en campo. Adem\u00e1s, ha participado activamente la Fiscal\u00eda General de la Naci\u00f3n y el CTI\u201d, afirm\u00f3 Villalba Mosquera.<\/p>\n\n\n\n<p>El primer mandatario de los huilenses, Rodrigo Villalba Mosquera, precis\u00f3: \u00abEl sur del Huila no est\u00e1 solo, vamos a enfrentar este problema de seguridad entre todos\u00bb .<\/p>\n\n\n\n<p>En un esfuerzo por fortalecer la presencia y capacidad de respuesta, el Ej\u00e9rcito inform\u00f3 que ha reforzado su contingente en la regi\u00f3n. En d\u00edas recientes, se anunci\u00f3 un significativo aumento de personal, pasando de 800 a 2.100 unidades, con el objetivo de abordar de manera m\u00e1s efectiva los desaf\u00edos de seguridad en el sur del Huila. El despliegue estrat\u00e9gico de estas fuerzas permitir\u00e1 una mayor cobertura y atenci\u00f3n a las necesidades espec\u00edficas de la comunidad.<\/p>\n\n\n\n<p>El primer mandatario de los huilenses tambi\u00e9n anunci\u00f3 que los recursos del Fondo de Seguridad Departamental ser\u00e1n focalizados a trav\u00e9s de la estrategia y el plan de convivencia y seguridad del Huila. \u201cLo que diga esa estrategia, hacia all\u00e1 vamos a destinar estos recursos que se requieran. Los recursos no van a ir abiertamente a cualquier petici\u00f3n, no, ser\u00e1n orientados\u201d, puntualiz\u00f3.<\/p>\n\n\n\n<p>Asimismo, la Polic\u00eda se sumar\u00e1 a estas medidas con el desplazamiento de 50 unidades hacia Pitalito, con el fin de reforzar la seguridad en esta localidad. Esta acci\u00f3n se llevar\u00e1 a cabo mientras se define y consolida la estrategia integral que guiar\u00e1 las acciones futuras en materia de seguridad.<\/p>\n\n\n\n<p>El Gobernador Villalba Mosquera subray\u00f3 la importancia de contar con la participaci\u00f3n activa del Casa Gaula, reforzando la lucha contra la extorsi\u00f3n y garantizando la seguridad ciudadana. Estas medidas conjuntas reflejan el compromiso firme de todas las fuerzas de seguridad para mantener un ambiente seguro y protegido.<\/p>\n\n\n\n<p>Igualmente, en un mensaje de solidaridad a los huilenses, el Gobernador reafirm\u00f3 que la comunidad no est\u00e1 sola y que la administraci\u00f3n estar\u00e1 de la mano con ellos para garantizar un entorno seguro y pr\u00f3spero.<\/p>\n\n\n\n<figure class=\"wp-block-gallery has-nested-images columns-default is-cropped wp-block-gallery-1 is-layout-flex wp-block-gallery-is-layout-flex\">\n<figure class=\"wp-block-image size-large\"><img decoding=\"async\" data-id=\"67502\" src=\"https:\/\/luchonoticias.com\/wp-content\/uploads\/2024\/01\/WhatsApp-Image-2024-01-24-at-11.44.04-AM-1-1024x678.jpeg\" alt=\"\" class=\"wp-image-67502\"\/><\/figure>\n\n\n\n<figure class=\"wp-block-image size-large\"><img decoding=\"async\" data-id=\"67501\" src=\"https:\/\/luchonoticias.com\/wp-content\/uploads\/2024\/01\/WhatsApp-Image-2024-01-24-at-5.46.42-PM-1-1024x678.jpeg\" alt=\"\" class=\"wp-image-67501\"\/><\/figure>\n<\/figure>\n\n\n\n<p><strong>Resultados en seguridad<\/strong><\/p>\n\n\n\n<p>&nbsp;En el marco de los esfuerzos continuos por fortalecer la seguridad en el Huila, la Gobernaci\u00f3n informa sobre casos operativos recientes que reflejan avances significativos en la lucha contra la delincuencia en la regi\u00f3n.<\/p>\n\n\n\n<p>Captura de &#8216;Castor&#8217; en Campoalegre: En una operaci\u00f3n exitosa llevada a cabo en Campoalegre, las autoridades lograron la captura de alias &#8216;Castor&#8217;, quien enfrentar\u00e1 cargos por el delito de homicidio.<\/p>\n\n\n\n<p>Este individuo, de 21 a\u00f1os, es se\u00f1alado como responsable del crimen de un joven en la capital arrocera en noviembre de 2023.<\/p>\n\n\n\n<p>Adem\u00e1s, &#8216;Castor&#8217; est\u00e1 siendo investigado por al menos otros tres homicidios ocurridos en meses anteriores y cuenta con anotaciones en el Sistema Penal Oral Acusatorio (SPOA) por homicidio y porte ilegal de armas de fuego.<\/p>\n\n\n\n<p>Captura de un sujeto con 3 armas: en la v\u00eda que del sur del departamento conduce a Neiva, espec\u00edficamente en jurisdicci\u00f3n de Gigante y sobre la ruta 45,&nbsp; fue capturado&nbsp; un individuo oriundo del Tolima portando tres armas de fuego en un bolso. Los dos rev\u00f3lveres y la pistola, junto con cartuchos de munici\u00f3n, fueron incautados, y el sujeto fue entregado a disposici\u00f3n de la Fiscal\u00eda General de la Naci\u00f3n.<\/p>\n\n\n\n<p>Adicionalmente, se realiz\u00f3 la entrega de 7 motos recuperadas en operativos realizados en Pitalito. El robo de motocicletas es una de las problem\u00e1ticas m\u00e1s destacadas en las que la comunidad ha expresado su preocupaci\u00f3n. En los \u00faltimos d\u00edas, se han recuperado un total de 44 motos en el Huila, demostrando la efectividad de las acciones operativas llevadas a cabo.<\/p>\n\n\n\n<p>Estos notables resultados en materia de seguridad ciudadana son fruto del despliegue operativo planificado por la Polic\u00eda, en l\u00ednea con la estrategia&nbsp; de la Gobernaci\u00f3n. La seguridad es una prioridad fundamental, y los esfuerzos diarios de las autoridades contribuyen a la protecci\u00f3n y bienestar de los habitantes del Huila.<\/p>\n","protected":false},"excerpt":{"rendered":"<p>En el Terminal de Transporte de Pitalito se llev\u00f3 a cabo la Mesa Ampliada de Seguridad con altos mandos de la Polic\u00eda, Ej\u00e9rcito, Fiscal\u00eda, Procuradur\u00eda, Personer\u00eda, Migraci\u00f3n Colombia, adem\u00e1s de los alcaldes: Yider luna Joven , de Pitalito, como anfitri\u00f3n; Helman Ricaurte Vargas, de El\u00edas; Edgar Javier Bambagu\u00e9, de Saladoblanco; Francisco Cu\u00e9llar, de Suaza; Jos\u00e9 [&hellip;]<\/p>\n","protected":false},"author":2,"featured_media":0,"comment_status":"open","ping_status":"open","sticky":false,"template":"","format":"standard","meta":{"footnotes":""},"categories":[36,33],"tags":[],"class_list":["post-67499","post","type-post","status-publish","format-standard","hentry","category-destacado","category-huila"],"yoast_head":"<!-- This site is optimized with the Yoast SEO plugin v26.6 - https:\/\/yoast.com\/wordpress\/plugins\/seo\/ -->\n<title>Gobernador Villalba refuerza alianza con Fuerza P\u00fablica para proteger el sur del Huila -<\/title>\n<meta name=\"robots\" content=\"index, follow, max-snippet:-1, max-image-preview:large, max-video-preview:-1\" \/>\n<link rel=\"canonical\" href=\"https:\/\/luchonoticias.com\/editor\/gobernador-villalba-refuerza-alianza-con-fuerza-publica-para-proteger-el-sur-del-huila\/\" \/>\n<meta property=\"og:locale\" content=\"es_ES\" \/>\n<meta property=\"og:type\" content=\"article\" \/>\n<meta property=\"og:title\" content=\"Gobernador Villalba refuerza alianza con Fuerza P\u00fablica para proteger el sur del Huila -\" \/>\n<meta property=\"og:url\" content=\"https:\/\/luchonoticias.com\/editor\/gobernador-villalba-refuerza-alianza-con-fuerza-publica-para-proteger-el-sur-del-huila\/\" \/>\n<meta property=\"article:publisher\" content=\"https:\/\/www.facebook.com\/luchonoticiasneiva\" \/>\n<meta property=\"article:published_time\" content=\"2024-01-25T12:32:14+00:00\" \/>\n<meta property=\"article:modified_time\" content=\"2024-01-25T12:32:15+00:00\" \/>\n<meta property=\"og:image\" content=\"https:\/\/luchonoticias.com\/wp-content\/uploads\/2024\/01\/WhatsApp-Image-2024-01-24-at-11.44.04-AM-1-1024x678.jpeg\" \/>\n<meta name=\"author\" content=\"Editor General\" \/>\n<meta name=\"twitter:card\" content=\"summary_large_image\" \/>\n<meta name=\"twitter:label1\" content=\"Escrito por\" \/>\n\t<meta name=\"twitter:data1\" content=\"Editor General\" \/>\n\t<meta name=\"twitter:label2\" content=\"Tiempo de lectura\" \/>\n\t<meta name=\"twitter:data2\" content=\"4 minutos\" \/>\n<script type=\"application\/ld+json\" class=\"yoast-schema-graph\">{\"@context\":\"https:\/\/schema.org\",\"@graph\":[{\"@type\":\"Article\",\"@id\":\"https:\/\/luchonoticias.com\/editor\/gobernador-villalba-refuerza-alianza-con-fuerza-publica-para-proteger-el-sur-del-huila\/#article\",\"isPartOf\":{\"@id\":\"https:\/\/luchonoticias.com\/editor\/gobernador-villalba-refuerza-alianza-con-fuerza-publica-para-proteger-el-sur-del-huila\/\"},\"author\":{\"name\":\"Editor General\",\"@id\":\"https:\/\/luchonoticias.com\/editor\/#\/schema\/person\/29217990ddf6f14e35912b2866d591fb\"},\"headline\":\"Gobernador Villalba refuerza alianza con Fuerza P\u00fablica para proteger el sur del Huila\",\"datePublished\":\"2024-01-25T12:32:14+00:00\",\"dateModified\":\"2024-01-25T12:32:15+00:00\",\"mainEntityOfPage\":{\"@id\":\"https:\/\/luchonoticias.com\/editor\/gobernador-villalba-refuerza-alianza-con-fuerza-publica-para-proteger-el-sur-del-huila\/\"},\"wordCount\":848,\"commentCount\":0,\"publisher\":{\"@id\":\"https:\/\/luchonoticias.com\/editor\/#\/schema\/person\/7a7fd911f58561fd056dbac7b55af9cd\"},\"image\":{\"@id\":\"https:\/\/luchonoticias.com\/editor\/gobernador-villalba-refuerza-alianza-con-fuerza-publica-para-proteger-el-sur-del-huila\/#primaryimage\"},\"thumbnailUrl\":\"https:\/\/luchonoticias.com\/wp-content\/uploads\/2024\/01\/WhatsApp-Image-2024-01-24-at-11.44.04-AM-1-1024x678.jpeg\",\"articleSection\":[\"Destacado\",\"Huila\"],\"inLanguage\":\"es\",\"potentialAction\":[{\"@type\":\"CommentAction\",\"name\":\"Comment\",\"target\":[\"https:\/\/luchonoticias.com\/editor\/gobernador-villalba-refuerza-alianza-con-fuerza-publica-para-proteger-el-sur-del-huila\/#respond\"]}]},{\"@type\":\"WebPage\",\"@id\":\"https:\/\/luchonoticias.com\/editor\/gobernador-villalba-refuerza-alianza-con-fuerza-publica-para-proteger-el-sur-del-huila\/\",\"url\":\"https:\/\/luchonoticias.com\/editor\/gobernador-villalba-refuerza-alianza-con-fuerza-publica-para-proteger-el-sur-del-huila\/\",\"name\":\"Gobernador Villalba refuerza alianza con Fuerza P\u00fablica para proteger el sur del Huila -\",\"isPartOf\":{\"@id\":\"https:\/\/luchonoticias.com\/editor\/#website\"},\"primaryImageOfPage\":{\"@id\":\"https:\/\/luchonoticias.com\/editor\/gobernador-villalba-refuerza-alianza-con-fuerza-publica-para-proteger-el-sur-del-huila\/#primaryimage\"},\"image\":{\"@id\":\"https:\/\/luchonoticias.com\/editor\/gobernador-villalba-refuerza-alianza-con-fuerza-publica-para-proteger-el-sur-del-huila\/#primaryimage\"},\"thumbnailUrl\":\"https:\/\/luchonoticias.com\/wp-content\/uploads\/2024\/01\/WhatsApp-Image-2024-01-24-at-11.44.04-AM-1-1024x678.jpeg\",\"datePublished\":\"2024-01-25T12:32:14+00:00\",\"dateModified\":\"2024-01-25T12:32:15+00:00\",\"breadcrumb\":{\"@id\":\"https:\/\/luchonoticias.com\/editor\/gobernador-villalba-refuerza-alianza-con-fuerza-publica-para-proteger-el-sur-del-huila\/#breadcrumb\"},\"inLanguage\":\"es\",\"potentialAction\":[{\"@type\":\"ReadAction\",\"target\":[\"https:\/\/luchonoticias.com\/editor\/gobernador-villalba-refuerza-alianza-con-fuerza-publica-para-proteger-el-sur-del-huila\/\"]}]},{\"@type\":\"ImageObject\",\"inLanguage\":\"es\",\"@id\":\"https:\/\/luchonoticias.com\/editor\/gobernador-villalba-refuerza-alianza-con-fuerza-publica-para-proteger-el-sur-del-huila\/#primaryimage\",\"url\":\"https:\/\/luchonoticias.com\/wp-content\/uploads\/2024\/01\/WhatsApp-Image-2024-01-24-at-11.44.04-AM-1-1024x678.jpeg\",\"contentUrl\":\"https:\/\/luchonoticias.com\/wp-content\/uploads\/2024\/01\/WhatsApp-Image-2024-01-24-at-11.44.04-AM-1-1024x678.jpeg\"},{\"@type\":\"BreadcrumbList\",\"@id\":\"https:\/\/luchonoticias.com\/editor\/gobernador-villalba-refuerza-alianza-con-fuerza-publica-para-proteger-el-sur-del-huila\/#breadcrumb\",\"itemListElement\":[{\"@type\":\"ListItem\",\"position\":1,\"name\":\"Portada\",\"item\":\"https:\/\/luchonoticias.com\/editor\/\"},{\"@type\":\"ListItem\",\"position\":2,\"name\":\"Gobernador Villalba refuerza alianza con Fuerza P\u00fablica para proteger el sur del Huila\"}]},{\"@type\":\"WebSite\",\"@id\":\"https:\/\/luchonoticias.com\/editor\/#website\",\"url\":\"https:\/\/luchonoticias.com\/editor\/\",\"name\":\"\",\"description\":\"\",\"publisher\":{\"@id\":\"https:\/\/luchonoticias.com\/editor\/#\/schema\/person\/7a7fd911f58561fd056dbac7b55af9cd\"},\"potentialAction\":[{\"@type\":\"SearchAction\",\"target\":{\"@type\":\"EntryPoint\",\"urlTemplate\":\"https:\/\/luchonoticias.com\/editor\/?s={search_term_string}\"},\"query-input\":{\"@type\":\"PropertyValueSpecification\",\"valueRequired\":true,\"valueName\":\"search_term_string\"}}],\"inLanguage\":\"es\"},{\"@type\":[\"Person\",\"Organization\"],\"@id\":\"https:\/\/luchonoticias.com\/editor\/#\/schema\/person\/7a7fd911f58561fd056dbac7b55af9cd\",\"name\":\"admin\",\"image\":{\"@type\":\"ImageObject\",\"inLanguage\":\"es\",\"@id\":\"https:\/\/luchonoticias.com\/editor\/#\/schema\/person\/image\/\",\"url\":\"https:\/\/luchonoticias.com\/editor\/wp-content\/uploads\/2024\/02\/cropped-cropped-logolu.webp\",\"contentUrl\":\"https:\/\/luchonoticias.com\/editor\/wp-content\/uploads\/2024\/02\/cropped-cropped-logolu.webp\",\"width\":382,\"height\":170,\"caption\":\"admin\"},\"logo\":{\"@id\":\"https:\/\/luchonoticias.com\/editor\/#\/schema\/person\/image\/\"},\"sameAs\":[\"https:\/\/www.facebook.com\/luchonoticiasneiva\"]},{\"@type\":\"Person\",\"@id\":\"https:\/\/luchonoticias.com\/editor\/#\/schema\/person\/29217990ddf6f14e35912b2866d591fb\",\"name\":\"Editor General\",\"image\":{\"@type\":\"ImageObject\",\"inLanguage\":\"es\",\"@id\":\"https:\/\/luchonoticias.com\/editor\/#\/schema\/person\/image\/\",\"url\":\"https:\/\/luchonoticias.com\/editor\/wp-content\/uploads\/2024\/02\/cropped-cropped-logolu-150x150.webp\",\"contentUrl\":\"https:\/\/luchonoticias.com\/editor\/wp-content\/uploads\/2024\/02\/cropped-cropped-logolu-150x150.webp\",\"caption\":\"Editor General\"},\"sameAs\":[\"https:\/\/luchonoticias.com\/\"],\"url\":\"https:\/\/luchonoticias.com\/editor\/author\/editor-general\/\"}]}<\/script>\n<!-- \/ Yoast SEO plugin. -->","yoast_head_json":{"title":"Gobernador Villalba refuerza alianza con Fuerza P\u00fablica para proteger el sur del Huila -","robots":{"index":"index","follow":"follow","max-snippet":"max-snippet:-1","max-image-preview":"max-image-preview:large","max-video-preview":"max-video-preview:-1"},"canonical":"https:\/\/luchonoticias.com\/editor\/gobernador-villalba-refuerza-alianza-con-fuerza-publica-para-proteger-el-sur-del-huila\/","og_locale":"es_ES","og_type":"article","og_title":"Gobernador Villalba refuerza alianza con Fuerza P\u00fablica para proteger el sur del Huila -","og_url":"https:\/\/luchonoticias.com\/editor\/gobernador-villalba-refuerza-alianza-con-fuerza-publica-para-proteger-el-sur-del-huila\/","article_publisher":"https:\/\/www.facebook.com\/luchonoticiasneiva","article_published_time":"2024-01-25T12:32:14+00:00","article_modified_time":"2024-01-25T12:32:15+00:00","og_image":[{"url":"https:\/\/luchonoticias.com\/wp-content\/uploads\/2024\/01\/WhatsApp-Image-2024-01-24-at-11.44.04-AM-1-1024x678.jpeg","type":"","width":"","height":""}],"author":"Editor General","twitter_card":"summary_large_image","twitter_misc":{"Escrito por":"Editor General","Tiempo de lectura":"4 minutos"},"schema":{"@context":"https:\/\/schema.org","@graph":[{"@type":"Article","@id":"https:\/\/luchonoticias.com\/editor\/gobernador-villalba-refuerza-alianza-con-fuerza-publica-para-proteger-el-sur-del-huila\/#article","isPartOf":{"@id":"https:\/\/luchonoticias.com\/editor\/gobernador-villalba-refuerza-alianza-con-fuerza-publica-para-proteger-el-sur-del-huila\/"},"author":{"name":"Editor General","@id":"https:\/\/luchonoticias.com\/editor\/#\/schema\/person\/29217990ddf6f14e35912b2866d591fb"},"headline":"Gobernador Villalba refuerza alianza con Fuerza P\u00fablica para proteger el sur del Huila","datePublished":"2024-01-25T12:32:14+00:00","dateModified":"2024-01-25T12:32:15+00:00","mainEntityOfPage":{"@id":"https:\/\/luchonoticias.com\/editor\/gobernador-villalba-refuerza-alianza-con-fuerza-publica-para-proteger-el-sur-del-huila\/"},"wordCount":848,"commentCount":0,"publisher":{"@id":"https:\/\/luchonoticias.com\/editor\/#\/schema\/person\/7a7fd911f58561fd056dbac7b55af9cd"},"image":{"@id":"https:\/\/luchonoticias.com\/editor\/gobernador-villalba-refuerza-alianza-con-fuerza-publica-para-proteger-el-sur-del-huila\/#primaryimage"},"thumbnailUrl":"https:\/\/luchonoticias.com\/wp-content\/uploads\/2024\/01\/WhatsApp-Image-2024-01-24-at-11.44.04-AM-1-1024x678.jpeg","articleSection":["Destacado","Huila"],"inLanguage":"es","potentialAction":[{"@type":"CommentAction","name":"Comment","target":["https:\/\/luchonoticias.com\/editor\/gobernador-villalba-refuerza-alianza-con-fuerza-publica-para-proteger-el-sur-del-huila\/#respond"]}]},{"@type":"WebPage","@id":"https:\/\/luchonoticias.com\/editor\/gobernador-villalba-refuerza-alianza-con-fuerza-publica-para-proteger-el-sur-del-huila\/","url":"https:\/\/luchonoticias.com\/editor\/gobernador-villalba-refuerza-alianza-con-fuerza-publica-para-proteger-el-sur-del-huila\/","name":"Gobernador Villalba refuerza alianza con Fuerza P\u00fablica para proteger el sur del Huila -","isPartOf":{"@id":"https:\/\/luchonoticias.com\/editor\/#website"},"primaryImageOfPage":{"@id":"https:\/\/luchonoticias.com\/editor\/gobernador-villalba-refuerza-alianza-con-fuerza-publica-para-proteger-el-sur-del-huila\/#primaryimage"},"image":{"@id":"https:\/\/luchonoticias.com\/editor\/gobernador-villalba-refuerza-alianza-con-fuerza-publica-para-proteger-el-sur-del-huila\/#primaryimage"},"thumbnailUrl":"https:\/\/luchonoticias.com\/wp-content\/uploads\/2024\/01\/WhatsApp-Image-2024-01-24-at-11.44.04-AM-1-1024x678.jpeg","datePublished":"2024-01-25T12:32:14+00:00","dateModified":"2024-01-25T12:32:15+00:00","breadcrumb":{"@id":"https:\/\/luchonoticias.com\/editor\/gobernador-villalba-refuerza-alianza-con-fuerza-publica-para-proteger-el-sur-del-huila\/#breadcrumb"},"inLanguage":"es","potentialAction":[{"@type":"ReadAction","target":["https:\/\/luchonoticias.com\/editor\/gobernador-villalba-refuerza-alianza-con-fuerza-publica-para-proteger-el-sur-del-huila\/"]}]},{"@type":"ImageObject","inLanguage":"es","@id":"https:\/\/luchonoticias.com\/editor\/gobernador-villalba-refuerza-alianza-con-fuerza-publica-para-proteger-el-sur-del-huila\/#primaryimage","url":"https:\/\/luchonoticias.com\/wp-content\/uploads\/2024\/01\/WhatsApp-Image-2024-01-24-at-11.44.04-AM-1-1024x678.jpeg","contentUrl":"https:\/\/luchonoticias.com\/wp-content\/uploads\/2024\/01\/WhatsApp-Image-2024-01-24-at-11.44.04-AM-1-1024x678.jpeg"},{"@type":"BreadcrumbList","@id":"https:\/\/luchonoticias.com\/editor\/gobernador-villalba-refuerza-alianza-con-fuerza-publica-para-proteger-el-sur-del-huila\/#breadcrumb","itemListElement":[{"@type":"ListItem","position":1,"name":"Portada","item":"https:\/\/luchonoticias.com\/editor\/"},{"@type":"ListItem","position":2,"name":"Gobernador Villalba refuerza alianza con Fuerza P\u00fablica para proteger el sur del Huila"}]},{"@type":"WebSite","@id":"https:\/\/luchonoticias.com\/editor\/#website","url":"https:\/\/luchonoticias.com\/editor\/","name":"","description":"","publisher":{"@id":"https:\/\/luchonoticias.com\/editor\/#\/schema\/person\/7a7fd911f58561fd056dbac7b55af9cd"},"potentialAction":[{"@type":"SearchAction","target":{"@type":"EntryPoint","urlTemplate":"https:\/\/luchonoticias.com\/editor\/?s={search_term_string}"},"query-input":{"@type":"PropertyValueSpecification","valueRequired":true,"valueName":"search_term_string"}}],"inLanguage":"es"},{"@type":["Person","Organization"],"@id":"https:\/\/luchonoticias.com\/editor\/#\/schema\/person\/7a7fd911f58561fd056dbac7b55af9cd","name":"admin","image":{"@type":"ImageObject","inLanguage":"es","@id":"https:\/\/luchonoticias.com\/editor\/#\/schema\/person\/image\/","url":"https:\/\/luchonoticias.com\/editor\/wp-content\/uploads\/2024\/02\/cropped-cropped-logolu.webp","contentUrl":"https:\/\/luchonoticias.com\/editor\/wp-content\/uploads\/2024\/02\/cropped-cropped-logolu.webp","width":382,"height":170,"caption":"admin"},"logo":{"@id":"https:\/\/luchonoticias.com\/editor\/#\/schema\/person\/image\/"},"sameAs":["https:\/\/www.facebook.com\/luchonoticiasneiva"]},{"@type":"Person","@id":"https:\/\/luchonoticias.com\/editor\/#\/schema\/person\/29217990ddf6f14e35912b2866d591fb","name":"Editor General","image":{"@type":"ImageObject","inLanguage":"es","@id":"https:\/\/luchonoticias.com\/editor\/#\/schema\/person\/image\/","url":"https:\/\/luchonoticias.com\/editor\/wp-content\/uploads\/2024\/02\/cropped-cropped-logolu-150x150.webp","contentUrl":"https:\/\/luchonoticias.com\/editor\/wp-content\/uploads\/2024\/02\/cropped-cropped-logolu-150x150.webp","caption":"Editor General"},"sameAs":["https:\/\/luchonoticias.com\/"],"url":"https:\/\/luchonoticias.com\/editor\/author\/editor-general\/"}]}},"_links":{"self":[{"href":"https:\/\/luchonoticias.com\/editor\/wp-json\/wp\/v2\/posts\/67499","targetHints":{"allow":["GET"]}}],"collection":[{"href":"https:\/\/luchonoticias.com\/editor\/wp-json\/wp\/v2\/posts"}],"about":[{"href":"https:\/\/luchonoticias.com\/editor\/wp-json\/wp\/v2\/types\/post"}],"author":[{"embeddable":true,"href":"https:\/\/luchonoticias.com\/editor\/wp-json\/wp\/v2\/users\/2"}],"replies":[{"embeddable":true,"href":"https:\/\/luchonoticias.com\/editor\/wp-json\/wp\/v2\/comments?post=67499"}],"version-history":[{"count":0,"href":"https:\/\/luchonoticias.com\/editor\/wp-json\/wp\/v2\/posts\/67499\/revisions"}],"wp:attachment":[{"href":"https:\/\/luchonoticias.com\/editor\/wp-json\/wp\/v2\/media?parent=67499"}],"wp:term":[{"taxonomy":"category","embeddable":true,"href":"https:\/\/luchonoticias.com\/editor\/wp-json\/wp\/v2\/categories?post=67499"},{"taxonomy":"post_tag","embeddable":true,"href":"https:\/\/luchonoticias.com\/editor\/wp-json\/wp\/v2\/tags?post=67499"}],"curies":[{"name":"wp","href":"https:\/\/api.w.org\/{rel}","templated":true}]}}