{"id":67549,"date":"2024-01-26T07:48:43","date_gmt":"2024-01-26T12:48:43","guid":{"rendered":"https:\/\/luchonoticias.com\/?p=67549"},"modified":"2024-01-26T07:48:44","modified_gmt":"2024-01-26T12:48:44","slug":"cam-insta-a-autoridades-a-emprender-acciones-para-enfrentar-fenomeno-de-el-nino","status":"publish","type":"post","link":"https:\/\/luchonoticias.com\/editor\/cam-insta-a-autoridades-a-emprender-acciones-para-enfrentar-fenomeno-de-el-nino\/","title":{"rendered":"CAM insta a autoridades a emprender acciones para enfrentar fen\u00f3meno de El Ni\u00f1o"},"content":{"rendered":"\n<p>Ante los impactos negativos que viene generando el Fen\u00f3meno de El Ni\u00f1o a nivel nacional y regional, la Corporaci\u00f3n Aut\u00f3noma Regional del Alto Magdalena-CAM,&nbsp; hizo un nuevo llamado al Consejo Departamental y Consejos Municipales de Gesti\u00f3n del Riesgo de Desastres, las alcald\u00eda, los Cuerpos de Bomberos, los gremios de la producci\u00f3n, instituciones educativas, las empresas operadoras de acueductos, al sector agropecuario y a la comunidad en general para emprender acciones que permitan prevenir y mitigar los efectos de este fen\u00f3meno natural.<\/p>\n\n\n\n<p>Luego de cinco meses de monitoreo y de las proyecciones de las autoridades, este evento meteorol\u00f3gico se sentir\u00e1n en el pa\u00eds, por lo menos, hasta mayo del 2024, teniendo que para los meses de enero y febrero del 2024 como los meses en los que El Ni\u00f1o tendr\u00e1 mayor impacto, por lo que se esperan temperaturas m\u00e1s altas y una reducci\u00f3n significativa en las precipitaciones.<\/p>\n\n\n\n<p>En el marco del Concejo Departamental de Gesti\u00f3n del Riesgo de Desastres llevado a cabo el 19 de enero de 2024, se instal\u00f3 la Sala Temporal para hacer seguimiento y monitoreo del Fen\u00f3meno de El Ni\u00f1o en el Huila.<\/p>\n\n\n\n<p>De acuerdo a la informaci\u00f3n remitida por la Central de Emergencias del Departamento, para la vigencia 2023 se presentaron 471 eventos de incendios de la cobertura vegetal en el Huila, afectando a 14.770 hect\u00e1reas, y en lo corrido de la vigencia 2024 se reportan 65 eventos dejando afectadas 300 hect\u00e1reas en 21 municipios; afectando, especialmente de coberturas de pastos, cultivos y rastrojos y en menor proporci\u00f3n bosques naturales, lo cual puede generar graves afectaciones a los ecosistemas.<\/p>\n\n\n\n<p>Es por ello que la Corporaci\u00f3n reitera a los municipios la importancia de contar con la Prestaci\u00f3n del Servicio P\u00fablico Especial a trav\u00e9s de los Cuerpos de Bomberos Voluntarios, y as\u00ed atender con oportunidad estos eventos, evitando mayores afectaciones a los recursos naturales y a las comunidades.<\/p>\n\n\n\n<p>Seg\u00fan el reporte por el IDEAM a trav\u00e9s del Bolet\u00edn Diario de Incendios Forestales, el departamento del Huila presenta una condici\u00f3n de alerta por la ocurrencia de incendios forestales en 28 municipios.<\/p>\n\n\n\n<p>Es as\u00ed que teniendo en cuenta las predicciones clim\u00e1ticas emitidas por el IDEAM, la Corporaci\u00f3n reitera las siguientes recomendaciones para afrontar la primera temporada seca del a\u00f1o 2024 y el Fen\u00f3meno de El Ni\u00f1o:<\/p>\n\n\n\n<p>&#8211;&nbsp;&nbsp;&nbsp;&nbsp; A los Consejos Departamental y Municipales de Gesti\u00f3n del Riesgo de Desastres, las autoridades Municipales; mantener activos los planes de Gesti\u00f3n del Riesgo y Protocolos de Respuesta, con el fin de evitar la ocurrencia y propagaci\u00f3n de incendios de la cobertura vegetal, especialmente en \u00e1reas de reserva forestal, ecosistemas estrat\u00e9gicos y del Sistema Nacional y Regional de \u00c1reas Protegidas, adem\u00e1s activar e implementar los Planes de Contingencia Municipales de Incendios Forestales \u2014PCMIF y tener activos los convenios con los cuerpos de Bomberos municipales, con el fin de contar con la disposici\u00f3n necesaria para la atenci\u00f3n oportuna de eventos de incendios de la cobertura vegetal.<\/p>\n\n\n\n<p>&#8211;&nbsp;&nbsp;&nbsp;&nbsp; A los Cuerpos de Bomberos; continuar su disposici\u00f3n en los elementos necesarios para la lucha contra incendios y la disponibilidad para atender y controlar las conflagraciones de la cobertura vegetal que se generen en el departamento.<\/p>\n\n\n\n<p>&#8211;&nbsp;&nbsp;&nbsp;&nbsp;&nbsp;&nbsp; Gremios: Especialmente los del sector agropecuario, en sus labores de preparaci\u00f3n del suelo, deben suspender la realizaci\u00f3n de todo tipo de quemas, tal y como lo establece la Resoluci\u00f3n 1545 del 14 de junio del 2023 de la Corporaci\u00f3n Aut\u00f3noma Regional del Alto Magdalena (CAM).<\/p>\n\n\n\n<p>&#8211;&nbsp;&nbsp;&nbsp;&nbsp;&nbsp;&nbsp; Comunidad educativa: En los programas de educaci\u00f3n ambiental se debe involucrar el tema de prevenci\u00f3n de los incendios forestales y sus impactos y efectos, esto con el fin de sensibilizar a la comunidad.<\/p>\n\n\n\n<p>&#8211;&nbsp;&nbsp;&nbsp;&nbsp; A las empresas operadoras de acueductos; implementar los Planes de Contingencia, realizar monitoreo permanente de las fuentes h\u00eddricas abastecedoras para evitar el desabastecimiento e identificar potenciales fuentes h\u00eddricas alternas para abastecimiento de acueductos municipales y regionales de aguas superficiales, tomando como referencia la informaci\u00f3n de los estudios que ha adelantado la CAM en el marco de la Gesti\u00f3n Integral del Recurso H\u00eddrico.<\/p>\n\n\n\n<p>&#8211;&nbsp;&nbsp;&nbsp;&nbsp; Al sector agropecuario; tener en cuenta la reducci\u00f3n en la oferta h\u00eddrica; planificar turnos de riego para que todos tengan acceso al agua; las temperaturas altas, el bajo contenido de humedad en el suelo, la realizaci\u00f3n de quemas agr\u00edcolas incrementa la ocurrencia de incendios forestales, el mantenimiento de obras de captaci\u00f3n, conducci\u00f3n y de los sistemas de riego, programar de manera responsable las \u00e1reas a sembrar,&nbsp; adoptar buenas pr\u00e1cticas productivas y el monitoreo del estado de los r\u00edos o fuentes de abastecimiento, son entre otras acciones estrat\u00e9gicas para la prevenci\u00f3n y atenci\u00f3n de la escasez y\/o disminuci\u00f3n del agua para el desarrollo de las actividades agropecuarias.&nbsp;<\/p>\n\n\n\n<p>&#8211;&nbsp;&nbsp;&nbsp;&nbsp; Al sector Energ\u00eda; Seguimiento permanente a los pron\u00f3sticos de condiciones meteorol\u00f3gicas de corto y mediano plazo por parte de las autoridades energ\u00e9ticas del pa\u00eds, monitoreo constante de los niveles de los embalses.<\/p>\n\n\n\n<p>&#8211;&nbsp;&nbsp;&nbsp;&nbsp; A la comunidad en general; No arrojar cigarrillos encendidos, f\u00f3sforos, vidrios ni combustibles para evitar incendios de cobertura vegetal; apagar las fogatas que se realizan en los paseos de olla; no disponer residuos s\u00f3lidos, escombros y\/o basuras en las calles o en terrenos privados. Hacer uso racional del agua en todas las actividades que requiera; apagar las luces cuando no sean necesarias; evitar las exposiciones muy largas al sol; Tener presente los n\u00fameros para el reportar emergencias de incendios de cobertura vegetal, en su localidad (119-113);<\/p>\n\n\n\n<p>La CAM como m\u00e1xima Autoridad Ambiental en el Huila, continuar\u00e1 realizando los monitoreos directo y permanente de fuentes abastecedoras de acueductos municipales y corrientes de alto conflicto, seguimiento y acompa\u00f1amiento a los municipios con alta incidencia en incendios forestales, actividades de sensibilizaci\u00f3n y educaci\u00f3n ambiental, as\u00ed como la expedici\u00f3n de actos administrativos que propendan por el uso sostenible de los recursos naturales y las dem\u00e1s acciones de competencia de esta Corporaci\u00f3n.<\/p>\n","protected":false},"excerpt":{"rendered":"<p>Ante los impactos negativos que viene generando el Fen\u00f3meno de El Ni\u00f1o a nivel nacional y regional, la Corporaci\u00f3n Aut\u00f3noma Regional del Alto Magdalena-CAM,&nbsp; hizo un nuevo llamado al Consejo Departamental y Consejos Municipales de Gesti\u00f3n del Riesgo de Desastres, las alcald\u00eda, los Cuerpos de Bomberos, los gremios de la producci\u00f3n, instituciones educativas, las empresas [&hellip;]<\/p>\n","protected":false},"author":2,"featured_media":0,"comment_status":"open","ping_status":"open","sticky":false,"template":"","format":"standard","meta":{"footnotes":""},"categories":[36,35],"tags":[],"class_list":["post-67549","post","type-post","status-publish","format-standard","hentry","category-destacado","category-regional"],"yoast_head":"<!-- This site is optimized with the Yoast SEO plugin v26.6 - https:\/\/yoast.com\/wordpress\/plugins\/seo\/ -->\n<title>CAM insta a autoridades a emprender acciones para enfrentar fen\u00f3meno de El Ni\u00f1o -<\/title>\n<meta name=\"robots\" content=\"index, follow, max-snippet:-1, max-image-preview:large, max-video-preview:-1\" \/>\n<link rel=\"canonical\" href=\"https:\/\/luchonoticias.com\/editor\/cam-insta-a-autoridades-a-emprender-acciones-para-enfrentar-fenomeno-de-el-nino\/\" \/>\n<meta property=\"og:locale\" content=\"es_ES\" \/>\n<meta property=\"og:type\" content=\"article\" \/>\n<meta property=\"og:title\" content=\"CAM insta a autoridades a emprender acciones para enfrentar fen\u00f3meno de El Ni\u00f1o -\" \/>\n<meta property=\"og:url\" content=\"https:\/\/luchonoticias.com\/editor\/cam-insta-a-autoridades-a-emprender-acciones-para-enfrentar-fenomeno-de-el-nino\/\" \/>\n<meta property=\"article:publisher\" content=\"https:\/\/www.facebook.com\/luchonoticiasneiva\" \/>\n<meta property=\"article:published_time\" content=\"2024-01-26T12:48:43+00:00\" \/>\n<meta property=\"article:modified_time\" content=\"2024-01-26T12:48:44+00:00\" \/>\n<meta name=\"author\" content=\"Editor General\" \/>\n<meta name=\"twitter:card\" content=\"summary_large_image\" \/>\n<meta name=\"twitter:label1\" content=\"Escrito por\" \/>\n\t<meta name=\"twitter:data1\" content=\"Editor General\" \/>\n\t<meta name=\"twitter:label2\" content=\"Tiempo de lectura\" \/>\n\t<meta name=\"twitter:data2\" content=\"5 minutos\" \/>\n<script type=\"application\/ld+json\" class=\"yoast-schema-graph\">{\"@context\":\"https:\/\/schema.org\",\"@graph\":[{\"@type\":\"Article\",\"@id\":\"https:\/\/luchonoticias.com\/editor\/cam-insta-a-autoridades-a-emprender-acciones-para-enfrentar-fenomeno-de-el-nino\/#article\",\"isPartOf\":{\"@id\":\"https:\/\/luchonoticias.com\/editor\/cam-insta-a-autoridades-a-emprender-acciones-para-enfrentar-fenomeno-de-el-nino\/\"},\"author\":{\"name\":\"Editor General\",\"@id\":\"https:\/\/luchonoticias.com\/editor\/#\/schema\/person\/29217990ddf6f14e35912b2866d591fb\"},\"headline\":\"CAM insta a autoridades a emprender acciones para enfrentar fen\u00f3meno de El Ni\u00f1o\",\"datePublished\":\"2024-01-26T12:48:43+00:00\",\"dateModified\":\"2024-01-26T12:48:44+00:00\",\"mainEntityOfPage\":{\"@id\":\"https:\/\/luchonoticias.com\/editor\/cam-insta-a-autoridades-a-emprender-acciones-para-enfrentar-fenomeno-de-el-nino\/\"},\"wordCount\":1079,\"commentCount\":0,\"publisher\":{\"@id\":\"https:\/\/luchonoticias.com\/editor\/#\/schema\/person\/7a7fd911f58561fd056dbac7b55af9cd\"},\"articleSection\":[\"Destacado\",\"Regional\"],\"inLanguage\":\"es\",\"potentialAction\":[{\"@type\":\"CommentAction\",\"name\":\"Comment\",\"target\":[\"https:\/\/luchonoticias.com\/editor\/cam-insta-a-autoridades-a-emprender-acciones-para-enfrentar-fenomeno-de-el-nino\/#respond\"]}]},{\"@type\":\"WebPage\",\"@id\":\"https:\/\/luchonoticias.com\/editor\/cam-insta-a-autoridades-a-emprender-acciones-para-enfrentar-fenomeno-de-el-nino\/\",\"url\":\"https:\/\/luchonoticias.com\/editor\/cam-insta-a-autoridades-a-emprender-acciones-para-enfrentar-fenomeno-de-el-nino\/\",\"name\":\"CAM insta a autoridades a emprender acciones para enfrentar fen\u00f3meno de El Ni\u00f1o -\",\"isPartOf\":{\"@id\":\"https:\/\/luchonoticias.com\/editor\/#website\"},\"datePublished\":\"2024-01-26T12:48:43+00:00\",\"dateModified\":\"2024-01-26T12:48:44+00:00\",\"breadcrumb\":{\"@id\":\"https:\/\/luchonoticias.com\/editor\/cam-insta-a-autoridades-a-emprender-acciones-para-enfrentar-fenomeno-de-el-nino\/#breadcrumb\"},\"inLanguage\":\"es\",\"potentialAction\":[{\"@type\":\"ReadAction\",\"target\":[\"https:\/\/luchonoticias.com\/editor\/cam-insta-a-autoridades-a-emprender-acciones-para-enfrentar-fenomeno-de-el-nino\/\"]}]},{\"@type\":\"BreadcrumbList\",\"@id\":\"https:\/\/luchonoticias.com\/editor\/cam-insta-a-autoridades-a-emprender-acciones-para-enfrentar-fenomeno-de-el-nino\/#breadcrumb\",\"itemListElement\":[{\"@type\":\"ListItem\",\"position\":1,\"name\":\"Portada\",\"item\":\"https:\/\/luchonoticias.com\/editor\/\"},{\"@type\":\"ListItem\",\"position\":2,\"name\":\"CAM insta a autoridades a emprender acciones para enfrentar fen\u00f3meno de El Ni\u00f1o\"}]},{\"@type\":\"WebSite\",\"@id\":\"https:\/\/luchonoticias.com\/editor\/#website\",\"url\":\"https:\/\/luchonoticias.com\/editor\/\",\"name\":\"\",\"description\":\"\",\"publisher\":{\"@id\":\"https:\/\/luchonoticias.com\/editor\/#\/schema\/person\/7a7fd911f58561fd056dbac7b55af9cd\"},\"potentialAction\":[{\"@type\":\"SearchAction\",\"target\":{\"@type\":\"EntryPoint\",\"urlTemplate\":\"https:\/\/luchonoticias.com\/editor\/?s={search_term_string}\"},\"query-input\":{\"@type\":\"PropertyValueSpecification\",\"valueRequired\":true,\"valueName\":\"search_term_string\"}}],\"inLanguage\":\"es\"},{\"@type\":[\"Person\",\"Organization\"],\"@id\":\"https:\/\/luchonoticias.com\/editor\/#\/schema\/person\/7a7fd911f58561fd056dbac7b55af9cd\",\"name\":\"admin\",\"image\":{\"@type\":\"ImageObject\",\"inLanguage\":\"es\",\"@id\":\"https:\/\/luchonoticias.com\/editor\/#\/schema\/person\/image\/\",\"url\":\"https:\/\/luchonoticias.com\/editor\/wp-content\/uploads\/2024\/02\/cropped-cropped-logolu.webp\",\"contentUrl\":\"https:\/\/luchonoticias.com\/editor\/wp-content\/uploads\/2024\/02\/cropped-cropped-logolu.webp\",\"width\":382,\"height\":170,\"caption\":\"admin\"},\"logo\":{\"@id\":\"https:\/\/luchonoticias.com\/editor\/#\/schema\/person\/image\/\"},\"sameAs\":[\"https:\/\/www.facebook.com\/luchonoticiasneiva\"]},{\"@type\":\"Person\",\"@id\":\"https:\/\/luchonoticias.com\/editor\/#\/schema\/person\/29217990ddf6f14e35912b2866d591fb\",\"name\":\"Editor General\",\"image\":{\"@type\":\"ImageObject\",\"inLanguage\":\"es\",\"@id\":\"https:\/\/luchonoticias.com\/editor\/#\/schema\/person\/image\/\",\"url\":\"https:\/\/luchonoticias.com\/editor\/wp-content\/uploads\/2024\/02\/cropped-cropped-logolu-150x150.webp\",\"contentUrl\":\"https:\/\/luchonoticias.com\/editor\/wp-content\/uploads\/2024\/02\/cropped-cropped-logolu-150x150.webp\",\"caption\":\"Editor General\"},\"sameAs\":[\"https:\/\/luchonoticias.com\/\"],\"url\":\"https:\/\/luchonoticias.com\/editor\/author\/editor-general\/\"}]}<\/script>\n<!-- \/ Yoast SEO plugin. -->","yoast_head_json":{"title":"CAM insta a autoridades a emprender acciones para enfrentar fen\u00f3meno de El Ni\u00f1o -","robots":{"index":"index","follow":"follow","max-snippet":"max-snippet:-1","max-image-preview":"max-image-preview:large","max-video-preview":"max-video-preview:-1"},"canonical":"https:\/\/luchonoticias.com\/editor\/cam-insta-a-autoridades-a-emprender-acciones-para-enfrentar-fenomeno-de-el-nino\/","og_locale":"es_ES","og_type":"article","og_title":"CAM insta a autoridades a emprender acciones para enfrentar fen\u00f3meno de El Ni\u00f1o -","og_url":"https:\/\/luchonoticias.com\/editor\/cam-insta-a-autoridades-a-emprender-acciones-para-enfrentar-fenomeno-de-el-nino\/","article_publisher":"https:\/\/www.facebook.com\/luchonoticiasneiva","article_published_time":"2024-01-26T12:48:43+00:00","article_modified_time":"2024-01-26T12:48:44+00:00","author":"Editor General","twitter_card":"summary_large_image","twitter_misc":{"Escrito por":"Editor General","Tiempo de lectura":"5 minutos"},"schema":{"@context":"https:\/\/schema.org","@graph":[{"@type":"Article","@id":"https:\/\/luchonoticias.com\/editor\/cam-insta-a-autoridades-a-emprender-acciones-para-enfrentar-fenomeno-de-el-nino\/#article","isPartOf":{"@id":"https:\/\/luchonoticias.com\/editor\/cam-insta-a-autoridades-a-emprender-acciones-para-enfrentar-fenomeno-de-el-nino\/"},"author":{"name":"Editor General","@id":"https:\/\/luchonoticias.com\/editor\/#\/schema\/person\/29217990ddf6f14e35912b2866d591fb"},"headline":"CAM insta a autoridades a emprender acciones para enfrentar fen\u00f3meno de El Ni\u00f1o","datePublished":"2024-01-26T12:48:43+00:00","dateModified":"2024-01-26T12:48:44+00:00","mainEntityOfPage":{"@id":"https:\/\/luchonoticias.com\/editor\/cam-insta-a-autoridades-a-emprender-acciones-para-enfrentar-fenomeno-de-el-nino\/"},"wordCount":1079,"commentCount":0,"publisher":{"@id":"https:\/\/luchonoticias.com\/editor\/#\/schema\/person\/7a7fd911f58561fd056dbac7b55af9cd"},"articleSection":["Destacado","Regional"],"inLanguage":"es","potentialAction":[{"@type":"CommentAction","name":"Comment","target":["https:\/\/luchonoticias.com\/editor\/cam-insta-a-autoridades-a-emprender-acciones-para-enfrentar-fenomeno-de-el-nino\/#respond"]}]},{"@type":"WebPage","@id":"https:\/\/luchonoticias.com\/editor\/cam-insta-a-autoridades-a-emprender-acciones-para-enfrentar-fenomeno-de-el-nino\/","url":"https:\/\/luchonoticias.com\/editor\/cam-insta-a-autoridades-a-emprender-acciones-para-enfrentar-fenomeno-de-el-nino\/","name":"CAM insta a autoridades a emprender acciones para enfrentar fen\u00f3meno de El Ni\u00f1o -","isPartOf":{"@id":"https:\/\/luchonoticias.com\/editor\/#website"},"datePublished":"2024-01-26T12:48:43+00:00","dateModified":"2024-01-26T12:48:44+00:00","breadcrumb":{"@id":"https:\/\/luchonoticias.com\/editor\/cam-insta-a-autoridades-a-emprender-acciones-para-enfrentar-fenomeno-de-el-nino\/#breadcrumb"},"inLanguage":"es","potentialAction":[{"@type":"ReadAction","target":["https:\/\/luchonoticias.com\/editor\/cam-insta-a-autoridades-a-emprender-acciones-para-enfrentar-fenomeno-de-el-nino\/"]}]},{"@type":"BreadcrumbList","@id":"https:\/\/luchonoticias.com\/editor\/cam-insta-a-autoridades-a-emprender-acciones-para-enfrentar-fenomeno-de-el-nino\/#breadcrumb","itemListElement":[{"@type":"ListItem","position":1,"name":"Portada","item":"https:\/\/luchonoticias.com\/editor\/"},{"@type":"ListItem","position":2,"name":"CAM insta a autoridades a emprender acciones para enfrentar fen\u00f3meno de El Ni\u00f1o"}]},{"@type":"WebSite","@id":"https:\/\/luchonoticias.com\/editor\/#website","url":"https:\/\/luchonoticias.com\/editor\/","name":"","description":"","publisher":{"@id":"https:\/\/luchonoticias.com\/editor\/#\/schema\/person\/7a7fd911f58561fd056dbac7b55af9cd"},"potentialAction":[{"@type":"SearchAction","target":{"@type":"EntryPoint","urlTemplate":"https:\/\/luchonoticias.com\/editor\/?s={search_term_string}"},"query-input":{"@type":"PropertyValueSpecification","valueRequired":true,"valueName":"search_term_string"}}],"inLanguage":"es"},{"@type":["Person","Organization"],"@id":"https:\/\/luchonoticias.com\/editor\/#\/schema\/person\/7a7fd911f58561fd056dbac7b55af9cd","name":"admin","image":{"@type":"ImageObject","inLanguage":"es","@id":"https:\/\/luchonoticias.com\/editor\/#\/schema\/person\/image\/","url":"https:\/\/luchonoticias.com\/editor\/wp-content\/uploads\/2024\/02\/cropped-cropped-logolu.webp","contentUrl":"https:\/\/luchonoticias.com\/editor\/wp-content\/uploads\/2024\/02\/cropped-cropped-logolu.webp","width":382,"height":170,"caption":"admin"},"logo":{"@id":"https:\/\/luchonoticias.com\/editor\/#\/schema\/person\/image\/"},"sameAs":["https:\/\/www.facebook.com\/luchonoticiasneiva"]},{"@type":"Person","@id":"https:\/\/luchonoticias.com\/editor\/#\/schema\/person\/29217990ddf6f14e35912b2866d591fb","name":"Editor General","image":{"@type":"ImageObject","inLanguage":"es","@id":"https:\/\/luchonoticias.com\/editor\/#\/schema\/person\/image\/","url":"https:\/\/luchonoticias.com\/editor\/wp-content\/uploads\/2024\/02\/cropped-cropped-logolu-150x150.webp","contentUrl":"https:\/\/luchonoticias.com\/editor\/wp-content\/uploads\/2024\/02\/cropped-cropped-logolu-150x150.webp","caption":"Editor General"},"sameAs":["https:\/\/luchonoticias.com\/"],"url":"https:\/\/luchonoticias.com\/editor\/author\/editor-general\/"}]}},"_links":{"self":[{"href":"https:\/\/luchonoticias.com\/editor\/wp-json\/wp\/v2\/posts\/67549","targetHints":{"allow":["GET"]}}],"collection":[{"href":"https:\/\/luchonoticias.com\/editor\/wp-json\/wp\/v2\/posts"}],"about":[{"href":"https:\/\/luchonoticias.com\/editor\/wp-json\/wp\/v2\/types\/post"}],"author":[{"embeddable":true,"href":"https:\/\/luchonoticias.com\/editor\/wp-json\/wp\/v2\/users\/2"}],"replies":[{"embeddable":true,"href":"https:\/\/luchonoticias.com\/editor\/wp-json\/wp\/v2\/comments?post=67549"}],"version-history":[{"count":0,"href":"https:\/\/luchonoticias.com\/editor\/wp-json\/wp\/v2\/posts\/67549\/revisions"}],"wp:attachment":[{"href":"https:\/\/luchonoticias.com\/editor\/wp-json\/wp\/v2\/media?parent=67549"}],"wp:term":[{"taxonomy":"category","embeddable":true,"href":"https:\/\/luchonoticias.com\/editor\/wp-json\/wp\/v2\/categories?post=67549"},{"taxonomy":"post_tag","embeddable":true,"href":"https:\/\/luchonoticias.com\/editor\/wp-json\/wp\/v2\/tags?post=67549"}],"curies":[{"name":"wp","href":"https:\/\/api.w.org\/{rel}","templated":true}]}}