{"id":67552,"date":"2024-01-26T07:50:33","date_gmt":"2024-01-26T12:50:33","guid":{"rendered":"https:\/\/luchonoticias.com\/?p=67552"},"modified":"2024-01-26T07:50:34","modified_gmt":"2024-01-26T12:50:34","slug":"gobernacion-del-huila-activa-sala-de-crisis-en-el-huila-para-afrontar-fenomeno-de-el-nino","status":"publish","type":"post","link":"https:\/\/luchonoticias.com\/editor\/gobernacion-del-huila-activa-sala-de-crisis-en-el-huila-para-afrontar-fenomeno-de-el-nino\/","title":{"rendered":"Gobernaci\u00f3n del Huila activa sala de crisis en el Huila para afrontar fen\u00f3meno de &#8216;El Ni\u00f1o&#8217;"},"content":{"rendered":"\n<p>La Gobernaci\u00f3n del Huila realiz\u00f3 este jueves 25 de enero de 2024 la activaci\u00f3n de la Sala de Crisis desde la cual se coordinar\u00e1n todas las operaciones para mitigar las consecuencias de la temporada seca y garantizar acciones de respuesta inmediata para atender las emergencias acontecidas en los \u00faltimos d\u00edas por el Fen\u00f3meno de \u201cEl Ni\u00f1o\u201d.<\/p>\n\n\n\n<p>\u201cHoy convocamos y realizamos una reuni\u00f3n de manera virtual con todos los alcaldes del departamento para atender la emergencia del Fen\u00f3meno del Ni\u00f1o, especialmente en dos temas: incendios forestales y desabastecimiento de agua. En el Huila se han presentado m\u00e1s de 60 eventos en lo que va corrido de este mes. Tambi\u00e9n fueron reportados los eventos de emergencias e instamos a estar atentos. Deben tener los alcaldes al d\u00eda los convenios con el cuerpo de bomberos, tener los instrumentos y herramientas de trabajo necesarios para una eventualidad\u201d, subray\u00f3 Rodrigo Villalba Mosquera, gobernante regional.<\/p>\n\n\n\n<p>El mandatario indic\u00f3 adem\u00e1s que ha dado unas directrices a los alcaldes de los diferentes municipios para afrontar la temporada seca, \u201chemos llamado la atenci\u00f3n, aspiramos a que el sistema opere. Hay que estar pendientes a estos eventos, tenemos que estar atentos\u201d, puntualiz\u00f3.<\/p>\n\n\n\n<p>A la fecha el Huila cuenta con un total de 1296 socorristas para la atenci\u00f3n de emergencias, 950 bomberos, 120 voluntarios de la Defensa Civil, 150 voluntarios de la Cruz Roja y 76 Grupos Especiales con miembros de ej\u00e9rcito y polic\u00eda.<\/p>\n\n\n\n<p>Asimismo, se cuenta con 6 carrotanques para suministro de agua potable, 1 veh\u00edculo para incendios forestales, 53 m\u00e1quinas bomberiles y 21 unidades de intervenci\u00f3n r\u00e1pidas.<\/p>\n\n\n\n<p>Por otra parte, desde el IDEAM se ha generado una alerta roja para 22 municipios del Huila, a los cuales se les prestar\u00e1 atenci\u00f3n con detenimiento: Agrado, Aipe, Algeciras, Altamira, Baraya, Campoalegre, Colombia, Garz\u00f3n, Gigante, Guadalupe, Hobo, Neiva, Paicol, Palermo, Pital, Rivera, Saladoblanco, Tarqui, Tello, Teruel, Villavieja y Yaguar\u00e1.<\/p>\n","protected":false},"excerpt":{"rendered":"<p>La Gobernaci\u00f3n del Huila realiz\u00f3 este jueves 25 de enero de 2024 la activaci\u00f3n de la Sala de Crisis desde la cual se coordinar\u00e1n todas las operaciones para mitigar las consecuencias de la temporada seca y garantizar acciones de respuesta inmediata para atender las emergencias acontecidas en los \u00faltimos d\u00edas por el Fen\u00f3meno de \u201cEl [&hellip;]<\/p>\n","protected":false},"author":2,"featured_media":0,"comment_status":"open","ping_status":"open","sticky":false,"template":"","format":"standard","meta":{"footnotes":""},"categories":[36,33],"tags":[],"class_list":["post-67552","post","type-post","status-publish","format-standard","hentry","category-destacado","category-huila"],"yoast_head":"<!-- This site is optimized with the Yoast SEO plugin v26.6 - https:\/\/yoast.com\/wordpress\/plugins\/seo\/ -->\n<title>Gobernaci\u00f3n del Huila activa sala de crisis en el Huila para afrontar fen\u00f3meno de &#039;El Ni\u00f1o&#039; -<\/title>\n<meta name=\"robots\" content=\"index, follow, max-snippet:-1, max-image-preview:large, max-video-preview:-1\" \/>\n<link rel=\"canonical\" href=\"https:\/\/luchonoticias.com\/editor\/gobernacion-del-huila-activa-sala-de-crisis-en-el-huila-para-afrontar-fenomeno-de-el-nino\/\" \/>\n<meta property=\"og:locale\" content=\"es_ES\" \/>\n<meta property=\"og:type\" content=\"article\" \/>\n<meta property=\"og:title\" content=\"Gobernaci\u00f3n del Huila activa sala de crisis en el Huila para afrontar fen\u00f3meno de &#039;El Ni\u00f1o&#039; -\" \/>\n<meta property=\"og:url\" content=\"https:\/\/luchonoticias.com\/editor\/gobernacion-del-huila-activa-sala-de-crisis-en-el-huila-para-afrontar-fenomeno-de-el-nino\/\" \/>\n<meta property=\"article:publisher\" content=\"https:\/\/www.facebook.com\/luchonoticiasneiva\" \/>\n<meta property=\"article:published_time\" content=\"2024-01-26T12:50:33+00:00\" \/>\n<meta property=\"article:modified_time\" content=\"2024-01-26T12:50:34+00:00\" \/>\n<meta name=\"author\" content=\"Editor General\" \/>\n<meta name=\"twitter:card\" content=\"summary_large_image\" \/>\n<meta name=\"twitter:label1\" content=\"Escrito por\" \/>\n\t<meta name=\"twitter:data1\" content=\"Editor General\" \/>\n\t<meta name=\"twitter:label2\" content=\"Tiempo de lectura\" \/>\n\t<meta name=\"twitter:data2\" content=\"2 minutos\" \/>\n<script type=\"application\/ld+json\" class=\"yoast-schema-graph\">{\"@context\":\"https:\/\/schema.org\",\"@graph\":[{\"@type\":\"Article\",\"@id\":\"https:\/\/luchonoticias.com\/editor\/gobernacion-del-huila-activa-sala-de-crisis-en-el-huila-para-afrontar-fenomeno-de-el-nino\/#article\",\"isPartOf\":{\"@id\":\"https:\/\/luchonoticias.com\/editor\/gobernacion-del-huila-activa-sala-de-crisis-en-el-huila-para-afrontar-fenomeno-de-el-nino\/\"},\"author\":{\"name\":\"Editor General\",\"@id\":\"https:\/\/luchonoticias.com\/editor\/#\/schema\/person\/29217990ddf6f14e35912b2866d591fb\"},\"headline\":\"Gobernaci\u00f3n del Huila activa sala de crisis en el Huila para afrontar fen\u00f3meno de &#8216;El Ni\u00f1o&#8217;\",\"datePublished\":\"2024-01-26T12:50:33+00:00\",\"dateModified\":\"2024-01-26T12:50:34+00:00\",\"mainEntityOfPage\":{\"@id\":\"https:\/\/luchonoticias.com\/editor\/gobernacion-del-huila-activa-sala-de-crisis-en-el-huila-para-afrontar-fenomeno-de-el-nino\/\"},\"wordCount\":336,\"commentCount\":0,\"publisher\":{\"@id\":\"https:\/\/luchonoticias.com\/editor\/#\/schema\/person\/7a7fd911f58561fd056dbac7b55af9cd\"},\"articleSection\":[\"Destacado\",\"Huila\"],\"inLanguage\":\"es\",\"potentialAction\":[{\"@type\":\"CommentAction\",\"name\":\"Comment\",\"target\":[\"https:\/\/luchonoticias.com\/editor\/gobernacion-del-huila-activa-sala-de-crisis-en-el-huila-para-afrontar-fenomeno-de-el-nino\/#respond\"]}]},{\"@type\":\"WebPage\",\"@id\":\"https:\/\/luchonoticias.com\/editor\/gobernacion-del-huila-activa-sala-de-crisis-en-el-huila-para-afrontar-fenomeno-de-el-nino\/\",\"url\":\"https:\/\/luchonoticias.com\/editor\/gobernacion-del-huila-activa-sala-de-crisis-en-el-huila-para-afrontar-fenomeno-de-el-nino\/\",\"name\":\"Gobernaci\u00f3n del Huila activa sala de crisis en el Huila para afrontar fen\u00f3meno de 'El Ni\u00f1o' -\",\"isPartOf\":{\"@id\":\"https:\/\/luchonoticias.com\/editor\/#website\"},\"datePublished\":\"2024-01-26T12:50:33+00:00\",\"dateModified\":\"2024-01-26T12:50:34+00:00\",\"breadcrumb\":{\"@id\":\"https:\/\/luchonoticias.com\/editor\/gobernacion-del-huila-activa-sala-de-crisis-en-el-huila-para-afrontar-fenomeno-de-el-nino\/#breadcrumb\"},\"inLanguage\":\"es\",\"potentialAction\":[{\"@type\":\"ReadAction\",\"target\":[\"https:\/\/luchonoticias.com\/editor\/gobernacion-del-huila-activa-sala-de-crisis-en-el-huila-para-afrontar-fenomeno-de-el-nino\/\"]}]},{\"@type\":\"BreadcrumbList\",\"@id\":\"https:\/\/luchonoticias.com\/editor\/gobernacion-del-huila-activa-sala-de-crisis-en-el-huila-para-afrontar-fenomeno-de-el-nino\/#breadcrumb\",\"itemListElement\":[{\"@type\":\"ListItem\",\"position\":1,\"name\":\"Portada\",\"item\":\"https:\/\/luchonoticias.com\/editor\/\"},{\"@type\":\"ListItem\",\"position\":2,\"name\":\"Gobernaci\u00f3n del Huila activa sala de crisis en el Huila para afrontar fen\u00f3meno de &#8216;El Ni\u00f1o&#8217;\"}]},{\"@type\":\"WebSite\",\"@id\":\"https:\/\/luchonoticias.com\/editor\/#website\",\"url\":\"https:\/\/luchonoticias.com\/editor\/\",\"name\":\"\",\"description\":\"\",\"publisher\":{\"@id\":\"https:\/\/luchonoticias.com\/editor\/#\/schema\/person\/7a7fd911f58561fd056dbac7b55af9cd\"},\"potentialAction\":[{\"@type\":\"SearchAction\",\"target\":{\"@type\":\"EntryPoint\",\"urlTemplate\":\"https:\/\/luchonoticias.com\/editor\/?s={search_term_string}\"},\"query-input\":{\"@type\":\"PropertyValueSpecification\",\"valueRequired\":true,\"valueName\":\"search_term_string\"}}],\"inLanguage\":\"es\"},{\"@type\":[\"Person\",\"Organization\"],\"@id\":\"https:\/\/luchonoticias.com\/editor\/#\/schema\/person\/7a7fd911f58561fd056dbac7b55af9cd\",\"name\":\"admin\",\"image\":{\"@type\":\"ImageObject\",\"inLanguage\":\"es\",\"@id\":\"https:\/\/luchonoticias.com\/editor\/#\/schema\/person\/image\/\",\"url\":\"https:\/\/luchonoticias.com\/editor\/wp-content\/uploads\/2024\/02\/cropped-cropped-logolu.webp\",\"contentUrl\":\"https:\/\/luchonoticias.com\/editor\/wp-content\/uploads\/2024\/02\/cropped-cropped-logolu.webp\",\"width\":382,\"height\":170,\"caption\":\"admin\"},\"logo\":{\"@id\":\"https:\/\/luchonoticias.com\/editor\/#\/schema\/person\/image\/\"},\"sameAs\":[\"https:\/\/www.facebook.com\/luchonoticiasneiva\"]},{\"@type\":\"Person\",\"@id\":\"https:\/\/luchonoticias.com\/editor\/#\/schema\/person\/29217990ddf6f14e35912b2866d591fb\",\"name\":\"Editor General\",\"image\":{\"@type\":\"ImageObject\",\"inLanguage\":\"es\",\"@id\":\"https:\/\/luchonoticias.com\/editor\/#\/schema\/person\/image\/\",\"url\":\"https:\/\/luchonoticias.com\/editor\/wp-content\/uploads\/2024\/02\/cropped-cropped-logolu-150x150.webp\",\"contentUrl\":\"https:\/\/luchonoticias.com\/editor\/wp-content\/uploads\/2024\/02\/cropped-cropped-logolu-150x150.webp\",\"caption\":\"Editor General\"},\"sameAs\":[\"https:\/\/luchonoticias.com\/\"],\"url\":\"https:\/\/luchonoticias.com\/editor\/author\/editor-general\/\"}]}<\/script>\n<!-- \/ Yoast SEO plugin. -->","yoast_head_json":{"title":"Gobernaci\u00f3n del Huila activa sala de crisis en el Huila para afrontar fen\u00f3meno de 'El Ni\u00f1o' -","robots":{"index":"index","follow":"follow","max-snippet":"max-snippet:-1","max-image-preview":"max-image-preview:large","max-video-preview":"max-video-preview:-1"},"canonical":"https:\/\/luchonoticias.com\/editor\/gobernacion-del-huila-activa-sala-de-crisis-en-el-huila-para-afrontar-fenomeno-de-el-nino\/","og_locale":"es_ES","og_type":"article","og_title":"Gobernaci\u00f3n del Huila activa sala de crisis en el Huila para afrontar fen\u00f3meno de 'El Ni\u00f1o' -","og_url":"https:\/\/luchonoticias.com\/editor\/gobernacion-del-huila-activa-sala-de-crisis-en-el-huila-para-afrontar-fenomeno-de-el-nino\/","article_publisher":"https:\/\/www.facebook.com\/luchonoticiasneiva","article_published_time":"2024-01-26T12:50:33+00:00","article_modified_time":"2024-01-26T12:50:34+00:00","author":"Editor General","twitter_card":"summary_large_image","twitter_misc":{"Escrito por":"Editor General","Tiempo de lectura":"2 minutos"},"schema":{"@context":"https:\/\/schema.org","@graph":[{"@type":"Article","@id":"https:\/\/luchonoticias.com\/editor\/gobernacion-del-huila-activa-sala-de-crisis-en-el-huila-para-afrontar-fenomeno-de-el-nino\/#article","isPartOf":{"@id":"https:\/\/luchonoticias.com\/editor\/gobernacion-del-huila-activa-sala-de-crisis-en-el-huila-para-afrontar-fenomeno-de-el-nino\/"},"author":{"name":"Editor General","@id":"https:\/\/luchonoticias.com\/editor\/#\/schema\/person\/29217990ddf6f14e35912b2866d591fb"},"headline":"Gobernaci\u00f3n del Huila activa sala de crisis en el Huila para afrontar fen\u00f3meno de &#8216;El Ni\u00f1o&#8217;","datePublished":"2024-01-26T12:50:33+00:00","dateModified":"2024-01-26T12:50:34+00:00","mainEntityOfPage":{"@id":"https:\/\/luchonoticias.com\/editor\/gobernacion-del-huila-activa-sala-de-crisis-en-el-huila-para-afrontar-fenomeno-de-el-nino\/"},"wordCount":336,"commentCount":0,"publisher":{"@id":"https:\/\/luchonoticias.com\/editor\/#\/schema\/person\/7a7fd911f58561fd056dbac7b55af9cd"},"articleSection":["Destacado","Huila"],"inLanguage":"es","potentialAction":[{"@type":"CommentAction","name":"Comment","target":["https:\/\/luchonoticias.com\/editor\/gobernacion-del-huila-activa-sala-de-crisis-en-el-huila-para-afrontar-fenomeno-de-el-nino\/#respond"]}]},{"@type":"WebPage","@id":"https:\/\/luchonoticias.com\/editor\/gobernacion-del-huila-activa-sala-de-crisis-en-el-huila-para-afrontar-fenomeno-de-el-nino\/","url":"https:\/\/luchonoticias.com\/editor\/gobernacion-del-huila-activa-sala-de-crisis-en-el-huila-para-afrontar-fenomeno-de-el-nino\/","name":"Gobernaci\u00f3n del Huila activa sala de crisis en el Huila para afrontar fen\u00f3meno de 'El Ni\u00f1o' -","isPartOf":{"@id":"https:\/\/luchonoticias.com\/editor\/#website"},"datePublished":"2024-01-26T12:50:33+00:00","dateModified":"2024-01-26T12:50:34+00:00","breadcrumb":{"@id":"https:\/\/luchonoticias.com\/editor\/gobernacion-del-huila-activa-sala-de-crisis-en-el-huila-para-afrontar-fenomeno-de-el-nino\/#breadcrumb"},"inLanguage":"es","potentialAction":[{"@type":"ReadAction","target":["https:\/\/luchonoticias.com\/editor\/gobernacion-del-huila-activa-sala-de-crisis-en-el-huila-para-afrontar-fenomeno-de-el-nino\/"]}]},{"@type":"BreadcrumbList","@id":"https:\/\/luchonoticias.com\/editor\/gobernacion-del-huila-activa-sala-de-crisis-en-el-huila-para-afrontar-fenomeno-de-el-nino\/#breadcrumb","itemListElement":[{"@type":"ListItem","position":1,"name":"Portada","item":"https:\/\/luchonoticias.com\/editor\/"},{"@type":"ListItem","position":2,"name":"Gobernaci\u00f3n del Huila activa sala de crisis en el Huila para afrontar fen\u00f3meno de &#8216;El Ni\u00f1o&#8217;"}]},{"@type":"WebSite","@id":"https:\/\/luchonoticias.com\/editor\/#website","url":"https:\/\/luchonoticias.com\/editor\/","name":"","description":"","publisher":{"@id":"https:\/\/luchonoticias.com\/editor\/#\/schema\/person\/7a7fd911f58561fd056dbac7b55af9cd"},"potentialAction":[{"@type":"SearchAction","target":{"@type":"EntryPoint","urlTemplate":"https:\/\/luchonoticias.com\/editor\/?s={search_term_string}"},"query-input":{"@type":"PropertyValueSpecification","valueRequired":true,"valueName":"search_term_string"}}],"inLanguage":"es"},{"@type":["Person","Organization"],"@id":"https:\/\/luchonoticias.com\/editor\/#\/schema\/person\/7a7fd911f58561fd056dbac7b55af9cd","name":"admin","image":{"@type":"ImageObject","inLanguage":"es","@id":"https:\/\/luchonoticias.com\/editor\/#\/schema\/person\/image\/","url":"https:\/\/luchonoticias.com\/editor\/wp-content\/uploads\/2024\/02\/cropped-cropped-logolu.webp","contentUrl":"https:\/\/luchonoticias.com\/editor\/wp-content\/uploads\/2024\/02\/cropped-cropped-logolu.webp","width":382,"height":170,"caption":"admin"},"logo":{"@id":"https:\/\/luchonoticias.com\/editor\/#\/schema\/person\/image\/"},"sameAs":["https:\/\/www.facebook.com\/luchonoticiasneiva"]},{"@type":"Person","@id":"https:\/\/luchonoticias.com\/editor\/#\/schema\/person\/29217990ddf6f14e35912b2866d591fb","name":"Editor General","image":{"@type":"ImageObject","inLanguage":"es","@id":"https:\/\/luchonoticias.com\/editor\/#\/schema\/person\/image\/","url":"https:\/\/luchonoticias.com\/editor\/wp-content\/uploads\/2024\/02\/cropped-cropped-logolu-150x150.webp","contentUrl":"https:\/\/luchonoticias.com\/editor\/wp-content\/uploads\/2024\/02\/cropped-cropped-logolu-150x150.webp","caption":"Editor General"},"sameAs":["https:\/\/luchonoticias.com\/"],"url":"https:\/\/luchonoticias.com\/editor\/author\/editor-general\/"}]}},"_links":{"self":[{"href":"https:\/\/luchonoticias.com\/editor\/wp-json\/wp\/v2\/posts\/67552","targetHints":{"allow":["GET"]}}],"collection":[{"href":"https:\/\/luchonoticias.com\/editor\/wp-json\/wp\/v2\/posts"}],"about":[{"href":"https:\/\/luchonoticias.com\/editor\/wp-json\/wp\/v2\/types\/post"}],"author":[{"embeddable":true,"href":"https:\/\/luchonoticias.com\/editor\/wp-json\/wp\/v2\/users\/2"}],"replies":[{"embeddable":true,"href":"https:\/\/luchonoticias.com\/editor\/wp-json\/wp\/v2\/comments?post=67552"}],"version-history":[{"count":0,"href":"https:\/\/luchonoticias.com\/editor\/wp-json\/wp\/v2\/posts\/67552\/revisions"}],"wp:attachment":[{"href":"https:\/\/luchonoticias.com\/editor\/wp-json\/wp\/v2\/media?parent=67552"}],"wp:term":[{"taxonomy":"category","embeddable":true,"href":"https:\/\/luchonoticias.com\/editor\/wp-json\/wp\/v2\/categories?post=67552"},{"taxonomy":"post_tag","embeddable":true,"href":"https:\/\/luchonoticias.com\/editor\/wp-json\/wp\/v2\/tags?post=67552"}],"curies":[{"name":"wp","href":"https:\/\/api.w.org\/{rel}","templated":true}]}}