{"id":67555,"date":"2024-01-26T07:53:26","date_gmt":"2024-01-26T12:53:26","guid":{"rendered":"https:\/\/luchonoticias.com\/?p=67555"},"modified":"2024-01-26T07:53:27","modified_gmt":"2024-01-26T12:53:27","slug":"policia-ambiental-de-neiva-logro-la-recuperacion-de-un-mono-aullador","status":"publish","type":"post","link":"https:\/\/luchonoticias.com\/editor\/policia-ambiental-de-neiva-logro-la-recuperacion-de-un-mono-aullador\/","title":{"rendered":"Polic\u00eda Ambiental de Neiva logr\u00f3 la recuperaci\u00f3n de un mono aullador"},"content":{"rendered":"\n<p>As\u00ed las cosas, una ciudadana, mediante la utilizaci\u00f3n de la l\u00ednea de emergencia 123, manifest\u00f3 del hallazgo una especie silvestre sobre la v\u00eda nacional, una vez conocido el hecho, uniformados de Polic\u00eda Ambiental y Recursos Naturales, llegan hasta el barrio Calixto de la comuna 7 y logran la aprehensi\u00f3n de un \u00abmono aullador\u00bb.<\/p>\n\n\n\n<p>El mono perteneciente a una especie amenazada por el tr\u00e1fico ilegal de especies, fue aprehendido y puesto a disposici\u00f3n de la CAM, donde posteriormente de una revisi\u00f3n m\u00e9dica que muestre el estado del animal, ser\u00e1 devuelto a su h\u00e1bitat natural.<\/p>\n\n\n\n<p>El Coronel Alexander Castillo Mar\u00edn, comandante de la Polic\u00eda Metropolitana de Neiva, invita a la ciudadan\u00eda a respetar la flora y la fauna, en caso de coincidir con estas, por favor comunicarse con Polic\u00eda Ambiental, denuncie cualquier situaci\u00f3n que las afecte a la l\u00ednea de emergencia 123 o con la patrulla del cuadrante m\u00e1s cercano.<\/p>\n","protected":false},"excerpt":{"rendered":"<p>As\u00ed las cosas, una ciudadana, mediante la utilizaci\u00f3n de la l\u00ednea de emergencia 123, manifest\u00f3 del hallazgo una especie silvestre sobre la v\u00eda nacional, una vez conocido el hecho, uniformados de Polic\u00eda Ambiental y Recursos Naturales, llegan hasta el barrio Calixto de la comuna 7 y logran la aprehensi\u00f3n de un \u00abmono aullador\u00bb. El mono [&hellip;]<\/p>\n","protected":false},"author":2,"featured_media":0,"comment_status":"open","ping_status":"open","sticky":false,"template":"","format":"standard","meta":{"footnotes":""},"categories":[36,31],"tags":[],"class_list":["post-67555","post","type-post","status-publish","format-standard","hentry","category-destacado","category-local"],"yoast_head":"<!-- This site is optimized with the Yoast SEO plugin v26.6 - https:\/\/yoast.com\/wordpress\/plugins\/seo\/ -->\n<title>Polic\u00eda Ambiental de Neiva logr\u00f3 la recuperaci\u00f3n de un mono aullador -<\/title>\n<meta name=\"robots\" content=\"index, follow, max-snippet:-1, max-image-preview:large, max-video-preview:-1\" \/>\n<link rel=\"canonical\" href=\"https:\/\/luchonoticias.com\/editor\/policia-ambiental-de-neiva-logro-la-recuperacion-de-un-mono-aullador\/\" \/>\n<meta property=\"og:locale\" content=\"es_ES\" \/>\n<meta property=\"og:type\" content=\"article\" \/>\n<meta property=\"og:title\" content=\"Polic\u00eda Ambiental de Neiva logr\u00f3 la recuperaci\u00f3n de un mono aullador -\" \/>\n<meta property=\"og:url\" content=\"https:\/\/luchonoticias.com\/editor\/policia-ambiental-de-neiva-logro-la-recuperacion-de-un-mono-aullador\/\" \/>\n<meta property=\"article:publisher\" content=\"https:\/\/www.facebook.com\/luchonoticiasneiva\" \/>\n<meta property=\"article:published_time\" content=\"2024-01-26T12:53:26+00:00\" \/>\n<meta property=\"article:modified_time\" content=\"2024-01-26T12:53:27+00:00\" \/>\n<meta name=\"author\" content=\"Editor General\" \/>\n<meta name=\"twitter:card\" content=\"summary_large_image\" \/>\n<meta name=\"twitter:label1\" content=\"Escrito por\" \/>\n\t<meta name=\"twitter:data1\" content=\"Editor General\" \/>\n\t<meta name=\"twitter:label2\" content=\"Tiempo de lectura\" \/>\n\t<meta name=\"twitter:data2\" content=\"1 minuto\" \/>\n<script type=\"application\/ld+json\" class=\"yoast-schema-graph\">{\"@context\":\"https:\/\/schema.org\",\"@graph\":[{\"@type\":\"Article\",\"@id\":\"https:\/\/luchonoticias.com\/editor\/policia-ambiental-de-neiva-logro-la-recuperacion-de-un-mono-aullador\/#article\",\"isPartOf\":{\"@id\":\"https:\/\/luchonoticias.com\/editor\/policia-ambiental-de-neiva-logro-la-recuperacion-de-un-mono-aullador\/\"},\"author\":{\"name\":\"Editor General\",\"@id\":\"https:\/\/luchonoticias.com\/editor\/#\/schema\/person\/29217990ddf6f14e35912b2866d591fb\"},\"headline\":\"Polic\u00eda Ambiental de Neiva logr\u00f3 la recuperaci\u00f3n de un mono aullador\",\"datePublished\":\"2024-01-26T12:53:26+00:00\",\"dateModified\":\"2024-01-26T12:53:27+00:00\",\"mainEntityOfPage\":{\"@id\":\"https:\/\/luchonoticias.com\/editor\/policia-ambiental-de-neiva-logro-la-recuperacion-de-un-mono-aullador\/\"},\"wordCount\":175,\"commentCount\":0,\"publisher\":{\"@id\":\"https:\/\/luchonoticias.com\/editor\/#\/schema\/person\/7a7fd911f58561fd056dbac7b55af9cd\"},\"articleSection\":[\"Destacado\",\"Local\"],\"inLanguage\":\"es\",\"potentialAction\":[{\"@type\":\"CommentAction\",\"name\":\"Comment\",\"target\":[\"https:\/\/luchonoticias.com\/editor\/policia-ambiental-de-neiva-logro-la-recuperacion-de-un-mono-aullador\/#respond\"]}]},{\"@type\":\"WebPage\",\"@id\":\"https:\/\/luchonoticias.com\/editor\/policia-ambiental-de-neiva-logro-la-recuperacion-de-un-mono-aullador\/\",\"url\":\"https:\/\/luchonoticias.com\/editor\/policia-ambiental-de-neiva-logro-la-recuperacion-de-un-mono-aullador\/\",\"name\":\"Polic\u00eda Ambiental de Neiva logr\u00f3 la recuperaci\u00f3n de un mono aullador -\",\"isPartOf\":{\"@id\":\"https:\/\/luchonoticias.com\/editor\/#website\"},\"datePublished\":\"2024-01-26T12:53:26+00:00\",\"dateModified\":\"2024-01-26T12:53:27+00:00\",\"breadcrumb\":{\"@id\":\"https:\/\/luchonoticias.com\/editor\/policia-ambiental-de-neiva-logro-la-recuperacion-de-un-mono-aullador\/#breadcrumb\"},\"inLanguage\":\"es\",\"potentialAction\":[{\"@type\":\"ReadAction\",\"target\":[\"https:\/\/luchonoticias.com\/editor\/policia-ambiental-de-neiva-logro-la-recuperacion-de-un-mono-aullador\/\"]}]},{\"@type\":\"BreadcrumbList\",\"@id\":\"https:\/\/luchonoticias.com\/editor\/policia-ambiental-de-neiva-logro-la-recuperacion-de-un-mono-aullador\/#breadcrumb\",\"itemListElement\":[{\"@type\":\"ListItem\",\"position\":1,\"name\":\"Portada\",\"item\":\"https:\/\/luchonoticias.com\/editor\/\"},{\"@type\":\"ListItem\",\"position\":2,\"name\":\"Polic\u00eda Ambiental de Neiva logr\u00f3 la recuperaci\u00f3n de un mono aullador\"}]},{\"@type\":\"WebSite\",\"@id\":\"https:\/\/luchonoticias.com\/editor\/#website\",\"url\":\"https:\/\/luchonoticias.com\/editor\/\",\"name\":\"\",\"description\":\"\",\"publisher\":{\"@id\":\"https:\/\/luchonoticias.com\/editor\/#\/schema\/person\/7a7fd911f58561fd056dbac7b55af9cd\"},\"potentialAction\":[{\"@type\":\"SearchAction\",\"target\":{\"@type\":\"EntryPoint\",\"urlTemplate\":\"https:\/\/luchonoticias.com\/editor\/?s={search_term_string}\"},\"query-input\":{\"@type\":\"PropertyValueSpecification\",\"valueRequired\":true,\"valueName\":\"search_term_string\"}}],\"inLanguage\":\"es\"},{\"@type\":[\"Person\",\"Organization\"],\"@id\":\"https:\/\/luchonoticias.com\/editor\/#\/schema\/person\/7a7fd911f58561fd056dbac7b55af9cd\",\"name\":\"admin\",\"image\":{\"@type\":\"ImageObject\",\"inLanguage\":\"es\",\"@id\":\"https:\/\/luchonoticias.com\/editor\/#\/schema\/person\/image\/\",\"url\":\"https:\/\/luchonoticias.com\/editor\/wp-content\/uploads\/2024\/02\/cropped-cropped-logolu.webp\",\"contentUrl\":\"https:\/\/luchonoticias.com\/editor\/wp-content\/uploads\/2024\/02\/cropped-cropped-logolu.webp\",\"width\":382,\"height\":170,\"caption\":\"admin\"},\"logo\":{\"@id\":\"https:\/\/luchonoticias.com\/editor\/#\/schema\/person\/image\/\"},\"sameAs\":[\"https:\/\/www.facebook.com\/luchonoticiasneiva\"]},{\"@type\":\"Person\",\"@id\":\"https:\/\/luchonoticias.com\/editor\/#\/schema\/person\/29217990ddf6f14e35912b2866d591fb\",\"name\":\"Editor General\",\"image\":{\"@type\":\"ImageObject\",\"inLanguage\":\"es\",\"@id\":\"https:\/\/luchonoticias.com\/editor\/#\/schema\/person\/image\/\",\"url\":\"https:\/\/luchonoticias.com\/editor\/wp-content\/uploads\/2024\/02\/cropped-cropped-logolu-150x150.webp\",\"contentUrl\":\"https:\/\/luchonoticias.com\/editor\/wp-content\/uploads\/2024\/02\/cropped-cropped-logolu-150x150.webp\",\"caption\":\"Editor General\"},\"sameAs\":[\"https:\/\/luchonoticias.com\/\"],\"url\":\"https:\/\/luchonoticias.com\/editor\/author\/editor-general\/\"}]}<\/script>\n<!-- \/ Yoast SEO plugin. -->","yoast_head_json":{"title":"Polic\u00eda Ambiental de Neiva logr\u00f3 la recuperaci\u00f3n de un mono aullador -","robots":{"index":"index","follow":"follow","max-snippet":"max-snippet:-1","max-image-preview":"max-image-preview:large","max-video-preview":"max-video-preview:-1"},"canonical":"https:\/\/luchonoticias.com\/editor\/policia-ambiental-de-neiva-logro-la-recuperacion-de-un-mono-aullador\/","og_locale":"es_ES","og_type":"article","og_title":"Polic\u00eda Ambiental de Neiva logr\u00f3 la recuperaci\u00f3n de un mono aullador -","og_url":"https:\/\/luchonoticias.com\/editor\/policia-ambiental-de-neiva-logro-la-recuperacion-de-un-mono-aullador\/","article_publisher":"https:\/\/www.facebook.com\/luchonoticiasneiva","article_published_time":"2024-01-26T12:53:26+00:00","article_modified_time":"2024-01-26T12:53:27+00:00","author":"Editor General","twitter_card":"summary_large_image","twitter_misc":{"Escrito por":"Editor General","Tiempo de lectura":"1 minuto"},"schema":{"@context":"https:\/\/schema.org","@graph":[{"@type":"Article","@id":"https:\/\/luchonoticias.com\/editor\/policia-ambiental-de-neiva-logro-la-recuperacion-de-un-mono-aullador\/#article","isPartOf":{"@id":"https:\/\/luchonoticias.com\/editor\/policia-ambiental-de-neiva-logro-la-recuperacion-de-un-mono-aullador\/"},"author":{"name":"Editor General","@id":"https:\/\/luchonoticias.com\/editor\/#\/schema\/person\/29217990ddf6f14e35912b2866d591fb"},"headline":"Polic\u00eda Ambiental de Neiva logr\u00f3 la recuperaci\u00f3n de un mono aullador","datePublished":"2024-01-26T12:53:26+00:00","dateModified":"2024-01-26T12:53:27+00:00","mainEntityOfPage":{"@id":"https:\/\/luchonoticias.com\/editor\/policia-ambiental-de-neiva-logro-la-recuperacion-de-un-mono-aullador\/"},"wordCount":175,"commentCount":0,"publisher":{"@id":"https:\/\/luchonoticias.com\/editor\/#\/schema\/person\/7a7fd911f58561fd056dbac7b55af9cd"},"articleSection":["Destacado","Local"],"inLanguage":"es","potentialAction":[{"@type":"CommentAction","name":"Comment","target":["https:\/\/luchonoticias.com\/editor\/policia-ambiental-de-neiva-logro-la-recuperacion-de-un-mono-aullador\/#respond"]}]},{"@type":"WebPage","@id":"https:\/\/luchonoticias.com\/editor\/policia-ambiental-de-neiva-logro-la-recuperacion-de-un-mono-aullador\/","url":"https:\/\/luchonoticias.com\/editor\/policia-ambiental-de-neiva-logro-la-recuperacion-de-un-mono-aullador\/","name":"Polic\u00eda Ambiental de Neiva logr\u00f3 la recuperaci\u00f3n de un mono aullador -","isPartOf":{"@id":"https:\/\/luchonoticias.com\/editor\/#website"},"datePublished":"2024-01-26T12:53:26+00:00","dateModified":"2024-01-26T12:53:27+00:00","breadcrumb":{"@id":"https:\/\/luchonoticias.com\/editor\/policia-ambiental-de-neiva-logro-la-recuperacion-de-un-mono-aullador\/#breadcrumb"},"inLanguage":"es","potentialAction":[{"@type":"ReadAction","target":["https:\/\/luchonoticias.com\/editor\/policia-ambiental-de-neiva-logro-la-recuperacion-de-un-mono-aullador\/"]}]},{"@type":"BreadcrumbList","@id":"https:\/\/luchonoticias.com\/editor\/policia-ambiental-de-neiva-logro-la-recuperacion-de-un-mono-aullador\/#breadcrumb","itemListElement":[{"@type":"ListItem","position":1,"name":"Portada","item":"https:\/\/luchonoticias.com\/editor\/"},{"@type":"ListItem","position":2,"name":"Polic\u00eda Ambiental de Neiva logr\u00f3 la recuperaci\u00f3n de un mono aullador"}]},{"@type":"WebSite","@id":"https:\/\/luchonoticias.com\/editor\/#website","url":"https:\/\/luchonoticias.com\/editor\/","name":"","description":"","publisher":{"@id":"https:\/\/luchonoticias.com\/editor\/#\/schema\/person\/7a7fd911f58561fd056dbac7b55af9cd"},"potentialAction":[{"@type":"SearchAction","target":{"@type":"EntryPoint","urlTemplate":"https:\/\/luchonoticias.com\/editor\/?s={search_term_string}"},"query-input":{"@type":"PropertyValueSpecification","valueRequired":true,"valueName":"search_term_string"}}],"inLanguage":"es"},{"@type":["Person","Organization"],"@id":"https:\/\/luchonoticias.com\/editor\/#\/schema\/person\/7a7fd911f58561fd056dbac7b55af9cd","name":"admin","image":{"@type":"ImageObject","inLanguage":"es","@id":"https:\/\/luchonoticias.com\/editor\/#\/schema\/person\/image\/","url":"https:\/\/luchonoticias.com\/editor\/wp-content\/uploads\/2024\/02\/cropped-cropped-logolu.webp","contentUrl":"https:\/\/luchonoticias.com\/editor\/wp-content\/uploads\/2024\/02\/cropped-cropped-logolu.webp","width":382,"height":170,"caption":"admin"},"logo":{"@id":"https:\/\/luchonoticias.com\/editor\/#\/schema\/person\/image\/"},"sameAs":["https:\/\/www.facebook.com\/luchonoticiasneiva"]},{"@type":"Person","@id":"https:\/\/luchonoticias.com\/editor\/#\/schema\/person\/29217990ddf6f14e35912b2866d591fb","name":"Editor General","image":{"@type":"ImageObject","inLanguage":"es","@id":"https:\/\/luchonoticias.com\/editor\/#\/schema\/person\/image\/","url":"https:\/\/luchonoticias.com\/editor\/wp-content\/uploads\/2024\/02\/cropped-cropped-logolu-150x150.webp","contentUrl":"https:\/\/luchonoticias.com\/editor\/wp-content\/uploads\/2024\/02\/cropped-cropped-logolu-150x150.webp","caption":"Editor General"},"sameAs":["https:\/\/luchonoticias.com\/"],"url":"https:\/\/luchonoticias.com\/editor\/author\/editor-general\/"}]}},"_links":{"self":[{"href":"https:\/\/luchonoticias.com\/editor\/wp-json\/wp\/v2\/posts\/67555","targetHints":{"allow":["GET"]}}],"collection":[{"href":"https:\/\/luchonoticias.com\/editor\/wp-json\/wp\/v2\/posts"}],"about":[{"href":"https:\/\/luchonoticias.com\/editor\/wp-json\/wp\/v2\/types\/post"}],"author":[{"embeddable":true,"href":"https:\/\/luchonoticias.com\/editor\/wp-json\/wp\/v2\/users\/2"}],"replies":[{"embeddable":true,"href":"https:\/\/luchonoticias.com\/editor\/wp-json\/wp\/v2\/comments?post=67555"}],"version-history":[{"count":0,"href":"https:\/\/luchonoticias.com\/editor\/wp-json\/wp\/v2\/posts\/67555\/revisions"}],"wp:attachment":[{"href":"https:\/\/luchonoticias.com\/editor\/wp-json\/wp\/v2\/media?parent=67555"}],"wp:term":[{"taxonomy":"category","embeddable":true,"href":"https:\/\/luchonoticias.com\/editor\/wp-json\/wp\/v2\/categories?post=67555"},{"taxonomy":"post_tag","embeddable":true,"href":"https:\/\/luchonoticias.com\/editor\/wp-json\/wp\/v2\/tags?post=67555"}],"curies":[{"name":"wp","href":"https:\/\/api.w.org\/{rel}","templated":true}]}}