{"id":67561,"date":"2024-01-26T08:02:48","date_gmt":"2024-01-26T13:02:48","guid":{"rendered":"https:\/\/luchonoticias.com\/?p=67561"},"modified":"2024-01-26T08:02:49","modified_gmt":"2024-01-26T13:02:49","slug":"si-hay-un-puerto-en-lopez-de-micay-podemos-llegar-a-la-china-afirmo-el-presidente-petro","status":"publish","type":"post","link":"https:\/\/luchonoticias.com\/editor\/si-hay-un-puerto-en-lopez-de-micay-podemos-llegar-a-la-china-afirmo-el-presidente-petro\/","title":{"rendered":"\u2018Si hay un puerto en L\u00f3pez de Micay podemos llegar a la China\u2019, afirm\u00f3 el presidente Petro"},"content":{"rendered":"\n<p>\u201cSi hay 16 metros (de aguas profundas) hay un puerto, y si hay un puerto podemos llegar a la China, as\u00ed de simple, y a la China le va a interesar que no le lleven coca\u00edna, sino que le lleven camarones\u201d.<\/p>\n\n\n\n<p>As\u00ed lo afirm\u00f3 el presidente Gustavo Petro Urrego durante el cuarto d\u00eda de la jornada de Gobierno con el Pueblo Litoral Pac\u00edfico, que se realiz\u00f3 este jueves en el municipio de L\u00f3pez de Micay (Cauca).<\/p>\n\n\n\n<p>Debido al potencial de la regi\u00f3n, tambi\u00e9n se refiri\u00f3 a la conveniencia de la construcci\u00f3n de una hidroel\u00e9ctrica, una universidad y una carretera que comunique al Litoral con el Cauca andino.<\/p>\n\n\n\n<p>El lugar indicado por el mandatario est\u00e1 ubicado en la desembocadura del r\u00edo San Juan de Micay al Pac\u00edfico que, seg\u00fan informaci\u00f3n preliminar, tiene aguas profundas de 16 metros, lo que re\u00fane las condiciones para construir un puerto que le permita al pa\u00eds poner la mirada en un mercado de 3.000 millones de personas.<\/p>\n\n\n\n<p>\u201cSin cruzar una sola monta\u00f1a, simplemente navegando, tenemos un pa\u00eds (la China) de 1.400 millones de personas. Tendremos las posibilidades de una serie de mercados muy grandes, porque habitan m\u00e1s o menos 3.000 millones de personas alrededor del Oc\u00e9ano Pac\u00edfico\u201d, manifest\u00f3.&nbsp;<\/p>\n\n\n\n<p>Respecto al proyecto de una hidroel\u00e9ctrica en L\u00f3pez de Micay el jefe de Estado indic\u00f3 que esta ser\u00eda la soluci\u00f3n al problema de falta de energ\u00eda en la regi\u00f3n y abrir\u00e1 la posibilidad de impulsar los mercados del pa\u00eds hac\u00eda el Pac\u00edfico.<\/p>\n\n\n\n<p>\u201cLa idea de la hidroel\u00e9ctrica de L\u00f3pez de Micay es que se haga. Esa no la veremos nosotros, pero comenzar\u00e1. Tienen que implementarla, porque es lo que le da la seguridad energ\u00e9tica. Igual que hay una seguridad alimentaria, hay una seguridad energ\u00e9tica al territorio\u201d, sostuvo.<\/p>\n\n\n\n<p><strong>Una carretera al mar<\/strong><\/p>\n\n\n\n<p>El jefe de Estado tambi\u00e9n se refiri\u00f3 a la construcci\u00f3n de una carretera de 40 kil\u00f3metros que comunique el litoral pac\u00edfico caucano con el Cauca andino y en tal sentido le imparti\u00f3 instrucciones al ministro de Transporte, William Camargo.<\/p>\n\n\n\n<p>\u201cLa carretera, compa\u00f1ero Ministro (de Transporte), que no s\u00e9 bien exactamente la ruta, pero la carretera del mundo andino al mar tiene que ser un hecho \u2014son 40 kil\u00f3metros\u2014, tiene que ser un hecho. Ponga prioridad la carretera con taludes, etc\u00e9tera, con las medidas ambientales que hay que tomar, porque estamos en la zona m\u00e1s biodiversa sin hacer el mayor da\u00f1o posible a la naturaleza\u201d, recalc\u00f3.<\/p>\n\n\n\n<p>Y agreg\u00f3: \u201cpero c\u00f3mo no va a tener derecho el Litoral Pac\u00edfico caucano de juntarse con sus andes caucanos, c\u00f3mo no va a ser posible que crucen los pueblos de un lado al otro de una manera relativamente digna y r\u00e1pida, c\u00f3mo no va a ser posible que lo que s\u00ed se puede hacer en Nari\u00f1o y en el Valle del Cauca, incluso hasta en el Choc\u00f3, no se pueda hacer en el Cauca\u201d.<\/p>\n\n\n\n<p>El presidente puntualiz\u00f3 que el Ca\u00f1\u00f3n del Micay \u201ctiene que volverse el gran jalonador del desarrollo del Cauca, en cacao, en caf\u00e9, en camar\u00f3n, en madera, en lo que podamos desarrollar\u201d.<\/p>\n\n\n\n<p>Finalmente, pidi\u00f3 que la Universidad del Cauca extienda su saber y su conocimiento a los pueblos del Litoral.<\/p>\n\n\n\n<p>\u201cAqu\u00ed tiene que crearse, los payaneses son muy orgullosos de su Universidad, pues aqu\u00ed tiene que haber un fil\u00f3n de la universidad desde la monta\u00f1a y el p\u00e1ramo hasta el mar. Esa universidad se recrear\u00eda si lo pudi\u00e9ramos hacer desde Argelia hasta Puerto Garc\u00eda; las sedes de la universidad de la poblaci\u00f3n del Micay a lo largo del litoral caucano\u201d, se\u00f1al\u00f3.<\/p>\n","protected":false},"excerpt":{"rendered":"<p>\u201cSi hay 16 metros (de aguas profundas) hay un puerto, y si hay un puerto podemos llegar a la China, as\u00ed de simple, y a la China le va a interesar que no le lleven coca\u00edna, sino que le lleven camarones\u201d. As\u00ed lo afirm\u00f3 el presidente Gustavo Petro Urrego durante el cuarto d\u00eda de la [&hellip;]<\/p>\n","protected":false},"author":2,"featured_media":0,"comment_status":"open","ping_status":"open","sticky":false,"template":"","format":"standard","meta":{"footnotes":""},"categories":[28,36],"tags":[],"class_list":["post-67561","post","type-post","status-publish","format-standard","hentry","category-actualidad","category-destacado"],"yoast_head":"<!-- This site is optimized with the Yoast SEO plugin v26.6 - https:\/\/yoast.com\/wordpress\/plugins\/seo\/ -->\n<title>\u2018Si hay un puerto en L\u00f3pez de Micay podemos llegar a la China\u2019, afirm\u00f3 el presidente Petro -<\/title>\n<meta name=\"robots\" content=\"index, follow, max-snippet:-1, max-image-preview:large, max-video-preview:-1\" \/>\n<link rel=\"canonical\" href=\"https:\/\/luchonoticias.com\/editor\/si-hay-un-puerto-en-lopez-de-micay-podemos-llegar-a-la-china-afirmo-el-presidente-petro\/\" \/>\n<meta property=\"og:locale\" content=\"es_ES\" \/>\n<meta property=\"og:type\" content=\"article\" \/>\n<meta property=\"og:title\" content=\"\u2018Si hay un puerto en L\u00f3pez de Micay podemos llegar a la China\u2019, afirm\u00f3 el presidente Petro -\" \/>\n<meta property=\"og:url\" content=\"https:\/\/luchonoticias.com\/editor\/si-hay-un-puerto-en-lopez-de-micay-podemos-llegar-a-la-china-afirmo-el-presidente-petro\/\" \/>\n<meta property=\"article:publisher\" content=\"https:\/\/www.facebook.com\/luchonoticiasneiva\" \/>\n<meta property=\"article:published_time\" content=\"2024-01-26T13:02:48+00:00\" \/>\n<meta property=\"article:modified_time\" content=\"2024-01-26T13:02:49+00:00\" \/>\n<meta name=\"author\" content=\"Editor General\" \/>\n<meta name=\"twitter:card\" content=\"summary_large_image\" \/>\n<meta name=\"twitter:label1\" content=\"Escrito por\" \/>\n\t<meta name=\"twitter:data1\" content=\"Editor General\" \/>\n\t<meta name=\"twitter:label2\" content=\"Tiempo de lectura\" \/>\n\t<meta name=\"twitter:data2\" content=\"3 minutos\" \/>\n<script type=\"application\/ld+json\" class=\"yoast-schema-graph\">{\"@context\":\"https:\/\/schema.org\",\"@graph\":[{\"@type\":\"Article\",\"@id\":\"https:\/\/luchonoticias.com\/editor\/si-hay-un-puerto-en-lopez-de-micay-podemos-llegar-a-la-china-afirmo-el-presidente-petro\/#article\",\"isPartOf\":{\"@id\":\"https:\/\/luchonoticias.com\/editor\/si-hay-un-puerto-en-lopez-de-micay-podemos-llegar-a-la-china-afirmo-el-presidente-petro\/\"},\"author\":{\"name\":\"Editor General\",\"@id\":\"https:\/\/luchonoticias.com\/editor\/#\/schema\/person\/29217990ddf6f14e35912b2866d591fb\"},\"headline\":\"\u2018Si hay un puerto en L\u00f3pez de Micay podemos llegar a la China\u2019, afirm\u00f3 el presidente Petro\",\"datePublished\":\"2024-01-26T13:02:48+00:00\",\"dateModified\":\"2024-01-26T13:02:49+00:00\",\"mainEntityOfPage\":{\"@id\":\"https:\/\/luchonoticias.com\/editor\/si-hay-un-puerto-en-lopez-de-micay-podemos-llegar-a-la-china-afirmo-el-presidente-petro\/\"},\"wordCount\":651,\"commentCount\":0,\"publisher\":{\"@id\":\"https:\/\/luchonoticias.com\/editor\/#\/schema\/person\/7a7fd911f58561fd056dbac7b55af9cd\"},\"articleSection\":[\"Actualidad\",\"Destacado\"],\"inLanguage\":\"es\",\"potentialAction\":[{\"@type\":\"CommentAction\",\"name\":\"Comment\",\"target\":[\"https:\/\/luchonoticias.com\/editor\/si-hay-un-puerto-en-lopez-de-micay-podemos-llegar-a-la-china-afirmo-el-presidente-petro\/#respond\"]}]},{\"@type\":\"WebPage\",\"@id\":\"https:\/\/luchonoticias.com\/editor\/si-hay-un-puerto-en-lopez-de-micay-podemos-llegar-a-la-china-afirmo-el-presidente-petro\/\",\"url\":\"https:\/\/luchonoticias.com\/editor\/si-hay-un-puerto-en-lopez-de-micay-podemos-llegar-a-la-china-afirmo-el-presidente-petro\/\",\"name\":\"\u2018Si hay un puerto en L\u00f3pez de Micay podemos llegar a la China\u2019, afirm\u00f3 el presidente Petro -\",\"isPartOf\":{\"@id\":\"https:\/\/luchonoticias.com\/editor\/#website\"},\"datePublished\":\"2024-01-26T13:02:48+00:00\",\"dateModified\":\"2024-01-26T13:02:49+00:00\",\"breadcrumb\":{\"@id\":\"https:\/\/luchonoticias.com\/editor\/si-hay-un-puerto-en-lopez-de-micay-podemos-llegar-a-la-china-afirmo-el-presidente-petro\/#breadcrumb\"},\"inLanguage\":\"es\",\"potentialAction\":[{\"@type\":\"ReadAction\",\"target\":[\"https:\/\/luchonoticias.com\/editor\/si-hay-un-puerto-en-lopez-de-micay-podemos-llegar-a-la-china-afirmo-el-presidente-petro\/\"]}]},{\"@type\":\"BreadcrumbList\",\"@id\":\"https:\/\/luchonoticias.com\/editor\/si-hay-un-puerto-en-lopez-de-micay-podemos-llegar-a-la-china-afirmo-el-presidente-petro\/#breadcrumb\",\"itemListElement\":[{\"@type\":\"ListItem\",\"position\":1,\"name\":\"Portada\",\"item\":\"https:\/\/luchonoticias.com\/editor\/\"},{\"@type\":\"ListItem\",\"position\":2,\"name\":\"\u2018Si hay un puerto en L\u00f3pez de Micay podemos llegar a la China\u2019, afirm\u00f3 el presidente Petro\"}]},{\"@type\":\"WebSite\",\"@id\":\"https:\/\/luchonoticias.com\/editor\/#website\",\"url\":\"https:\/\/luchonoticias.com\/editor\/\",\"name\":\"\",\"description\":\"\",\"publisher\":{\"@id\":\"https:\/\/luchonoticias.com\/editor\/#\/schema\/person\/7a7fd911f58561fd056dbac7b55af9cd\"},\"potentialAction\":[{\"@type\":\"SearchAction\",\"target\":{\"@type\":\"EntryPoint\",\"urlTemplate\":\"https:\/\/luchonoticias.com\/editor\/?s={search_term_string}\"},\"query-input\":{\"@type\":\"PropertyValueSpecification\",\"valueRequired\":true,\"valueName\":\"search_term_string\"}}],\"inLanguage\":\"es\"},{\"@type\":[\"Person\",\"Organization\"],\"@id\":\"https:\/\/luchonoticias.com\/editor\/#\/schema\/person\/7a7fd911f58561fd056dbac7b55af9cd\",\"name\":\"admin\",\"image\":{\"@type\":\"ImageObject\",\"inLanguage\":\"es\",\"@id\":\"https:\/\/luchonoticias.com\/editor\/#\/schema\/person\/image\/\",\"url\":\"https:\/\/luchonoticias.com\/editor\/wp-content\/uploads\/2024\/02\/cropped-cropped-logolu.webp\",\"contentUrl\":\"https:\/\/luchonoticias.com\/editor\/wp-content\/uploads\/2024\/02\/cropped-cropped-logolu.webp\",\"width\":382,\"height\":170,\"caption\":\"admin\"},\"logo\":{\"@id\":\"https:\/\/luchonoticias.com\/editor\/#\/schema\/person\/image\/\"},\"sameAs\":[\"https:\/\/www.facebook.com\/luchonoticiasneiva\"]},{\"@type\":\"Person\",\"@id\":\"https:\/\/luchonoticias.com\/editor\/#\/schema\/person\/29217990ddf6f14e35912b2866d591fb\",\"name\":\"Editor General\",\"image\":{\"@type\":\"ImageObject\",\"inLanguage\":\"es\",\"@id\":\"https:\/\/luchonoticias.com\/editor\/#\/schema\/person\/image\/\",\"url\":\"https:\/\/luchonoticias.com\/editor\/wp-content\/uploads\/2024\/02\/cropped-cropped-logolu-150x150.webp\",\"contentUrl\":\"https:\/\/luchonoticias.com\/editor\/wp-content\/uploads\/2024\/02\/cropped-cropped-logolu-150x150.webp\",\"caption\":\"Editor General\"},\"sameAs\":[\"https:\/\/luchonoticias.com\/\"],\"url\":\"https:\/\/luchonoticias.com\/editor\/author\/editor-general\/\"}]}<\/script>\n<!-- \/ Yoast SEO plugin. -->","yoast_head_json":{"title":"\u2018Si hay un puerto en L\u00f3pez de Micay podemos llegar a la China\u2019, afirm\u00f3 el presidente Petro -","robots":{"index":"index","follow":"follow","max-snippet":"max-snippet:-1","max-image-preview":"max-image-preview:large","max-video-preview":"max-video-preview:-1"},"canonical":"https:\/\/luchonoticias.com\/editor\/si-hay-un-puerto-en-lopez-de-micay-podemos-llegar-a-la-china-afirmo-el-presidente-petro\/","og_locale":"es_ES","og_type":"article","og_title":"\u2018Si hay un puerto en L\u00f3pez de Micay podemos llegar a la China\u2019, afirm\u00f3 el presidente Petro -","og_url":"https:\/\/luchonoticias.com\/editor\/si-hay-un-puerto-en-lopez-de-micay-podemos-llegar-a-la-china-afirmo-el-presidente-petro\/","article_publisher":"https:\/\/www.facebook.com\/luchonoticiasneiva","article_published_time":"2024-01-26T13:02:48+00:00","article_modified_time":"2024-01-26T13:02:49+00:00","author":"Editor General","twitter_card":"summary_large_image","twitter_misc":{"Escrito por":"Editor General","Tiempo de lectura":"3 minutos"},"schema":{"@context":"https:\/\/schema.org","@graph":[{"@type":"Article","@id":"https:\/\/luchonoticias.com\/editor\/si-hay-un-puerto-en-lopez-de-micay-podemos-llegar-a-la-china-afirmo-el-presidente-petro\/#article","isPartOf":{"@id":"https:\/\/luchonoticias.com\/editor\/si-hay-un-puerto-en-lopez-de-micay-podemos-llegar-a-la-china-afirmo-el-presidente-petro\/"},"author":{"name":"Editor General","@id":"https:\/\/luchonoticias.com\/editor\/#\/schema\/person\/29217990ddf6f14e35912b2866d591fb"},"headline":"\u2018Si hay un puerto en L\u00f3pez de Micay podemos llegar a la China\u2019, afirm\u00f3 el presidente Petro","datePublished":"2024-01-26T13:02:48+00:00","dateModified":"2024-01-26T13:02:49+00:00","mainEntityOfPage":{"@id":"https:\/\/luchonoticias.com\/editor\/si-hay-un-puerto-en-lopez-de-micay-podemos-llegar-a-la-china-afirmo-el-presidente-petro\/"},"wordCount":651,"commentCount":0,"publisher":{"@id":"https:\/\/luchonoticias.com\/editor\/#\/schema\/person\/7a7fd911f58561fd056dbac7b55af9cd"},"articleSection":["Actualidad","Destacado"],"inLanguage":"es","potentialAction":[{"@type":"CommentAction","name":"Comment","target":["https:\/\/luchonoticias.com\/editor\/si-hay-un-puerto-en-lopez-de-micay-podemos-llegar-a-la-china-afirmo-el-presidente-petro\/#respond"]}]},{"@type":"WebPage","@id":"https:\/\/luchonoticias.com\/editor\/si-hay-un-puerto-en-lopez-de-micay-podemos-llegar-a-la-china-afirmo-el-presidente-petro\/","url":"https:\/\/luchonoticias.com\/editor\/si-hay-un-puerto-en-lopez-de-micay-podemos-llegar-a-la-china-afirmo-el-presidente-petro\/","name":"\u2018Si hay un puerto en L\u00f3pez de Micay podemos llegar a la China\u2019, afirm\u00f3 el presidente Petro -","isPartOf":{"@id":"https:\/\/luchonoticias.com\/editor\/#website"},"datePublished":"2024-01-26T13:02:48+00:00","dateModified":"2024-01-26T13:02:49+00:00","breadcrumb":{"@id":"https:\/\/luchonoticias.com\/editor\/si-hay-un-puerto-en-lopez-de-micay-podemos-llegar-a-la-china-afirmo-el-presidente-petro\/#breadcrumb"},"inLanguage":"es","potentialAction":[{"@type":"ReadAction","target":["https:\/\/luchonoticias.com\/editor\/si-hay-un-puerto-en-lopez-de-micay-podemos-llegar-a-la-china-afirmo-el-presidente-petro\/"]}]},{"@type":"BreadcrumbList","@id":"https:\/\/luchonoticias.com\/editor\/si-hay-un-puerto-en-lopez-de-micay-podemos-llegar-a-la-china-afirmo-el-presidente-petro\/#breadcrumb","itemListElement":[{"@type":"ListItem","position":1,"name":"Portada","item":"https:\/\/luchonoticias.com\/editor\/"},{"@type":"ListItem","position":2,"name":"\u2018Si hay un puerto en L\u00f3pez de Micay podemos llegar a la China\u2019, afirm\u00f3 el presidente Petro"}]},{"@type":"WebSite","@id":"https:\/\/luchonoticias.com\/editor\/#website","url":"https:\/\/luchonoticias.com\/editor\/","name":"","description":"","publisher":{"@id":"https:\/\/luchonoticias.com\/editor\/#\/schema\/person\/7a7fd911f58561fd056dbac7b55af9cd"},"potentialAction":[{"@type":"SearchAction","target":{"@type":"EntryPoint","urlTemplate":"https:\/\/luchonoticias.com\/editor\/?s={search_term_string}"},"query-input":{"@type":"PropertyValueSpecification","valueRequired":true,"valueName":"search_term_string"}}],"inLanguage":"es"},{"@type":["Person","Organization"],"@id":"https:\/\/luchonoticias.com\/editor\/#\/schema\/person\/7a7fd911f58561fd056dbac7b55af9cd","name":"admin","image":{"@type":"ImageObject","inLanguage":"es","@id":"https:\/\/luchonoticias.com\/editor\/#\/schema\/person\/image\/","url":"https:\/\/luchonoticias.com\/editor\/wp-content\/uploads\/2024\/02\/cropped-cropped-logolu.webp","contentUrl":"https:\/\/luchonoticias.com\/editor\/wp-content\/uploads\/2024\/02\/cropped-cropped-logolu.webp","width":382,"height":170,"caption":"admin"},"logo":{"@id":"https:\/\/luchonoticias.com\/editor\/#\/schema\/person\/image\/"},"sameAs":["https:\/\/www.facebook.com\/luchonoticiasneiva"]},{"@type":"Person","@id":"https:\/\/luchonoticias.com\/editor\/#\/schema\/person\/29217990ddf6f14e35912b2866d591fb","name":"Editor General","image":{"@type":"ImageObject","inLanguage":"es","@id":"https:\/\/luchonoticias.com\/editor\/#\/schema\/person\/image\/","url":"https:\/\/luchonoticias.com\/editor\/wp-content\/uploads\/2024\/02\/cropped-cropped-logolu-150x150.webp","contentUrl":"https:\/\/luchonoticias.com\/editor\/wp-content\/uploads\/2024\/02\/cropped-cropped-logolu-150x150.webp","caption":"Editor General"},"sameAs":["https:\/\/luchonoticias.com\/"],"url":"https:\/\/luchonoticias.com\/editor\/author\/editor-general\/"}]}},"_links":{"self":[{"href":"https:\/\/luchonoticias.com\/editor\/wp-json\/wp\/v2\/posts\/67561","targetHints":{"allow":["GET"]}}],"collection":[{"href":"https:\/\/luchonoticias.com\/editor\/wp-json\/wp\/v2\/posts"}],"about":[{"href":"https:\/\/luchonoticias.com\/editor\/wp-json\/wp\/v2\/types\/post"}],"author":[{"embeddable":true,"href":"https:\/\/luchonoticias.com\/editor\/wp-json\/wp\/v2\/users\/2"}],"replies":[{"embeddable":true,"href":"https:\/\/luchonoticias.com\/editor\/wp-json\/wp\/v2\/comments?post=67561"}],"version-history":[{"count":0,"href":"https:\/\/luchonoticias.com\/editor\/wp-json\/wp\/v2\/posts\/67561\/revisions"}],"wp:attachment":[{"href":"https:\/\/luchonoticias.com\/editor\/wp-json\/wp\/v2\/media?parent=67561"}],"wp:term":[{"taxonomy":"category","embeddable":true,"href":"https:\/\/luchonoticias.com\/editor\/wp-json\/wp\/v2\/categories?post=67561"},{"taxonomy":"post_tag","embeddable":true,"href":"https:\/\/luchonoticias.com\/editor\/wp-json\/wp\/v2\/tags?post=67561"}],"curies":[{"name":"wp","href":"https:\/\/api.w.org\/{rel}","templated":true}]}}