{"id":67569,"date":"2024-01-26T14:24:22","date_gmt":"2024-01-26T19:24:22","guid":{"rendered":"https:\/\/luchonoticias.com\/?p=67569"},"modified":"2024-01-26T14:24:23","modified_gmt":"2024-01-26T19:24:23","slug":"policia-nacional-continua-la-lucha-contra-la-extorsion-y-el-secuestro","status":"publish","type":"post","link":"https:\/\/luchonoticias.com\/editor\/policia-nacional-continua-la-lucha-contra-la-extorsion-y-el-secuestro\/","title":{"rendered":"Polic\u00eda Nacional contin\u00faa la lucha contra la extorsi\u00f3n y el secuestro"},"content":{"rendered":"\n<p>La Polic\u00eda Metropolitana de Neiva, en desarrollo de diferentes planes contra el secuestro y la extorsi\u00f3n, se tom\u00f3 el sector comercio del municipio, con el fin de brindar campa\u00f1as de seguridad y prevenci\u00f3n para evitar el flagelo de estos delitos.<\/p>\n\n\n\n<p>Es as\u00ed como uniformados del grupo GAULA realizaron una jornada de prevenci\u00f3n con 04 campa\u00f1as dirigidas al sector comercio y sector ganadero de la capital marmolera, con el fin de entregar recomendaciones a los comerciantes de esta importante zona del pa\u00eds.<\/p>\n\n\n\n<p>Con estas campa\u00f1as se busca prevenir estos delitos que siempre atentan contra la tranquilidad, seguridad y convivencia, as\u00ed mismo incentivar a la ciudadan\u00eda a que no pague y, por el contrario, denuncie.<\/p>\n\n\n\n<p>Es relevante manifestar a toda la comunidad, qu\u00e9 el Grupo GAULA de la Polic\u00eda Metropolitana de Neiva, trabaja incansablemente en contra de los delincuentes, recordando la l\u00ednea 165 e invitando a que corten las llamadas extorsivas y que no permitan qu\u00e9 los enga\u00f1en.<\/p>\n","protected":false},"excerpt":{"rendered":"<p>La Polic\u00eda Metropolitana de Neiva, en desarrollo de diferentes planes contra el secuestro y la extorsi\u00f3n, se tom\u00f3 el sector comercio del municipio, con el fin de brindar campa\u00f1as de seguridad y prevenci\u00f3n para evitar el flagelo de estos delitos. Es as\u00ed como uniformados del grupo GAULA realizaron una jornada de prevenci\u00f3n con 04 campa\u00f1as [&hellip;]<\/p>\n","protected":false},"author":2,"featured_media":0,"comment_status":"open","ping_status":"open","sticky":false,"template":"","format":"standard","meta":{"footnotes":""},"categories":[36,31],"tags":[],"class_list":["post-67569","post","type-post","status-publish","format-standard","hentry","category-destacado","category-local"],"yoast_head":"<!-- This site is optimized with the Yoast SEO plugin v26.6 - https:\/\/yoast.com\/wordpress\/plugins\/seo\/ -->\n<title>Polic\u00eda Nacional contin\u00faa la lucha contra la extorsi\u00f3n y el secuestro -<\/title>\n<meta name=\"robots\" content=\"index, follow, max-snippet:-1, max-image-preview:large, max-video-preview:-1\" \/>\n<link rel=\"canonical\" href=\"https:\/\/luchonoticias.com\/editor\/policia-nacional-continua-la-lucha-contra-la-extorsion-y-el-secuestro\/\" \/>\n<meta property=\"og:locale\" content=\"es_ES\" \/>\n<meta property=\"og:type\" content=\"article\" \/>\n<meta property=\"og:title\" content=\"Polic\u00eda Nacional contin\u00faa la lucha contra la extorsi\u00f3n y el secuestro -\" \/>\n<meta property=\"og:url\" content=\"https:\/\/luchonoticias.com\/editor\/policia-nacional-continua-la-lucha-contra-la-extorsion-y-el-secuestro\/\" \/>\n<meta property=\"article:publisher\" content=\"https:\/\/www.facebook.com\/luchonoticiasneiva\" \/>\n<meta property=\"article:published_time\" content=\"2024-01-26T19:24:22+00:00\" \/>\n<meta property=\"article:modified_time\" content=\"2024-01-26T19:24:23+00:00\" \/>\n<meta name=\"author\" content=\"Editor General\" \/>\n<meta name=\"twitter:card\" content=\"summary_large_image\" \/>\n<meta name=\"twitter:label1\" content=\"Escrito por\" \/>\n\t<meta name=\"twitter:data1\" content=\"Editor General\" \/>\n\t<meta name=\"twitter:label2\" content=\"Tiempo de lectura\" \/>\n\t<meta name=\"twitter:data2\" content=\"1 minuto\" \/>\n<script type=\"application\/ld+json\" class=\"yoast-schema-graph\">{\"@context\":\"https:\/\/schema.org\",\"@graph\":[{\"@type\":\"Article\",\"@id\":\"https:\/\/luchonoticias.com\/editor\/policia-nacional-continua-la-lucha-contra-la-extorsion-y-el-secuestro\/#article\",\"isPartOf\":{\"@id\":\"https:\/\/luchonoticias.com\/editor\/policia-nacional-continua-la-lucha-contra-la-extorsion-y-el-secuestro\/\"},\"author\":{\"name\":\"Editor General\",\"@id\":\"https:\/\/luchonoticias.com\/editor\/#\/schema\/person\/29217990ddf6f14e35912b2866d591fb\"},\"headline\":\"Polic\u00eda Nacional contin\u00faa la lucha contra la extorsi\u00f3n y el secuestro\",\"datePublished\":\"2024-01-26T19:24:22+00:00\",\"dateModified\":\"2024-01-26T19:24:23+00:00\",\"mainEntityOfPage\":{\"@id\":\"https:\/\/luchonoticias.com\/editor\/policia-nacional-continua-la-lucha-contra-la-extorsion-y-el-secuestro\/\"},\"wordCount\":180,\"commentCount\":0,\"publisher\":{\"@id\":\"https:\/\/luchonoticias.com\/editor\/#\/schema\/person\/7a7fd911f58561fd056dbac7b55af9cd\"},\"articleSection\":[\"Destacado\",\"Local\"],\"inLanguage\":\"es\",\"potentialAction\":[{\"@type\":\"CommentAction\",\"name\":\"Comment\",\"target\":[\"https:\/\/luchonoticias.com\/editor\/policia-nacional-continua-la-lucha-contra-la-extorsion-y-el-secuestro\/#respond\"]}]},{\"@type\":\"WebPage\",\"@id\":\"https:\/\/luchonoticias.com\/editor\/policia-nacional-continua-la-lucha-contra-la-extorsion-y-el-secuestro\/\",\"url\":\"https:\/\/luchonoticias.com\/editor\/policia-nacional-continua-la-lucha-contra-la-extorsion-y-el-secuestro\/\",\"name\":\"Polic\u00eda Nacional contin\u00faa la lucha contra la extorsi\u00f3n y el secuestro -\",\"isPartOf\":{\"@id\":\"https:\/\/luchonoticias.com\/editor\/#website\"},\"datePublished\":\"2024-01-26T19:24:22+00:00\",\"dateModified\":\"2024-01-26T19:24:23+00:00\",\"breadcrumb\":{\"@id\":\"https:\/\/luchonoticias.com\/editor\/policia-nacional-continua-la-lucha-contra-la-extorsion-y-el-secuestro\/#breadcrumb\"},\"inLanguage\":\"es\",\"potentialAction\":[{\"@type\":\"ReadAction\",\"target\":[\"https:\/\/luchonoticias.com\/editor\/policia-nacional-continua-la-lucha-contra-la-extorsion-y-el-secuestro\/\"]}]},{\"@type\":\"BreadcrumbList\",\"@id\":\"https:\/\/luchonoticias.com\/editor\/policia-nacional-continua-la-lucha-contra-la-extorsion-y-el-secuestro\/#breadcrumb\",\"itemListElement\":[{\"@type\":\"ListItem\",\"position\":1,\"name\":\"Portada\",\"item\":\"https:\/\/luchonoticias.com\/editor\/\"},{\"@type\":\"ListItem\",\"position\":2,\"name\":\"Polic\u00eda Nacional contin\u00faa la lucha contra la extorsi\u00f3n y el secuestro\"}]},{\"@type\":\"WebSite\",\"@id\":\"https:\/\/luchonoticias.com\/editor\/#website\",\"url\":\"https:\/\/luchonoticias.com\/editor\/\",\"name\":\"\",\"description\":\"\",\"publisher\":{\"@id\":\"https:\/\/luchonoticias.com\/editor\/#\/schema\/person\/7a7fd911f58561fd056dbac7b55af9cd\"},\"potentialAction\":[{\"@type\":\"SearchAction\",\"target\":{\"@type\":\"EntryPoint\",\"urlTemplate\":\"https:\/\/luchonoticias.com\/editor\/?s={search_term_string}\"},\"query-input\":{\"@type\":\"PropertyValueSpecification\",\"valueRequired\":true,\"valueName\":\"search_term_string\"}}],\"inLanguage\":\"es\"},{\"@type\":[\"Person\",\"Organization\"],\"@id\":\"https:\/\/luchonoticias.com\/editor\/#\/schema\/person\/7a7fd911f58561fd056dbac7b55af9cd\",\"name\":\"admin\",\"image\":{\"@type\":\"ImageObject\",\"inLanguage\":\"es\",\"@id\":\"https:\/\/luchonoticias.com\/editor\/#\/schema\/person\/image\/\",\"url\":\"https:\/\/luchonoticias.com\/editor\/wp-content\/uploads\/2024\/02\/cropped-cropped-logolu.webp\",\"contentUrl\":\"https:\/\/luchonoticias.com\/editor\/wp-content\/uploads\/2024\/02\/cropped-cropped-logolu.webp\",\"width\":382,\"height\":170,\"caption\":\"admin\"},\"logo\":{\"@id\":\"https:\/\/luchonoticias.com\/editor\/#\/schema\/person\/image\/\"},\"sameAs\":[\"https:\/\/www.facebook.com\/luchonoticiasneiva\"]},{\"@type\":\"Person\",\"@id\":\"https:\/\/luchonoticias.com\/editor\/#\/schema\/person\/29217990ddf6f14e35912b2866d591fb\",\"name\":\"Editor General\",\"image\":{\"@type\":\"ImageObject\",\"inLanguage\":\"es\",\"@id\":\"https:\/\/luchonoticias.com\/editor\/#\/schema\/person\/image\/\",\"url\":\"https:\/\/luchonoticias.com\/editor\/wp-content\/uploads\/2024\/02\/cropped-cropped-logolu-150x150.webp\",\"contentUrl\":\"https:\/\/luchonoticias.com\/editor\/wp-content\/uploads\/2024\/02\/cropped-cropped-logolu-150x150.webp\",\"caption\":\"Editor General\"},\"sameAs\":[\"https:\/\/luchonoticias.com\/\"],\"url\":\"https:\/\/luchonoticias.com\/editor\/author\/editor-general\/\"}]}<\/script>\n<!-- \/ Yoast SEO plugin. -->","yoast_head_json":{"title":"Polic\u00eda Nacional contin\u00faa la lucha contra la extorsi\u00f3n y el secuestro -","robots":{"index":"index","follow":"follow","max-snippet":"max-snippet:-1","max-image-preview":"max-image-preview:large","max-video-preview":"max-video-preview:-1"},"canonical":"https:\/\/luchonoticias.com\/editor\/policia-nacional-continua-la-lucha-contra-la-extorsion-y-el-secuestro\/","og_locale":"es_ES","og_type":"article","og_title":"Polic\u00eda Nacional contin\u00faa la lucha contra la extorsi\u00f3n y el secuestro -","og_url":"https:\/\/luchonoticias.com\/editor\/policia-nacional-continua-la-lucha-contra-la-extorsion-y-el-secuestro\/","article_publisher":"https:\/\/www.facebook.com\/luchonoticiasneiva","article_published_time":"2024-01-26T19:24:22+00:00","article_modified_time":"2024-01-26T19:24:23+00:00","author":"Editor General","twitter_card":"summary_large_image","twitter_misc":{"Escrito por":"Editor General","Tiempo de lectura":"1 minuto"},"schema":{"@context":"https:\/\/schema.org","@graph":[{"@type":"Article","@id":"https:\/\/luchonoticias.com\/editor\/policia-nacional-continua-la-lucha-contra-la-extorsion-y-el-secuestro\/#article","isPartOf":{"@id":"https:\/\/luchonoticias.com\/editor\/policia-nacional-continua-la-lucha-contra-la-extorsion-y-el-secuestro\/"},"author":{"name":"Editor General","@id":"https:\/\/luchonoticias.com\/editor\/#\/schema\/person\/29217990ddf6f14e35912b2866d591fb"},"headline":"Polic\u00eda Nacional contin\u00faa la lucha contra la extorsi\u00f3n y el secuestro","datePublished":"2024-01-26T19:24:22+00:00","dateModified":"2024-01-26T19:24:23+00:00","mainEntityOfPage":{"@id":"https:\/\/luchonoticias.com\/editor\/policia-nacional-continua-la-lucha-contra-la-extorsion-y-el-secuestro\/"},"wordCount":180,"commentCount":0,"publisher":{"@id":"https:\/\/luchonoticias.com\/editor\/#\/schema\/person\/7a7fd911f58561fd056dbac7b55af9cd"},"articleSection":["Destacado","Local"],"inLanguage":"es","potentialAction":[{"@type":"CommentAction","name":"Comment","target":["https:\/\/luchonoticias.com\/editor\/policia-nacional-continua-la-lucha-contra-la-extorsion-y-el-secuestro\/#respond"]}]},{"@type":"WebPage","@id":"https:\/\/luchonoticias.com\/editor\/policia-nacional-continua-la-lucha-contra-la-extorsion-y-el-secuestro\/","url":"https:\/\/luchonoticias.com\/editor\/policia-nacional-continua-la-lucha-contra-la-extorsion-y-el-secuestro\/","name":"Polic\u00eda Nacional contin\u00faa la lucha contra la extorsi\u00f3n y el secuestro -","isPartOf":{"@id":"https:\/\/luchonoticias.com\/editor\/#website"},"datePublished":"2024-01-26T19:24:22+00:00","dateModified":"2024-01-26T19:24:23+00:00","breadcrumb":{"@id":"https:\/\/luchonoticias.com\/editor\/policia-nacional-continua-la-lucha-contra-la-extorsion-y-el-secuestro\/#breadcrumb"},"inLanguage":"es","potentialAction":[{"@type":"ReadAction","target":["https:\/\/luchonoticias.com\/editor\/policia-nacional-continua-la-lucha-contra-la-extorsion-y-el-secuestro\/"]}]},{"@type":"BreadcrumbList","@id":"https:\/\/luchonoticias.com\/editor\/policia-nacional-continua-la-lucha-contra-la-extorsion-y-el-secuestro\/#breadcrumb","itemListElement":[{"@type":"ListItem","position":1,"name":"Portada","item":"https:\/\/luchonoticias.com\/editor\/"},{"@type":"ListItem","position":2,"name":"Polic\u00eda Nacional contin\u00faa la lucha contra la extorsi\u00f3n y el secuestro"}]},{"@type":"WebSite","@id":"https:\/\/luchonoticias.com\/editor\/#website","url":"https:\/\/luchonoticias.com\/editor\/","name":"","description":"","publisher":{"@id":"https:\/\/luchonoticias.com\/editor\/#\/schema\/person\/7a7fd911f58561fd056dbac7b55af9cd"},"potentialAction":[{"@type":"SearchAction","target":{"@type":"EntryPoint","urlTemplate":"https:\/\/luchonoticias.com\/editor\/?s={search_term_string}"},"query-input":{"@type":"PropertyValueSpecification","valueRequired":true,"valueName":"search_term_string"}}],"inLanguage":"es"},{"@type":["Person","Organization"],"@id":"https:\/\/luchonoticias.com\/editor\/#\/schema\/person\/7a7fd911f58561fd056dbac7b55af9cd","name":"admin","image":{"@type":"ImageObject","inLanguage":"es","@id":"https:\/\/luchonoticias.com\/editor\/#\/schema\/person\/image\/","url":"https:\/\/luchonoticias.com\/editor\/wp-content\/uploads\/2024\/02\/cropped-cropped-logolu.webp","contentUrl":"https:\/\/luchonoticias.com\/editor\/wp-content\/uploads\/2024\/02\/cropped-cropped-logolu.webp","width":382,"height":170,"caption":"admin"},"logo":{"@id":"https:\/\/luchonoticias.com\/editor\/#\/schema\/person\/image\/"},"sameAs":["https:\/\/www.facebook.com\/luchonoticiasneiva"]},{"@type":"Person","@id":"https:\/\/luchonoticias.com\/editor\/#\/schema\/person\/29217990ddf6f14e35912b2866d591fb","name":"Editor General","image":{"@type":"ImageObject","inLanguage":"es","@id":"https:\/\/luchonoticias.com\/editor\/#\/schema\/person\/image\/","url":"https:\/\/luchonoticias.com\/editor\/wp-content\/uploads\/2024\/02\/cropped-cropped-logolu-150x150.webp","contentUrl":"https:\/\/luchonoticias.com\/editor\/wp-content\/uploads\/2024\/02\/cropped-cropped-logolu-150x150.webp","caption":"Editor General"},"sameAs":["https:\/\/luchonoticias.com\/"],"url":"https:\/\/luchonoticias.com\/editor\/author\/editor-general\/"}]}},"_links":{"self":[{"href":"https:\/\/luchonoticias.com\/editor\/wp-json\/wp\/v2\/posts\/67569","targetHints":{"allow":["GET"]}}],"collection":[{"href":"https:\/\/luchonoticias.com\/editor\/wp-json\/wp\/v2\/posts"}],"about":[{"href":"https:\/\/luchonoticias.com\/editor\/wp-json\/wp\/v2\/types\/post"}],"author":[{"embeddable":true,"href":"https:\/\/luchonoticias.com\/editor\/wp-json\/wp\/v2\/users\/2"}],"replies":[{"embeddable":true,"href":"https:\/\/luchonoticias.com\/editor\/wp-json\/wp\/v2\/comments?post=67569"}],"version-history":[{"count":0,"href":"https:\/\/luchonoticias.com\/editor\/wp-json\/wp\/v2\/posts\/67569\/revisions"}],"wp:attachment":[{"href":"https:\/\/luchonoticias.com\/editor\/wp-json\/wp\/v2\/media?parent=67569"}],"wp:term":[{"taxonomy":"category","embeddable":true,"href":"https:\/\/luchonoticias.com\/editor\/wp-json\/wp\/v2\/categories?post=67569"},{"taxonomy":"post_tag","embeddable":true,"href":"https:\/\/luchonoticias.com\/editor\/wp-json\/wp\/v2\/tags?post=67569"}],"curies":[{"name":"wp","href":"https:\/\/api.w.org\/{rel}","templated":true}]}}