{"id":67577,"date":"2024-01-26T14:28:44","date_gmt":"2024-01-26T19:28:44","guid":{"rendered":"https:\/\/luchonoticias.com\/?p=67577"},"modified":"2024-01-26T14:28:45","modified_gmt":"2024-01-26T19:28:45","slug":"pitalito-recibio-ayudas-tecnicas-para-prevencion-del-dengue-y-para-atencion-de-poblacion-con-discapacidad","status":"publish","type":"post","link":"https:\/\/luchonoticias.com\/editor\/pitalito-recibio-ayudas-tecnicas-para-prevencion-del-dengue-y-para-atencion-de-poblacion-con-discapacidad\/","title":{"rendered":"Pitalito recibi\u00f3 ayudas t\u00e9cnicas para prevenci\u00f3n del dengue y para atenci\u00f3n de poblaci\u00f3n con discapacidad"},"content":{"rendered":"\n<p>El Gobierno Departamental \u00abHuila Grande\u00bb a trav\u00e9s de la Secretar\u00eda de Salud visit\u00f3 el municipio de Pitalito para realizar entrega al alcalde, Yider Luna Joven, de 150 toldillos impregnados con insecticida y aptos para el uso domiciliario, que brindar\u00e1n protecci\u00f3n a mujeres gestantes y personas con discapacidad frente al Aedes Aegypti, zancudo trasmisor del dengue.<\/p>\n\n\n\n<p>\u00abGracias a las gestiones adelantadas entregamos hoy en Pitalito 150 toldillos avalados por la Organizaci\u00f3n Mundial de la Salud, que vienen impregnados de un insecticida que no es da\u00f1ino para el ser humano, sino que ataca el mosquito responsable de transmitir el dengue, estamos en situaci\u00f3n de brote de dengue y debemos trabajar de la mano\u00bb expres\u00f3 Sergio Mauricio Z\u00fa\u00f1iga Ram\u00edrez, secretario de Salud Departamental del Huila.<\/p>\n\n\n\n<figure class=\"wp-block-gallery has-nested-images columns-default is-cropped wp-block-gallery-1 is-layout-flex wp-block-gallery-is-layout-flex\">\n<figure class=\"wp-block-image size-large\"><img decoding=\"async\" data-id=\"67579\" src=\"https:\/\/luchonoticias.com\/wp-content\/uploads\/2024\/01\/WhatsApp-Image-2024-01-26-at-9.07.11-AM-1-1024x484.jpeg\" alt=\"\" class=\"wp-image-67579\"\/><\/figure>\n\n\n\n<figure class=\"wp-block-image size-large\"><img decoding=\"async\" data-id=\"67580\" src=\"https:\/\/luchonoticias.com\/wp-content\/uploads\/2024\/01\/WhatsApp-Image-2024-01-26-at-9.07.12-AM-3-1024x841.jpeg\" alt=\"\" class=\"wp-image-67580\"\/><\/figure>\n\n\n\n<figure class=\"wp-block-image size-large\"><img decoding=\"async\" data-id=\"67581\" src=\"https:\/\/luchonoticias.com\/wp-content\/uploads\/2024\/01\/WhatsApp-Image-2024-01-26-at-9.07.12-AM-1-1024x603.jpeg\" alt=\"\" class=\"wp-image-67581\"\/><\/figure>\n<\/figure>\n\n\n\n<p>Asimismo, se realiz\u00f3 entrega de 10.000 efervescentes para atacar los puntos cr\u00edticos de criaderos de zancudos en tanques y albercas, que ser\u00e1n suministradas por la Secretar\u00eda de Salud del municipio de acuerdo a la necesidad e identificaci\u00f3n de brotes.<\/p>\n\n\n\n<p>\u201cEn cabeza de nuestro Gobernador Rodrigo Villalba trabajaremos mancomunadamente con los municipios para que este brote de dengue empiece su descenso\u201d agreg\u00f3 Z\u00fa\u00f1iga Ram\u00edrez.<\/p>\n\n\n\n<p><strong>Ayudas t\u00e9cnicas para personas con discapacidad<\/strong><\/p>\n\n\n\n<p>El banco municipal de ayudas t\u00e9cnicas de Pitalito, recibi\u00f3 tambi\u00e9n 10 sillas de ruedas asignadas por la Secretar\u00eda de Salud Departamental, como apoyo para las personas vulnerables con discapacidad que no cuentan con recursos para acceder a estos elementos.<\/p>\n\n\n\n<p>\u201cEs muy importante para nosotros poder brindar ayudas para estas familias que necesitan un apoyo para su movilidad y para mejorar su calidad de vida\u201d destac\u00f3 el secretario de Salud Departamental.<\/p>\n","protected":false},"excerpt":{"rendered":"<p>El Gobierno Departamental \u00abHuila Grande\u00bb a trav\u00e9s de la Secretar\u00eda de Salud visit\u00f3 el municipio de Pitalito para realizar entrega al alcalde, Yider Luna Joven, de 150 toldillos impregnados con insecticida y aptos para el uso domiciliario, que brindar\u00e1n protecci\u00f3n a mujeres gestantes y personas con discapacidad frente al Aedes Aegypti, zancudo trasmisor del dengue. [&hellip;]<\/p>\n","protected":false},"author":2,"featured_media":0,"comment_status":"open","ping_status":"open","sticky":false,"template":"","format":"standard","meta":{"footnotes":""},"categories":[36,35],"tags":[],"class_list":["post-67577","post","type-post","status-publish","format-standard","hentry","category-destacado","category-regional"],"yoast_head":"<!-- This site is optimized with the Yoast SEO plugin v26.6 - https:\/\/yoast.com\/wordpress\/plugins\/seo\/ -->\n<title>Pitalito recibi\u00f3 ayudas t\u00e9cnicas para prevenci\u00f3n del dengue y para atenci\u00f3n de poblaci\u00f3n con discapacidad -<\/title>\n<meta name=\"robots\" content=\"index, follow, max-snippet:-1, max-image-preview:large, max-video-preview:-1\" \/>\n<link rel=\"canonical\" href=\"https:\/\/luchonoticias.com\/editor\/pitalito-recibio-ayudas-tecnicas-para-prevencion-del-dengue-y-para-atencion-de-poblacion-con-discapacidad\/\" \/>\n<meta property=\"og:locale\" content=\"es_ES\" \/>\n<meta property=\"og:type\" content=\"article\" \/>\n<meta property=\"og:title\" content=\"Pitalito recibi\u00f3 ayudas t\u00e9cnicas para prevenci\u00f3n del dengue y para atenci\u00f3n de poblaci\u00f3n con discapacidad -\" \/>\n<meta property=\"og:url\" content=\"https:\/\/luchonoticias.com\/editor\/pitalito-recibio-ayudas-tecnicas-para-prevencion-del-dengue-y-para-atencion-de-poblacion-con-discapacidad\/\" \/>\n<meta property=\"article:publisher\" content=\"https:\/\/www.facebook.com\/luchonoticiasneiva\" \/>\n<meta property=\"article:published_time\" content=\"2024-01-26T19:28:44+00:00\" \/>\n<meta property=\"article:modified_time\" content=\"2024-01-26T19:28:45+00:00\" \/>\n<meta property=\"og:image\" content=\"https:\/\/luchonoticias.com\/wp-content\/uploads\/2024\/01\/WhatsApp-Image-2024-01-26-at-9.07.11-AM-1-1024x484.jpeg\" \/>\n<meta name=\"author\" content=\"Editor General\" \/>\n<meta name=\"twitter:card\" content=\"summary_large_image\" \/>\n<meta name=\"twitter:label1\" content=\"Escrito por\" \/>\n\t<meta name=\"twitter:data1\" content=\"Editor General\" \/>\n\t<meta name=\"twitter:label2\" content=\"Tiempo de lectura\" \/>\n\t<meta name=\"twitter:data2\" content=\"1 minuto\" \/>\n<script type=\"application\/ld+json\" class=\"yoast-schema-graph\">{\"@context\":\"https:\/\/schema.org\",\"@graph\":[{\"@type\":\"Article\",\"@id\":\"https:\/\/luchonoticias.com\/editor\/pitalito-recibio-ayudas-tecnicas-para-prevencion-del-dengue-y-para-atencion-de-poblacion-con-discapacidad\/#article\",\"isPartOf\":{\"@id\":\"https:\/\/luchonoticias.com\/editor\/pitalito-recibio-ayudas-tecnicas-para-prevencion-del-dengue-y-para-atencion-de-poblacion-con-discapacidad\/\"},\"author\":{\"name\":\"Editor General\",\"@id\":\"https:\/\/luchonoticias.com\/editor\/#\/schema\/person\/29217990ddf6f14e35912b2866d591fb\"},\"headline\":\"Pitalito recibi\u00f3 ayudas t\u00e9cnicas para prevenci\u00f3n del dengue y para atenci\u00f3n de poblaci\u00f3n con discapacidad\",\"datePublished\":\"2024-01-26T19:28:44+00:00\",\"dateModified\":\"2024-01-26T19:28:45+00:00\",\"mainEntityOfPage\":{\"@id\":\"https:\/\/luchonoticias.com\/editor\/pitalito-recibio-ayudas-tecnicas-para-prevencion-del-dengue-y-para-atencion-de-poblacion-con-discapacidad\/\"},\"wordCount\":295,\"commentCount\":0,\"publisher\":{\"@id\":\"https:\/\/luchonoticias.com\/editor\/#\/schema\/person\/7a7fd911f58561fd056dbac7b55af9cd\"},\"image\":{\"@id\":\"https:\/\/luchonoticias.com\/editor\/pitalito-recibio-ayudas-tecnicas-para-prevencion-del-dengue-y-para-atencion-de-poblacion-con-discapacidad\/#primaryimage\"},\"thumbnailUrl\":\"https:\/\/luchonoticias.com\/wp-content\/uploads\/2024\/01\/WhatsApp-Image-2024-01-26-at-9.07.11-AM-1-1024x484.jpeg\",\"articleSection\":[\"Destacado\",\"Regional\"],\"inLanguage\":\"es\",\"potentialAction\":[{\"@type\":\"CommentAction\",\"name\":\"Comment\",\"target\":[\"https:\/\/luchonoticias.com\/editor\/pitalito-recibio-ayudas-tecnicas-para-prevencion-del-dengue-y-para-atencion-de-poblacion-con-discapacidad\/#respond\"]}]},{\"@type\":\"WebPage\",\"@id\":\"https:\/\/luchonoticias.com\/editor\/pitalito-recibio-ayudas-tecnicas-para-prevencion-del-dengue-y-para-atencion-de-poblacion-con-discapacidad\/\",\"url\":\"https:\/\/luchonoticias.com\/editor\/pitalito-recibio-ayudas-tecnicas-para-prevencion-del-dengue-y-para-atencion-de-poblacion-con-discapacidad\/\",\"name\":\"Pitalito recibi\u00f3 ayudas t\u00e9cnicas para prevenci\u00f3n del dengue y para atenci\u00f3n de poblaci\u00f3n con discapacidad -\",\"isPartOf\":{\"@id\":\"https:\/\/luchonoticias.com\/editor\/#website\"},\"primaryImageOfPage\":{\"@id\":\"https:\/\/luchonoticias.com\/editor\/pitalito-recibio-ayudas-tecnicas-para-prevencion-del-dengue-y-para-atencion-de-poblacion-con-discapacidad\/#primaryimage\"},\"image\":{\"@id\":\"https:\/\/luchonoticias.com\/editor\/pitalito-recibio-ayudas-tecnicas-para-prevencion-del-dengue-y-para-atencion-de-poblacion-con-discapacidad\/#primaryimage\"},\"thumbnailUrl\":\"https:\/\/luchonoticias.com\/wp-content\/uploads\/2024\/01\/WhatsApp-Image-2024-01-26-at-9.07.11-AM-1-1024x484.jpeg\",\"datePublished\":\"2024-01-26T19:28:44+00:00\",\"dateModified\":\"2024-01-26T19:28:45+00:00\",\"breadcrumb\":{\"@id\":\"https:\/\/luchonoticias.com\/editor\/pitalito-recibio-ayudas-tecnicas-para-prevencion-del-dengue-y-para-atencion-de-poblacion-con-discapacidad\/#breadcrumb\"},\"inLanguage\":\"es\",\"potentialAction\":[{\"@type\":\"ReadAction\",\"target\":[\"https:\/\/luchonoticias.com\/editor\/pitalito-recibio-ayudas-tecnicas-para-prevencion-del-dengue-y-para-atencion-de-poblacion-con-discapacidad\/\"]}]},{\"@type\":\"ImageObject\",\"inLanguage\":\"es\",\"@id\":\"https:\/\/luchonoticias.com\/editor\/pitalito-recibio-ayudas-tecnicas-para-prevencion-del-dengue-y-para-atencion-de-poblacion-con-discapacidad\/#primaryimage\",\"url\":\"https:\/\/luchonoticias.com\/wp-content\/uploads\/2024\/01\/WhatsApp-Image-2024-01-26-at-9.07.11-AM-1-1024x484.jpeg\",\"contentUrl\":\"https:\/\/luchonoticias.com\/wp-content\/uploads\/2024\/01\/WhatsApp-Image-2024-01-26-at-9.07.11-AM-1-1024x484.jpeg\"},{\"@type\":\"BreadcrumbList\",\"@id\":\"https:\/\/luchonoticias.com\/editor\/pitalito-recibio-ayudas-tecnicas-para-prevencion-del-dengue-y-para-atencion-de-poblacion-con-discapacidad\/#breadcrumb\",\"itemListElement\":[{\"@type\":\"ListItem\",\"position\":1,\"name\":\"Portada\",\"item\":\"https:\/\/luchonoticias.com\/editor\/\"},{\"@type\":\"ListItem\",\"position\":2,\"name\":\"Pitalito recibi\u00f3 ayudas t\u00e9cnicas para prevenci\u00f3n del dengue y para atenci\u00f3n de poblaci\u00f3n con discapacidad\"}]},{\"@type\":\"WebSite\",\"@id\":\"https:\/\/luchonoticias.com\/editor\/#website\",\"url\":\"https:\/\/luchonoticias.com\/editor\/\",\"name\":\"\",\"description\":\"\",\"publisher\":{\"@id\":\"https:\/\/luchonoticias.com\/editor\/#\/schema\/person\/7a7fd911f58561fd056dbac7b55af9cd\"},\"potentialAction\":[{\"@type\":\"SearchAction\",\"target\":{\"@type\":\"EntryPoint\",\"urlTemplate\":\"https:\/\/luchonoticias.com\/editor\/?s={search_term_string}\"},\"query-input\":{\"@type\":\"PropertyValueSpecification\",\"valueRequired\":true,\"valueName\":\"search_term_string\"}}],\"inLanguage\":\"es\"},{\"@type\":[\"Person\",\"Organization\"],\"@id\":\"https:\/\/luchonoticias.com\/editor\/#\/schema\/person\/7a7fd911f58561fd056dbac7b55af9cd\",\"name\":\"admin\",\"image\":{\"@type\":\"ImageObject\",\"inLanguage\":\"es\",\"@id\":\"https:\/\/luchonoticias.com\/editor\/#\/schema\/person\/image\/\",\"url\":\"https:\/\/luchonoticias.com\/editor\/wp-content\/uploads\/2024\/02\/cropped-cropped-logolu.webp\",\"contentUrl\":\"https:\/\/luchonoticias.com\/editor\/wp-content\/uploads\/2024\/02\/cropped-cropped-logolu.webp\",\"width\":382,\"height\":170,\"caption\":\"admin\"},\"logo\":{\"@id\":\"https:\/\/luchonoticias.com\/editor\/#\/schema\/person\/image\/\"},\"sameAs\":[\"https:\/\/www.facebook.com\/luchonoticiasneiva\"]},{\"@type\":\"Person\",\"@id\":\"https:\/\/luchonoticias.com\/editor\/#\/schema\/person\/29217990ddf6f14e35912b2866d591fb\",\"name\":\"Editor General\",\"image\":{\"@type\":\"ImageObject\",\"inLanguage\":\"es\",\"@id\":\"https:\/\/luchonoticias.com\/editor\/#\/schema\/person\/image\/\",\"url\":\"https:\/\/luchonoticias.com\/editor\/wp-content\/uploads\/2024\/02\/cropped-cropped-logolu-150x150.webp\",\"contentUrl\":\"https:\/\/luchonoticias.com\/editor\/wp-content\/uploads\/2024\/02\/cropped-cropped-logolu-150x150.webp\",\"caption\":\"Editor General\"},\"sameAs\":[\"https:\/\/luchonoticias.com\/\"],\"url\":\"https:\/\/luchonoticias.com\/editor\/author\/editor-general\/\"}]}<\/script>\n<!-- \/ Yoast SEO plugin. -->","yoast_head_json":{"title":"Pitalito recibi\u00f3 ayudas t\u00e9cnicas para prevenci\u00f3n del dengue y para atenci\u00f3n de poblaci\u00f3n con discapacidad -","robots":{"index":"index","follow":"follow","max-snippet":"max-snippet:-1","max-image-preview":"max-image-preview:large","max-video-preview":"max-video-preview:-1"},"canonical":"https:\/\/luchonoticias.com\/editor\/pitalito-recibio-ayudas-tecnicas-para-prevencion-del-dengue-y-para-atencion-de-poblacion-con-discapacidad\/","og_locale":"es_ES","og_type":"article","og_title":"Pitalito recibi\u00f3 ayudas t\u00e9cnicas para prevenci\u00f3n del dengue y para atenci\u00f3n de poblaci\u00f3n con discapacidad -","og_url":"https:\/\/luchonoticias.com\/editor\/pitalito-recibio-ayudas-tecnicas-para-prevencion-del-dengue-y-para-atencion-de-poblacion-con-discapacidad\/","article_publisher":"https:\/\/www.facebook.com\/luchonoticiasneiva","article_published_time":"2024-01-26T19:28:44+00:00","article_modified_time":"2024-01-26T19:28:45+00:00","og_image":[{"url":"https:\/\/luchonoticias.com\/wp-content\/uploads\/2024\/01\/WhatsApp-Image-2024-01-26-at-9.07.11-AM-1-1024x484.jpeg","type":"","width":"","height":""}],"author":"Editor General","twitter_card":"summary_large_image","twitter_misc":{"Escrito por":"Editor General","Tiempo de lectura":"1 minuto"},"schema":{"@context":"https:\/\/schema.org","@graph":[{"@type":"Article","@id":"https:\/\/luchonoticias.com\/editor\/pitalito-recibio-ayudas-tecnicas-para-prevencion-del-dengue-y-para-atencion-de-poblacion-con-discapacidad\/#article","isPartOf":{"@id":"https:\/\/luchonoticias.com\/editor\/pitalito-recibio-ayudas-tecnicas-para-prevencion-del-dengue-y-para-atencion-de-poblacion-con-discapacidad\/"},"author":{"name":"Editor General","@id":"https:\/\/luchonoticias.com\/editor\/#\/schema\/person\/29217990ddf6f14e35912b2866d591fb"},"headline":"Pitalito recibi\u00f3 ayudas t\u00e9cnicas para prevenci\u00f3n del dengue y para atenci\u00f3n de poblaci\u00f3n con discapacidad","datePublished":"2024-01-26T19:28:44+00:00","dateModified":"2024-01-26T19:28:45+00:00","mainEntityOfPage":{"@id":"https:\/\/luchonoticias.com\/editor\/pitalito-recibio-ayudas-tecnicas-para-prevencion-del-dengue-y-para-atencion-de-poblacion-con-discapacidad\/"},"wordCount":295,"commentCount":0,"publisher":{"@id":"https:\/\/luchonoticias.com\/editor\/#\/schema\/person\/7a7fd911f58561fd056dbac7b55af9cd"},"image":{"@id":"https:\/\/luchonoticias.com\/editor\/pitalito-recibio-ayudas-tecnicas-para-prevencion-del-dengue-y-para-atencion-de-poblacion-con-discapacidad\/#primaryimage"},"thumbnailUrl":"https:\/\/luchonoticias.com\/wp-content\/uploads\/2024\/01\/WhatsApp-Image-2024-01-26-at-9.07.11-AM-1-1024x484.jpeg","articleSection":["Destacado","Regional"],"inLanguage":"es","potentialAction":[{"@type":"CommentAction","name":"Comment","target":["https:\/\/luchonoticias.com\/editor\/pitalito-recibio-ayudas-tecnicas-para-prevencion-del-dengue-y-para-atencion-de-poblacion-con-discapacidad\/#respond"]}]},{"@type":"WebPage","@id":"https:\/\/luchonoticias.com\/editor\/pitalito-recibio-ayudas-tecnicas-para-prevencion-del-dengue-y-para-atencion-de-poblacion-con-discapacidad\/","url":"https:\/\/luchonoticias.com\/editor\/pitalito-recibio-ayudas-tecnicas-para-prevencion-del-dengue-y-para-atencion-de-poblacion-con-discapacidad\/","name":"Pitalito recibi\u00f3 ayudas t\u00e9cnicas para prevenci\u00f3n del dengue y para atenci\u00f3n de poblaci\u00f3n con discapacidad -","isPartOf":{"@id":"https:\/\/luchonoticias.com\/editor\/#website"},"primaryImageOfPage":{"@id":"https:\/\/luchonoticias.com\/editor\/pitalito-recibio-ayudas-tecnicas-para-prevencion-del-dengue-y-para-atencion-de-poblacion-con-discapacidad\/#primaryimage"},"image":{"@id":"https:\/\/luchonoticias.com\/editor\/pitalito-recibio-ayudas-tecnicas-para-prevencion-del-dengue-y-para-atencion-de-poblacion-con-discapacidad\/#primaryimage"},"thumbnailUrl":"https:\/\/luchonoticias.com\/wp-content\/uploads\/2024\/01\/WhatsApp-Image-2024-01-26-at-9.07.11-AM-1-1024x484.jpeg","datePublished":"2024-01-26T19:28:44+00:00","dateModified":"2024-01-26T19:28:45+00:00","breadcrumb":{"@id":"https:\/\/luchonoticias.com\/editor\/pitalito-recibio-ayudas-tecnicas-para-prevencion-del-dengue-y-para-atencion-de-poblacion-con-discapacidad\/#breadcrumb"},"inLanguage":"es","potentialAction":[{"@type":"ReadAction","target":["https:\/\/luchonoticias.com\/editor\/pitalito-recibio-ayudas-tecnicas-para-prevencion-del-dengue-y-para-atencion-de-poblacion-con-discapacidad\/"]}]},{"@type":"ImageObject","inLanguage":"es","@id":"https:\/\/luchonoticias.com\/editor\/pitalito-recibio-ayudas-tecnicas-para-prevencion-del-dengue-y-para-atencion-de-poblacion-con-discapacidad\/#primaryimage","url":"https:\/\/luchonoticias.com\/wp-content\/uploads\/2024\/01\/WhatsApp-Image-2024-01-26-at-9.07.11-AM-1-1024x484.jpeg","contentUrl":"https:\/\/luchonoticias.com\/wp-content\/uploads\/2024\/01\/WhatsApp-Image-2024-01-26-at-9.07.11-AM-1-1024x484.jpeg"},{"@type":"BreadcrumbList","@id":"https:\/\/luchonoticias.com\/editor\/pitalito-recibio-ayudas-tecnicas-para-prevencion-del-dengue-y-para-atencion-de-poblacion-con-discapacidad\/#breadcrumb","itemListElement":[{"@type":"ListItem","position":1,"name":"Portada","item":"https:\/\/luchonoticias.com\/editor\/"},{"@type":"ListItem","position":2,"name":"Pitalito recibi\u00f3 ayudas t\u00e9cnicas para prevenci\u00f3n del dengue y para atenci\u00f3n de poblaci\u00f3n con discapacidad"}]},{"@type":"WebSite","@id":"https:\/\/luchonoticias.com\/editor\/#website","url":"https:\/\/luchonoticias.com\/editor\/","name":"","description":"","publisher":{"@id":"https:\/\/luchonoticias.com\/editor\/#\/schema\/person\/7a7fd911f58561fd056dbac7b55af9cd"},"potentialAction":[{"@type":"SearchAction","target":{"@type":"EntryPoint","urlTemplate":"https:\/\/luchonoticias.com\/editor\/?s={search_term_string}"},"query-input":{"@type":"PropertyValueSpecification","valueRequired":true,"valueName":"search_term_string"}}],"inLanguage":"es"},{"@type":["Person","Organization"],"@id":"https:\/\/luchonoticias.com\/editor\/#\/schema\/person\/7a7fd911f58561fd056dbac7b55af9cd","name":"admin","image":{"@type":"ImageObject","inLanguage":"es","@id":"https:\/\/luchonoticias.com\/editor\/#\/schema\/person\/image\/","url":"https:\/\/luchonoticias.com\/editor\/wp-content\/uploads\/2024\/02\/cropped-cropped-logolu.webp","contentUrl":"https:\/\/luchonoticias.com\/editor\/wp-content\/uploads\/2024\/02\/cropped-cropped-logolu.webp","width":382,"height":170,"caption":"admin"},"logo":{"@id":"https:\/\/luchonoticias.com\/editor\/#\/schema\/person\/image\/"},"sameAs":["https:\/\/www.facebook.com\/luchonoticiasneiva"]},{"@type":"Person","@id":"https:\/\/luchonoticias.com\/editor\/#\/schema\/person\/29217990ddf6f14e35912b2866d591fb","name":"Editor General","image":{"@type":"ImageObject","inLanguage":"es","@id":"https:\/\/luchonoticias.com\/editor\/#\/schema\/person\/image\/","url":"https:\/\/luchonoticias.com\/editor\/wp-content\/uploads\/2024\/02\/cropped-cropped-logolu-150x150.webp","contentUrl":"https:\/\/luchonoticias.com\/editor\/wp-content\/uploads\/2024\/02\/cropped-cropped-logolu-150x150.webp","caption":"Editor General"},"sameAs":["https:\/\/luchonoticias.com\/"],"url":"https:\/\/luchonoticias.com\/editor\/author\/editor-general\/"}]}},"_links":{"self":[{"href":"https:\/\/luchonoticias.com\/editor\/wp-json\/wp\/v2\/posts\/67577","targetHints":{"allow":["GET"]}}],"collection":[{"href":"https:\/\/luchonoticias.com\/editor\/wp-json\/wp\/v2\/posts"}],"about":[{"href":"https:\/\/luchonoticias.com\/editor\/wp-json\/wp\/v2\/types\/post"}],"author":[{"embeddable":true,"href":"https:\/\/luchonoticias.com\/editor\/wp-json\/wp\/v2\/users\/2"}],"replies":[{"embeddable":true,"href":"https:\/\/luchonoticias.com\/editor\/wp-json\/wp\/v2\/comments?post=67577"}],"version-history":[{"count":0,"href":"https:\/\/luchonoticias.com\/editor\/wp-json\/wp\/v2\/posts\/67577\/revisions"}],"wp:attachment":[{"href":"https:\/\/luchonoticias.com\/editor\/wp-json\/wp\/v2\/media?parent=67577"}],"wp:term":[{"taxonomy":"category","embeddable":true,"href":"https:\/\/luchonoticias.com\/editor\/wp-json\/wp\/v2\/categories?post=67577"},{"taxonomy":"post_tag","embeddable":true,"href":"https:\/\/luchonoticias.com\/editor\/wp-json\/wp\/v2\/tags?post=67577"}],"curies":[{"name":"wp","href":"https:\/\/api.w.org\/{rel}","templated":true}]}}