{"id":67583,"date":"2024-01-26T14:31:40","date_gmt":"2024-01-26T19:31:40","guid":{"rendered":"https:\/\/luchonoticias.com\/?p=67583"},"modified":"2024-01-26T14:31:41","modified_gmt":"2024-01-26T19:31:41","slug":"incautados-25-kilos-de-marihuana-en-carreteras-del-huila","status":"publish","type":"post","link":"https:\/\/luchonoticias.com\/editor\/incautados-25-kilos-de-marihuana-en-carreteras-del-huila\/","title":{"rendered":"Incautados 25 kilos de marihuana en carreteras del Huila"},"content":{"rendered":"\n<p>Durante labores de interdicci\u00f3n contra el narcotr\u00e1fico, mediante la instalaci\u00f3n de puestos de control, la Novena Brigada a trav\u00e9s del Batall\u00f3n de Infanter\u00eda N.\u00b0 26 Cacique Pigoanza, logr\u00f3 la captura de un hombre y la incautaci\u00f3n de 25 kilos de marihuana.<\/p>\n\n\n\n<p>La persona se movilizaba en una motocicleta transportando seis paquetes envueltos en pl\u00e1stico negro, con un peso aproximado de 25 kilos, que en el mercado il\u00edcito habr\u00edan sido adquiridos por 37 millones de pesos.<\/p>\n\n\n\n<p>Una vez le fueron dados a conocer sus derechos por el delito de tr\u00e1fico, fabricaci\u00f3n y porte de estupefacientes; el hombre, la sustancia il\u00edcita y la motocicleta, fueron puestos a disposici\u00f3n de la autoridad competente.<\/p>\n\n\n\n<p>As\u00ed mismo, en la vereda El Cedro del municipio de Pitalito, el accionar de los soldados del Batall\u00f3n de Infanter\u00eda N.\u00b0 27 Magdalena en coordinaci\u00f3n con CTI, permiti\u00f3 capturar en flagrancia a un hombre a quien se le habr\u00eda hallado en su poder, 1 kilo de pasta base de coca.<\/p>\n\n\n\n<p>Los soldados siguen articulando esfuerzos, enfrentando el micro y narcotr\u00e1fico, para salvaguardar la seguridad y la salud p\u00fablica en el territorio Opita.<\/p>\n","protected":false},"excerpt":{"rendered":"<p>Durante labores de interdicci\u00f3n contra el narcotr\u00e1fico, mediante la instalaci\u00f3n de puestos de control, la Novena Brigada a trav\u00e9s del Batall\u00f3n de Infanter\u00eda N.\u00b0 26 Cacique Pigoanza, logr\u00f3 la captura de un hombre y la incautaci\u00f3n de 25 kilos de marihuana. La persona se movilizaba en una motocicleta transportando seis paquetes envueltos en pl\u00e1stico negro, [&hellip;]<\/p>\n","protected":false},"author":2,"featured_media":0,"comment_status":"open","ping_status":"open","sticky":false,"template":"","format":"standard","meta":{"footnotes":""},"categories":[36,29],"tags":[],"class_list":["post-67583","post","type-post","status-publish","format-standard","hentry","category-destacado","category-judicial"],"yoast_head":"<!-- This site is optimized with the Yoast SEO plugin v26.6 - https:\/\/yoast.com\/wordpress\/plugins\/seo\/ -->\n<title>Incautados 25 kilos de marihuana en carreteras del Huila -<\/title>\n<meta name=\"robots\" content=\"index, follow, max-snippet:-1, max-image-preview:large, max-video-preview:-1\" \/>\n<link rel=\"canonical\" href=\"https:\/\/luchonoticias.com\/editor\/incautados-25-kilos-de-marihuana-en-carreteras-del-huila\/\" \/>\n<meta property=\"og:locale\" content=\"es_ES\" \/>\n<meta property=\"og:type\" content=\"article\" \/>\n<meta property=\"og:title\" content=\"Incautados 25 kilos de marihuana en carreteras del Huila -\" \/>\n<meta property=\"og:url\" content=\"https:\/\/luchonoticias.com\/editor\/incautados-25-kilos-de-marihuana-en-carreteras-del-huila\/\" \/>\n<meta property=\"article:publisher\" content=\"https:\/\/www.facebook.com\/luchonoticiasneiva\" \/>\n<meta property=\"article:published_time\" content=\"2024-01-26T19:31:40+00:00\" \/>\n<meta property=\"article:modified_time\" content=\"2024-01-26T19:31:41+00:00\" \/>\n<meta name=\"author\" content=\"Editor General\" \/>\n<meta name=\"twitter:card\" content=\"summary_large_image\" \/>\n<meta name=\"twitter:label1\" content=\"Escrito por\" \/>\n\t<meta name=\"twitter:data1\" content=\"Editor General\" \/>\n\t<meta name=\"twitter:label2\" content=\"Tiempo de lectura\" \/>\n\t<meta name=\"twitter:data2\" content=\"1 minuto\" \/>\n<script type=\"application\/ld+json\" class=\"yoast-schema-graph\">{\"@context\":\"https:\/\/schema.org\",\"@graph\":[{\"@type\":\"Article\",\"@id\":\"https:\/\/luchonoticias.com\/editor\/incautados-25-kilos-de-marihuana-en-carreteras-del-huila\/#article\",\"isPartOf\":{\"@id\":\"https:\/\/luchonoticias.com\/editor\/incautados-25-kilos-de-marihuana-en-carreteras-del-huila\/\"},\"author\":{\"name\":\"Editor General\",\"@id\":\"https:\/\/luchonoticias.com\/editor\/#\/schema\/person\/29217990ddf6f14e35912b2866d591fb\"},\"headline\":\"Incautados 25 kilos de marihuana en carreteras del Huila\",\"datePublished\":\"2024-01-26T19:31:40+00:00\",\"dateModified\":\"2024-01-26T19:31:41+00:00\",\"mainEntityOfPage\":{\"@id\":\"https:\/\/luchonoticias.com\/editor\/incautados-25-kilos-de-marihuana-en-carreteras-del-huila\/\"},\"wordCount\":204,\"commentCount\":0,\"publisher\":{\"@id\":\"https:\/\/luchonoticias.com\/editor\/#\/schema\/person\/7a7fd911f58561fd056dbac7b55af9cd\"},\"articleSection\":[\"Destacado\",\"Judicial\"],\"inLanguage\":\"es\",\"potentialAction\":[{\"@type\":\"CommentAction\",\"name\":\"Comment\",\"target\":[\"https:\/\/luchonoticias.com\/editor\/incautados-25-kilos-de-marihuana-en-carreteras-del-huila\/#respond\"]}]},{\"@type\":\"WebPage\",\"@id\":\"https:\/\/luchonoticias.com\/editor\/incautados-25-kilos-de-marihuana-en-carreteras-del-huila\/\",\"url\":\"https:\/\/luchonoticias.com\/editor\/incautados-25-kilos-de-marihuana-en-carreteras-del-huila\/\",\"name\":\"Incautados 25 kilos de marihuana en carreteras del Huila -\",\"isPartOf\":{\"@id\":\"https:\/\/luchonoticias.com\/editor\/#website\"},\"datePublished\":\"2024-01-26T19:31:40+00:00\",\"dateModified\":\"2024-01-26T19:31:41+00:00\",\"breadcrumb\":{\"@id\":\"https:\/\/luchonoticias.com\/editor\/incautados-25-kilos-de-marihuana-en-carreteras-del-huila\/#breadcrumb\"},\"inLanguage\":\"es\",\"potentialAction\":[{\"@type\":\"ReadAction\",\"target\":[\"https:\/\/luchonoticias.com\/editor\/incautados-25-kilos-de-marihuana-en-carreteras-del-huila\/\"]}]},{\"@type\":\"BreadcrumbList\",\"@id\":\"https:\/\/luchonoticias.com\/editor\/incautados-25-kilos-de-marihuana-en-carreteras-del-huila\/#breadcrumb\",\"itemListElement\":[{\"@type\":\"ListItem\",\"position\":1,\"name\":\"Portada\",\"item\":\"https:\/\/luchonoticias.com\/editor\/\"},{\"@type\":\"ListItem\",\"position\":2,\"name\":\"Incautados 25 kilos de marihuana en carreteras del Huila\"}]},{\"@type\":\"WebSite\",\"@id\":\"https:\/\/luchonoticias.com\/editor\/#website\",\"url\":\"https:\/\/luchonoticias.com\/editor\/\",\"name\":\"\",\"description\":\"\",\"publisher\":{\"@id\":\"https:\/\/luchonoticias.com\/editor\/#\/schema\/person\/7a7fd911f58561fd056dbac7b55af9cd\"},\"potentialAction\":[{\"@type\":\"SearchAction\",\"target\":{\"@type\":\"EntryPoint\",\"urlTemplate\":\"https:\/\/luchonoticias.com\/editor\/?s={search_term_string}\"},\"query-input\":{\"@type\":\"PropertyValueSpecification\",\"valueRequired\":true,\"valueName\":\"search_term_string\"}}],\"inLanguage\":\"es\"},{\"@type\":[\"Person\",\"Organization\"],\"@id\":\"https:\/\/luchonoticias.com\/editor\/#\/schema\/person\/7a7fd911f58561fd056dbac7b55af9cd\",\"name\":\"admin\",\"image\":{\"@type\":\"ImageObject\",\"inLanguage\":\"es\",\"@id\":\"https:\/\/luchonoticias.com\/editor\/#\/schema\/person\/image\/\",\"url\":\"https:\/\/luchonoticias.com\/editor\/wp-content\/uploads\/2024\/02\/cropped-cropped-logolu.webp\",\"contentUrl\":\"https:\/\/luchonoticias.com\/editor\/wp-content\/uploads\/2024\/02\/cropped-cropped-logolu.webp\",\"width\":382,\"height\":170,\"caption\":\"admin\"},\"logo\":{\"@id\":\"https:\/\/luchonoticias.com\/editor\/#\/schema\/person\/image\/\"},\"sameAs\":[\"https:\/\/www.facebook.com\/luchonoticiasneiva\"]},{\"@type\":\"Person\",\"@id\":\"https:\/\/luchonoticias.com\/editor\/#\/schema\/person\/29217990ddf6f14e35912b2866d591fb\",\"name\":\"Editor General\",\"image\":{\"@type\":\"ImageObject\",\"inLanguage\":\"es\",\"@id\":\"https:\/\/luchonoticias.com\/editor\/#\/schema\/person\/image\/\",\"url\":\"https:\/\/luchonoticias.com\/editor\/wp-content\/uploads\/2024\/02\/cropped-cropped-logolu-150x150.webp\",\"contentUrl\":\"https:\/\/luchonoticias.com\/editor\/wp-content\/uploads\/2024\/02\/cropped-cropped-logolu-150x150.webp\",\"caption\":\"Editor General\"},\"sameAs\":[\"https:\/\/luchonoticias.com\/\"],\"url\":\"https:\/\/luchonoticias.com\/editor\/author\/editor-general\/\"}]}<\/script>\n<!-- \/ Yoast SEO plugin. -->","yoast_head_json":{"title":"Incautados 25 kilos de marihuana en carreteras del Huila -","robots":{"index":"index","follow":"follow","max-snippet":"max-snippet:-1","max-image-preview":"max-image-preview:large","max-video-preview":"max-video-preview:-1"},"canonical":"https:\/\/luchonoticias.com\/editor\/incautados-25-kilos-de-marihuana-en-carreteras-del-huila\/","og_locale":"es_ES","og_type":"article","og_title":"Incautados 25 kilos de marihuana en carreteras del Huila -","og_url":"https:\/\/luchonoticias.com\/editor\/incautados-25-kilos-de-marihuana-en-carreteras-del-huila\/","article_publisher":"https:\/\/www.facebook.com\/luchonoticiasneiva","article_published_time":"2024-01-26T19:31:40+00:00","article_modified_time":"2024-01-26T19:31:41+00:00","author":"Editor General","twitter_card":"summary_large_image","twitter_misc":{"Escrito por":"Editor General","Tiempo de lectura":"1 minuto"},"schema":{"@context":"https:\/\/schema.org","@graph":[{"@type":"Article","@id":"https:\/\/luchonoticias.com\/editor\/incautados-25-kilos-de-marihuana-en-carreteras-del-huila\/#article","isPartOf":{"@id":"https:\/\/luchonoticias.com\/editor\/incautados-25-kilos-de-marihuana-en-carreteras-del-huila\/"},"author":{"name":"Editor General","@id":"https:\/\/luchonoticias.com\/editor\/#\/schema\/person\/29217990ddf6f14e35912b2866d591fb"},"headline":"Incautados 25 kilos de marihuana en carreteras del Huila","datePublished":"2024-01-26T19:31:40+00:00","dateModified":"2024-01-26T19:31:41+00:00","mainEntityOfPage":{"@id":"https:\/\/luchonoticias.com\/editor\/incautados-25-kilos-de-marihuana-en-carreteras-del-huila\/"},"wordCount":204,"commentCount":0,"publisher":{"@id":"https:\/\/luchonoticias.com\/editor\/#\/schema\/person\/7a7fd911f58561fd056dbac7b55af9cd"},"articleSection":["Destacado","Judicial"],"inLanguage":"es","potentialAction":[{"@type":"CommentAction","name":"Comment","target":["https:\/\/luchonoticias.com\/editor\/incautados-25-kilos-de-marihuana-en-carreteras-del-huila\/#respond"]}]},{"@type":"WebPage","@id":"https:\/\/luchonoticias.com\/editor\/incautados-25-kilos-de-marihuana-en-carreteras-del-huila\/","url":"https:\/\/luchonoticias.com\/editor\/incautados-25-kilos-de-marihuana-en-carreteras-del-huila\/","name":"Incautados 25 kilos de marihuana en carreteras del Huila -","isPartOf":{"@id":"https:\/\/luchonoticias.com\/editor\/#website"},"datePublished":"2024-01-26T19:31:40+00:00","dateModified":"2024-01-26T19:31:41+00:00","breadcrumb":{"@id":"https:\/\/luchonoticias.com\/editor\/incautados-25-kilos-de-marihuana-en-carreteras-del-huila\/#breadcrumb"},"inLanguage":"es","potentialAction":[{"@type":"ReadAction","target":["https:\/\/luchonoticias.com\/editor\/incautados-25-kilos-de-marihuana-en-carreteras-del-huila\/"]}]},{"@type":"BreadcrumbList","@id":"https:\/\/luchonoticias.com\/editor\/incautados-25-kilos-de-marihuana-en-carreteras-del-huila\/#breadcrumb","itemListElement":[{"@type":"ListItem","position":1,"name":"Portada","item":"https:\/\/luchonoticias.com\/editor\/"},{"@type":"ListItem","position":2,"name":"Incautados 25 kilos de marihuana en carreteras del Huila"}]},{"@type":"WebSite","@id":"https:\/\/luchonoticias.com\/editor\/#website","url":"https:\/\/luchonoticias.com\/editor\/","name":"","description":"","publisher":{"@id":"https:\/\/luchonoticias.com\/editor\/#\/schema\/person\/7a7fd911f58561fd056dbac7b55af9cd"},"potentialAction":[{"@type":"SearchAction","target":{"@type":"EntryPoint","urlTemplate":"https:\/\/luchonoticias.com\/editor\/?s={search_term_string}"},"query-input":{"@type":"PropertyValueSpecification","valueRequired":true,"valueName":"search_term_string"}}],"inLanguage":"es"},{"@type":["Person","Organization"],"@id":"https:\/\/luchonoticias.com\/editor\/#\/schema\/person\/7a7fd911f58561fd056dbac7b55af9cd","name":"admin","image":{"@type":"ImageObject","inLanguage":"es","@id":"https:\/\/luchonoticias.com\/editor\/#\/schema\/person\/image\/","url":"https:\/\/luchonoticias.com\/editor\/wp-content\/uploads\/2024\/02\/cropped-cropped-logolu.webp","contentUrl":"https:\/\/luchonoticias.com\/editor\/wp-content\/uploads\/2024\/02\/cropped-cropped-logolu.webp","width":382,"height":170,"caption":"admin"},"logo":{"@id":"https:\/\/luchonoticias.com\/editor\/#\/schema\/person\/image\/"},"sameAs":["https:\/\/www.facebook.com\/luchonoticiasneiva"]},{"@type":"Person","@id":"https:\/\/luchonoticias.com\/editor\/#\/schema\/person\/29217990ddf6f14e35912b2866d591fb","name":"Editor General","image":{"@type":"ImageObject","inLanguage":"es","@id":"https:\/\/luchonoticias.com\/editor\/#\/schema\/person\/image\/","url":"https:\/\/luchonoticias.com\/editor\/wp-content\/uploads\/2024\/02\/cropped-cropped-logolu-150x150.webp","contentUrl":"https:\/\/luchonoticias.com\/editor\/wp-content\/uploads\/2024\/02\/cropped-cropped-logolu-150x150.webp","caption":"Editor General"},"sameAs":["https:\/\/luchonoticias.com\/"],"url":"https:\/\/luchonoticias.com\/editor\/author\/editor-general\/"}]}},"_links":{"self":[{"href":"https:\/\/luchonoticias.com\/editor\/wp-json\/wp\/v2\/posts\/67583","targetHints":{"allow":["GET"]}}],"collection":[{"href":"https:\/\/luchonoticias.com\/editor\/wp-json\/wp\/v2\/posts"}],"about":[{"href":"https:\/\/luchonoticias.com\/editor\/wp-json\/wp\/v2\/types\/post"}],"author":[{"embeddable":true,"href":"https:\/\/luchonoticias.com\/editor\/wp-json\/wp\/v2\/users\/2"}],"replies":[{"embeddable":true,"href":"https:\/\/luchonoticias.com\/editor\/wp-json\/wp\/v2\/comments?post=67583"}],"version-history":[{"count":0,"href":"https:\/\/luchonoticias.com\/editor\/wp-json\/wp\/v2\/posts\/67583\/revisions"}],"wp:attachment":[{"href":"https:\/\/luchonoticias.com\/editor\/wp-json\/wp\/v2\/media?parent=67583"}],"wp:term":[{"taxonomy":"category","embeddable":true,"href":"https:\/\/luchonoticias.com\/editor\/wp-json\/wp\/v2\/categories?post=67583"},{"taxonomy":"post_tag","embeddable":true,"href":"https:\/\/luchonoticias.com\/editor\/wp-json\/wp\/v2\/tags?post=67583"}],"curies":[{"name":"wp","href":"https:\/\/api.w.org\/{rel}","templated":true}]}}